
{"id":10976,"date":"2022-03-04T09:38:57","date_gmt":"2022-03-04T07:38:57","guid":{"rendered":"https:\/\/ticsalutsocial.atoom.space\/noticia\/el-mobile-world-congress-tanca-amb-mes-de-60-mil-assistents\/"},"modified":"2022-04-05T10:10:54","modified_gmt":"2022-04-05T08:10:54","slug":"el-mobile-world-congress-tanca-amb-mes-de-60-mil-assistents","status":"publish","type":"noticia","link":"https:\/\/ticsalutsocial.atoom.space\/en\/noticia\/el-mobile-world-congress-tanca-amb-mes-de-60-mil-assistents\/","title":{"rendered":"The Mobile World Congress draws to a close with more than 60,000 attendees \u00a0"},"content":{"rendered":"\n<p>After two years marked by the COVID-19 pandemic, the <a href=\"https:\/\/www.mwcbarcelona.com\/\">Mobile World Congress<\/a> has returned, attracting more than 60,000 professionals between 28 February and 3 March at the Fira Gran Via in Barcelona. For yet another year, <strong>the TIC Salut Social Foundation was there, with a spot at the Digital Catalonia stand.&nbsp;<\/strong>&nbsp;&nbsp;<\/p>\n\n\n\n<p>The theme of this year\u2019s edition was &#8220;Connectivity Unleashed&#8221; and it focused on 6 thematic axes: Artificial Intelligence, 5G connectivity, the use of the cloud (CloudNet), digital finance (FinTech), the metaverse and the technological horizon. Under this banner, the most influential congress in the world of the connectivity industry has fully recovered the face-to-face format, with <strong>more than 1,500 exhibitors and 1,000 speakers<\/strong>. In parallel to the MWC, the <a href=\"https:\/\/www.4yfn.com\/\">Four Years From Now<\/a> (4YFN) event was also held. 4YFN is an international benchmark in terms of connecting startups, investors and companies and in promoting new business opportunities.&nbsp;<\/p>\n\n\n\n<h2 class=\"wp-block-heading\"><strong>Catalonia looks up&nbsp;<\/strong>&nbsp;<\/h2>\n\n\n\n<p>Among the projects which the TIC Salut Social Foundation presented at the <strong>Digital Catalonia<\/strong> stand was the <a href=\"https:\/\/iasalut.cat\/en\/programa-salut-ia\/\">Health\/ AI Programme<\/a>, the European project <a href=\"https:\/\/incisive-project.eu\/\" target=\"_blank\" rel=\"noreferrer noopener\">INCISIVE<\/a> (which aims to use artificial intelligence for diagnosing and detecting cancer), the work of the Data Protection Officer&#8217;s department and the App Certification Service of the <a href=\"https:\/\/ticsalutsocial.atoom.space\/en\/el-tipus\/mhealth\/\">mHealth Office<\/a>. Promoted by the Department of the Vice-Presidency and the Department of Digital Policies and Territory of the Generalitat de Catalunya under the slogan &#8216;<strong>Catalonia looks Up<\/strong>&#8216;, this stand also provided 52 other Catalan companies, organisations and technology centres with the opportunity to share their most innovative projects in the field of ICTs.\u00a0\u00a0<\/p>\n\n\n\n<p>For the first time, Digital Catalonia showcased an innovative 360\u00ba holographic experience designed to show the benefits of IoT\/5G connectivity as well as the space missions that are being carried out with nanosatellites within the framework of the <a href=\"https:\/\/politiquesdigitals.gencat.cat\/en\/tic\/estrategia-new-space-de-catalunya\/index.html\">NewSpace Strategy for Catalonia<\/a>. Furthermore, there was a presentation of one of the Vice-Presidency\u2019s most strategic projects: the <a href=\"https:\/\/politiquesdigitals.gencat.cat\/ca\/tic\/aina-el-projecte-per-garantir-el-catala-en-lera-digital\/\" target=\"_blank\" rel=\"noreferrer noopener\">AINA project<\/a>, which uses data technologies and Artificial Intelligence to teach machines to understand and speak Catalan.\u00a0<\/p>\n\n\n\n<p>Finally, the congress also hosted the second edition of the <a href=\"https:\/\/www.accio.gencat.cat\/es\/serveis\/innovacio\/startups-i-innovacio-disruptiva\/mwc-open-innovation-challenge\/\" target=\"_blank\" rel=\"noreferrer noopener\">Open Innovation Challenge<\/a>, organised by the Department of Business and Employment, through the ACCI\u00d3 programme; a B2B meeting between the key agents involved in the innovation ecosystem.\u00a0<\/p>\n\n\n\n<p><\/p>\n\n\n\n<p><a href=\"https:\/\/twitter.com\/ticsalut\/status\/1499467142881849356\" target=\"_blank\" rel=\"noreferrer noopener\">Watch this Fundaci\u00f3 TIC Salut Social&#8217;s participation at MWC<\/a><\/p>\n","protected":false},"author":12,"featured_media":10719,"menu_order":0,"template":"","meta":{"_acf_changed":false,"inline_featured_image":false},"etiqueta":[],"tipus":[],"topic":[122,129],"class_list":["post-10976","noticia","type-noticia","status-publish","has-post-thumbnail","hentry","topic-hot-news","topic-the-fundation"],"acf":{"autor":"","textos_destacats":false,"documents":false,"imatge":false},"yoast_head":"<!-- This site is optimized with the Yoast SEO plugin v27.1.1 - https:\/\/yoast.com\/product\/yoast-seo-wordpress\/ -->\n<title>The Mobile World Congress draws to a close with more than 60,000 attendees \u00a0 - Fundaci\u00f3 TIC Salut i Social<\/title>\n<meta name=\"description\" content=\"Un any m\u00e9s, la Fundaci\u00f3 TIC Salut Social ha estat present al Mobile World Congress, amb un espai a l&#039;estand Digital Catalonia.\" \/>\n<meta name=\"robots\" content=\"index, follow, max-snippet:-1, max-image-preview:large, max-video-preview:-1\" \/>\n<link rel=\"canonical\" href=\"https:\/\/ticsalutsocial.atoom.space\/en\/noticia\/el-mobile-world-congress-tanca-amb-mes-de-60-mil-assistents\/\" \/>\n<meta property=\"og:locale\" content=\"en_US\" \/>\n<meta property=\"og:type\" content=\"article\" \/>\n<meta property=\"og:title\" content=\"The Mobile World Congress draws to a close with more than 60,000 attendees \u00a0 - Fundaci\u00f3 TIC Salut i Social\" \/>\n<meta property=\"og:description\" content=\"Un any m\u00e9s, la Fundaci\u00f3 TIC Salut Social ha estat present al Mobile World Congress, amb un espai a l&#039;estand Digital Catalonia.\" \/>\n<meta property=\"og:url\" content=\"https:\/\/ticsalutsocial.atoom.space\/en\/noticia\/el-mobile-world-congress-tanca-amb-mes-de-60-mil-assistents\/\" \/>\n<meta property=\"og:site_name\" content=\"Fundaci\u00f3 TIC Salut i Social\" \/>\n<meta property=\"article:modified_time\" content=\"2022-04-05T08:10:54+00:00\" \/>\n<meta property=\"og:image\" content=\"https:\/\/ticsalutsocial.atoom.space\/wp-content\/uploads\/2022\/03\/IMG_20220302_104838-scaled.jpg\" \/>\n\t<meta property=\"og:image:width\" content=\"2560\" \/>\n\t<meta property=\"og:image:height\" content=\"1504\" \/>\n\t<meta property=\"og:image:type\" content=\"image\/jpeg\" \/>\n<meta name=\"twitter:card\" content=\"summary_large_image\" \/>\n<meta name=\"twitter:label1\" content=\"Est. reading time\" \/>\n\t<meta name=\"twitter:data1\" content=\"2 minutes\" \/>\n<script type=\"application\/ld+json\" class=\"yoast-schema-graph\">{\"@context\":\"https:\/\/schema.org\",\"@graph\":[{\"@type\":\"WebPage\",\"@id\":\"https:\/\/ticsalutsocial.atoom.space\/en\/noticia\/el-mobile-world-congress-tanca-amb-mes-de-60-mil-assistents\/\",\"url\":\"https:\/\/ticsalutsocial.atoom.space\/en\/noticia\/el-mobile-world-congress-tanca-amb-mes-de-60-mil-assistents\/\",\"name\":\"The Mobile World Congress draws to a close with more than 60,000 attendees \u00a0 - Fundaci\u00f3 TIC Salut i Social\",\"isPartOf\":{\"@id\":\"https:\/\/ticsalutsocial.atoom.space\/en\/#website\"},\"primaryImageOfPage\":{\"@id\":\"https:\/\/ticsalutsocial.atoom.space\/en\/noticia\/el-mobile-world-congress-tanca-amb-mes-de-60-mil-assistents\/#primaryimage\"},\"image\":{\"@id\":\"https:\/\/ticsalutsocial.atoom.space\/en\/noticia\/el-mobile-world-congress-tanca-amb-mes-de-60-mil-assistents\/#primaryimage\"},\"thumbnailUrl\":\"https:\/\/ticsalutsocial.atoom.space\/wp-content\/uploads\/2022\/03\/IMG_20220302_104838-scaled.jpg\",\"datePublished\":\"2022-03-04T07:38:57+00:00\",\"dateModified\":\"2022-04-05T08:10:54+00:00\",\"description\":\"Un any m\u00e9s, la Fundaci\u00f3 TIC Salut Social ha estat present al Mobile World Congress, amb un espai a l'estand Digital Catalonia.\",\"breadcrumb\":{\"@id\":\"https:\/\/ticsalutsocial.atoom.space\/en\/noticia\/el-mobile-world-congress-tanca-amb-mes-de-60-mil-assistents\/#breadcrumb\"},\"inLanguage\":\"en-US\",\"potentialAction\":[{\"@type\":\"ReadAction\",\"target\":[\"https:\/\/ticsalutsocial.atoom.space\/en\/noticia\/el-mobile-world-congress-tanca-amb-mes-de-60-mil-assistents\/\"]}]},{\"@type\":\"ImageObject\",\"inLanguage\":\"en-US\",\"@id\":\"https:\/\/ticsalutsocial.atoom.space\/en\/noticia\/el-mobile-world-congress-tanca-amb-mes-de-60-mil-assistents\/#primaryimage\",\"url\":\"https:\/\/ticsalutsocial.atoom.space\/wp-content\/uploads\/2022\/03\/IMG_20220302_104838-scaled.jpg\",\"contentUrl\":\"https:\/\/ticsalutsocial.atoom.space\/wp-content\/uploads\/2022\/03\/IMG_20220302_104838-scaled.jpg\",\"width\":2560,\"height\":1504,\"caption\":\"Estand de la Fundaci\u00f3 TIC Salut Social al Digital Catalonia del Mobile World Congress 2022\"},{\"@type\":\"BreadcrumbList\",\"@id\":\"https:\/\/ticsalutsocial.atoom.space\/en\/noticia\/el-mobile-world-congress-tanca-amb-mes-de-60-mil-assistents\/#breadcrumb\",\"itemListElement\":[{\"@type\":\"ListItem\",\"position\":1,\"name\":\"Inici\",\"item\":\"https:\/\/ticsalutsocial.atoom.space\/en\/\"},{\"@type\":\"ListItem\",\"position\":2,\"name\":\"The Mobile World Congress draws to a close with more than 60,000 attendees \u00a0\"}]},{\"@type\":\"WebSite\",\"@id\":\"https:\/\/ticsalutsocial.atoom.space\/en\/#website\",\"url\":\"https:\/\/ticsalutsocial.atoom.space\/en\/\",\"name\":\"Fundaci\u00f3 TIC Salut i Social\",\"description\":\"\",\"potentialAction\":[{\"@type\":\"SearchAction\",\"target\":{\"@type\":\"EntryPoint\",\"urlTemplate\":\"https:\/\/ticsalutsocial.atoom.space\/en\/?s={search_term_string}\"},\"query-input\":{\"@type\":\"PropertyValueSpecification\",\"valueRequired\":true,\"valueName\":\"search_term_string\"}}],\"inLanguage\":\"en-US\"}]}<\/script>\n<!-- \/ Yoast SEO plugin. -->","yoast_head_json":{"title":"The Mobile World Congress draws to a close with more than 60,000 attendees \u00a0 - Fundaci\u00f3 TIC Salut i Social","description":"Un any m\u00e9s, la Fundaci\u00f3 TIC Salut Social ha estat present al Mobile World Congress, amb un espai a l'estand Digital Catalonia.","robots":{"index":"index","follow":"follow","max-snippet":"max-snippet:-1","max-image-preview":"max-image-preview:large","max-video-preview":"max-video-preview:-1"},"canonical":"https:\/\/ticsalutsocial.atoom.space\/en\/noticia\/el-mobile-world-congress-tanca-amb-mes-de-60-mil-assistents\/","og_locale":"en_US","og_type":"article","og_title":"The Mobile World Congress draws to a close with more than 60,000 attendees \u00a0 - Fundaci\u00f3 TIC Salut i Social","og_description":"Un any m\u00e9s, la Fundaci\u00f3 TIC Salut Social ha estat present al Mobile World Congress, amb un espai a l'estand Digital Catalonia.","og_url":"https:\/\/ticsalutsocial.atoom.space\/en\/noticia\/el-mobile-world-congress-tanca-amb-mes-de-60-mil-assistents\/","og_site_name":"Fundaci\u00f3 TIC Salut i Social","article_modified_time":"2022-04-05T08:10:54+00:00","og_image":[{"width":2560,"height":1504,"url":"https:\/\/ticsalutsocial.atoom.space\/wp-content\/uploads\/2022\/03\/IMG_20220302_104838-scaled.jpg","type":"image\/jpeg"}],"twitter_card":"summary_large_image","twitter_misc":{"Est. reading time":"2 minutes"},"schema":{"@context":"https:\/\/schema.org","@graph":[{"@type":"WebPage","@id":"https:\/\/ticsalutsocial.atoom.space\/en\/noticia\/el-mobile-world-congress-tanca-amb-mes-de-60-mil-assistents\/","url":"https:\/\/ticsalutsocial.atoom.space\/en\/noticia\/el-mobile-world-congress-tanca-amb-mes-de-60-mil-assistents\/","name":"The Mobile World Congress draws to a close with more than 60,000 attendees \u00a0 - Fundaci\u00f3 TIC Salut i Social","isPartOf":{"@id":"https:\/\/ticsalutsocial.atoom.space\/en\/#website"},"primaryImageOfPage":{"@id":"https:\/\/ticsalutsocial.atoom.space\/en\/noticia\/el-mobile-world-congress-tanca-amb-mes-de-60-mil-assistents\/#primaryimage"},"image":{"@id":"https:\/\/ticsalutsocial.atoom.space\/en\/noticia\/el-mobile-world-congress-tanca-amb-mes-de-60-mil-assistents\/#primaryimage"},"thumbnailUrl":"https:\/\/ticsalutsocial.atoom.space\/wp-content\/uploads\/2022\/03\/IMG_20220302_104838-scaled.jpg","datePublished":"2022-03-04T07:38:57+00:00","dateModified":"2022-04-05T08:10:54+00:00","description":"Un any m\u00e9s, la Fundaci\u00f3 TIC Salut Social ha estat present al Mobile World Congress, amb un espai a l'estand Digital Catalonia.","breadcrumb":{"@id":"https:\/\/ticsalutsocial.atoom.space\/en\/noticia\/el-mobile-world-congress-tanca-amb-mes-de-60-mil-assistents\/#breadcrumb"},"inLanguage":"en-US","potentialAction":[{"@type":"ReadAction","target":["https:\/\/ticsalutsocial.atoom.space\/en\/noticia\/el-mobile-world-congress-tanca-amb-mes-de-60-mil-assistents\/"]}]},{"@type":"ImageObject","inLanguage":"en-US","@id":"https:\/\/ticsalutsocial.atoom.space\/en\/noticia\/el-mobile-world-congress-tanca-amb-mes-de-60-mil-assistents\/#primaryimage","url":"https:\/\/ticsalutsocial.atoom.space\/wp-content\/uploads\/2022\/03\/IMG_20220302_104838-scaled.jpg","contentUrl":"https:\/\/ticsalutsocial.atoom.space\/wp-content\/uploads\/2022\/03\/IMG_20220302_104838-scaled.jpg","width":2560,"height":1504,"caption":"Estand de la Fundaci\u00f3 TIC Salut Social al Digital Catalonia del Mobile World Congress 2022"},{"@type":"BreadcrumbList","@id":"https:\/\/ticsalutsocial.atoom.space\/en\/noticia\/el-mobile-world-congress-tanca-amb-mes-de-60-mil-assistents\/#breadcrumb","itemListElement":[{"@type":"ListItem","position":1,"name":"Inici","item":"https:\/\/ticsalutsocial.atoom.space\/en\/"},{"@type":"ListItem","position":2,"name":"The Mobile World Congress draws to a close with more than 60,000 attendees \u00a0"}]},{"@type":"WebSite","@id":"https:\/\/ticsalutsocial.atoom.space\/en\/#website","url":"https:\/\/ticsalutsocial.atoom.space\/en\/","name":"Fundaci\u00f3 TIC Salut i Social","description":"","potentialAction":[{"@type":"SearchAction","target":{"@type":"EntryPoint","urlTemplate":"https:\/\/ticsalutsocial.atoom.space\/en\/?s={search_term_string}"},"query-input":{"@type":"PropertyValueSpecification","valueRequired":true,"valueName":"search_term_string"}}],"inLanguage":"en-US"}]}},"_links":{"self":[{"href":"https:\/\/ticsalutsocial.atoom.space\/en\/wp-json\/wp\/v2\/noticia\/10976","targetHints":{"allow":["GET"]}}],"collection":[{"href":"https:\/\/ticsalutsocial.atoom.space\/en\/wp-json\/wp\/v2\/noticia"}],"about":[{"href":"https:\/\/ticsalutsocial.atoom.space\/en\/wp-json\/wp\/v2\/types\/noticia"}],"author":[{"embeddable":true,"href":"https:\/\/ticsalutsocial.atoom.space\/en\/wp-json\/wp\/v2\/users\/12"}],"wp:featuredmedia":[{"embeddable":true,"href":"https:\/\/ticsalutsocial.atoom.space\/en\/wp-json\/wp\/v2\/media\/10719"}],"wp:attachment":[{"href":"https:\/\/ticsalutsocial.atoom.space\/en\/wp-json\/wp\/v2\/media?parent=10976"}],"wp:term":[{"taxonomy":"etiqueta","embeddable":true,"href":"https:\/\/ticsalutsocial.atoom.space\/en\/wp-json\/wp\/v2\/etiqueta?post=10976"},{"taxonomy":"tipus","embeddable":true,"href":"https:\/\/ticsalutsocial.atoom.space\/en\/wp-json\/wp\/v2\/tipus?post=10976"},{"taxonomy":"topic","embeddable":true,"href":"https:\/\/ticsalutsocial.atoom.space\/en\/wp-json\/wp\/v2\/topic?post=10976"}],"curies":[{"name":"wp","href":"https:\/\/api.w.org\/{rel}","templated":true}]}}