
{"id":1116,"date":"2018-04-17T12:34:15","date_gmt":"2018-04-17T10:34:15","guid":{"rendered":"https:\/\/ticsalutsocial.atoom.space\/?post_type=noticia&#038;p=1116"},"modified":"2021-07-21T15:24:27","modified_gmt":"2021-07-21T13:24:27","slug":"the-peace-of-mind-of-a-safe-application","status":"publish","type":"noticia","link":"https:\/\/ticsalutsocial.atoom.space\/en\/noticia\/the-peace-of-mind-of-a-safe-application\/","title":{"rendered":"The peace of mind of a safe application"},"content":{"rendered":"<p><strong>La Fundaci\u00f3 TIC Salut Social impulsa un model d\u2019acreditaci\u00f3 per garantir la qualitat, confian\u00e7a i seguretat de les apps de salut i benestar social.<\/strong><\/p>\n<p>En el marc de l\u2019adopci\u00f3 de les pol\u00edtiques mHealth, el govern catal\u00e0 va aprovar a principis del 2015 el Pla Estrat\u00e8gic de Mobilitat instant a les institucions del sector a apropar els serveis sanitaris i d\u2019atenci\u00f3 a la persona a trav\u00e9s de les tecnologies de la mobilitat, i al mateix temps, facilitar la transformaci\u00f3 dels diferents processos assistencials i socials per aconseguir una atenci\u00f3 integrada i pr\u00f2xima al pacient. En base aquest enc\u00e0rrec i sota el paraig\u00fces de la CE, la Fundaci\u00f3 TIC Salut Social, organisme del Departament de Salut de la Generalitat de Catalunya, \u00a0ha creat un model d\u2019acreditaci\u00f3 d\u2019aplicacions m\u00f2bils del sector de la salut i dels serveis socials que permet certificar a les aplicacions a ser aptes per facilitar i millorar el seguiment de la salut dels ciutadans aportant garantia de qualitat i seguretat. Les aplicacions s\u00f3n sotmeses a un conjunt de criteris de domini p\u00fablic, els quals poden ser consultats a la <a href=\"http:\/\/www.ticsalut.cat\/media\/upload\/arxius\/portal-appsalut\/Criteris\/Guia_Criteris_Acreditacio.pdf\">web de la Fundaci\u00f3<\/a>. Promovent l\u2019\u00fas segur d\u2019aplicacions de qualitat i donant a con\u00e8ixer aquelles amb un alt valor afegit, es contribueix a millorar l\u2019empoderament del ciutad\u00e0, fent-lo conscient i corresponsable de la seva pr\u00f2pia salut.<\/p>\n<p>El disseny del model d\u2019acreditaci\u00f3 s\u2019ha basat en un consens transversal entre diferents professionals i agents del sector: experts de l\u2019\u00e0mbit tecnol\u00f2gic, professionals sanitaris (metges, infermeres, psic\u00f2legs i treballadors socials), professionals de la comunicaci\u00f3 en salut, pacients experts i representants institucionals i ciutadans. Aquesta diversitat ha perm\u00e8s adoptar un model que engloba totes les visions i des de diferents \u00e0mbits, permetent obtenir un conjunt de criteris agrupats en quatre \u00e0rees d\u2019expertesa: <em>usabilitat i experi\u00e8ncia d\u2019usuari<\/em>; <em>tecnologia i fiabilitat de l\u2019aplicaci\u00f3<\/em>; <em>seguretat i confidencialitat de les dades<\/em>; i <em>funcionalitat i avaluaci\u00f3 de continguts<\/em>. Aquestes \u00e0rees d\u2019expertesa s\u00f3n avaluades per separat, sent independents cadascuna d\u2019elles i adaptables a les diferents demandes del sector. El Col\u00b7legi Oficial d&#8217;Infermeres i Infermers de Barcelona (COIB), el Col\u00b7legi Oficial de Metges de Barcelona (COMB), el Col\u00b7legi Oficial de Llicenciats en Educaci\u00f3 F\u00edsica i Ci\u00e8ncies de l&#8217;Activitat F\u00edsica i l&#8217;Esport de Catalunya (COPLEFC), l\u2019Associaci\u00f3 d&#8217;Infermeria Familiar i Comunit\u00e0ria (AIFiCC),la \u00a0Societat Catalana d\u2019Especialistes en Psicologia Cl\u00ednica (SCEPC), la Societat Catalana de Medicina Familiar i Comunit\u00e0ria (CAMFIC), s\u00f3n algunes de les entitats que col\u00b7laboren en l\u2019avaluaci\u00f3 d\u2019aquestes \u00e0rees.<\/p>\n<p>Les aplicacions que superin el proc\u00e9s d\u2019acreditaci\u00f3 rebran un segell de confian\u00e7a i seran publicades al cat\u00e0leg de la web de la Fundaci\u00f3, per tal de donar visibilitat i posar-les a disposici\u00f3 del sector perqu\u00e8 les puguin consultar i utilitzar. \u201c<em>Les aplicacions acreditades aporten valor al sistema de salut, facilitant als ciutadans i professionals consultar aspectes relacionats amb la salut d\u2019una manera \u00e0gil i senzilla<\/em>\u201d<em>, <\/em>apunta Carme Pratdep\u00e0dua, responsable de la Oficina mHealth.cat de la Fundaci\u00f3 TIC Salut Social.<\/p>\n<p>La Fundaci\u00f3 TIC Salut Social aposta per un proc\u00e9s d\u2019acreditaci\u00f3 obert i transparent a tot tipus d\u2019iniciatives amb l\u2019objectiu de donar confian\u00e7a a la ciutadania i als professionals. <em>El model d\u2019acreditaci\u00f3 garanteix la qualitat de les APPS per poder ser consultades i descarregades pels\u00a0 diferents professionals de la salut i del m\u00f3n social amb seguretat\u201d<\/em>, conclou el director de la Fundaci\u00f3 TIC Salut Social, el Dr. Francesc Garcia Cuy\u00e0s.<\/p>\n","protected":false},"author":21,"featured_media":1113,"menu_order":0,"template":"","meta":{"_acf_changed":false,"inline_featured_image":false},"etiqueta":[],"tipus":[655],"topic":[124],"class_list":["post-1116","noticia","type-noticia","status-publish","has-post-thumbnail","hentry","tipus-digital-assets","topic-hub"],"acf":{"imatge":1114,"autor":"Adri\u00e0 G.Font"},"yoast_head":"<!-- This site is optimized with the Yoast SEO plugin v27.1.1 - https:\/\/yoast.com\/product\/yoast-seo-wordpress\/ -->\n<title>The peace of mind of a safe application - Fundaci\u00f3 TIC Salut i Social<\/title>\n<meta name=\"robots\" content=\"index, follow, max-snippet:-1, max-image-preview:large, max-video-preview:-1\" \/>\n<link rel=\"canonical\" href=\"https:\/\/ticsalutsocial.atoom.space\/en\/noticia\/the-peace-of-mind-of-a-safe-application\/\" \/>\n<meta property=\"og:locale\" content=\"en_US\" \/>\n<meta property=\"og:type\" content=\"article\" \/>\n<meta property=\"og:title\" content=\"The peace of mind of a safe application - Fundaci\u00f3 TIC Salut i Social\" \/>\n<meta property=\"og:description\" content=\"La Fundaci\u00f3 TIC Salut Social impulsa un model d\u2019acreditaci\u00f3 per garantir la qualitat, confian\u00e7a i seguretat de les apps de salut i benestar social. En el marc de l\u2019adopci\u00f3 de les pol\u00edtiques mHealth, el govern catal\u00e0 va aprovar a principis del 2015 el Pla Estrat\u00e8gic de Mobilitat instant a les institucions del sector a apropar [&hellip;]\" \/>\n<meta property=\"og:url\" content=\"https:\/\/ticsalutsocial.atoom.space\/en\/noticia\/the-peace-of-mind-of-a-safe-application\/\" \/>\n<meta property=\"og:site_name\" content=\"Fundaci\u00f3 TIC Salut i Social\" \/>\n<meta property=\"article:modified_time\" content=\"2021-07-21T13:24:27+00:00\" \/>\n<meta property=\"og:image\" content=\"https:\/\/ticsalutsocial.atoom.space\/wp-content\/uploads\/2018\/04\/apps_health.jpg\" \/>\n\t<meta property=\"og:image:width\" content=\"1688\" \/>\n\t<meta property=\"og:image:height\" content=\"1125\" \/>\n\t<meta property=\"og:image:type\" content=\"image\/jpeg\" \/>\n<meta name=\"twitter:card\" content=\"summary_large_image\" \/>\n<meta name=\"twitter:label1\" content=\"Est. reading time\" \/>\n\t<meta name=\"twitter:data1\" content=\"3 minutes\" \/>\n<script type=\"application\/ld+json\" class=\"yoast-schema-graph\">{\"@context\":\"https:\/\/schema.org\",\"@graph\":[{\"@type\":\"WebPage\",\"@id\":\"https:\/\/ticsalutsocial.atoom.space\/en\/noticia\/the-peace-of-mind-of-a-safe-application\/\",\"url\":\"https:\/\/ticsalutsocial.atoom.space\/en\/noticia\/the-peace-of-mind-of-a-safe-application\/\",\"name\":\"The peace of mind of a safe application - Fundaci\u00f3 TIC Salut i Social\",\"isPartOf\":{\"@id\":\"https:\/\/ticsalutsocial.atoom.space\/en\/#website\"},\"primaryImageOfPage\":{\"@id\":\"https:\/\/ticsalutsocial.atoom.space\/en\/noticia\/the-peace-of-mind-of-a-safe-application\/#primaryimage\"},\"image\":{\"@id\":\"https:\/\/ticsalutsocial.atoom.space\/en\/noticia\/the-peace-of-mind-of-a-safe-application\/#primaryimage\"},\"thumbnailUrl\":\"https:\/\/ticsalutsocial.atoom.space\/wp-content\/uploads\/2018\/04\/apps_health.jpg\",\"datePublished\":\"2018-04-17T10:34:15+00:00\",\"dateModified\":\"2021-07-21T13:24:27+00:00\",\"breadcrumb\":{\"@id\":\"https:\/\/ticsalutsocial.atoom.space\/en\/noticia\/the-peace-of-mind-of-a-safe-application\/#breadcrumb\"},\"inLanguage\":\"en-US\",\"potentialAction\":[{\"@type\":\"ReadAction\",\"target\":[\"https:\/\/ticsalutsocial.atoom.space\/en\/noticia\/the-peace-of-mind-of-a-safe-application\/\"]}]},{\"@type\":\"ImageObject\",\"inLanguage\":\"en-US\",\"@id\":\"https:\/\/ticsalutsocial.atoom.space\/en\/noticia\/the-peace-of-mind-of-a-safe-application\/#primaryimage\",\"url\":\"https:\/\/ticsalutsocial.atoom.space\/wp-content\/uploads\/2018\/04\/apps_health.jpg\",\"contentUrl\":\"https:\/\/ticsalutsocial.atoom.space\/wp-content\/uploads\/2018\/04\/apps_health.jpg\",\"width\":1688,\"height\":1125},{\"@type\":\"BreadcrumbList\",\"@id\":\"https:\/\/ticsalutsocial.atoom.space\/en\/noticia\/the-peace-of-mind-of-a-safe-application\/#breadcrumb\",\"itemListElement\":[{\"@type\":\"ListItem\",\"position\":1,\"name\":\"Inici\",\"item\":\"https:\/\/ticsalutsocial.atoom.space\/en\/\"},{\"@type\":\"ListItem\",\"position\":2,\"name\":\"The peace of mind of a safe application\"}]},{\"@type\":\"WebSite\",\"@id\":\"https:\/\/ticsalutsocial.atoom.space\/en\/#website\",\"url\":\"https:\/\/ticsalutsocial.atoom.space\/en\/\",\"name\":\"Fundaci\u00f3 TIC Salut i Social\",\"description\":\"\",\"potentialAction\":[{\"@type\":\"SearchAction\",\"target\":{\"@type\":\"EntryPoint\",\"urlTemplate\":\"https:\/\/ticsalutsocial.atoom.space\/en\/?s={search_term_string}\"},\"query-input\":{\"@type\":\"PropertyValueSpecification\",\"valueRequired\":true,\"valueName\":\"search_term_string\"}}],\"inLanguage\":\"en-US\"}]}<\/script>\n<!-- \/ Yoast SEO plugin. -->","yoast_head_json":{"title":"The peace of mind of a safe application - Fundaci\u00f3 TIC Salut i Social","robots":{"index":"index","follow":"follow","max-snippet":"max-snippet:-1","max-image-preview":"max-image-preview:large","max-video-preview":"max-video-preview:-1"},"canonical":"https:\/\/ticsalutsocial.atoom.space\/en\/noticia\/the-peace-of-mind-of-a-safe-application\/","og_locale":"en_US","og_type":"article","og_title":"The peace of mind of a safe application - Fundaci\u00f3 TIC Salut i Social","og_description":"La Fundaci\u00f3 TIC Salut Social impulsa un model d\u2019acreditaci\u00f3 per garantir la qualitat, confian\u00e7a i seguretat de les apps de salut i benestar social. En el marc de l\u2019adopci\u00f3 de les pol\u00edtiques mHealth, el govern catal\u00e0 va aprovar a principis del 2015 el Pla Estrat\u00e8gic de Mobilitat instant a les institucions del sector a apropar [&hellip;]","og_url":"https:\/\/ticsalutsocial.atoom.space\/en\/noticia\/the-peace-of-mind-of-a-safe-application\/","og_site_name":"Fundaci\u00f3 TIC Salut i Social","article_modified_time":"2021-07-21T13:24:27+00:00","og_image":[{"width":1688,"height":1125,"url":"https:\/\/ticsalutsocial.atoom.space\/wp-content\/uploads\/2018\/04\/apps_health.jpg","type":"image\/jpeg"}],"twitter_card":"summary_large_image","twitter_misc":{"Est. reading time":"3 minutes"},"schema":{"@context":"https:\/\/schema.org","@graph":[{"@type":"WebPage","@id":"https:\/\/ticsalutsocial.atoom.space\/en\/noticia\/the-peace-of-mind-of-a-safe-application\/","url":"https:\/\/ticsalutsocial.atoom.space\/en\/noticia\/the-peace-of-mind-of-a-safe-application\/","name":"The peace of mind of a safe application - Fundaci\u00f3 TIC Salut i Social","isPartOf":{"@id":"https:\/\/ticsalutsocial.atoom.space\/en\/#website"},"primaryImageOfPage":{"@id":"https:\/\/ticsalutsocial.atoom.space\/en\/noticia\/the-peace-of-mind-of-a-safe-application\/#primaryimage"},"image":{"@id":"https:\/\/ticsalutsocial.atoom.space\/en\/noticia\/the-peace-of-mind-of-a-safe-application\/#primaryimage"},"thumbnailUrl":"https:\/\/ticsalutsocial.atoom.space\/wp-content\/uploads\/2018\/04\/apps_health.jpg","datePublished":"2018-04-17T10:34:15+00:00","dateModified":"2021-07-21T13:24:27+00:00","breadcrumb":{"@id":"https:\/\/ticsalutsocial.atoom.space\/en\/noticia\/the-peace-of-mind-of-a-safe-application\/#breadcrumb"},"inLanguage":"en-US","potentialAction":[{"@type":"ReadAction","target":["https:\/\/ticsalutsocial.atoom.space\/en\/noticia\/the-peace-of-mind-of-a-safe-application\/"]}]},{"@type":"ImageObject","inLanguage":"en-US","@id":"https:\/\/ticsalutsocial.atoom.space\/en\/noticia\/the-peace-of-mind-of-a-safe-application\/#primaryimage","url":"https:\/\/ticsalutsocial.atoom.space\/wp-content\/uploads\/2018\/04\/apps_health.jpg","contentUrl":"https:\/\/ticsalutsocial.atoom.space\/wp-content\/uploads\/2018\/04\/apps_health.jpg","width":1688,"height":1125},{"@type":"BreadcrumbList","@id":"https:\/\/ticsalutsocial.atoom.space\/en\/noticia\/the-peace-of-mind-of-a-safe-application\/#breadcrumb","itemListElement":[{"@type":"ListItem","position":1,"name":"Inici","item":"https:\/\/ticsalutsocial.atoom.space\/en\/"},{"@type":"ListItem","position":2,"name":"The peace of mind of a safe application"}]},{"@type":"WebSite","@id":"https:\/\/ticsalutsocial.atoom.space\/en\/#website","url":"https:\/\/ticsalutsocial.atoom.space\/en\/","name":"Fundaci\u00f3 TIC Salut i Social","description":"","potentialAction":[{"@type":"SearchAction","target":{"@type":"EntryPoint","urlTemplate":"https:\/\/ticsalutsocial.atoom.space\/en\/?s={search_term_string}"},"query-input":{"@type":"PropertyValueSpecification","valueRequired":true,"valueName":"search_term_string"}}],"inLanguage":"en-US"}]}},"_links":{"self":[{"href":"https:\/\/ticsalutsocial.atoom.space\/en\/wp-json\/wp\/v2\/noticia\/1116","targetHints":{"allow":["GET"]}}],"collection":[{"href":"https:\/\/ticsalutsocial.atoom.space\/en\/wp-json\/wp\/v2\/noticia"}],"about":[{"href":"https:\/\/ticsalutsocial.atoom.space\/en\/wp-json\/wp\/v2\/types\/noticia"}],"author":[{"embeddable":true,"href":"https:\/\/ticsalutsocial.atoom.space\/en\/wp-json\/wp\/v2\/users\/21"}],"wp:featuredmedia":[{"embeddable":true,"href":"https:\/\/ticsalutsocial.atoom.space\/en\/wp-json\/wp\/v2\/media\/1113"}],"wp:attachment":[{"href":"https:\/\/ticsalutsocial.atoom.space\/en\/wp-json\/wp\/v2\/media?parent=1116"}],"wp:term":[{"taxonomy":"etiqueta","embeddable":true,"href":"https:\/\/ticsalutsocial.atoom.space\/en\/wp-json\/wp\/v2\/etiqueta?post=1116"},{"taxonomy":"tipus","embeddable":true,"href":"https:\/\/ticsalutsocial.atoom.space\/en\/wp-json\/wp\/v2\/tipus?post=1116"},{"taxonomy":"topic","embeddable":true,"href":"https:\/\/ticsalutsocial.atoom.space\/en\/wp-json\/wp\/v2\/topic?post=1116"}],"curies":[{"name":"wp","href":"https:\/\/api.w.org\/{rel}","templated":true}]}}