
{"id":12855,"date":"2022-07-22T13:37:09","date_gmt":"2022-07-22T11:37:09","guid":{"rendered":"https:\/\/ticsalutsocial.atoom.space\/noticia\/ultims-dies-per-aplicar-als-fons-next-generation-eu-per-accelerar-la-transformacio-de-latencio-social\/"},"modified":"2022-08-02T14:15:14","modified_gmt":"2022-08-02T12:15:14","slug":"ultims-dies-per-aplicar-als-fons-next-generation-eu-per-accelerar-la-transformacio-de-latencio-social","status":"publish","type":"noticia","link":"https:\/\/ticsalutsocial.atoom.space\/en\/noticia\/ultims-dies-per-aplicar-als-fons-next-generation-eu-per-accelerar-la-transformacio-de-latencio-social\/","title":{"rendered":"Final days to apply for Next Generation EU funds to accelerate the transformation of social care"},"content":{"rendered":"\n<p><strong>Two calls for applications for grants in the field of social care<\/strong>, published by the Department of Social Rights and funded by the European Union through the Next Generation EU programme, are open until 29 July. The calls have 6 different specific lines for the implementation of technological and social innovation projects, the construction and remodelling of facilities, and the promotion of accessibility, among others.<\/p>\n\n\n\n<p>Specifically, in the technological field there is one <strong>line for projects that use technology to provide solutions to people in situations of dependency, disability or social problems arising from mental illness,<\/strong> and another <strong>line to finance technological investment actions and information systems that improve the management of social services and transform current intervention models<\/strong>, in accordance with the Second Strategic Plan for Social Services 2021-2024. There is also a line of grants that opens the door to projects (technological or not) that promote innovative care models in the field of social services, which can be replicated throughout the system, allow knowledge to be exchanged about social services, and promote modernisation processes in the sector.<\/p>\n\n\n\n<p>As the department explains, the intention of these calls is to \u201ccontribute to accelerating the transformation of social care that promotes Social Rights, along the lines set by the European agenda\u201d.<\/p>\n\n\n\n<p>The grants are aimed at projects implemented by councils and other local bodies, organisations, companies, universities and research centres and other socioeconomic agents working in the field of social policies.<\/p>\n\n\n\n<p>The funding for 2022 is 114.5 million euros and the ministry plans to allocate 38.5 million euros next year. Thus, in two years, the department will have invested more than 150 million euros from European funds to finance projects led by the group of agents involved in social care in Catalonia.<br><a href=\"https:\/\/govern.cat\/salapremsa\/notes-premsa\/422908\/drets-socials-obre-convokatoria-fons-europeus-total-153-m-euros-subvensions-accelerar-transformacio-latencio-social\">Source and further information: Department of Social Rights.<\/a><\/p>\n\n\n\n<figure class=\"wp-block-image size-full\"><img loading=\"lazy\" decoding=\"async\" width=\"1000\" height=\"165\" src=\"https:\/\/ticsalutsocial.atoom.space\/wp-content\/uploads\/2022\/07\/fd7b58d9-e1d8-4170-978b-971ba78960fc.png\" alt=\"\" class=\"wp-image-12340\" srcset=\"https:\/\/ticsalutsocial.atoom.space\/wp-content\/uploads\/2022\/07\/fd7b58d9-e1d8-4170-978b-971ba78960fc.png 1000w, https:\/\/ticsalutsocial.atoom.space\/wp-content\/uploads\/2022\/07\/fd7b58d9-e1d8-4170-978b-971ba78960fc-300x50.png 300w, https:\/\/ticsalutsocial.atoom.space\/wp-content\/uploads\/2022\/07\/fd7b58d9-e1d8-4170-978b-971ba78960fc-768x127.png 768w\" sizes=\"auto, (max-width: 1000px) 100vw, 1000px\" \/><\/figure>\n\n\n\n<p><\/p>\n","protected":false},"author":12,"featured_media":12306,"menu_order":0,"template":"","meta":{"_acf_changed":false,"inline_featured_image":false},"etiqueta":[],"tipus":[],"topic":[],"class_list":["post-12855","noticia","type-noticia","status-publish","has-post-thumbnail","hentry"],"acf":{"autor":"","textos_destacats":[{"texte":"The calls have 6 different specific lines for the implementation of technological and social innovation projects"}],"finalitzat":false,"tipus_plantilla":"objectius","template_objectius":{"cont_principal":"","imatge":false,"cont_seguent":{"titol":"","contingut":""},"seccio_llistat":{"titol":"","llistat":false},"objectius":{"titol":"","objectius":false},"documents":false},"imatge":false,"documents":false},"yoast_head":"<!-- This site is optimized with the Yoast SEO plugin v27.1.1 - https:\/\/yoast.com\/product\/yoast-seo-wordpress\/ -->\n<title>Final days to apply for Next Generation EU funds to accelerate the transformation of social care - Fundaci\u00f3 TIC Salut i Social<\/title>\n<meta name=\"description\" content=\"Fins el 29 de juliol estan obertes les convocat\u00f2ries de subvencions en l\u2019\u00e0mbit de l\u2019atenci\u00f3 social finan\u00e7ades per la Uni\u00f3 Europea mitjan\u00e7ant el programa Next Generation EU.\" \/>\n<meta name=\"robots\" content=\"index, follow, max-snippet:-1, max-image-preview:large, max-video-preview:-1\" \/>\n<link rel=\"canonical\" href=\"https:\/\/ticsalutsocial.atoom.space\/en\/noticia\/ultims-dies-per-aplicar-als-fons-next-generation-eu-per-accelerar-la-transformacio-de-latencio-social\/\" \/>\n<meta property=\"og:locale\" content=\"en_US\" \/>\n<meta property=\"og:type\" content=\"article\" \/>\n<meta property=\"og:title\" content=\"Final days to apply for Next Generation EU funds to accelerate the transformation of social care - Fundaci\u00f3 TIC Salut i Social\" \/>\n<meta property=\"og:description\" content=\"Fins el 29 de juliol estan obertes les convocat\u00f2ries de subvencions en l\u2019\u00e0mbit de l\u2019atenci\u00f3 social finan\u00e7ades per la Uni\u00f3 Europea mitjan\u00e7ant el programa Next Generation EU.\" \/>\n<meta property=\"og:url\" content=\"https:\/\/ticsalutsocial.atoom.space\/en\/noticia\/ultims-dies-per-aplicar-als-fons-next-generation-eu-per-accelerar-la-transformacio-de-latencio-social\/\" \/>\n<meta property=\"og:site_name\" content=\"Fundaci\u00f3 TIC Salut i Social\" \/>\n<meta property=\"article:modified_time\" content=\"2022-08-02T12:15:14+00:00\" \/>\n<meta property=\"og:image\" content=\"https:\/\/ticsalutsocial.atoom.space\/wp-content\/uploads\/2022\/07\/Fons-NEXT-GEN-EU.jpg\" \/>\n\t<meta property=\"og:image:width\" content=\"2560\" \/>\n\t<meta property=\"og:image:height\" content=\"1707\" \/>\n\t<meta property=\"og:image:type\" content=\"image\/jpeg\" \/>\n<meta name=\"twitter:card\" content=\"summary_large_image\" \/>\n<meta name=\"twitter:label1\" content=\"Est. reading time\" \/>\n\t<meta name=\"twitter:data1\" content=\"2 minutes\" \/>\n<script type=\"application\/ld+json\" class=\"yoast-schema-graph\">{\"@context\":\"https:\/\/schema.org\",\"@graph\":[{\"@type\":\"WebPage\",\"@id\":\"https:\/\/ticsalutsocial.atoom.space\/en\/noticia\/ultims-dies-per-aplicar-als-fons-next-generation-eu-per-accelerar-la-transformacio-de-latencio-social\/\",\"url\":\"https:\/\/ticsalutsocial.atoom.space\/en\/noticia\/ultims-dies-per-aplicar-als-fons-next-generation-eu-per-accelerar-la-transformacio-de-latencio-social\/\",\"name\":\"Final days to apply for Next Generation EU funds to accelerate the transformation of social care - Fundaci\u00f3 TIC Salut i Social\",\"isPartOf\":{\"@id\":\"https:\/\/ticsalutsocial.atoom.space\/en\/#website\"},\"primaryImageOfPage\":{\"@id\":\"https:\/\/ticsalutsocial.atoom.space\/en\/noticia\/ultims-dies-per-aplicar-als-fons-next-generation-eu-per-accelerar-la-transformacio-de-latencio-social\/#primaryimage\"},\"image\":{\"@id\":\"https:\/\/ticsalutsocial.atoom.space\/en\/noticia\/ultims-dies-per-aplicar-als-fons-next-generation-eu-per-accelerar-la-transformacio-de-latencio-social\/#primaryimage\"},\"thumbnailUrl\":\"https:\/\/ticsalutsocial.atoom.space\/wp-content\/uploads\/2022\/07\/Fons-NEXT-GEN-EU.jpg\",\"datePublished\":\"2022-07-22T11:37:09+00:00\",\"dateModified\":\"2022-08-02T12:15:14+00:00\",\"description\":\"Fins el 29 de juliol estan obertes les convocat\u00f2ries de subvencions en l\u2019\u00e0mbit de l\u2019atenci\u00f3 social finan\u00e7ades per la Uni\u00f3 Europea mitjan\u00e7ant el programa Next Generation EU.\",\"breadcrumb\":{\"@id\":\"https:\/\/ticsalutsocial.atoom.space\/en\/noticia\/ultims-dies-per-aplicar-als-fons-next-generation-eu-per-accelerar-la-transformacio-de-latencio-social\/#breadcrumb\"},\"inLanguage\":\"en-US\",\"potentialAction\":[{\"@type\":\"ReadAction\",\"target\":[\"https:\/\/ticsalutsocial.atoom.space\/en\/noticia\/ultims-dies-per-aplicar-als-fons-next-generation-eu-per-accelerar-la-transformacio-de-latencio-social\/\"]}]},{\"@type\":\"ImageObject\",\"inLanguage\":\"en-US\",\"@id\":\"https:\/\/ticsalutsocial.atoom.space\/en\/noticia\/ultims-dies-per-aplicar-als-fons-next-generation-eu-per-accelerar-la-transformacio-de-latencio-social\/#primaryimage\",\"url\":\"https:\/\/ticsalutsocial.atoom.space\/wp-content\/uploads\/2022\/07\/Fons-NEXT-GEN-EU.jpg\",\"contentUrl\":\"https:\/\/ticsalutsocial.atoom.space\/wp-content\/uploads\/2022\/07\/Fons-NEXT-GEN-EU.jpg\",\"width\":2560,\"height\":1707,\"caption\":\"Fons NEXT GENERATION EU\"},{\"@type\":\"BreadcrumbList\",\"@id\":\"https:\/\/ticsalutsocial.atoom.space\/en\/noticia\/ultims-dies-per-aplicar-als-fons-next-generation-eu-per-accelerar-la-transformacio-de-latencio-social\/#breadcrumb\",\"itemListElement\":[{\"@type\":\"ListItem\",\"position\":1,\"name\":\"Inici\",\"item\":\"https:\/\/ticsalutsocial.atoom.space\/en\/\"},{\"@type\":\"ListItem\",\"position\":2,\"name\":\"Final days to apply for Next Generation EU funds to accelerate the transformation of social care\"}]},{\"@type\":\"WebSite\",\"@id\":\"https:\/\/ticsalutsocial.atoom.space\/en\/#website\",\"url\":\"https:\/\/ticsalutsocial.atoom.space\/en\/\",\"name\":\"Fundaci\u00f3 TIC Salut i Social\",\"description\":\"\",\"potentialAction\":[{\"@type\":\"SearchAction\",\"target\":{\"@type\":\"EntryPoint\",\"urlTemplate\":\"https:\/\/ticsalutsocial.atoom.space\/en\/?s={search_term_string}\"},\"query-input\":{\"@type\":\"PropertyValueSpecification\",\"valueRequired\":true,\"valueName\":\"search_term_string\"}}],\"inLanguage\":\"en-US\"}]}<\/script>\n<!-- \/ Yoast SEO plugin. -->","yoast_head_json":{"title":"Final days to apply for Next Generation EU funds to accelerate the transformation of social care - Fundaci\u00f3 TIC Salut i Social","description":"Fins el 29 de juliol estan obertes les convocat\u00f2ries de subvencions en l\u2019\u00e0mbit de l\u2019atenci\u00f3 social finan\u00e7ades per la Uni\u00f3 Europea mitjan\u00e7ant el programa Next Generation EU.","robots":{"index":"index","follow":"follow","max-snippet":"max-snippet:-1","max-image-preview":"max-image-preview:large","max-video-preview":"max-video-preview:-1"},"canonical":"https:\/\/ticsalutsocial.atoom.space\/en\/noticia\/ultims-dies-per-aplicar-als-fons-next-generation-eu-per-accelerar-la-transformacio-de-latencio-social\/","og_locale":"en_US","og_type":"article","og_title":"Final days to apply for Next Generation EU funds to accelerate the transformation of social care - Fundaci\u00f3 TIC Salut i Social","og_description":"Fins el 29 de juliol estan obertes les convocat\u00f2ries de subvencions en l\u2019\u00e0mbit de l\u2019atenci\u00f3 social finan\u00e7ades per la Uni\u00f3 Europea mitjan\u00e7ant el programa Next Generation EU.","og_url":"https:\/\/ticsalutsocial.atoom.space\/en\/noticia\/ultims-dies-per-aplicar-als-fons-next-generation-eu-per-accelerar-la-transformacio-de-latencio-social\/","og_site_name":"Fundaci\u00f3 TIC Salut i Social","article_modified_time":"2022-08-02T12:15:14+00:00","og_image":[{"width":2560,"height":1707,"url":"https:\/\/ticsalutsocial.atoom.space\/wp-content\/uploads\/2022\/07\/Fons-NEXT-GEN-EU.jpg","type":"image\/jpeg"}],"twitter_card":"summary_large_image","twitter_misc":{"Est. reading time":"2 minutes"},"schema":{"@context":"https:\/\/schema.org","@graph":[{"@type":"WebPage","@id":"https:\/\/ticsalutsocial.atoom.space\/en\/noticia\/ultims-dies-per-aplicar-als-fons-next-generation-eu-per-accelerar-la-transformacio-de-latencio-social\/","url":"https:\/\/ticsalutsocial.atoom.space\/en\/noticia\/ultims-dies-per-aplicar-als-fons-next-generation-eu-per-accelerar-la-transformacio-de-latencio-social\/","name":"Final days to apply for Next Generation EU funds to accelerate the transformation of social care - Fundaci\u00f3 TIC Salut i Social","isPartOf":{"@id":"https:\/\/ticsalutsocial.atoom.space\/en\/#website"},"primaryImageOfPage":{"@id":"https:\/\/ticsalutsocial.atoom.space\/en\/noticia\/ultims-dies-per-aplicar-als-fons-next-generation-eu-per-accelerar-la-transformacio-de-latencio-social\/#primaryimage"},"image":{"@id":"https:\/\/ticsalutsocial.atoom.space\/en\/noticia\/ultims-dies-per-aplicar-als-fons-next-generation-eu-per-accelerar-la-transformacio-de-latencio-social\/#primaryimage"},"thumbnailUrl":"https:\/\/ticsalutsocial.atoom.space\/wp-content\/uploads\/2022\/07\/Fons-NEXT-GEN-EU.jpg","datePublished":"2022-07-22T11:37:09+00:00","dateModified":"2022-08-02T12:15:14+00:00","description":"Fins el 29 de juliol estan obertes les convocat\u00f2ries de subvencions en l\u2019\u00e0mbit de l\u2019atenci\u00f3 social finan\u00e7ades per la Uni\u00f3 Europea mitjan\u00e7ant el programa Next Generation EU.","breadcrumb":{"@id":"https:\/\/ticsalutsocial.atoom.space\/en\/noticia\/ultims-dies-per-aplicar-als-fons-next-generation-eu-per-accelerar-la-transformacio-de-latencio-social\/#breadcrumb"},"inLanguage":"en-US","potentialAction":[{"@type":"ReadAction","target":["https:\/\/ticsalutsocial.atoom.space\/en\/noticia\/ultims-dies-per-aplicar-als-fons-next-generation-eu-per-accelerar-la-transformacio-de-latencio-social\/"]}]},{"@type":"ImageObject","inLanguage":"en-US","@id":"https:\/\/ticsalutsocial.atoom.space\/en\/noticia\/ultims-dies-per-aplicar-als-fons-next-generation-eu-per-accelerar-la-transformacio-de-latencio-social\/#primaryimage","url":"https:\/\/ticsalutsocial.atoom.space\/wp-content\/uploads\/2022\/07\/Fons-NEXT-GEN-EU.jpg","contentUrl":"https:\/\/ticsalutsocial.atoom.space\/wp-content\/uploads\/2022\/07\/Fons-NEXT-GEN-EU.jpg","width":2560,"height":1707,"caption":"Fons NEXT GENERATION EU"},{"@type":"BreadcrumbList","@id":"https:\/\/ticsalutsocial.atoom.space\/en\/noticia\/ultims-dies-per-aplicar-als-fons-next-generation-eu-per-accelerar-la-transformacio-de-latencio-social\/#breadcrumb","itemListElement":[{"@type":"ListItem","position":1,"name":"Inici","item":"https:\/\/ticsalutsocial.atoom.space\/en\/"},{"@type":"ListItem","position":2,"name":"Final days to apply for Next Generation EU funds to accelerate the transformation of social care"}]},{"@type":"WebSite","@id":"https:\/\/ticsalutsocial.atoom.space\/en\/#website","url":"https:\/\/ticsalutsocial.atoom.space\/en\/","name":"Fundaci\u00f3 TIC Salut i Social","description":"","potentialAction":[{"@type":"SearchAction","target":{"@type":"EntryPoint","urlTemplate":"https:\/\/ticsalutsocial.atoom.space\/en\/?s={search_term_string}"},"query-input":{"@type":"PropertyValueSpecification","valueRequired":true,"valueName":"search_term_string"}}],"inLanguage":"en-US"}]}},"_links":{"self":[{"href":"https:\/\/ticsalutsocial.atoom.space\/en\/wp-json\/wp\/v2\/noticia\/12855","targetHints":{"allow":["GET"]}}],"collection":[{"href":"https:\/\/ticsalutsocial.atoom.space\/en\/wp-json\/wp\/v2\/noticia"}],"about":[{"href":"https:\/\/ticsalutsocial.atoom.space\/en\/wp-json\/wp\/v2\/types\/noticia"}],"author":[{"embeddable":true,"href":"https:\/\/ticsalutsocial.atoom.space\/en\/wp-json\/wp\/v2\/users\/12"}],"wp:featuredmedia":[{"embeddable":true,"href":"https:\/\/ticsalutsocial.atoom.space\/en\/wp-json\/wp\/v2\/media\/12306"}],"wp:attachment":[{"href":"https:\/\/ticsalutsocial.atoom.space\/en\/wp-json\/wp\/v2\/media?parent=12855"}],"wp:term":[{"taxonomy":"etiqueta","embeddable":true,"href":"https:\/\/ticsalutsocial.atoom.space\/en\/wp-json\/wp\/v2\/etiqueta?post=12855"},{"taxonomy":"tipus","embeddable":true,"href":"https:\/\/ticsalutsocial.atoom.space\/en\/wp-json\/wp\/v2\/tipus?post=12855"},{"taxonomy":"topic","embeddable":true,"href":"https:\/\/ticsalutsocial.atoom.space\/en\/wp-json\/wp\/v2\/topic?post=12855"}],"curies":[{"name":"wp","href":"https:\/\/api.w.org\/{rel}","templated":true}]}}