
{"id":14340,"date":"2022-09-29T15:02:57","date_gmt":"2022-09-29T13:02:57","guid":{"rendered":"https:\/\/ticsalutsocial.atoom.space\/noticia\/les-tic-com-a-palanca-del-mapa-estrategic-del-catsalut\/"},"modified":"2022-10-06T10:15:19","modified_gmt":"2022-10-06T08:15:19","slug":"les-tic-com-a-palanca-del-mapa-estrategic-del-catsalut","status":"publish","type":"noticia","link":"https:\/\/ticsalutsocial.atoom.space\/en\/noticia\/les-tic-com-a-palanca-del-mapa-estrategic-del-catsalut\/","title":{"rendered":"ICT as a lever for CatSalut\u2019s strategic map\ufffc"},"content":{"rendered":"\n<p>Within the framework of the 2021-2025 Health Plan approved by the Catalan Parliament, CatSalut, the Catalan Health Service, has presented the <a href=\"https:\/\/catsalut.gencat.cat\/ca\/coneix-catsalut\/presentacio\/mapa-estrategic-2022-2024\/\" target=\"_blank\" rel=\"noreferrer noopener\">Strategic Map 2022-2024<\/a>, which sets out the priorities, projects and actions it will carry out in this period. <strong>ICT plays a key role in the plan<\/strong>, as this coupled with investment will be the driving force behind it.<\/p>\n\n\n\n<p>The plan sets out a series of actions to evolve and improve the healthcare system based on three main areas: accessibility and equity, reorganisation, and the wallet and payment systems. As CatSalut explains, the map also includes projects that were already underway before the pandemic, but that now incorporate the lessons learned.<\/p>\n\n\n\n<p>In the specific field of ICT, the plan envisages deploying the <strong>SISCAT Systems Plan<\/strong>; pushing forward the integration of social and health information systems with the launch of the <strong>Integrated Care Agency<\/strong> by the Department of Health and the Department of Social Rights; implementing the <strong>tissue information system<\/strong>, through which multi-tissue donations will be available to all centres in Catalonia; and deploying an <strong>electronic prescription system for hospital medication for integrated outpatient dispensing<\/strong> for SISCAT.<\/p>\n\n\n\n<figure class=\"wp-block-embed is-type-video is-provider-youtube wp-block-embed-youtube wp-embed-aspect-16-9 wp-has-aspect-ratio\"><div class=\"wp-block-embed__wrapper\">\n<iframe loading=\"lazy\" title=\"Mapa estret\u00e8gic del CatSalut 2022-2024\" width=\"500\" height=\"281\" src=\"https:\/\/www.youtube.com\/embed\/qmx2OlrC7Wo?start=2&#038;feature=oembed\" frameborder=\"0\" allow=\"accelerometer; autoplay; clipboard-write; encrypted-media; gyroscope; picture-in-picture; web-share\" referrerpolicy=\"strict-origin-when-cross-origin\" allowfullscreen><\/iframe>\n<\/div><\/figure>\n\n\n\n<p>Source and further information: <a href=\"https:\/\/catsalut.gencat.cat\/ca\/coneix-catsalut\/presentacio\/mapa-estrategic-2022-2024\/\">CatSalut<\/a><\/p>\n","protected":false},"author":12,"featured_media":14270,"menu_order":0,"template":"","meta":{"_acf_changed":false,"inline_featured_image":false},"etiqueta":[],"tipus":[],"topic":[16],"class_list":["post-14340","noticia","type-noticia","status-publish","has-post-thumbnail","hentry","topic-actualitat"],"acf":{"finalitzat":false,"tipus_plantilla":"objectius","template_objectius":{"cont_principal":"","imatge":14270,"cont_seguent":{"titol":"","contingut":""},"seccio_llistat":{"titol":"","llistat":false},"objectius":{"titol":"","objectius":false},"documents":false},"autor":"","imatge":14270,"textos_destacats":[{"texte":"The plan sets out a series of actions to evolve and improve the healthcare system"}],"documents":false},"yoast_head":"<!-- This site is optimized with the Yoast SEO plugin v27.1.1 - https:\/\/yoast.com\/product\/yoast-seo-wordpress\/ -->\n<title>ICT as a lever for CatSalut\u2019s strategic map\ufffc - Fundaci\u00f3 TIC Salut i Social<\/title>\n<meta name=\"description\" content=\"El CatSalut - Servei Catal\u00e0 de la Salut ha presentat el Mapa Estrat\u00e8gic 2022-2024\" \/>\n<meta name=\"robots\" content=\"index, follow, max-snippet:-1, max-image-preview:large, max-video-preview:-1\" \/>\n<link rel=\"canonical\" href=\"https:\/\/ticsalutsocial.atoom.space\/en\/noticia\/les-tic-com-a-palanca-del-mapa-estrategic-del-catsalut\/\" \/>\n<meta property=\"og:locale\" content=\"en_US\" \/>\n<meta property=\"og:type\" content=\"article\" \/>\n<meta property=\"og:title\" content=\"ICT as a lever for CatSalut\u2019s strategic map\ufffc - Fundaci\u00f3 TIC Salut i Social\" \/>\n<meta property=\"og:description\" content=\"El CatSalut - Servei Catal\u00e0 de la Salut ha presentat el Mapa Estrat\u00e8gic 2022-2024\" \/>\n<meta property=\"og:url\" content=\"https:\/\/ticsalutsocial.atoom.space\/en\/noticia\/les-tic-com-a-palanca-del-mapa-estrategic-del-catsalut\/\" \/>\n<meta property=\"og:site_name\" content=\"Fundaci\u00f3 TIC Salut i Social\" \/>\n<meta property=\"article:modified_time\" content=\"2022-10-06T08:15:19+00:00\" \/>\n<meta property=\"og:image\" content=\"https:\/\/ticsalutsocial.atoom.space\/wp-content\/uploads\/2022\/09\/Mapa-estrategic-CatSalut.jpg\" \/>\n\t<meta property=\"og:image:width\" content=\"2560\" \/>\n\t<meta property=\"og:image:height\" content=\"1707\" \/>\n\t<meta property=\"og:image:type\" content=\"image\/jpeg\" \/>\n<meta name=\"twitter:card\" content=\"summary_large_image\" \/>\n<meta name=\"twitter:label1\" content=\"Est. reading time\" \/>\n\t<meta name=\"twitter:data1\" content=\"1 minute\" \/>\n<script type=\"application\/ld+json\" class=\"yoast-schema-graph\">{\"@context\":\"https:\/\/schema.org\",\"@graph\":[{\"@type\":\"WebPage\",\"@id\":\"https:\/\/ticsalutsocial.atoom.space\/en\/noticia\/les-tic-com-a-palanca-del-mapa-estrategic-del-catsalut\/\",\"url\":\"https:\/\/ticsalutsocial.atoom.space\/en\/noticia\/les-tic-com-a-palanca-del-mapa-estrategic-del-catsalut\/\",\"name\":\"ICT as a lever for CatSalut\u2019s strategic map\ufffc - Fundaci\u00f3 TIC Salut i Social\",\"isPartOf\":{\"@id\":\"https:\/\/ticsalutsocial.atoom.space\/en\/#website\"},\"primaryImageOfPage\":{\"@id\":\"https:\/\/ticsalutsocial.atoom.space\/en\/noticia\/les-tic-com-a-palanca-del-mapa-estrategic-del-catsalut\/#primaryimage\"},\"image\":{\"@id\":\"https:\/\/ticsalutsocial.atoom.space\/en\/noticia\/les-tic-com-a-palanca-del-mapa-estrategic-del-catsalut\/#primaryimage\"},\"thumbnailUrl\":\"https:\/\/ticsalutsocial.atoom.space\/wp-content\/uploads\/2022\/09\/Mapa-estrategic-CatSalut.jpg\",\"datePublished\":\"2022-09-29T13:02:57+00:00\",\"dateModified\":\"2022-10-06T08:15:19+00:00\",\"description\":\"El CatSalut - Servei Catal\u00e0 de la Salut ha presentat el Mapa Estrat\u00e8gic 2022-2024\",\"breadcrumb\":{\"@id\":\"https:\/\/ticsalutsocial.atoom.space\/en\/noticia\/les-tic-com-a-palanca-del-mapa-estrategic-del-catsalut\/#breadcrumb\"},\"inLanguage\":\"en-US\",\"potentialAction\":[{\"@type\":\"ReadAction\",\"target\":[\"https:\/\/ticsalutsocial.atoom.space\/en\/noticia\/les-tic-com-a-palanca-del-mapa-estrategic-del-catsalut\/\"]}]},{\"@type\":\"ImageObject\",\"inLanguage\":\"en-US\",\"@id\":\"https:\/\/ticsalutsocial.atoom.space\/en\/noticia\/les-tic-com-a-palanca-del-mapa-estrategic-del-catsalut\/#primaryimage\",\"url\":\"https:\/\/ticsalutsocial.atoom.space\/wp-content\/uploads\/2022\/09\/Mapa-estrategic-CatSalut.jpg\",\"contentUrl\":\"https:\/\/ticsalutsocial.atoom.space\/wp-content\/uploads\/2022\/09\/Mapa-estrategic-CatSalut.jpg\",\"width\":2560,\"height\":1707,\"caption\":\"Mapa estrat\u00e8gic CatSalut\"},{\"@type\":\"BreadcrumbList\",\"@id\":\"https:\/\/ticsalutsocial.atoom.space\/en\/noticia\/les-tic-com-a-palanca-del-mapa-estrategic-del-catsalut\/#breadcrumb\",\"itemListElement\":[{\"@type\":\"ListItem\",\"position\":1,\"name\":\"Inici\",\"item\":\"https:\/\/ticsalutsocial.atoom.space\/en\/\"},{\"@type\":\"ListItem\",\"position\":2,\"name\":\"ICT as a lever for CatSalut\u2019s strategic map\ufffc\"}]},{\"@type\":\"WebSite\",\"@id\":\"https:\/\/ticsalutsocial.atoom.space\/en\/#website\",\"url\":\"https:\/\/ticsalutsocial.atoom.space\/en\/\",\"name\":\"Fundaci\u00f3 TIC Salut i Social\",\"description\":\"\",\"potentialAction\":[{\"@type\":\"SearchAction\",\"target\":{\"@type\":\"EntryPoint\",\"urlTemplate\":\"https:\/\/ticsalutsocial.atoom.space\/en\/?s={search_term_string}\"},\"query-input\":{\"@type\":\"PropertyValueSpecification\",\"valueRequired\":true,\"valueName\":\"search_term_string\"}}],\"inLanguage\":\"en-US\"}]}<\/script>\n<!-- \/ Yoast SEO plugin. -->","yoast_head_json":{"title":"ICT as a lever for CatSalut\u2019s strategic map\ufffc - Fundaci\u00f3 TIC Salut i Social","description":"El CatSalut - Servei Catal\u00e0 de la Salut ha presentat el Mapa Estrat\u00e8gic 2022-2024","robots":{"index":"index","follow":"follow","max-snippet":"max-snippet:-1","max-image-preview":"max-image-preview:large","max-video-preview":"max-video-preview:-1"},"canonical":"https:\/\/ticsalutsocial.atoom.space\/en\/noticia\/les-tic-com-a-palanca-del-mapa-estrategic-del-catsalut\/","og_locale":"en_US","og_type":"article","og_title":"ICT as a lever for CatSalut\u2019s strategic map\ufffc - Fundaci\u00f3 TIC Salut i Social","og_description":"El CatSalut - Servei Catal\u00e0 de la Salut ha presentat el Mapa Estrat\u00e8gic 2022-2024","og_url":"https:\/\/ticsalutsocial.atoom.space\/en\/noticia\/les-tic-com-a-palanca-del-mapa-estrategic-del-catsalut\/","og_site_name":"Fundaci\u00f3 TIC Salut i Social","article_modified_time":"2022-10-06T08:15:19+00:00","og_image":[{"width":2560,"height":1707,"url":"https:\/\/ticsalutsocial.atoom.space\/wp-content\/uploads\/2022\/09\/Mapa-estrategic-CatSalut.jpg","type":"image\/jpeg"}],"twitter_card":"summary_large_image","twitter_misc":{"Est. reading time":"1 minute"},"schema":{"@context":"https:\/\/schema.org","@graph":[{"@type":"WebPage","@id":"https:\/\/ticsalutsocial.atoom.space\/en\/noticia\/les-tic-com-a-palanca-del-mapa-estrategic-del-catsalut\/","url":"https:\/\/ticsalutsocial.atoom.space\/en\/noticia\/les-tic-com-a-palanca-del-mapa-estrategic-del-catsalut\/","name":"ICT as a lever for CatSalut\u2019s strategic map\ufffc - Fundaci\u00f3 TIC Salut i Social","isPartOf":{"@id":"https:\/\/ticsalutsocial.atoom.space\/en\/#website"},"primaryImageOfPage":{"@id":"https:\/\/ticsalutsocial.atoom.space\/en\/noticia\/les-tic-com-a-palanca-del-mapa-estrategic-del-catsalut\/#primaryimage"},"image":{"@id":"https:\/\/ticsalutsocial.atoom.space\/en\/noticia\/les-tic-com-a-palanca-del-mapa-estrategic-del-catsalut\/#primaryimage"},"thumbnailUrl":"https:\/\/ticsalutsocial.atoom.space\/wp-content\/uploads\/2022\/09\/Mapa-estrategic-CatSalut.jpg","datePublished":"2022-09-29T13:02:57+00:00","dateModified":"2022-10-06T08:15:19+00:00","description":"El CatSalut - Servei Catal\u00e0 de la Salut ha presentat el Mapa Estrat\u00e8gic 2022-2024","breadcrumb":{"@id":"https:\/\/ticsalutsocial.atoom.space\/en\/noticia\/les-tic-com-a-palanca-del-mapa-estrategic-del-catsalut\/#breadcrumb"},"inLanguage":"en-US","potentialAction":[{"@type":"ReadAction","target":["https:\/\/ticsalutsocial.atoom.space\/en\/noticia\/les-tic-com-a-palanca-del-mapa-estrategic-del-catsalut\/"]}]},{"@type":"ImageObject","inLanguage":"en-US","@id":"https:\/\/ticsalutsocial.atoom.space\/en\/noticia\/les-tic-com-a-palanca-del-mapa-estrategic-del-catsalut\/#primaryimage","url":"https:\/\/ticsalutsocial.atoom.space\/wp-content\/uploads\/2022\/09\/Mapa-estrategic-CatSalut.jpg","contentUrl":"https:\/\/ticsalutsocial.atoom.space\/wp-content\/uploads\/2022\/09\/Mapa-estrategic-CatSalut.jpg","width":2560,"height":1707,"caption":"Mapa estrat\u00e8gic CatSalut"},{"@type":"BreadcrumbList","@id":"https:\/\/ticsalutsocial.atoom.space\/en\/noticia\/les-tic-com-a-palanca-del-mapa-estrategic-del-catsalut\/#breadcrumb","itemListElement":[{"@type":"ListItem","position":1,"name":"Inici","item":"https:\/\/ticsalutsocial.atoom.space\/en\/"},{"@type":"ListItem","position":2,"name":"ICT as a lever for CatSalut\u2019s strategic map\ufffc"}]},{"@type":"WebSite","@id":"https:\/\/ticsalutsocial.atoom.space\/en\/#website","url":"https:\/\/ticsalutsocial.atoom.space\/en\/","name":"Fundaci\u00f3 TIC Salut i Social","description":"","potentialAction":[{"@type":"SearchAction","target":{"@type":"EntryPoint","urlTemplate":"https:\/\/ticsalutsocial.atoom.space\/en\/?s={search_term_string}"},"query-input":{"@type":"PropertyValueSpecification","valueRequired":true,"valueName":"search_term_string"}}],"inLanguage":"en-US"}]}},"_links":{"self":[{"href":"https:\/\/ticsalutsocial.atoom.space\/en\/wp-json\/wp\/v2\/noticia\/14340","targetHints":{"allow":["GET"]}}],"collection":[{"href":"https:\/\/ticsalutsocial.atoom.space\/en\/wp-json\/wp\/v2\/noticia"}],"about":[{"href":"https:\/\/ticsalutsocial.atoom.space\/en\/wp-json\/wp\/v2\/types\/noticia"}],"author":[{"embeddable":true,"href":"https:\/\/ticsalutsocial.atoom.space\/en\/wp-json\/wp\/v2\/users\/12"}],"wp:featuredmedia":[{"embeddable":true,"href":"https:\/\/ticsalutsocial.atoom.space\/en\/wp-json\/wp\/v2\/media\/14270"}],"wp:attachment":[{"href":"https:\/\/ticsalutsocial.atoom.space\/en\/wp-json\/wp\/v2\/media?parent=14340"}],"wp:term":[{"taxonomy":"etiqueta","embeddable":true,"href":"https:\/\/ticsalutsocial.atoom.space\/en\/wp-json\/wp\/v2\/etiqueta?post=14340"},{"taxonomy":"tipus","embeddable":true,"href":"https:\/\/ticsalutsocial.atoom.space\/en\/wp-json\/wp\/v2\/tipus?post=14340"},{"taxonomy":"topic","embeddable":true,"href":"https:\/\/ticsalutsocial.atoom.space\/en\/wp-json\/wp\/v2\/topic?post=14340"}],"curies":[{"name":"wp","href":"https:\/\/api.w.org\/{rel}","templated":true}]}}