
{"id":15305,"date":"2022-12-07T14:17:08","date_gmt":"2022-12-07T12:17:08","guid":{"rendered":"https:\/\/ticsalutsocial.atoom.space\/noticia\/estudi-competencies-tic-professionals-sanitaris-catalunya\/"},"modified":"2022-12-29T10:03:09","modified_gmt":"2022-12-29T08:03:09","slug":"estudi-competencies-tic-professionals-sanitaris-catalunya","status":"publish","type":"noticia","link":"https:\/\/ticsalutsocial.atoom.space\/en\/noticia\/estudi-competencies-tic-professionals-sanitaris-catalunya\/","title":{"rendered":"Study published on the digital skills of health care professionals in Catalonia"},"content":{"rendered":"<p>The journal JMIR has recently published <a href=\"https:\/\/www.jmir.org\/2022\/11\/e38347\" target=\"_blank\" rel=\"noopener\"><em>Measuring the Digital Skills of Catalan Health Care Professionals as a Key Step Toward a Strategic Training Plan: Digital Competence Test Validation Study<\/em><\/a><em>.\u00a0<\/em>The study is part of the <a href=\"https:\/\/ticsalutsocial.atoom.space\/noticia\/iniciat-el-projecte-competencies-digitals-dels-professionals-de-salut-compdig-salut\/\" target=\"_blank\" rel=\"noopener\">COMPDIG-Health<\/a> project, Challenge 4 of the Professional Dialogue Forum, led by the TIC Salut Social Foundation.<\/p>\n<p>This study sought to analyse the current level of digital skills of active health care professionals in Catalonia. The aim was to obtain an approximate view of the training needs in this area and to carry out the appropriate action.<\/p>\n<p>A total of <strong>803 professionals<\/strong> took the survey in June and July 2021. The study\u2019s results show that the participants mostly have a level of knowledge below ACTIC 2.<\/p>\n<p>The study also reveals the training needs, based on the preferences stated by the professionals themselves. The conclusions state that there is a <strong>need to improve the digital skills of health care professionals working in Catalonia.<\/strong>\u00a0It also highlights the <strong>need to create specific training strategies for the different professional profiles in the sector.<\/strong><\/p>\n<p>&nbsp;<\/p>\n<h3><strong>Reference<\/strong><\/h3>\n<p>Reixach E, Andr\u00e9s E, Sallent Ribes J, Gea-S\u00e1nchez M, \u00c0vila L\u00f3pez A, Crua\u00f1as B, Gonz\u00e1lez Abad A, Faura R, Guitert M, Romeu T, Hern\u00e1ndez-Encuentra E, Bravo-Ramirez S, Saig\u00ed-Rubi\u00f3 F.\u00a0 Measuring the Digital Skills of Catalan Health Care Professionals as a Key Step Toward a Strategic Training Plan: Digital Competence Test Validation Study.<em> J Med Internet Res 2022<\/em>;24(11):e38347. DOI: 10.2196\/38347doi:10.2196\/38347<\/p>\n<p>&nbsp;<\/p>\n<p>&nbsp;<\/p>\n<p>&nbsp;<\/p>\n","protected":false},"author":3,"featured_media":14789,"menu_order":0,"template":"","meta":{"_acf_changed":false,"inline_featured_image":false},"etiqueta":[],"tipus":[],"topic":[122],"class_list":["post-15305","noticia","type-noticia","status-publish","has-post-thumbnail","hentry","topic-hot-news"],"acf":{"finalitzat":false,"tipus_plantilla":"objectius","template_objectius":{"cont_principal":"","imatge":false,"cont_seguent":{"titol":"","contingut":""},"seccio_llistat":{"titol":"","llistat":false},"objectius":{"titol":"","objectius":false},"documents":false},"autor":"","imatge":14789,"textos_destacats":[{"texte":"The study\u2019s results show that the participants mostly have a level of knowledge below ACTIC 2."}],"documents":false},"yoast_head":"<!-- This site is optimized with the Yoast SEO plugin v27.1.1 - https:\/\/yoast.com\/product\/yoast-seo-wordpress\/ -->\n<title>Study published on the digital skills of health care professionals in Catalonia - Fundaci\u00f3 TIC Salut i Social<\/title>\n<meta name=\"robots\" content=\"index, follow, max-snippet:-1, max-image-preview:large, max-video-preview:-1\" \/>\n<link rel=\"canonical\" href=\"https:\/\/ticsalutsocial.atoom.space\/en\/noticia\/estudi-competencies-tic-professionals-sanitaris-catalunya\/\" \/>\n<meta property=\"og:locale\" content=\"en_US\" \/>\n<meta property=\"og:type\" content=\"article\" \/>\n<meta property=\"og:title\" content=\"Study published on the digital skills of health care professionals in Catalonia - Fundaci\u00f3 TIC Salut i Social\" \/>\n<meta property=\"og:description\" content=\"The journal JMIR has recently published Measuring the Digital Skills of Catalan Health Care Professionals as a Key Step Toward a Strategic Training Plan: Digital Competence Test Validation Study.\u00a0The study is part of the COMPDIG-Health project, Challenge 4 of the Professional Dialogue Forum, led by the TIC Salut Social Foundation. This study sought to analyse [&hellip;]\" \/>\n<meta property=\"og:url\" content=\"https:\/\/ticsalutsocial.atoom.space\/en\/noticia\/estudi-competencies-tic-professionals-sanitaris-catalunya\/\" \/>\n<meta property=\"og:site_name\" content=\"Fundaci\u00f3 TIC Salut i Social\" \/>\n<meta property=\"article:modified_time\" content=\"2022-12-29T08:03:09+00:00\" \/>\n<meta property=\"og:image\" content=\"https:\/\/ticsalutsocial.atoom.space\/wp-content\/uploads\/2022\/12\/pexels-flex-point-security-12473878-scaled.jpg\" \/>\n\t<meta property=\"og:image:width\" content=\"2560\" \/>\n\t<meta property=\"og:image:height\" content=\"1707\" \/>\n\t<meta property=\"og:image:type\" content=\"image\/jpeg\" \/>\n<meta name=\"twitter:card\" content=\"summary_large_image\" \/>\n<meta name=\"twitter:image\" content=\"https:\/\/ticsalutsocial.atoom.space\/wp-content\/uploads\/2022\/12\/pexels-flex-point-security-12473878-scaled.jpg\" \/>\n<meta name=\"twitter:label1\" content=\"Est. reading time\" \/>\n\t<meta name=\"twitter:data1\" content=\"2 minutes\" \/>\n<script type=\"application\/ld+json\" class=\"yoast-schema-graph\">{\"@context\":\"https:\/\/schema.org\",\"@graph\":[{\"@type\":\"WebPage\",\"@id\":\"https:\/\/ticsalutsocial.atoom.space\/en\/noticia\/estudi-competencies-tic-professionals-sanitaris-catalunya\/\",\"url\":\"https:\/\/ticsalutsocial.atoom.space\/en\/noticia\/estudi-competencies-tic-professionals-sanitaris-catalunya\/\",\"name\":\"Study published on the digital skills of health care professionals in Catalonia - Fundaci\u00f3 TIC Salut i Social\",\"isPartOf\":{\"@id\":\"https:\/\/ticsalutsocial.atoom.space\/en\/#website\"},\"primaryImageOfPage\":{\"@id\":\"https:\/\/ticsalutsocial.atoom.space\/en\/noticia\/estudi-competencies-tic-professionals-sanitaris-catalunya\/#primaryimage\"},\"image\":{\"@id\":\"https:\/\/ticsalutsocial.atoom.space\/en\/noticia\/estudi-competencies-tic-professionals-sanitaris-catalunya\/#primaryimage\"},\"thumbnailUrl\":\"https:\/\/ticsalutsocial.atoom.space\/wp-content\/uploads\/2022\/12\/pexels-flex-point-security-12473878-scaled.jpg\",\"datePublished\":\"2022-12-07T12:17:08+00:00\",\"dateModified\":\"2022-12-29T08:03:09+00:00\",\"breadcrumb\":{\"@id\":\"https:\/\/ticsalutsocial.atoom.space\/en\/noticia\/estudi-competencies-tic-professionals-sanitaris-catalunya\/#breadcrumb\"},\"inLanguage\":\"en-US\",\"potentialAction\":[{\"@type\":\"ReadAction\",\"target\":[\"https:\/\/ticsalutsocial.atoom.space\/en\/noticia\/estudi-competencies-tic-professionals-sanitaris-catalunya\/\"]}]},{\"@type\":\"ImageObject\",\"inLanguage\":\"en-US\",\"@id\":\"https:\/\/ticsalutsocial.atoom.space\/en\/noticia\/estudi-competencies-tic-professionals-sanitaris-catalunya\/#primaryimage\",\"url\":\"https:\/\/ticsalutsocial.atoom.space\/wp-content\/uploads\/2022\/12\/pexels-flex-point-security-12473878-scaled.jpg\",\"contentUrl\":\"https:\/\/ticsalutsocial.atoom.space\/wp-content\/uploads\/2022\/12\/pexels-flex-point-security-12473878-scaled.jpg\",\"width\":2560,\"height\":1707},{\"@type\":\"BreadcrumbList\",\"@id\":\"https:\/\/ticsalutsocial.atoom.space\/en\/noticia\/estudi-competencies-tic-professionals-sanitaris-catalunya\/#breadcrumb\",\"itemListElement\":[{\"@type\":\"ListItem\",\"position\":1,\"name\":\"Inici\",\"item\":\"https:\/\/ticsalutsocial.atoom.space\/en\/\"},{\"@type\":\"ListItem\",\"position\":2,\"name\":\"Study published on the digital skills of health care professionals in Catalonia\"}]},{\"@type\":\"WebSite\",\"@id\":\"https:\/\/ticsalutsocial.atoom.space\/en\/#website\",\"url\":\"https:\/\/ticsalutsocial.atoom.space\/en\/\",\"name\":\"Fundaci\u00f3 TIC Salut i Social\",\"description\":\"\",\"potentialAction\":[{\"@type\":\"SearchAction\",\"target\":{\"@type\":\"EntryPoint\",\"urlTemplate\":\"https:\/\/ticsalutsocial.atoom.space\/en\/?s={search_term_string}\"},\"query-input\":{\"@type\":\"PropertyValueSpecification\",\"valueRequired\":true,\"valueName\":\"search_term_string\"}}],\"inLanguage\":\"en-US\"}]}<\/script>\n<!-- \/ Yoast SEO plugin. -->","yoast_head_json":{"title":"Study published on the digital skills of health care professionals in Catalonia - Fundaci\u00f3 TIC Salut i Social","robots":{"index":"index","follow":"follow","max-snippet":"max-snippet:-1","max-image-preview":"max-image-preview:large","max-video-preview":"max-video-preview:-1"},"canonical":"https:\/\/ticsalutsocial.atoom.space\/en\/noticia\/estudi-competencies-tic-professionals-sanitaris-catalunya\/","og_locale":"en_US","og_type":"article","og_title":"Study published on the digital skills of health care professionals in Catalonia - Fundaci\u00f3 TIC Salut i Social","og_description":"The journal JMIR has recently published Measuring the Digital Skills of Catalan Health Care Professionals as a Key Step Toward a Strategic Training Plan: Digital Competence Test Validation Study.\u00a0The study is part of the COMPDIG-Health project, Challenge 4 of the Professional Dialogue Forum, led by the TIC Salut Social Foundation. This study sought to analyse [&hellip;]","og_url":"https:\/\/ticsalutsocial.atoom.space\/en\/noticia\/estudi-competencies-tic-professionals-sanitaris-catalunya\/","og_site_name":"Fundaci\u00f3 TIC Salut i Social","article_modified_time":"2022-12-29T08:03:09+00:00","og_image":[{"width":2560,"height":1707,"url":"https:\/\/ticsalutsocial.atoom.space\/wp-content\/uploads\/2022\/12\/pexels-flex-point-security-12473878-scaled.jpg","type":"image\/jpeg"}],"twitter_card":"summary_large_image","twitter_image":"https:\/\/ticsalutsocial.atoom.space\/wp-content\/uploads\/2022\/12\/pexels-flex-point-security-12473878-scaled.jpg","twitter_misc":{"Est. reading time":"2 minutes"},"schema":{"@context":"https:\/\/schema.org","@graph":[{"@type":"WebPage","@id":"https:\/\/ticsalutsocial.atoom.space\/en\/noticia\/estudi-competencies-tic-professionals-sanitaris-catalunya\/","url":"https:\/\/ticsalutsocial.atoom.space\/en\/noticia\/estudi-competencies-tic-professionals-sanitaris-catalunya\/","name":"Study published on the digital skills of health care professionals in Catalonia - Fundaci\u00f3 TIC Salut i Social","isPartOf":{"@id":"https:\/\/ticsalutsocial.atoom.space\/en\/#website"},"primaryImageOfPage":{"@id":"https:\/\/ticsalutsocial.atoom.space\/en\/noticia\/estudi-competencies-tic-professionals-sanitaris-catalunya\/#primaryimage"},"image":{"@id":"https:\/\/ticsalutsocial.atoom.space\/en\/noticia\/estudi-competencies-tic-professionals-sanitaris-catalunya\/#primaryimage"},"thumbnailUrl":"https:\/\/ticsalutsocial.atoom.space\/wp-content\/uploads\/2022\/12\/pexels-flex-point-security-12473878-scaled.jpg","datePublished":"2022-12-07T12:17:08+00:00","dateModified":"2022-12-29T08:03:09+00:00","breadcrumb":{"@id":"https:\/\/ticsalutsocial.atoom.space\/en\/noticia\/estudi-competencies-tic-professionals-sanitaris-catalunya\/#breadcrumb"},"inLanguage":"en-US","potentialAction":[{"@type":"ReadAction","target":["https:\/\/ticsalutsocial.atoom.space\/en\/noticia\/estudi-competencies-tic-professionals-sanitaris-catalunya\/"]}]},{"@type":"ImageObject","inLanguage":"en-US","@id":"https:\/\/ticsalutsocial.atoom.space\/en\/noticia\/estudi-competencies-tic-professionals-sanitaris-catalunya\/#primaryimage","url":"https:\/\/ticsalutsocial.atoom.space\/wp-content\/uploads\/2022\/12\/pexels-flex-point-security-12473878-scaled.jpg","contentUrl":"https:\/\/ticsalutsocial.atoom.space\/wp-content\/uploads\/2022\/12\/pexels-flex-point-security-12473878-scaled.jpg","width":2560,"height":1707},{"@type":"BreadcrumbList","@id":"https:\/\/ticsalutsocial.atoom.space\/en\/noticia\/estudi-competencies-tic-professionals-sanitaris-catalunya\/#breadcrumb","itemListElement":[{"@type":"ListItem","position":1,"name":"Inici","item":"https:\/\/ticsalutsocial.atoom.space\/en\/"},{"@type":"ListItem","position":2,"name":"Study published on the digital skills of health care professionals in Catalonia"}]},{"@type":"WebSite","@id":"https:\/\/ticsalutsocial.atoom.space\/en\/#website","url":"https:\/\/ticsalutsocial.atoom.space\/en\/","name":"Fundaci\u00f3 TIC Salut i Social","description":"","potentialAction":[{"@type":"SearchAction","target":{"@type":"EntryPoint","urlTemplate":"https:\/\/ticsalutsocial.atoom.space\/en\/?s={search_term_string}"},"query-input":{"@type":"PropertyValueSpecification","valueRequired":true,"valueName":"search_term_string"}}],"inLanguage":"en-US"}]}},"_links":{"self":[{"href":"https:\/\/ticsalutsocial.atoom.space\/en\/wp-json\/wp\/v2\/noticia\/15305","targetHints":{"allow":["GET"]}}],"collection":[{"href":"https:\/\/ticsalutsocial.atoom.space\/en\/wp-json\/wp\/v2\/noticia"}],"about":[{"href":"https:\/\/ticsalutsocial.atoom.space\/en\/wp-json\/wp\/v2\/types\/noticia"}],"author":[{"embeddable":true,"href":"https:\/\/ticsalutsocial.atoom.space\/en\/wp-json\/wp\/v2\/users\/3"}],"wp:featuredmedia":[{"embeddable":true,"href":"https:\/\/ticsalutsocial.atoom.space\/en\/wp-json\/wp\/v2\/media\/14789"}],"wp:attachment":[{"href":"https:\/\/ticsalutsocial.atoom.space\/en\/wp-json\/wp\/v2\/media?parent=15305"}],"wp:term":[{"taxonomy":"etiqueta","embeddable":true,"href":"https:\/\/ticsalutsocial.atoom.space\/en\/wp-json\/wp\/v2\/etiqueta?post=15305"},{"taxonomy":"tipus","embeddable":true,"href":"https:\/\/ticsalutsocial.atoom.space\/en\/wp-json\/wp\/v2\/tipus?post=15305"},{"taxonomy":"topic","embeddable":true,"href":"https:\/\/ticsalutsocial.atoom.space\/en\/wp-json\/wp\/v2\/topic?post=15305"}],"curies":[{"name":"wp","href":"https:\/\/api.w.org\/{rel}","templated":true}]}}