
{"id":20428,"date":"2023-03-23T15:11:21","date_gmt":"2023-03-23T13:11:21","guid":{"rendered":"https:\/\/ticsalutsocial.atoom.space\/noticia\/resolucio-de-la-creacio-del-programa-per-a-la-promocio-i-desenvolupament-de-la-intelligencia-artificial-al-sistema-de-salut\/"},"modified":"2023-04-04T11:15:51","modified_gmt":"2023-04-04T09:15:51","slug":"resolucio-de-la-creacio-del-programa-per-a-la-promocio-i-desenvolupament-de-la-intelligencia-artificial-al-sistema-de-salut","status":"publish","type":"noticia","link":"https:\/\/ticsalutsocial.atoom.space\/en\/noticia\/resolucio-de-la-creacio-del-programa-per-a-la-promocio-i-desenvolupament-de-la-intelligencia-artificial-al-sistema-de-salut\/","title":{"rendered":"Resolution creating of the Programme for the Promotion and Development of Artificial Intelligence in the Health System"},"content":{"rendered":"\n<p>The Official Gazette of the Government of Catalonia has published <a href=\"https:\/\/dogc.gencat.cat\/ca\/document-del-dogc\/?documentId=955573\" target=\"_blank\" rel=\"noreferrer noopener\">Resolution SLT\/954\/2023<\/a> of 19 March, creating the Programme for the Promotion and Development of Artificial Intelligence in the Health System.<\/p>\n\n\n\n<p>According to the document, the purpose of the Health\/AI Programme is <strong>to create an enabling environment for innovation in the field of health through the development and implementation of artificial intelligence (AI) solutions to improve citizens\u2019 health<\/strong>, which prioritises prevention, leads the implementation of AI solutions and contributes to improving the quality of care and the sustainability of the health system, making use of the knowledge generated by Catalonia\u2019s comprehensive health system for public use (SISCAT).<\/p>\n\n\n\n<h2 class=\"wp-block-heading\"><strong>Functions of the Health\/AI Programme<\/strong><\/h2>\n\n\n\n<p>The functions of the Health\/AI Programme detailed in the resolution are as follows:<\/p>\n\n\n\n<ul class=\"wp-block-list\">\n<li>Boosting the AI ecosystem in health by promoting research, development and innovation that aids knowledge transfer to SISCAT to increase SISCAT\u2019s capacity to develop AI.<\/li>\n\n\n\n<li>Establishing the adoption of innovation as a key point for the implementation of AI that makes progress towards establishing assessment methodologies on a clinical, ethical, legal and technological scale to give a seal of guaranteed safety to solutions before they are implemented in SISCAT. Verification of the algorithms\u2019 functioning and impact must be carried out by a team of professionals who are experts in different fields of knowledge.<\/li>\n\n\n\n<li>Promoting improved efficiency of SISCAT by developing AI solutions on a systemic scale to optimise people\u2019s wellbeing, provided the assessment criteria that guarantee the solutions\u2019 reliability are met.<\/li>\n\n\n\n<li>Ensuring AI serves the public interest and the creation of long-term public value, while avoiding the promotion of suboptimal technology.<\/li>\n\n\n\n<li>Aiding the strategic alignment of all of those involved, responding to SISCAT\u2019s global policies and priorities defined in the Catalan Health Plan.<\/li>\n\n\n\n<li>Ensuring that progress is made with the processes of recruitment and incorporation of AI in the health sector and establishing a broader vision of AI that allows for innovative systems of public value.<\/li>\n\n\n\n<li>Encouraging the participation and involvement of Catalonia\u2019s entire health system to ensure a substantial improvement in the quality of information and the achievement of results with a greater impact on the entire system with dedicated resources.<\/li>\n\n\n\n<li>Promoting equity, guaranteeing access to the solutions developed by the entire Catalan health system, avoiding inequalities between centres and standardising care quality.<\/li>\n\n\n\n<li>Encouraging collaboration between the public and private sectors to create an innovation ecosystem capable of supporting and making progress with the health sector\u2019s challenges.<\/li>\n<\/ul>\n\n\n\n<h2 class=\"wp-block-heading\"><strong>Governance<\/strong><\/h2>\n\n\n\n<p>The governance of the Health\/AI Programme will consist of a Steering Committee, an Executive Committee and the Programme Management. The members of the three bodies will be senior representatives of the Department of Health, the Catalan Health Service, the Strategic Management of the Departmental Commission for Innovation and Transformation of the Health System, the General Coordination of ICT in the Health System, the Health Quality and Assessment Agency (AQuAS) and the TIC Salut Social Foundation.<\/p>\n\n\n\n<p>The programme will last a maximum of three years. For more information, <a href=\"https:\/\/dogc.gencat.cat\/ca\/document-del-dogc\/?documentId=955573\" target=\"_blank\" rel=\"noreferrer noopener\">see the resolution through this link<\/a>.<\/p>\n","protected":false},"author":12,"featured_media":19800,"menu_order":0,"template":"","meta":{"_acf_changed":false,"inline_featured_image":false},"etiqueta":[],"tipus":[719],"topic":[],"class_list":["post-20428","noticia","type-noticia","status-publish","has-post-thumbnail","hentry","tipus-artificial-intelligence"],"acf":{"finalitzat":false,"tipus_plantilla":"objectius","template_objectius":{"cont_principal":"","imatge":19800,"cont_seguent":{"titol":"","contingut":""},"seccio_llistat":{"titol":"","llistat":false},"objectius":{"titol":"","objectius":false},"documents":false},"autor":"","imatge":19800,"textos_destacats":[{"texte":"The purpose of the Health\/AI Program is to create an enabling environment for innovation in the field of health through the development and implementation of artificial intelligence solutions to improve the health of citizens"}],"documents":false},"yoast_head":"<!-- This site is optimized with the Yoast SEO plugin v27.1.1 - https:\/\/yoast.com\/product\/yoast-seo-wordpress\/ -->\n<title>Resolution creating of the Programme for the Promotion and Development of Artificial Intelligence in the Health System - Fundaci\u00f3 TIC Salut i Social<\/title>\n<meta name=\"description\" content=\"El Diari Oficial de la Generalitat de Catalunya ha publicat la resoluci\u00f3 per la qual es crea el Programa per a la promoci\u00f3 i desenvolupament de la intel\u00b7lig\u00e8ncia artificial al sistema de salut.\" \/>\n<meta name=\"robots\" content=\"index, follow, max-snippet:-1, max-image-preview:large, max-video-preview:-1\" \/>\n<link rel=\"canonical\" href=\"https:\/\/ticsalutsocial.atoom.space\/en\/noticia\/resolucio-de-la-creacio-del-programa-per-a-la-promocio-i-desenvolupament-de-la-intelligencia-artificial-al-sistema-de-salut\/\" \/>\n<meta property=\"og:locale\" content=\"en_US\" \/>\n<meta property=\"og:type\" content=\"article\" \/>\n<meta property=\"og:title\" content=\"Resolution creating of the Programme for the Promotion and Development of Artificial Intelligence in the Health System - Fundaci\u00f3 TIC Salut i Social\" \/>\n<meta property=\"og:description\" content=\"El Diari Oficial de la Generalitat de Catalunya ha publicat la resoluci\u00f3 per la qual es crea el Programa per a la promoci\u00f3 i desenvolupament de la intel\u00b7lig\u00e8ncia artificial al sistema de salut.\" \/>\n<meta property=\"og:url\" content=\"https:\/\/ticsalutsocial.atoom.space\/en\/noticia\/resolucio-de-la-creacio-del-programa-per-a-la-promocio-i-desenvolupament-de-la-intelligencia-artificial-al-sistema-de-salut\/\" \/>\n<meta property=\"og:site_name\" content=\"Fundaci\u00f3 TIC Salut i Social\" \/>\n<meta property=\"article:modified_time\" content=\"2023-04-04T09:15:51+00:00\" \/>\n<meta property=\"og:image\" content=\"https:\/\/ticsalutsocial.atoom.space\/wp-content\/uploads\/2023\/03\/Aprovacio-Programa-salutIA-scaled.jpg\" \/>\n\t<meta property=\"og:image:width\" content=\"2560\" \/>\n\t<meta property=\"og:image:height\" content=\"863\" \/>\n\t<meta property=\"og:image:type\" content=\"image\/jpeg\" \/>\n<meta name=\"twitter:card\" content=\"summary_large_image\" \/>\n<meta name=\"twitter:label1\" content=\"Est. reading time\" \/>\n\t<meta name=\"twitter:data1\" content=\"3 minutes\" \/>\n<script type=\"application\/ld+json\" class=\"yoast-schema-graph\">{\"@context\":\"https:\/\/schema.org\",\"@graph\":[{\"@type\":\"WebPage\",\"@id\":\"https:\/\/ticsalutsocial.atoom.space\/en\/noticia\/resolucio-de-la-creacio-del-programa-per-a-la-promocio-i-desenvolupament-de-la-intelligencia-artificial-al-sistema-de-salut\/\",\"url\":\"https:\/\/ticsalutsocial.atoom.space\/en\/noticia\/resolucio-de-la-creacio-del-programa-per-a-la-promocio-i-desenvolupament-de-la-intelligencia-artificial-al-sistema-de-salut\/\",\"name\":\"Resolution creating of the Programme for the Promotion and Development of Artificial Intelligence in the Health System - Fundaci\u00f3 TIC Salut i Social\",\"isPartOf\":{\"@id\":\"https:\/\/ticsalutsocial.atoom.space\/en\/#website\"},\"primaryImageOfPage\":{\"@id\":\"https:\/\/ticsalutsocial.atoom.space\/en\/noticia\/resolucio-de-la-creacio-del-programa-per-a-la-promocio-i-desenvolupament-de-la-intelligencia-artificial-al-sistema-de-salut\/#primaryimage\"},\"image\":{\"@id\":\"https:\/\/ticsalutsocial.atoom.space\/en\/noticia\/resolucio-de-la-creacio-del-programa-per-a-la-promocio-i-desenvolupament-de-la-intelligencia-artificial-al-sistema-de-salut\/#primaryimage\"},\"thumbnailUrl\":\"https:\/\/ticsalutsocial.atoom.space\/wp-content\/uploads\/2023\/03\/Aprovacio-Programa-salutIA-scaled.jpg\",\"datePublished\":\"2023-03-23T13:11:21+00:00\",\"dateModified\":\"2023-04-04T09:15:51+00:00\",\"description\":\"El Diari Oficial de la Generalitat de Catalunya ha publicat la resoluci\u00f3 per la qual es crea el Programa per a la promoci\u00f3 i desenvolupament de la intel\u00b7lig\u00e8ncia artificial al sistema de salut.\",\"breadcrumb\":{\"@id\":\"https:\/\/ticsalutsocial.atoom.space\/en\/noticia\/resolucio-de-la-creacio-del-programa-per-a-la-promocio-i-desenvolupament-de-la-intelligencia-artificial-al-sistema-de-salut\/#breadcrumb\"},\"inLanguage\":\"en-US\",\"potentialAction\":[{\"@type\":\"ReadAction\",\"target\":[\"https:\/\/ticsalutsocial.atoom.space\/en\/noticia\/resolucio-de-la-creacio-del-programa-per-a-la-promocio-i-desenvolupament-de-la-intelligencia-artificial-al-sistema-de-salut\/\"]}]},{\"@type\":\"ImageObject\",\"inLanguage\":\"en-US\",\"@id\":\"https:\/\/ticsalutsocial.atoom.space\/en\/noticia\/resolucio-de-la-creacio-del-programa-per-a-la-promocio-i-desenvolupament-de-la-intelligencia-artificial-al-sistema-de-salut\/#primaryimage\",\"url\":\"https:\/\/ticsalutsocial.atoom.space\/wp-content\/uploads\/2023\/03\/Aprovacio-Programa-salutIA-scaled.jpg\",\"contentUrl\":\"https:\/\/ticsalutsocial.atoom.space\/wp-content\/uploads\/2023\/03\/Aprovacio-Programa-salutIA-scaled.jpg\",\"width\":2560,\"height\":863,\"caption\":\"Aprovacio\u0301 Programa salut\/IA\"},{\"@type\":\"BreadcrumbList\",\"@id\":\"https:\/\/ticsalutsocial.atoom.space\/en\/noticia\/resolucio-de-la-creacio-del-programa-per-a-la-promocio-i-desenvolupament-de-la-intelligencia-artificial-al-sistema-de-salut\/#breadcrumb\",\"itemListElement\":[{\"@type\":\"ListItem\",\"position\":1,\"name\":\"Inici\",\"item\":\"https:\/\/ticsalutsocial.atoom.space\/en\/\"},{\"@type\":\"ListItem\",\"position\":2,\"name\":\"Resolution creating of the Programme for the Promotion and Development of Artificial Intelligence in the Health System\"}]},{\"@type\":\"WebSite\",\"@id\":\"https:\/\/ticsalutsocial.atoom.space\/en\/#website\",\"url\":\"https:\/\/ticsalutsocial.atoom.space\/en\/\",\"name\":\"Fundaci\u00f3 TIC Salut i Social\",\"description\":\"\",\"potentialAction\":[{\"@type\":\"SearchAction\",\"target\":{\"@type\":\"EntryPoint\",\"urlTemplate\":\"https:\/\/ticsalutsocial.atoom.space\/en\/?s={search_term_string}\"},\"query-input\":{\"@type\":\"PropertyValueSpecification\",\"valueRequired\":true,\"valueName\":\"search_term_string\"}}],\"inLanguage\":\"en-US\"}]}<\/script>\n<!-- \/ Yoast SEO plugin. -->","yoast_head_json":{"title":"Resolution creating of the Programme for the Promotion and Development of Artificial Intelligence in the Health System - Fundaci\u00f3 TIC Salut i Social","description":"El Diari Oficial de la Generalitat de Catalunya ha publicat la resoluci\u00f3 per la qual es crea el Programa per a la promoci\u00f3 i desenvolupament de la intel\u00b7lig\u00e8ncia artificial al sistema de salut.","robots":{"index":"index","follow":"follow","max-snippet":"max-snippet:-1","max-image-preview":"max-image-preview:large","max-video-preview":"max-video-preview:-1"},"canonical":"https:\/\/ticsalutsocial.atoom.space\/en\/noticia\/resolucio-de-la-creacio-del-programa-per-a-la-promocio-i-desenvolupament-de-la-intelligencia-artificial-al-sistema-de-salut\/","og_locale":"en_US","og_type":"article","og_title":"Resolution creating of the Programme for the Promotion and Development of Artificial Intelligence in the Health System - Fundaci\u00f3 TIC Salut i Social","og_description":"El Diari Oficial de la Generalitat de Catalunya ha publicat la resoluci\u00f3 per la qual es crea el Programa per a la promoci\u00f3 i desenvolupament de la intel\u00b7lig\u00e8ncia artificial al sistema de salut.","og_url":"https:\/\/ticsalutsocial.atoom.space\/en\/noticia\/resolucio-de-la-creacio-del-programa-per-a-la-promocio-i-desenvolupament-de-la-intelligencia-artificial-al-sistema-de-salut\/","og_site_name":"Fundaci\u00f3 TIC Salut i Social","article_modified_time":"2023-04-04T09:15:51+00:00","og_image":[{"width":2560,"height":863,"url":"https:\/\/ticsalutsocial.atoom.space\/wp-content\/uploads\/2023\/03\/Aprovacio-Programa-salutIA-scaled.jpg","type":"image\/jpeg"}],"twitter_card":"summary_large_image","twitter_misc":{"Est. reading time":"3 minutes"},"schema":{"@context":"https:\/\/schema.org","@graph":[{"@type":"WebPage","@id":"https:\/\/ticsalutsocial.atoom.space\/en\/noticia\/resolucio-de-la-creacio-del-programa-per-a-la-promocio-i-desenvolupament-de-la-intelligencia-artificial-al-sistema-de-salut\/","url":"https:\/\/ticsalutsocial.atoom.space\/en\/noticia\/resolucio-de-la-creacio-del-programa-per-a-la-promocio-i-desenvolupament-de-la-intelligencia-artificial-al-sistema-de-salut\/","name":"Resolution creating of the Programme for the Promotion and Development of Artificial Intelligence in the Health System - Fundaci\u00f3 TIC Salut i Social","isPartOf":{"@id":"https:\/\/ticsalutsocial.atoom.space\/en\/#website"},"primaryImageOfPage":{"@id":"https:\/\/ticsalutsocial.atoom.space\/en\/noticia\/resolucio-de-la-creacio-del-programa-per-a-la-promocio-i-desenvolupament-de-la-intelligencia-artificial-al-sistema-de-salut\/#primaryimage"},"image":{"@id":"https:\/\/ticsalutsocial.atoom.space\/en\/noticia\/resolucio-de-la-creacio-del-programa-per-a-la-promocio-i-desenvolupament-de-la-intelligencia-artificial-al-sistema-de-salut\/#primaryimage"},"thumbnailUrl":"https:\/\/ticsalutsocial.atoom.space\/wp-content\/uploads\/2023\/03\/Aprovacio-Programa-salutIA-scaled.jpg","datePublished":"2023-03-23T13:11:21+00:00","dateModified":"2023-04-04T09:15:51+00:00","description":"El Diari Oficial de la Generalitat de Catalunya ha publicat la resoluci\u00f3 per la qual es crea el Programa per a la promoci\u00f3 i desenvolupament de la intel\u00b7lig\u00e8ncia artificial al sistema de salut.","breadcrumb":{"@id":"https:\/\/ticsalutsocial.atoom.space\/en\/noticia\/resolucio-de-la-creacio-del-programa-per-a-la-promocio-i-desenvolupament-de-la-intelligencia-artificial-al-sistema-de-salut\/#breadcrumb"},"inLanguage":"en-US","potentialAction":[{"@type":"ReadAction","target":["https:\/\/ticsalutsocial.atoom.space\/en\/noticia\/resolucio-de-la-creacio-del-programa-per-a-la-promocio-i-desenvolupament-de-la-intelligencia-artificial-al-sistema-de-salut\/"]}]},{"@type":"ImageObject","inLanguage":"en-US","@id":"https:\/\/ticsalutsocial.atoom.space\/en\/noticia\/resolucio-de-la-creacio-del-programa-per-a-la-promocio-i-desenvolupament-de-la-intelligencia-artificial-al-sistema-de-salut\/#primaryimage","url":"https:\/\/ticsalutsocial.atoom.space\/wp-content\/uploads\/2023\/03\/Aprovacio-Programa-salutIA-scaled.jpg","contentUrl":"https:\/\/ticsalutsocial.atoom.space\/wp-content\/uploads\/2023\/03\/Aprovacio-Programa-salutIA-scaled.jpg","width":2560,"height":863,"caption":"Aprovacio\u0301 Programa salut\/IA"},{"@type":"BreadcrumbList","@id":"https:\/\/ticsalutsocial.atoom.space\/en\/noticia\/resolucio-de-la-creacio-del-programa-per-a-la-promocio-i-desenvolupament-de-la-intelligencia-artificial-al-sistema-de-salut\/#breadcrumb","itemListElement":[{"@type":"ListItem","position":1,"name":"Inici","item":"https:\/\/ticsalutsocial.atoom.space\/en\/"},{"@type":"ListItem","position":2,"name":"Resolution creating of the Programme for the Promotion and Development of Artificial Intelligence in the Health System"}]},{"@type":"WebSite","@id":"https:\/\/ticsalutsocial.atoom.space\/en\/#website","url":"https:\/\/ticsalutsocial.atoom.space\/en\/","name":"Fundaci\u00f3 TIC Salut i Social","description":"","potentialAction":[{"@type":"SearchAction","target":{"@type":"EntryPoint","urlTemplate":"https:\/\/ticsalutsocial.atoom.space\/en\/?s={search_term_string}"},"query-input":{"@type":"PropertyValueSpecification","valueRequired":true,"valueName":"search_term_string"}}],"inLanguage":"en-US"}]}},"_links":{"self":[{"href":"https:\/\/ticsalutsocial.atoom.space\/en\/wp-json\/wp\/v2\/noticia\/20428","targetHints":{"allow":["GET"]}}],"collection":[{"href":"https:\/\/ticsalutsocial.atoom.space\/en\/wp-json\/wp\/v2\/noticia"}],"about":[{"href":"https:\/\/ticsalutsocial.atoom.space\/en\/wp-json\/wp\/v2\/types\/noticia"}],"author":[{"embeddable":true,"href":"https:\/\/ticsalutsocial.atoom.space\/en\/wp-json\/wp\/v2\/users\/12"}],"wp:featuredmedia":[{"embeddable":true,"href":"https:\/\/ticsalutsocial.atoom.space\/en\/wp-json\/wp\/v2\/media\/19800"}],"wp:attachment":[{"href":"https:\/\/ticsalutsocial.atoom.space\/en\/wp-json\/wp\/v2\/media?parent=20428"}],"wp:term":[{"taxonomy":"etiqueta","embeddable":true,"href":"https:\/\/ticsalutsocial.atoom.space\/en\/wp-json\/wp\/v2\/etiqueta?post=20428"},{"taxonomy":"tipus","embeddable":true,"href":"https:\/\/ticsalutsocial.atoom.space\/en\/wp-json\/wp\/v2\/tipus?post=20428"},{"taxonomy":"topic","embeddable":true,"href":"https:\/\/ticsalutsocial.atoom.space\/en\/wp-json\/wp\/v2\/topic?post=20428"}],"curies":[{"name":"wp","href":"https:\/\/api.w.org\/{rel}","templated":true}]}}