
{"id":21228,"date":"2023-05-19T10:33:37","date_gmt":"2023-05-19T08:33:37","guid":{"rendered":"https:\/\/ticsalutsocial.atoom.space\/noticia\/subvencions-per-a-la-incorporacio-de-la-llengua-catalana-en-productes-tecnologics\/"},"modified":"2023-06-01T10:18:13","modified_gmt":"2023-06-01T08:18:13","slug":"subvencions-per-a-la-incorporacio-de-la-llengua-catalana-en-productes-tecnologics","status":"publish","type":"noticia","link":"https:\/\/ticsalutsocial.atoom.space\/en\/noticia\/subvencions-per-a-la-incorporacio-de-la-llengua-catalana-en-productes-tecnologics\/","title":{"rendered":"Subsidies to include the Catalan language in tech products"},"content":{"rendered":"\n<p>The Catalan Government Department of Culture has opened the period to submit <strong>applications for grants to include the Catalan language in tech products<\/strong>. The purpose of these grants is to promote the inclusion of Catalan in tech products to increase the offer in that language. The creation or translation of webpages, video games, video console interfaces and video game platforms are excluded.&nbsp;<\/p>\n\n\n\n<p>The call <strong>is aimed at businesses<\/strong>, both natural and legal persons, based in a member state of the European Union or associated with the European Economic Area, which are approved to distribute and market the project in Catalonia.&nbsp;<\/p>\n\n\n\n<p>The funded projects must be published by 30 June the year after the grant is awarded and the project\u2019s expenses must arise during the year the grant is given.&nbsp;<\/p>\n\n\n\n<p>Applications must be submitted between 16 May and 2pm on 1 June 2023.&nbsp;<\/p>\n\n\n\n<p><strong>More information and submission of applications: <\/strong><a href=\"https:\/\/cultura.gencat.cat\/ca\/tramits\/tramits-temes\/Subvencions-per-a-la-incorporacio-de-la-llengua-catalana-en-productes-tecnologics-CLT002?category=230652bb-0738-11e8-ac82-005056924a59&amp;moda=1\" target=\"_blank\" rel=\"noreferrer noopener\">Department of Culture<\/a>&nbsp;<\/p>\n","protected":false},"author":12,"featured_media":21158,"menu_order":0,"template":"","meta":{"_acf_changed":false,"inline_featured_image":false},"etiqueta":[],"tipus":[],"topic":[122],"class_list":["post-21228","noticia","type-noticia","status-publish","has-post-thumbnail","hentry","topic-hot-news"],"acf":{"finalitzat":false,"tipus_plantilla":"objectius","template_objectius":{"cont_principal":"","imatge":false,"cont_seguent":{"titol":"","contingut":""},"seccio_llistat":{"titol":"","llistat":false},"objectius":{"titol":"","objectius":false},"documents":false},"autor":"","imatge":21158,"textos_destacats":[{"texte":"Applications must be submitted between 16 May and 2pm on 1 June 2023."}],"documents":false},"yoast_head":"<!-- This site is optimized with the Yoast SEO plugin v27.1.1 - https:\/\/yoast.com\/product\/yoast-seo-wordpress\/ -->\n<title>Subsidies to include the Catalan language in tech products - Fundaci\u00f3 TIC Salut i Social<\/title>\n<meta name=\"description\" content=\"El Departament de Cultura de la Generalitat de Catalunya ha obert el per\u00edode de presentaci\u00f3 de sol\u00b7licituds de les subvencions per a la incorporaci\u00f3 de la llengua catalana en productes tecnol\u00f2gics.\" \/>\n<meta name=\"robots\" content=\"index, follow, max-snippet:-1, max-image-preview:large, max-video-preview:-1\" \/>\n<link rel=\"canonical\" href=\"https:\/\/ticsalutsocial.atoom.space\/en\/noticia\/subvencions-per-a-la-incorporacio-de-la-llengua-catalana-en-productes-tecnologics\/\" \/>\n<meta property=\"og:locale\" content=\"en_US\" \/>\n<meta property=\"og:type\" content=\"article\" \/>\n<meta property=\"og:title\" content=\"Subsidies to include the Catalan language in tech products - Fundaci\u00f3 TIC Salut i Social\" \/>\n<meta property=\"og:description\" content=\"El Departament de Cultura de la Generalitat de Catalunya ha obert el per\u00edode de presentaci\u00f3 de sol\u00b7licituds de les subvencions per a la incorporaci\u00f3 de la llengua catalana en productes tecnol\u00f2gics.\" \/>\n<meta property=\"og:url\" content=\"https:\/\/ticsalutsocial.atoom.space\/en\/noticia\/subvencions-per-a-la-incorporacio-de-la-llengua-catalana-en-productes-tecnologics\/\" \/>\n<meta property=\"og:site_name\" content=\"Fundaci\u00f3 TIC Salut i Social\" \/>\n<meta property=\"article:modified_time\" content=\"2023-06-01T08:18:13+00:00\" \/>\n<meta property=\"og:image\" content=\"https:\/\/ticsalutsocial.atoom.space\/wp-content\/uploads\/2023\/05\/subvencions-catala.jpg\" \/>\n\t<meta property=\"og:image:width\" content=\"2560\" \/>\n\t<meta property=\"og:image:height\" content=\"1920\" \/>\n\t<meta property=\"og:image:type\" content=\"image\/jpeg\" \/>\n<meta name=\"twitter:card\" content=\"summary_large_image\" \/>\n<meta name=\"twitter:label1\" content=\"Est. reading time\" \/>\n\t<meta name=\"twitter:data1\" content=\"1 minute\" \/>\n<script type=\"application\/ld+json\" class=\"yoast-schema-graph\">{\"@context\":\"https:\/\/schema.org\",\"@graph\":[{\"@type\":\"WebPage\",\"@id\":\"https:\/\/ticsalutsocial.atoom.space\/en\/noticia\/subvencions-per-a-la-incorporacio-de-la-llengua-catalana-en-productes-tecnologics\/\",\"url\":\"https:\/\/ticsalutsocial.atoom.space\/en\/noticia\/subvencions-per-a-la-incorporacio-de-la-llengua-catalana-en-productes-tecnologics\/\",\"name\":\"Subsidies to include the Catalan language in tech products - Fundaci\u00f3 TIC Salut i Social\",\"isPartOf\":{\"@id\":\"https:\/\/ticsalutsocial.atoom.space\/en\/#website\"},\"primaryImageOfPage\":{\"@id\":\"https:\/\/ticsalutsocial.atoom.space\/en\/noticia\/subvencions-per-a-la-incorporacio-de-la-llengua-catalana-en-productes-tecnologics\/#primaryimage\"},\"image\":{\"@id\":\"https:\/\/ticsalutsocial.atoom.space\/en\/noticia\/subvencions-per-a-la-incorporacio-de-la-llengua-catalana-en-productes-tecnologics\/#primaryimage\"},\"thumbnailUrl\":\"https:\/\/ticsalutsocial.atoom.space\/wp-content\/uploads\/2023\/05\/subvencions-catala.jpg\",\"datePublished\":\"2023-05-19T08:33:37+00:00\",\"dateModified\":\"2023-06-01T08:18:13+00:00\",\"description\":\"El Departament de Cultura de la Generalitat de Catalunya ha obert el per\u00edode de presentaci\u00f3 de sol\u00b7licituds de les subvencions per a la incorporaci\u00f3 de la llengua catalana en productes tecnol\u00f2gics.\",\"breadcrumb\":{\"@id\":\"https:\/\/ticsalutsocial.atoom.space\/en\/noticia\/subvencions-per-a-la-incorporacio-de-la-llengua-catalana-en-productes-tecnologics\/#breadcrumb\"},\"inLanguage\":\"en-US\",\"potentialAction\":[{\"@type\":\"ReadAction\",\"target\":[\"https:\/\/ticsalutsocial.atoom.space\/en\/noticia\/subvencions-per-a-la-incorporacio-de-la-llengua-catalana-en-productes-tecnologics\/\"]}]},{\"@type\":\"ImageObject\",\"inLanguage\":\"en-US\",\"@id\":\"https:\/\/ticsalutsocial.atoom.space\/en\/noticia\/subvencions-per-a-la-incorporacio-de-la-llengua-catalana-en-productes-tecnologics\/#primaryimage\",\"url\":\"https:\/\/ticsalutsocial.atoom.space\/wp-content\/uploads\/2023\/05\/subvencions-catala.jpg\",\"contentUrl\":\"https:\/\/ticsalutsocial.atoom.space\/wp-content\/uploads\/2023\/05\/subvencions-catala.jpg\",\"width\":2560,\"height\":1920,\"caption\":\"llengua catalana en productes tecnol\u00f2gics\"},{\"@type\":\"BreadcrumbList\",\"@id\":\"https:\/\/ticsalutsocial.atoom.space\/en\/noticia\/subvencions-per-a-la-incorporacio-de-la-llengua-catalana-en-productes-tecnologics\/#breadcrumb\",\"itemListElement\":[{\"@type\":\"ListItem\",\"position\":1,\"name\":\"Inici\",\"item\":\"https:\/\/ticsalutsocial.atoom.space\/en\/\"},{\"@type\":\"ListItem\",\"position\":2,\"name\":\"Subsidies to include the Catalan language in tech products\"}]},{\"@type\":\"WebSite\",\"@id\":\"https:\/\/ticsalutsocial.atoom.space\/en\/#website\",\"url\":\"https:\/\/ticsalutsocial.atoom.space\/en\/\",\"name\":\"Fundaci\u00f3 TIC Salut i Social\",\"description\":\"\",\"potentialAction\":[{\"@type\":\"SearchAction\",\"target\":{\"@type\":\"EntryPoint\",\"urlTemplate\":\"https:\/\/ticsalutsocial.atoom.space\/en\/?s={search_term_string}\"},\"query-input\":{\"@type\":\"PropertyValueSpecification\",\"valueRequired\":true,\"valueName\":\"search_term_string\"}}],\"inLanguage\":\"en-US\"}]}<\/script>\n<!-- \/ Yoast SEO plugin. -->","yoast_head_json":{"title":"Subsidies to include the Catalan language in tech products - Fundaci\u00f3 TIC Salut i Social","description":"El Departament de Cultura de la Generalitat de Catalunya ha obert el per\u00edode de presentaci\u00f3 de sol\u00b7licituds de les subvencions per a la incorporaci\u00f3 de la llengua catalana en productes tecnol\u00f2gics.","robots":{"index":"index","follow":"follow","max-snippet":"max-snippet:-1","max-image-preview":"max-image-preview:large","max-video-preview":"max-video-preview:-1"},"canonical":"https:\/\/ticsalutsocial.atoom.space\/en\/noticia\/subvencions-per-a-la-incorporacio-de-la-llengua-catalana-en-productes-tecnologics\/","og_locale":"en_US","og_type":"article","og_title":"Subsidies to include the Catalan language in tech products - Fundaci\u00f3 TIC Salut i Social","og_description":"El Departament de Cultura de la Generalitat de Catalunya ha obert el per\u00edode de presentaci\u00f3 de sol\u00b7licituds de les subvencions per a la incorporaci\u00f3 de la llengua catalana en productes tecnol\u00f2gics.","og_url":"https:\/\/ticsalutsocial.atoom.space\/en\/noticia\/subvencions-per-a-la-incorporacio-de-la-llengua-catalana-en-productes-tecnologics\/","og_site_name":"Fundaci\u00f3 TIC Salut i Social","article_modified_time":"2023-06-01T08:18:13+00:00","og_image":[{"width":2560,"height":1920,"url":"https:\/\/ticsalutsocial.atoom.space\/wp-content\/uploads\/2023\/05\/subvencions-catala.jpg","type":"image\/jpeg"}],"twitter_card":"summary_large_image","twitter_misc":{"Est. reading time":"1 minute"},"schema":{"@context":"https:\/\/schema.org","@graph":[{"@type":"WebPage","@id":"https:\/\/ticsalutsocial.atoom.space\/en\/noticia\/subvencions-per-a-la-incorporacio-de-la-llengua-catalana-en-productes-tecnologics\/","url":"https:\/\/ticsalutsocial.atoom.space\/en\/noticia\/subvencions-per-a-la-incorporacio-de-la-llengua-catalana-en-productes-tecnologics\/","name":"Subsidies to include the Catalan language in tech products - Fundaci\u00f3 TIC Salut i Social","isPartOf":{"@id":"https:\/\/ticsalutsocial.atoom.space\/en\/#website"},"primaryImageOfPage":{"@id":"https:\/\/ticsalutsocial.atoom.space\/en\/noticia\/subvencions-per-a-la-incorporacio-de-la-llengua-catalana-en-productes-tecnologics\/#primaryimage"},"image":{"@id":"https:\/\/ticsalutsocial.atoom.space\/en\/noticia\/subvencions-per-a-la-incorporacio-de-la-llengua-catalana-en-productes-tecnologics\/#primaryimage"},"thumbnailUrl":"https:\/\/ticsalutsocial.atoom.space\/wp-content\/uploads\/2023\/05\/subvencions-catala.jpg","datePublished":"2023-05-19T08:33:37+00:00","dateModified":"2023-06-01T08:18:13+00:00","description":"El Departament de Cultura de la Generalitat de Catalunya ha obert el per\u00edode de presentaci\u00f3 de sol\u00b7licituds de les subvencions per a la incorporaci\u00f3 de la llengua catalana en productes tecnol\u00f2gics.","breadcrumb":{"@id":"https:\/\/ticsalutsocial.atoom.space\/en\/noticia\/subvencions-per-a-la-incorporacio-de-la-llengua-catalana-en-productes-tecnologics\/#breadcrumb"},"inLanguage":"en-US","potentialAction":[{"@type":"ReadAction","target":["https:\/\/ticsalutsocial.atoom.space\/en\/noticia\/subvencions-per-a-la-incorporacio-de-la-llengua-catalana-en-productes-tecnologics\/"]}]},{"@type":"ImageObject","inLanguage":"en-US","@id":"https:\/\/ticsalutsocial.atoom.space\/en\/noticia\/subvencions-per-a-la-incorporacio-de-la-llengua-catalana-en-productes-tecnologics\/#primaryimage","url":"https:\/\/ticsalutsocial.atoom.space\/wp-content\/uploads\/2023\/05\/subvencions-catala.jpg","contentUrl":"https:\/\/ticsalutsocial.atoom.space\/wp-content\/uploads\/2023\/05\/subvencions-catala.jpg","width":2560,"height":1920,"caption":"llengua catalana en productes tecnol\u00f2gics"},{"@type":"BreadcrumbList","@id":"https:\/\/ticsalutsocial.atoom.space\/en\/noticia\/subvencions-per-a-la-incorporacio-de-la-llengua-catalana-en-productes-tecnologics\/#breadcrumb","itemListElement":[{"@type":"ListItem","position":1,"name":"Inici","item":"https:\/\/ticsalutsocial.atoom.space\/en\/"},{"@type":"ListItem","position":2,"name":"Subsidies to include the Catalan language in tech products"}]},{"@type":"WebSite","@id":"https:\/\/ticsalutsocial.atoom.space\/en\/#website","url":"https:\/\/ticsalutsocial.atoom.space\/en\/","name":"Fundaci\u00f3 TIC Salut i Social","description":"","potentialAction":[{"@type":"SearchAction","target":{"@type":"EntryPoint","urlTemplate":"https:\/\/ticsalutsocial.atoom.space\/en\/?s={search_term_string}"},"query-input":{"@type":"PropertyValueSpecification","valueRequired":true,"valueName":"search_term_string"}}],"inLanguage":"en-US"}]}},"_links":{"self":[{"href":"https:\/\/ticsalutsocial.atoom.space\/en\/wp-json\/wp\/v2\/noticia\/21228","targetHints":{"allow":["GET"]}}],"collection":[{"href":"https:\/\/ticsalutsocial.atoom.space\/en\/wp-json\/wp\/v2\/noticia"}],"about":[{"href":"https:\/\/ticsalutsocial.atoom.space\/en\/wp-json\/wp\/v2\/types\/noticia"}],"author":[{"embeddable":true,"href":"https:\/\/ticsalutsocial.atoom.space\/en\/wp-json\/wp\/v2\/users\/12"}],"wp:featuredmedia":[{"embeddable":true,"href":"https:\/\/ticsalutsocial.atoom.space\/en\/wp-json\/wp\/v2\/media\/21158"}],"wp:attachment":[{"href":"https:\/\/ticsalutsocial.atoom.space\/en\/wp-json\/wp\/v2\/media?parent=21228"}],"wp:term":[{"taxonomy":"etiqueta","embeddable":true,"href":"https:\/\/ticsalutsocial.atoom.space\/en\/wp-json\/wp\/v2\/etiqueta?post=21228"},{"taxonomy":"tipus","embeddable":true,"href":"https:\/\/ticsalutsocial.atoom.space\/en\/wp-json\/wp\/v2\/tipus?post=21228"},{"taxonomy":"topic","embeddable":true,"href":"https:\/\/ticsalutsocial.atoom.space\/en\/wp-json\/wp\/v2\/topic?post=21228"}],"curies":[{"name":"wp","href":"https:\/\/api.w.org\/{rel}","templated":true}]}}