
{"id":21625,"date":"2023-06-20T10:08:37","date_gmt":"2023-06-20T08:08:37","guid":{"rendered":"https:\/\/ticsalutsocial.atoom.space\/noticia\/el-programa-salut-ia-comenca-a-treballar-en-la-promocio-i-desenvolupament-de-la-intelligencia-artificial-al-sistema-de-salut\/"},"modified":"2023-07-03T13:31:08","modified_gmt":"2023-07-03T11:31:08","slug":"el-programa-salut-ia-comenca-a-treballar-en-la-promocio-i-desenvolupament-de-la-intelligencia-artificial-al-sistema-de-salut","status":"publish","type":"noticia","link":"https:\/\/ticsalutsocial.atoom.space\/en\/noticia\/el-programa-salut-ia-comenca-a-treballar-en-la-promocio-i-desenvolupament-de-la-intelligencia-artificial-al-sistema-de-salut\/","title":{"rendered":"The Health\/AI Programme starts work on the promotion and development of artificial intelligence in the health system"},"content":{"rendered":"\n<p>The Minister of Health, Manel Balcells i D\u00edaz, today chaired the first formation and work meeting of the <strong>Steering Committee of the Health\/AI Programme<\/strong>, made up of health care professionals from the health system, artificial intelligence (AI) experts, and senior officials from the Department of Health, the Catalan Health Service, the Strategic Management of the Departmental Committee for Innovation and Transformation of the Health System, the General Coordination of ICT in the Health System, the Health Quality and Assessment Agency and the TIC Salut Social Foundation.<\/p>\n\n\n\n<p>Mr Balcells stated that <strong>\u201cthe Health\/AI Programme is a strategic commitment to ensure the robustness, ethics, fairness and efficiency of AI solutions for health in Catalonia\u201d<\/strong>. These solutions <strong>\u201cmust be previously evaluated with the data we have so they comply with the guidelines of the AI law being developed by the European Union\u201d<\/strong>.<\/p>\n\n\n\n<p>The head of the Health Area also stressed that <strong>\u201cthis innovative programme, which is already underway today, is unprecedented at national level and allows us to have a structured model for how the application of artificial intelligence should be implemented in the health system<\/strong>\u201d, while also stating that \u201c<strong>well-applied AI can help us improve patient diagnosis and the efficiency and sustainability of the system\u201d<\/strong>.Lastly, he emphasised that \u201c<strong>this programme is one of the projects that will transform the system\u201d<\/strong>, alongside training professionals.<\/p>\n\n\n\n<p>The purpose of the programme is to create an enabling environment for innovation in the field of health through the development and implementation of AI solutions. As explained by the programme\u2019s director, Dr Jos\u00e9 Ibeas, <strong>\u201cthrough AI we are seeking to improve citizens\u2019 health and the sustainability of the health system, respecting personal rights and ensuring that the solutions we implement are evaluated, safe and reliable\u201d.<\/strong><\/p>\n\n\n\n<h2 class=\"wp-block-heading\"><strong>Lines of action for the Health\/AI Programme<\/strong><\/h2>\n\n\n\n<p>The programme has three different lines of action. On the one hand, with the support of the Recovery, Transformation and Resilience Plan (PRTR) funded by the European Union with NextGenerationEU funds, it will coordinate the launch of public procurement challenges for AI tools that meet needs not covered by the system. These tools must comply with certain standards set by the programme to ensure the fairness, scalability and quality of the solutions.<\/p>\n\n\n\n<p>On the other hand, through the <a href=\"https:\/\/iasalut.cat\/observatori-ia-en-salut\/\">Health AI Observatory<\/a>, launched at the end of 2022, the programme aims to find out and make widely known how AI is created in the field of health from conceptualisation to implementation, stressing the risks and opportunities presented. The Observatory is also the gateway to all the AI initiatives of organisations in Catalonia\u2019s comprehensive health system for public use (SISCAT).<\/p>\n\n\n\n<p>Finally, it will offer support to the initiatives identified by the Observatory, by producing reference guides for the implementation of AI with full guarantees for citizens and health professionals as a group, as well as a mentoring service. In addition, initiatives selected by the programme or arranged with the Steering Committee may also receive support in areas such as evaluation, implementation and access to funding, among others.<\/p>\n\n\n\n<h2 class=\"wp-block-heading\"><strong>AI experiences in health in Catalonia<\/strong><\/h2>\n\n\n\n<p>The Health AI Observatory has identified <strong>more than 100 AI solutions<\/strong> that are being developed or used in SISCAT and research centres in Catalonia and is continuing to actively collect information. Of the initiatives identified, 47% are carried out in a hospital setting, 24% in primary care and 8% in mental health, among others.<\/p>\n\n\n\n<p>The tools are used in 61% of cases in medical and surgical procedures and in 16% of cases in management procedures. By medical speciality, the most-reported AI solutions are in medical oncology, with 20% of cases; followed by general medicine, with 14%; and x-ray diagnosis and family and community medicine, with 12% respectively.<\/p>\n\n\n\n<p>At the event presenting the creation of the Health\/AI Programme\u2019s Steering Committee, one of the initiatives registered with the Observatory, which will be supported by the programme, was presented: <strong>the skin cancer diagnosis support platform<\/strong> <strong>at<\/strong> <strong>Hospital Cl\u00ednic<\/strong>. For more than 5 years, the dermatology team has been working with AI tools to support professionals in diagnosing melanomas and to democratise this technology for prevention and early screening of the disease among the general population. Specifically speaking, they have developed algorithms to classify skin tumours with high-precision digital photography in the laboratory. They are currently working on predictive AI prognosis models for cancer patients.<\/p>\n\n\n\n<p>Dr Josep Malvehy, the coordinator of the Skin Cancer and Innovation Unit at the clinic\u2019s Institute of Medicine and Dermatology, explained how over the years his team has found that <strong>\u201calgorithms can be useful in many tasks such as detecting suspicious lesions; however, unlike trained professionals, they can only work on what they have been properly trained for\u201d<\/strong>. As an example, he mentioned that <strong>\u201cdiagnostic algorithms do not know how to recognise less frequent lesions that may be malignant or benign. They also cannot say \u2018I don\u2019t know\u2019, so it is essential for professionals to learn to use AI tools appropriately and know both the limitations and the potential benefits they can provide\u201d.<\/strong><\/p>\n\n\n\n<p>The next steps for the clinic\u2019s team are the evaluation of AI tools in studies with real patients to be able to validate them before they are included as a diagnostic support tool for health professionals in Catalonia. Regarding this, Dr Malvehy said that <strong>\u201cthe Health\/AI Programme\u2019s support is essential to have quality data when training and validating the algorithms\u201d<\/strong>.<\/p>\n\n\n\n<h2 class=\"wp-block-heading\"><strong>Members of the Steering Committee:&nbsp;<\/strong><\/h2>\n\n\n\n<ul class=\"wp-block-list\">\n<li>Manel Balcells D\u00edaz, Catalan Minister of Health<\/li>\n\n\n\n<li>Merc\u00e9 Salvat Guinart, general secretary<\/li>\n\n\n\n<li>Ramon Canal Comaposada, director of the Catalan Health Service (CatSalut)<\/li>\n\n\n\n<li>Ramon Maspons Bosch, director of the Departmental Committee for Innovation and Transformation of the Health System<\/li>\n\n\n\n<li>Pol P\u00e9rez Sust, general coordinator of Health System ICT<\/li>\n\n\n\n<li>Sandra Garc\u00eda, director of AQuAS<\/li>\n\n\n\n<li>Joan Guanyabens, director of the Tic Salut Social Foundation<\/li>\n\n\n\n<li>Jos\u00e9 Antonio Ibeas, director of the Health\/AI Programme<\/li>\n\n\n\n<li>Susanna Auss\u00f3, secretary of the Health\/AI Programme<\/li>\n<\/ul>\n\n\n\n<h2 class=\"wp-block-heading\"><strong>People from the SISCAT environment<\/strong><\/h2>\n\n\n\n<ul class=\"wp-block-list\">\n<li>Bartomeu Ayala, UCH-Althaia<\/li>\n\n\n\n<li>Sandra Duran Bonillo, Empord\u00e0 Health Foundation<\/li>\n\n\n\n<li>Meritxell Davins, Catalan Health Institute (ICS)<\/li>\n\n\n\n<li>Montse Daban Mar\u00edn, BIOCAT<\/li>\n<\/ul>\n\n\n\n<h2 class=\"wp-block-heading\"><strong>Experts<\/strong><\/h2>\n\n\n\n<ul class=\"wp-block-list\">\n<li>Albert Sabater Coll OEIAC, UdG<\/li>\n\n\n\n<li>Karina Gibert Oliveras UPC, CIVICAI<\/li>\n\n\n\n<li>Mar\u00eda Jos\u00e9 Rementeria, BSComputing<\/li>\n<\/ul>\n","protected":false},"author":12,"featured_media":21462,"menu_order":0,"template":"","meta":{"_acf_changed":false,"inline_featured_image":false},"etiqueta":[],"tipus":[719],"topic":[122],"class_list":["post-21625","noticia","type-noticia","status-publish","has-post-thumbnail","hentry","tipus-artificial-intelligence","topic-hot-news"],"acf":{"finalitzat":false,"tipus_plantilla":"objectius","template_objectius":{"cont_principal":"","imatge":21462,"cont_seguent":{"titol":"","contingut":""},"seccio_llistat":{"titol":"","llistat":false},"objectius":{"titol":"","objectius":false},"documents":false},"autor":"","imatge":21462,"textos_destacats":[{"texte":"The first formation and work meeting of the Steering Committee of the Health\/AI Programme has been held. It is made up of senior representatives of the health sector in Catalonia, professionals in clinical practice and experts in artificial intelligence"}],"documents":false},"yoast_head":"<!-- This site is optimized with the Yoast SEO plugin v27.1.1 - https:\/\/yoast.com\/product\/yoast-seo-wordpress\/ -->\n<title>The Health\/AI Programme starts work on the promotion and development of artificial intelligence in the health system - Fundaci\u00f3 TIC Salut i Social<\/title>\n<meta name=\"description\" content=\"S\u2019ha celebrat la primera reuni\u00f3 de constituci\u00f3 i treball del Comit\u00e8 Directiu del Programa Salut\/IA, format per alts representants de l&#039;\u00e0mbit de la salut de Catalunya, professionals de la pr\u00e0ctica cl\u00ednica i persones expertes en intel\u00b7lig\u00e8ncia artificial\" \/>\n<meta name=\"robots\" content=\"index, follow, max-snippet:-1, max-image-preview:large, max-video-preview:-1\" \/>\n<link rel=\"canonical\" href=\"https:\/\/ticsalutsocial.atoom.space\/en\/noticia\/el-programa-salut-ia-comenca-a-treballar-en-la-promocio-i-desenvolupament-de-la-intelligencia-artificial-al-sistema-de-salut\/\" \/>\n<meta property=\"og:locale\" content=\"en_US\" \/>\n<meta property=\"og:type\" content=\"article\" \/>\n<meta property=\"og:title\" content=\"The Health\/AI Programme starts work on the promotion and development of artificial intelligence in the health system - Fundaci\u00f3 TIC Salut i Social\" \/>\n<meta property=\"og:description\" content=\"S\u2019ha celebrat la primera reuni\u00f3 de constituci\u00f3 i treball del Comit\u00e8 Directiu del Programa Salut\/IA, format per alts representants de l&#039;\u00e0mbit de la salut de Catalunya, professionals de la pr\u00e0ctica cl\u00ednica i persones expertes en intel\u00b7lig\u00e8ncia artificial\" \/>\n<meta property=\"og:url\" content=\"https:\/\/ticsalutsocial.atoom.space\/en\/noticia\/el-programa-salut-ia-comenca-a-treballar-en-la-promocio-i-desenvolupament-de-la-intelligencia-artificial-al-sistema-de-salut\/\" \/>\n<meta property=\"og:site_name\" content=\"Fundaci\u00f3 TIC Salut i Social\" \/>\n<meta property=\"article:modified_time\" content=\"2023-07-03T11:31:08+00:00\" \/>\n<meta property=\"og:image\" content=\"https:\/\/ticsalutsocial.atoom.space\/wp-content\/uploads\/2023\/06\/Reunio-Comite-Directiu-Programa-Salut-IA-.jpg\" \/>\n\t<meta property=\"og:image:width\" content=\"2560\" \/>\n\t<meta property=\"og:image:height\" content=\"1920\" \/>\n\t<meta property=\"og:image:type\" content=\"image\/jpeg\" \/>\n<meta name=\"twitter:card\" content=\"summary_large_image\" \/>\n<meta name=\"twitter:label1\" content=\"Est. reading time\" \/>\n\t<meta name=\"twitter:data1\" content=\"5 minutes\" \/>\n<script type=\"application\/ld+json\" class=\"yoast-schema-graph\">{\"@context\":\"https:\/\/schema.org\",\"@graph\":[{\"@type\":\"WebPage\",\"@id\":\"https:\/\/ticsalutsocial.atoom.space\/en\/noticia\/el-programa-salut-ia-comenca-a-treballar-en-la-promocio-i-desenvolupament-de-la-intelligencia-artificial-al-sistema-de-salut\/\",\"url\":\"https:\/\/ticsalutsocial.atoom.space\/en\/noticia\/el-programa-salut-ia-comenca-a-treballar-en-la-promocio-i-desenvolupament-de-la-intelligencia-artificial-al-sistema-de-salut\/\",\"name\":\"The Health\/AI Programme starts work on the promotion and development of artificial intelligence in the health system - Fundaci\u00f3 TIC Salut i Social\",\"isPartOf\":{\"@id\":\"https:\/\/ticsalutsocial.atoom.space\/en\/#website\"},\"primaryImageOfPage\":{\"@id\":\"https:\/\/ticsalutsocial.atoom.space\/en\/noticia\/el-programa-salut-ia-comenca-a-treballar-en-la-promocio-i-desenvolupament-de-la-intelligencia-artificial-al-sistema-de-salut\/#primaryimage\"},\"image\":{\"@id\":\"https:\/\/ticsalutsocial.atoom.space\/en\/noticia\/el-programa-salut-ia-comenca-a-treballar-en-la-promocio-i-desenvolupament-de-la-intelligencia-artificial-al-sistema-de-salut\/#primaryimage\"},\"thumbnailUrl\":\"https:\/\/ticsalutsocial.atoom.space\/wp-content\/uploads\/2023\/06\/Reunio-Comite-Directiu-Programa-Salut-IA-.jpg\",\"datePublished\":\"2023-06-20T08:08:37+00:00\",\"dateModified\":\"2023-07-03T11:31:08+00:00\",\"description\":\"S\u2019ha celebrat la primera reuni\u00f3 de constituci\u00f3 i treball del Comit\u00e8 Directiu del Programa Salut\/IA, format per alts representants de l'\u00e0mbit de la salut de Catalunya, professionals de la pr\u00e0ctica cl\u00ednica i persones expertes en intel\u00b7lig\u00e8ncia artificial\",\"breadcrumb\":{\"@id\":\"https:\/\/ticsalutsocial.atoom.space\/en\/noticia\/el-programa-salut-ia-comenca-a-treballar-en-la-promocio-i-desenvolupament-de-la-intelligencia-artificial-al-sistema-de-salut\/#breadcrumb\"},\"inLanguage\":\"en-US\",\"potentialAction\":[{\"@type\":\"ReadAction\",\"target\":[\"https:\/\/ticsalutsocial.atoom.space\/en\/noticia\/el-programa-salut-ia-comenca-a-treballar-en-la-promocio-i-desenvolupament-de-la-intelligencia-artificial-al-sistema-de-salut\/\"]}]},{\"@type\":\"ImageObject\",\"inLanguage\":\"en-US\",\"@id\":\"https:\/\/ticsalutsocial.atoom.space\/en\/noticia\/el-programa-salut-ia-comenca-a-treballar-en-la-promocio-i-desenvolupament-de-la-intelligencia-artificial-al-sistema-de-salut\/#primaryimage\",\"url\":\"https:\/\/ticsalutsocial.atoom.space\/wp-content\/uploads\/2023\/06\/Reunio-Comite-Directiu-Programa-Salut-IA-.jpg\",\"contentUrl\":\"https:\/\/ticsalutsocial.atoom.space\/wp-content\/uploads\/2023\/06\/Reunio-Comite-Directiu-Programa-Salut-IA-.jpg\",\"width\":2560,\"height\":1920,\"caption\":\"Reunio\u0301 Comite\u0300 Directiu Programa Salut IA\"},{\"@type\":\"BreadcrumbList\",\"@id\":\"https:\/\/ticsalutsocial.atoom.space\/en\/noticia\/el-programa-salut-ia-comenca-a-treballar-en-la-promocio-i-desenvolupament-de-la-intelligencia-artificial-al-sistema-de-salut\/#breadcrumb\",\"itemListElement\":[{\"@type\":\"ListItem\",\"position\":1,\"name\":\"Inici\",\"item\":\"https:\/\/ticsalutsocial.atoom.space\/en\/\"},{\"@type\":\"ListItem\",\"position\":2,\"name\":\"The Health\/AI Programme starts work on the promotion and development of artificial intelligence in the health system\"}]},{\"@type\":\"WebSite\",\"@id\":\"https:\/\/ticsalutsocial.atoom.space\/en\/#website\",\"url\":\"https:\/\/ticsalutsocial.atoom.space\/en\/\",\"name\":\"Fundaci\u00f3 TIC Salut i Social\",\"description\":\"\",\"potentialAction\":[{\"@type\":\"SearchAction\",\"target\":{\"@type\":\"EntryPoint\",\"urlTemplate\":\"https:\/\/ticsalutsocial.atoom.space\/en\/?s={search_term_string}\"},\"query-input\":{\"@type\":\"PropertyValueSpecification\",\"valueRequired\":true,\"valueName\":\"search_term_string\"}}],\"inLanguage\":\"en-US\"}]}<\/script>\n<!-- \/ Yoast SEO plugin. -->","yoast_head_json":{"title":"The Health\/AI Programme starts work on the promotion and development of artificial intelligence in the health system - Fundaci\u00f3 TIC Salut i Social","description":"S\u2019ha celebrat la primera reuni\u00f3 de constituci\u00f3 i treball del Comit\u00e8 Directiu del Programa Salut\/IA, format per alts representants de l'\u00e0mbit de la salut de Catalunya, professionals de la pr\u00e0ctica cl\u00ednica i persones expertes en intel\u00b7lig\u00e8ncia artificial","robots":{"index":"index","follow":"follow","max-snippet":"max-snippet:-1","max-image-preview":"max-image-preview:large","max-video-preview":"max-video-preview:-1"},"canonical":"https:\/\/ticsalutsocial.atoom.space\/en\/noticia\/el-programa-salut-ia-comenca-a-treballar-en-la-promocio-i-desenvolupament-de-la-intelligencia-artificial-al-sistema-de-salut\/","og_locale":"en_US","og_type":"article","og_title":"The Health\/AI Programme starts work on the promotion and development of artificial intelligence in the health system - Fundaci\u00f3 TIC Salut i Social","og_description":"S\u2019ha celebrat la primera reuni\u00f3 de constituci\u00f3 i treball del Comit\u00e8 Directiu del Programa Salut\/IA, format per alts representants de l'\u00e0mbit de la salut de Catalunya, professionals de la pr\u00e0ctica cl\u00ednica i persones expertes en intel\u00b7lig\u00e8ncia artificial","og_url":"https:\/\/ticsalutsocial.atoom.space\/en\/noticia\/el-programa-salut-ia-comenca-a-treballar-en-la-promocio-i-desenvolupament-de-la-intelligencia-artificial-al-sistema-de-salut\/","og_site_name":"Fundaci\u00f3 TIC Salut i Social","article_modified_time":"2023-07-03T11:31:08+00:00","og_image":[{"width":2560,"height":1920,"url":"https:\/\/ticsalutsocial.atoom.space\/wp-content\/uploads\/2023\/06\/Reunio-Comite-Directiu-Programa-Salut-IA-.jpg","type":"image\/jpeg"}],"twitter_card":"summary_large_image","twitter_misc":{"Est. reading time":"5 minutes"},"schema":{"@context":"https:\/\/schema.org","@graph":[{"@type":"WebPage","@id":"https:\/\/ticsalutsocial.atoom.space\/en\/noticia\/el-programa-salut-ia-comenca-a-treballar-en-la-promocio-i-desenvolupament-de-la-intelligencia-artificial-al-sistema-de-salut\/","url":"https:\/\/ticsalutsocial.atoom.space\/en\/noticia\/el-programa-salut-ia-comenca-a-treballar-en-la-promocio-i-desenvolupament-de-la-intelligencia-artificial-al-sistema-de-salut\/","name":"The Health\/AI Programme starts work on the promotion and development of artificial intelligence in the health system - Fundaci\u00f3 TIC Salut i Social","isPartOf":{"@id":"https:\/\/ticsalutsocial.atoom.space\/en\/#website"},"primaryImageOfPage":{"@id":"https:\/\/ticsalutsocial.atoom.space\/en\/noticia\/el-programa-salut-ia-comenca-a-treballar-en-la-promocio-i-desenvolupament-de-la-intelligencia-artificial-al-sistema-de-salut\/#primaryimage"},"image":{"@id":"https:\/\/ticsalutsocial.atoom.space\/en\/noticia\/el-programa-salut-ia-comenca-a-treballar-en-la-promocio-i-desenvolupament-de-la-intelligencia-artificial-al-sistema-de-salut\/#primaryimage"},"thumbnailUrl":"https:\/\/ticsalutsocial.atoom.space\/wp-content\/uploads\/2023\/06\/Reunio-Comite-Directiu-Programa-Salut-IA-.jpg","datePublished":"2023-06-20T08:08:37+00:00","dateModified":"2023-07-03T11:31:08+00:00","description":"S\u2019ha celebrat la primera reuni\u00f3 de constituci\u00f3 i treball del Comit\u00e8 Directiu del Programa Salut\/IA, format per alts representants de l'\u00e0mbit de la salut de Catalunya, professionals de la pr\u00e0ctica cl\u00ednica i persones expertes en intel\u00b7lig\u00e8ncia artificial","breadcrumb":{"@id":"https:\/\/ticsalutsocial.atoom.space\/en\/noticia\/el-programa-salut-ia-comenca-a-treballar-en-la-promocio-i-desenvolupament-de-la-intelligencia-artificial-al-sistema-de-salut\/#breadcrumb"},"inLanguage":"en-US","potentialAction":[{"@type":"ReadAction","target":["https:\/\/ticsalutsocial.atoom.space\/en\/noticia\/el-programa-salut-ia-comenca-a-treballar-en-la-promocio-i-desenvolupament-de-la-intelligencia-artificial-al-sistema-de-salut\/"]}]},{"@type":"ImageObject","inLanguage":"en-US","@id":"https:\/\/ticsalutsocial.atoom.space\/en\/noticia\/el-programa-salut-ia-comenca-a-treballar-en-la-promocio-i-desenvolupament-de-la-intelligencia-artificial-al-sistema-de-salut\/#primaryimage","url":"https:\/\/ticsalutsocial.atoom.space\/wp-content\/uploads\/2023\/06\/Reunio-Comite-Directiu-Programa-Salut-IA-.jpg","contentUrl":"https:\/\/ticsalutsocial.atoom.space\/wp-content\/uploads\/2023\/06\/Reunio-Comite-Directiu-Programa-Salut-IA-.jpg","width":2560,"height":1920,"caption":"Reunio\u0301 Comite\u0300 Directiu Programa Salut IA"},{"@type":"BreadcrumbList","@id":"https:\/\/ticsalutsocial.atoom.space\/en\/noticia\/el-programa-salut-ia-comenca-a-treballar-en-la-promocio-i-desenvolupament-de-la-intelligencia-artificial-al-sistema-de-salut\/#breadcrumb","itemListElement":[{"@type":"ListItem","position":1,"name":"Inici","item":"https:\/\/ticsalutsocial.atoom.space\/en\/"},{"@type":"ListItem","position":2,"name":"The Health\/AI Programme starts work on the promotion and development of artificial intelligence in the health system"}]},{"@type":"WebSite","@id":"https:\/\/ticsalutsocial.atoom.space\/en\/#website","url":"https:\/\/ticsalutsocial.atoom.space\/en\/","name":"Fundaci\u00f3 TIC Salut i Social","description":"","potentialAction":[{"@type":"SearchAction","target":{"@type":"EntryPoint","urlTemplate":"https:\/\/ticsalutsocial.atoom.space\/en\/?s={search_term_string}"},"query-input":{"@type":"PropertyValueSpecification","valueRequired":true,"valueName":"search_term_string"}}],"inLanguage":"en-US"}]}},"_links":{"self":[{"href":"https:\/\/ticsalutsocial.atoom.space\/en\/wp-json\/wp\/v2\/noticia\/21625","targetHints":{"allow":["GET"]}}],"collection":[{"href":"https:\/\/ticsalutsocial.atoom.space\/en\/wp-json\/wp\/v2\/noticia"}],"about":[{"href":"https:\/\/ticsalutsocial.atoom.space\/en\/wp-json\/wp\/v2\/types\/noticia"}],"author":[{"embeddable":true,"href":"https:\/\/ticsalutsocial.atoom.space\/en\/wp-json\/wp\/v2\/users\/12"}],"wp:featuredmedia":[{"embeddable":true,"href":"https:\/\/ticsalutsocial.atoom.space\/en\/wp-json\/wp\/v2\/media\/21462"}],"wp:attachment":[{"href":"https:\/\/ticsalutsocial.atoom.space\/en\/wp-json\/wp\/v2\/media?parent=21625"}],"wp:term":[{"taxonomy":"etiqueta","embeddable":true,"href":"https:\/\/ticsalutsocial.atoom.space\/en\/wp-json\/wp\/v2\/etiqueta?post=21625"},{"taxonomy":"tipus","embeddable":true,"href":"https:\/\/ticsalutsocial.atoom.space\/en\/wp-json\/wp\/v2\/tipus?post=21625"},{"taxonomy":"topic","embeddable":true,"href":"https:\/\/ticsalutsocial.atoom.space\/en\/wp-json\/wp\/v2\/topic?post=21625"}],"curies":[{"name":"wp","href":"https:\/\/api.w.org\/{rel}","templated":true}]}}