
{"id":21629,"date":"2023-06-23T09:50:33","date_gmt":"2023-06-23T07:50:33","guid":{"rendered":"https:\/\/ticsalutsocial.atoom.space\/noticia\/la-catedra-tic-salut-i-social-nomena-com-a-nou-director-a-francesc-lopez-segui\/"},"modified":"2023-07-03T13:36:49","modified_gmt":"2023-07-03T11:36:49","slug":"la-catedra-tic-salut-i-social-nomena-com-a-nou-director-a-francesc-lopez-segui","status":"publish","type":"noticia","link":"https:\/\/ticsalutsocial.atoom.space\/en\/noticia\/la-catedra-tic-salut-i-social-nomena-com-a-nou-director-a-francesc-lopez-segui\/","title":{"rendered":"The TIC Salut Social Chair appoints Francesc L\u00f3pez Segu\u00ed as its new director"},"content":{"rendered":"<p>The TIC Salut Social Chair at the University of VIC &#8211; Central University of Catalonia (UVic-UCC) this week appointed <a href=\"https:\/\/www.linkedin.com\/in\/francesclopezsegui\/\">Francesc L\u00f3pez Segu\u00ed<\/a> as its new director. The chair was created in December 2013 by a joint initiative between the TIC Salut Social Foundation and the UVic-UCC. Its vision is to provide teaching and training services and serve as a point of reference for research related to information and communication technologies, health and the social system.<\/p>\n<p>L\u00f3pez Segu\u00ed is an economist with a PhD <em>cum laude<\/em> in Biomedicine from Pompeu Fabra University. He was part of the foundation\u2019s team from 2015 to 2020. He currently coordinates the Health Economics Unit of the Care Strategy Directorate at the Catalan Health Institute, in the Territorial Management of the North Metropolitan Health Region.<\/p>\n<p>This new appointment gives fresh impetus to all training and research activities related to the digital transformation of the Health and Social Rights Systems in Catalonia. According to the new director, \u201cthe TIC Salut Social Chair will continue to collaborate with health and public health institutions in the local, national and international environments to promote projects and initiatives focused on improving care quality and service provision, and establish a new model for the relationship between the public and their health and social system through ICT\u201d.<\/p>\n<p>The chair is thus reaffirmed as an instrument to promote collaboration between health care service providers, universities and research centres, as well as companies linked to this ecosystem.<\/p>\n<p>&nbsp;<\/p>\n","protected":false},"author":3,"featured_media":21478,"menu_order":0,"template":"","meta":{"_acf_changed":false,"inline_featured_image":false},"etiqueta":[],"tipus":[],"topic":[122],"class_list":["post-21629","noticia","type-noticia","status-publish","has-post-thumbnail","hentry","topic-hot-news"],"acf":{"finalitzat":false,"tipus_plantilla":"objectius","template_objectius":{"cont_principal":"","imatge":false,"cont_seguent":{"titol":"","contingut":""},"seccio_llistat":{"titol":"","llistat":false},"objectius":{"titol":"","objectius":false},"documents":false},"autor":"","imatge":false,"textos_destacats":[{"texte":"The chair is reaffirmed as an instrument to promote collaboration between health care service providers, universities and research centres, as well as companies linked to this ecosystem"}],"documents":false},"yoast_head":"<!-- This site is optimized with the Yoast SEO plugin v27.1.1 - https:\/\/yoast.com\/product\/yoast-seo-wordpress\/ -->\n<title>The TIC Salut Social Chair appoints Francesc L\u00f3pez Segu\u00ed as its new director - Fundaci\u00f3 TIC Salut i Social<\/title>\n<meta name=\"robots\" content=\"index, follow, max-snippet:-1, max-image-preview:large, max-video-preview:-1\" \/>\n<link rel=\"canonical\" href=\"https:\/\/ticsalutsocial.atoom.space\/en\/noticia\/la-catedra-tic-salut-i-social-nomena-com-a-nou-director-a-francesc-lopez-segui\/\" \/>\n<meta property=\"og:locale\" content=\"en_US\" \/>\n<meta property=\"og:type\" content=\"article\" \/>\n<meta property=\"og:title\" content=\"The TIC Salut Social Chair appoints Francesc L\u00f3pez Segu\u00ed as its new director - Fundaci\u00f3 TIC Salut i Social\" \/>\n<meta property=\"og:description\" content=\"The TIC Salut Social Chair at the University of VIC &#8211; Central University of Catalonia (UVic-UCC) this week appointed Francesc L\u00f3pez Segu\u00ed as its new director. The chair was created in December 2013 by a joint initiative between the TIC Salut Social Foundation and the UVic-UCC. Its vision is to provide teaching and training services [&hellip;]\" \/>\n<meta property=\"og:url\" content=\"https:\/\/ticsalutsocial.atoom.space\/en\/noticia\/la-catedra-tic-salut-i-social-nomena-com-a-nou-director-a-francesc-lopez-segui\/\" \/>\n<meta property=\"og:site_name\" content=\"Fundaci\u00f3 TIC Salut i Social\" \/>\n<meta property=\"article:modified_time\" content=\"2023-07-03T11:36:49+00:00\" \/>\n<meta property=\"og:image\" content=\"https:\/\/ticsalutsocial.atoom.space\/wp-content\/uploads\/2023\/06\/WhatsApp-Image-2022-04-26-at-17.42.20.jpeg\" \/>\n\t<meta property=\"og:image:width\" content=\"1600\" \/>\n\t<meta property=\"og:image:height\" content=\"1066\" \/>\n\t<meta property=\"og:image:type\" content=\"image\/jpeg\" \/>\n<meta name=\"twitter:card\" content=\"summary_large_image\" \/>\n<meta name=\"twitter:label1\" content=\"Est. reading time\" \/>\n\t<meta name=\"twitter:data1\" content=\"1 minute\" \/>\n<script type=\"application\/ld+json\" class=\"yoast-schema-graph\">{\"@context\":\"https:\/\/schema.org\",\"@graph\":[{\"@type\":\"WebPage\",\"@id\":\"https:\/\/ticsalutsocial.atoom.space\/en\/noticia\/la-catedra-tic-salut-i-social-nomena-com-a-nou-director-a-francesc-lopez-segui\/\",\"url\":\"https:\/\/ticsalutsocial.atoom.space\/en\/noticia\/la-catedra-tic-salut-i-social-nomena-com-a-nou-director-a-francesc-lopez-segui\/\",\"name\":\"The TIC Salut Social Chair appoints Francesc L\u00f3pez Segu\u00ed as its new director - Fundaci\u00f3 TIC Salut i Social\",\"isPartOf\":{\"@id\":\"https:\/\/ticsalutsocial.atoom.space\/en\/#website\"},\"primaryImageOfPage\":{\"@id\":\"https:\/\/ticsalutsocial.atoom.space\/en\/noticia\/la-catedra-tic-salut-i-social-nomena-com-a-nou-director-a-francesc-lopez-segui\/#primaryimage\"},\"image\":{\"@id\":\"https:\/\/ticsalutsocial.atoom.space\/en\/noticia\/la-catedra-tic-salut-i-social-nomena-com-a-nou-director-a-francesc-lopez-segui\/#primaryimage\"},\"thumbnailUrl\":\"https:\/\/ticsalutsocial.atoom.space\/wp-content\/uploads\/2023\/06\/WhatsApp-Image-2022-04-26-at-17.42.20.jpeg\",\"datePublished\":\"2023-06-23T07:50:33+00:00\",\"dateModified\":\"2023-07-03T11:36:49+00:00\",\"breadcrumb\":{\"@id\":\"https:\/\/ticsalutsocial.atoom.space\/en\/noticia\/la-catedra-tic-salut-i-social-nomena-com-a-nou-director-a-francesc-lopez-segui\/#breadcrumb\"},\"inLanguage\":\"en-US\",\"potentialAction\":[{\"@type\":\"ReadAction\",\"target\":[\"https:\/\/ticsalutsocial.atoom.space\/en\/noticia\/la-catedra-tic-salut-i-social-nomena-com-a-nou-director-a-francesc-lopez-segui\/\"]}]},{\"@type\":\"ImageObject\",\"inLanguage\":\"en-US\",\"@id\":\"https:\/\/ticsalutsocial.atoom.space\/en\/noticia\/la-catedra-tic-salut-i-social-nomena-com-a-nou-director-a-francesc-lopez-segui\/#primaryimage\",\"url\":\"https:\/\/ticsalutsocial.atoom.space\/wp-content\/uploads\/2023\/06\/WhatsApp-Image-2022-04-26-at-17.42.20.jpeg\",\"contentUrl\":\"https:\/\/ticsalutsocial.atoom.space\/wp-content\/uploads\/2023\/06\/WhatsApp-Image-2022-04-26-at-17.42.20.jpeg\",\"width\":1600,\"height\":1066},{\"@type\":\"BreadcrumbList\",\"@id\":\"https:\/\/ticsalutsocial.atoom.space\/en\/noticia\/la-catedra-tic-salut-i-social-nomena-com-a-nou-director-a-francesc-lopez-segui\/#breadcrumb\",\"itemListElement\":[{\"@type\":\"ListItem\",\"position\":1,\"name\":\"Inici\",\"item\":\"https:\/\/ticsalutsocial.atoom.space\/en\/\"},{\"@type\":\"ListItem\",\"position\":2,\"name\":\"The TIC Salut Social Chair appoints Francesc L\u00f3pez Segu\u00ed as its new director\"}]},{\"@type\":\"WebSite\",\"@id\":\"https:\/\/ticsalutsocial.atoom.space\/en\/#website\",\"url\":\"https:\/\/ticsalutsocial.atoom.space\/en\/\",\"name\":\"Fundaci\u00f3 TIC Salut i Social\",\"description\":\"\",\"potentialAction\":[{\"@type\":\"SearchAction\",\"target\":{\"@type\":\"EntryPoint\",\"urlTemplate\":\"https:\/\/ticsalutsocial.atoom.space\/en\/?s={search_term_string}\"},\"query-input\":{\"@type\":\"PropertyValueSpecification\",\"valueRequired\":true,\"valueName\":\"search_term_string\"}}],\"inLanguage\":\"en-US\"}]}<\/script>\n<!-- \/ Yoast SEO plugin. -->","yoast_head_json":{"title":"The TIC Salut Social Chair appoints Francesc L\u00f3pez Segu\u00ed as its new director - Fundaci\u00f3 TIC Salut i Social","robots":{"index":"index","follow":"follow","max-snippet":"max-snippet:-1","max-image-preview":"max-image-preview:large","max-video-preview":"max-video-preview:-1"},"canonical":"https:\/\/ticsalutsocial.atoom.space\/en\/noticia\/la-catedra-tic-salut-i-social-nomena-com-a-nou-director-a-francesc-lopez-segui\/","og_locale":"en_US","og_type":"article","og_title":"The TIC Salut Social Chair appoints Francesc L\u00f3pez Segu\u00ed as its new director - Fundaci\u00f3 TIC Salut i Social","og_description":"The TIC Salut Social Chair at the University of VIC &#8211; Central University of Catalonia (UVic-UCC) this week appointed Francesc L\u00f3pez Segu\u00ed as its new director. The chair was created in December 2013 by a joint initiative between the TIC Salut Social Foundation and the UVic-UCC. Its vision is to provide teaching and training services [&hellip;]","og_url":"https:\/\/ticsalutsocial.atoom.space\/en\/noticia\/la-catedra-tic-salut-i-social-nomena-com-a-nou-director-a-francesc-lopez-segui\/","og_site_name":"Fundaci\u00f3 TIC Salut i Social","article_modified_time":"2023-07-03T11:36:49+00:00","og_image":[{"width":1600,"height":1066,"url":"https:\/\/ticsalutsocial.atoom.space\/wp-content\/uploads\/2023\/06\/WhatsApp-Image-2022-04-26-at-17.42.20.jpeg","type":"image\/jpeg"}],"twitter_card":"summary_large_image","twitter_misc":{"Est. reading time":"1 minute"},"schema":{"@context":"https:\/\/schema.org","@graph":[{"@type":"WebPage","@id":"https:\/\/ticsalutsocial.atoom.space\/en\/noticia\/la-catedra-tic-salut-i-social-nomena-com-a-nou-director-a-francesc-lopez-segui\/","url":"https:\/\/ticsalutsocial.atoom.space\/en\/noticia\/la-catedra-tic-salut-i-social-nomena-com-a-nou-director-a-francesc-lopez-segui\/","name":"The TIC Salut Social Chair appoints Francesc L\u00f3pez Segu\u00ed as its new director - Fundaci\u00f3 TIC Salut i Social","isPartOf":{"@id":"https:\/\/ticsalutsocial.atoom.space\/en\/#website"},"primaryImageOfPage":{"@id":"https:\/\/ticsalutsocial.atoom.space\/en\/noticia\/la-catedra-tic-salut-i-social-nomena-com-a-nou-director-a-francesc-lopez-segui\/#primaryimage"},"image":{"@id":"https:\/\/ticsalutsocial.atoom.space\/en\/noticia\/la-catedra-tic-salut-i-social-nomena-com-a-nou-director-a-francesc-lopez-segui\/#primaryimage"},"thumbnailUrl":"https:\/\/ticsalutsocial.atoom.space\/wp-content\/uploads\/2023\/06\/WhatsApp-Image-2022-04-26-at-17.42.20.jpeg","datePublished":"2023-06-23T07:50:33+00:00","dateModified":"2023-07-03T11:36:49+00:00","breadcrumb":{"@id":"https:\/\/ticsalutsocial.atoom.space\/en\/noticia\/la-catedra-tic-salut-i-social-nomena-com-a-nou-director-a-francesc-lopez-segui\/#breadcrumb"},"inLanguage":"en-US","potentialAction":[{"@type":"ReadAction","target":["https:\/\/ticsalutsocial.atoom.space\/en\/noticia\/la-catedra-tic-salut-i-social-nomena-com-a-nou-director-a-francesc-lopez-segui\/"]}]},{"@type":"ImageObject","inLanguage":"en-US","@id":"https:\/\/ticsalutsocial.atoom.space\/en\/noticia\/la-catedra-tic-salut-i-social-nomena-com-a-nou-director-a-francesc-lopez-segui\/#primaryimage","url":"https:\/\/ticsalutsocial.atoom.space\/wp-content\/uploads\/2023\/06\/WhatsApp-Image-2022-04-26-at-17.42.20.jpeg","contentUrl":"https:\/\/ticsalutsocial.atoom.space\/wp-content\/uploads\/2023\/06\/WhatsApp-Image-2022-04-26-at-17.42.20.jpeg","width":1600,"height":1066},{"@type":"BreadcrumbList","@id":"https:\/\/ticsalutsocial.atoom.space\/en\/noticia\/la-catedra-tic-salut-i-social-nomena-com-a-nou-director-a-francesc-lopez-segui\/#breadcrumb","itemListElement":[{"@type":"ListItem","position":1,"name":"Inici","item":"https:\/\/ticsalutsocial.atoom.space\/en\/"},{"@type":"ListItem","position":2,"name":"The TIC Salut Social Chair appoints Francesc L\u00f3pez Segu\u00ed as its new director"}]},{"@type":"WebSite","@id":"https:\/\/ticsalutsocial.atoom.space\/en\/#website","url":"https:\/\/ticsalutsocial.atoom.space\/en\/","name":"Fundaci\u00f3 TIC Salut i Social","description":"","potentialAction":[{"@type":"SearchAction","target":{"@type":"EntryPoint","urlTemplate":"https:\/\/ticsalutsocial.atoom.space\/en\/?s={search_term_string}"},"query-input":{"@type":"PropertyValueSpecification","valueRequired":true,"valueName":"search_term_string"}}],"inLanguage":"en-US"}]}},"_links":{"self":[{"href":"https:\/\/ticsalutsocial.atoom.space\/en\/wp-json\/wp\/v2\/noticia\/21629","targetHints":{"allow":["GET"]}}],"collection":[{"href":"https:\/\/ticsalutsocial.atoom.space\/en\/wp-json\/wp\/v2\/noticia"}],"about":[{"href":"https:\/\/ticsalutsocial.atoom.space\/en\/wp-json\/wp\/v2\/types\/noticia"}],"author":[{"embeddable":true,"href":"https:\/\/ticsalutsocial.atoom.space\/en\/wp-json\/wp\/v2\/users\/3"}],"wp:featuredmedia":[{"embeddable":true,"href":"https:\/\/ticsalutsocial.atoom.space\/en\/wp-json\/wp\/v2\/media\/21478"}],"wp:attachment":[{"href":"https:\/\/ticsalutsocial.atoom.space\/en\/wp-json\/wp\/v2\/media?parent=21629"}],"wp:term":[{"taxonomy":"etiqueta","embeddable":true,"href":"https:\/\/ticsalutsocial.atoom.space\/en\/wp-json\/wp\/v2\/etiqueta?post=21629"},{"taxonomy":"tipus","embeddable":true,"href":"https:\/\/ticsalutsocial.atoom.space\/en\/wp-json\/wp\/v2\/tipus?post=21629"},{"taxonomy":"topic","embeddable":true,"href":"https:\/\/ticsalutsocial.atoom.space\/en\/wp-json\/wp\/v2\/topic?post=21629"}],"curies":[{"name":"wp","href":"https:\/\/api.w.org\/{rel}","templated":true}]}}