
{"id":22302,"date":"2023-10-23T09:00:43","date_gmt":"2023-10-23T07:00:43","guid":{"rendered":"https:\/\/ticsalutsocial.atoom.space\/?post_type=noticia&#038;p=22302"},"modified":"2023-10-18T15:09:20","modified_gmt":"2023-10-18T13:09:20","slug":"the-tic-salut-social-foundation-signs-a-collaboration-agreement-with-charite-university-hospital-in-berlin","status":"publish","type":"noticia","link":"https:\/\/ticsalutsocial.atoom.space\/en\/noticia\/the-tic-salut-social-foundation-signs-a-collaboration-agreement-with-charite-university-hospital-in-berlin\/","title":{"rendered":"The TIC Salut Social Foundation signs a collaboration agreement with Charit\u00e9 University Hospital in Berlin"},"content":{"rendered":"<p><a href=\"https:\/\/www.charite.de\/en\/\">Charit\u00e9 Universit\u00e4tsmedizin Berlin<\/a> and the TIC Salut Social Foundation have signed a collaboration agreement to <strong>carry out a study to assess the digital skills of professionals<\/strong> at this university hospital in the German capital. The questionnaire developed as part of the <a href=\"https:\/\/ticsalutsocial.atoom.space\/project\/compdig_salut\/\">COMPDIG-Health project<\/a> and which was used in <a href=\"https:\/\/www.jmir.org\/2022\/11\/e38347\">the study published in the <em>Journal of Medical Internet Research<\/em> (JMIR)<\/a> will also be used to carry out this study.<\/p>\n<p>The TIC Salut Social Foundation will provide the questionnaire and support the German hospital in using this tool. Charit\u00e9 Univerit\u00e4tsmedizin has undertaken to complete this study within the next 12 months.<\/p>\n<h2><strong>COMPDIG-Health and Catalonia in Europe<\/strong><\/h2>\n<p>This milestone is a step forward in positioning the Catalan Health System internationally. The fact that institutions such as Charit\u00e9 in Berlin, one of the largest university hospitals in Europe, are interested in the work done in Catalonia is a new opportunity to publicise the Catalan Administration\u2019s efforts. In addition to the study defined in the collaboration agreement, the publication of scientific papers to present the results is one of several communication and dissemination activities planned.<\/p>\n<p>Charit\u00e9 Univerit\u00e4tsmedizin has a great international reputation for its track record in research, health care and teaching. It is made up of the union of two faculties of medicine from <a href=\"https:\/\/www.fu-berlin.de\/en\/index.html\">Freie Universit\u00e4t<\/a> and <a href=\"https:\/\/www.hu-berlin.de\/en\">Humboldt Universit\u00e4t<\/a>.<\/p>\n<p><a href=\"https:\/\/www.charite.de\/en\/\" target=\"_blank\" rel=\"noopener\">Charit\u00e9 Universit\u00e4tsmedizin Berlin<\/a> i la Fundaci\u00f3 TIC Salut Social signen un conveni de col\u00b7laboraci\u00f3 amb l&#8217;objectiu <strong>realitzar un estudi per avaluar les compet\u00e8ncies digitals dels professionals<\/strong> de l\u2019hospital universitari de la capital alemanya. Per dur a terme aquest estudi s\u2019utilitzar\u00e0 el q\u00fcestionari desenvolupat en el marc del <a href=\"https:\/\/ticsalutsocial.atoom.space\/project\/compdig_salut\/\" target=\"_blank\" rel=\"noopener\">projecte COMPDIG-Salut<\/a> i que es va\u00a0utilitzar en <a href=\"https:\/\/www.jmir.org\/2022\/11\/e38347\" target=\"_blank\" rel=\"noopener\">l\u2019estudi publicat al <em>Journal of Medical Internet Reasearch<\/em> (JMIR).\u00a0<\/a><\/p>\n","protected":false},"author":3,"featured_media":22212,"menu_order":0,"template":"","meta":{"_acf_changed":false,"inline_featured_image":false},"etiqueta":[],"tipus":[656],"topic":[122,128],"class_list":["post-22302","noticia","type-noticia","status-publish","has-post-thumbnail","hentry","tipus-projects","topic-hot-news","topic-projects"],"acf":{"finalitzat":false,"tipus_plantilla":"objectius","template_objectius":{"cont_principal":"","imatge":false,"cont_seguent":{"titol":"","contingut":""},"seccio_llistat":{"titol":"","llistat":false},"objectius":{"titol":"","objectius":false},"documents":false},"autor":"","imatge":false,"textos_destacats":[{"texte":"The purpose of the agreement is to determine the German organization's level of digital skills"}],"documents":false},"yoast_head":"<!-- This site is optimized with the Yoast SEO plugin v27.1.1 - https:\/\/yoast.com\/product\/yoast-seo-wordpress\/ -->\n<title>The TIC Salut Social Foundation signs a collaboration agreement with Charit\u00e9 University Hospital in Berlin - Fundaci\u00f3 TIC Salut i Social<\/title>\n<meta name=\"robots\" content=\"index, follow, max-snippet:-1, max-image-preview:large, max-video-preview:-1\" \/>\n<link rel=\"canonical\" href=\"https:\/\/ticsalutsocial.atoom.space\/en\/noticia\/the-tic-salut-social-foundation-signs-a-collaboration-agreement-with-charite-university-hospital-in-berlin\/\" \/>\n<meta property=\"og:locale\" content=\"en_US\" \/>\n<meta property=\"og:type\" content=\"article\" \/>\n<meta property=\"og:title\" content=\"The TIC Salut Social Foundation signs a collaboration agreement with Charit\u00e9 University Hospital in Berlin - Fundaci\u00f3 TIC Salut i Social\" \/>\n<meta property=\"og:description\" content=\"Charit\u00e9 Universit\u00e4tsmedizin Berlin and the TIC Salut Social Foundation have signed a collaboration agreement to carry out a study to assess the digital skills of professionals at this university hospital in the German capital. The questionnaire developed as part of the COMPDIG-Health project and which was used in the study published in the Journal of [&hellip;]\" \/>\n<meta property=\"og:url\" content=\"https:\/\/ticsalutsocial.atoom.space\/en\/noticia\/the-tic-salut-social-foundation-signs-a-collaboration-agreement-with-charite-university-hospital-in-berlin\/\" \/>\n<meta property=\"og:site_name\" content=\"Fundaci\u00f3 TIC Salut i Social\" \/>\n<meta property=\"og:image\" content=\"https:\/\/ticsalutsocial.atoom.space\/wp-content\/uploads\/2023\/09\/pexels-fauxels-3184465-scaled.jpg\" \/>\n\t<meta property=\"og:image:width\" content=\"2560\" \/>\n\t<meta property=\"og:image:height\" content=\"1707\" \/>\n\t<meta property=\"og:image:type\" content=\"image\/jpeg\" \/>\n<meta name=\"twitter:card\" content=\"summary_large_image\" \/>\n<meta name=\"twitter:label1\" content=\"Est. reading time\" \/>\n\t<meta name=\"twitter:data1\" content=\"2 minutes\" \/>\n<script type=\"application\/ld+json\" class=\"yoast-schema-graph\">{\"@context\":\"https:\/\/schema.org\",\"@graph\":[{\"@type\":\"WebPage\",\"@id\":\"https:\/\/ticsalutsocial.atoom.space\/en\/noticia\/the-tic-salut-social-foundation-signs-a-collaboration-agreement-with-charite-university-hospital-in-berlin\/\",\"url\":\"https:\/\/ticsalutsocial.atoom.space\/en\/noticia\/the-tic-salut-social-foundation-signs-a-collaboration-agreement-with-charite-university-hospital-in-berlin\/\",\"name\":\"The TIC Salut Social Foundation signs a collaboration agreement with Charit\u00e9 University Hospital in Berlin - Fundaci\u00f3 TIC Salut i Social\",\"isPartOf\":{\"@id\":\"https:\/\/ticsalutsocial.atoom.space\/en\/#website\"},\"primaryImageOfPage\":{\"@id\":\"https:\/\/ticsalutsocial.atoom.space\/en\/noticia\/the-tic-salut-social-foundation-signs-a-collaboration-agreement-with-charite-university-hospital-in-berlin\/#primaryimage\"},\"image\":{\"@id\":\"https:\/\/ticsalutsocial.atoom.space\/en\/noticia\/the-tic-salut-social-foundation-signs-a-collaboration-agreement-with-charite-university-hospital-in-berlin\/#primaryimage\"},\"thumbnailUrl\":\"https:\/\/ticsalutsocial.atoom.space\/wp-content\/uploads\/2023\/09\/pexels-fauxels-3184465-scaled.jpg\",\"datePublished\":\"2023-10-23T07:00:43+00:00\",\"breadcrumb\":{\"@id\":\"https:\/\/ticsalutsocial.atoom.space\/en\/noticia\/the-tic-salut-social-foundation-signs-a-collaboration-agreement-with-charite-university-hospital-in-berlin\/#breadcrumb\"},\"inLanguage\":\"en-US\",\"potentialAction\":[{\"@type\":\"ReadAction\",\"target\":[\"https:\/\/ticsalutsocial.atoom.space\/en\/noticia\/the-tic-salut-social-foundation-signs-a-collaboration-agreement-with-charite-university-hospital-in-berlin\/\"]}]},{\"@type\":\"ImageObject\",\"inLanguage\":\"en-US\",\"@id\":\"https:\/\/ticsalutsocial.atoom.space\/en\/noticia\/the-tic-salut-social-foundation-signs-a-collaboration-agreement-with-charite-university-hospital-in-berlin\/#primaryimage\",\"url\":\"https:\/\/ticsalutsocial.atoom.space\/wp-content\/uploads\/2023\/09\/pexels-fauxels-3184465-scaled.jpg\",\"contentUrl\":\"https:\/\/ticsalutsocial.atoom.space\/wp-content\/uploads\/2023\/09\/pexels-fauxels-3184465-scaled.jpg\",\"width\":2560,\"height\":1707},{\"@type\":\"BreadcrumbList\",\"@id\":\"https:\/\/ticsalutsocial.atoom.space\/en\/noticia\/the-tic-salut-social-foundation-signs-a-collaboration-agreement-with-charite-university-hospital-in-berlin\/#breadcrumb\",\"itemListElement\":[{\"@type\":\"ListItem\",\"position\":1,\"name\":\"Inici\",\"item\":\"https:\/\/ticsalutsocial.atoom.space\/en\/\"},{\"@type\":\"ListItem\",\"position\":2,\"name\":\"The TIC Salut Social Foundation signs a collaboration agreement with Charit\u00e9 University Hospital in Berlin\"}]},{\"@type\":\"WebSite\",\"@id\":\"https:\/\/ticsalutsocial.atoom.space\/en\/#website\",\"url\":\"https:\/\/ticsalutsocial.atoom.space\/en\/\",\"name\":\"Fundaci\u00f3 TIC Salut i Social\",\"description\":\"\",\"potentialAction\":[{\"@type\":\"SearchAction\",\"target\":{\"@type\":\"EntryPoint\",\"urlTemplate\":\"https:\/\/ticsalutsocial.atoom.space\/en\/?s={search_term_string}\"},\"query-input\":{\"@type\":\"PropertyValueSpecification\",\"valueRequired\":true,\"valueName\":\"search_term_string\"}}],\"inLanguage\":\"en-US\"}]}<\/script>\n<!-- \/ Yoast SEO plugin. -->","yoast_head_json":{"title":"The TIC Salut Social Foundation signs a collaboration agreement with Charit\u00e9 University Hospital in Berlin - Fundaci\u00f3 TIC Salut i Social","robots":{"index":"index","follow":"follow","max-snippet":"max-snippet:-1","max-image-preview":"max-image-preview:large","max-video-preview":"max-video-preview:-1"},"canonical":"https:\/\/ticsalutsocial.atoom.space\/en\/noticia\/the-tic-salut-social-foundation-signs-a-collaboration-agreement-with-charite-university-hospital-in-berlin\/","og_locale":"en_US","og_type":"article","og_title":"The TIC Salut Social Foundation signs a collaboration agreement with Charit\u00e9 University Hospital in Berlin - Fundaci\u00f3 TIC Salut i Social","og_description":"Charit\u00e9 Universit\u00e4tsmedizin Berlin and the TIC Salut Social Foundation have signed a collaboration agreement to carry out a study to assess the digital skills of professionals at this university hospital in the German capital. The questionnaire developed as part of the COMPDIG-Health project and which was used in the study published in the Journal of [&hellip;]","og_url":"https:\/\/ticsalutsocial.atoom.space\/en\/noticia\/the-tic-salut-social-foundation-signs-a-collaboration-agreement-with-charite-university-hospital-in-berlin\/","og_site_name":"Fundaci\u00f3 TIC Salut i Social","og_image":[{"width":2560,"height":1707,"url":"https:\/\/ticsalutsocial.atoom.space\/wp-content\/uploads\/2023\/09\/pexels-fauxels-3184465-scaled.jpg","type":"image\/jpeg"}],"twitter_card":"summary_large_image","twitter_misc":{"Est. reading time":"2 minutes"},"schema":{"@context":"https:\/\/schema.org","@graph":[{"@type":"WebPage","@id":"https:\/\/ticsalutsocial.atoom.space\/en\/noticia\/the-tic-salut-social-foundation-signs-a-collaboration-agreement-with-charite-university-hospital-in-berlin\/","url":"https:\/\/ticsalutsocial.atoom.space\/en\/noticia\/the-tic-salut-social-foundation-signs-a-collaboration-agreement-with-charite-university-hospital-in-berlin\/","name":"The TIC Salut Social Foundation signs a collaboration agreement with Charit\u00e9 University Hospital in Berlin - Fundaci\u00f3 TIC Salut i Social","isPartOf":{"@id":"https:\/\/ticsalutsocial.atoom.space\/en\/#website"},"primaryImageOfPage":{"@id":"https:\/\/ticsalutsocial.atoom.space\/en\/noticia\/the-tic-salut-social-foundation-signs-a-collaboration-agreement-with-charite-university-hospital-in-berlin\/#primaryimage"},"image":{"@id":"https:\/\/ticsalutsocial.atoom.space\/en\/noticia\/the-tic-salut-social-foundation-signs-a-collaboration-agreement-with-charite-university-hospital-in-berlin\/#primaryimage"},"thumbnailUrl":"https:\/\/ticsalutsocial.atoom.space\/wp-content\/uploads\/2023\/09\/pexels-fauxels-3184465-scaled.jpg","datePublished":"2023-10-23T07:00:43+00:00","breadcrumb":{"@id":"https:\/\/ticsalutsocial.atoom.space\/en\/noticia\/the-tic-salut-social-foundation-signs-a-collaboration-agreement-with-charite-university-hospital-in-berlin\/#breadcrumb"},"inLanguage":"en-US","potentialAction":[{"@type":"ReadAction","target":["https:\/\/ticsalutsocial.atoom.space\/en\/noticia\/the-tic-salut-social-foundation-signs-a-collaboration-agreement-with-charite-university-hospital-in-berlin\/"]}]},{"@type":"ImageObject","inLanguage":"en-US","@id":"https:\/\/ticsalutsocial.atoom.space\/en\/noticia\/the-tic-salut-social-foundation-signs-a-collaboration-agreement-with-charite-university-hospital-in-berlin\/#primaryimage","url":"https:\/\/ticsalutsocial.atoom.space\/wp-content\/uploads\/2023\/09\/pexels-fauxels-3184465-scaled.jpg","contentUrl":"https:\/\/ticsalutsocial.atoom.space\/wp-content\/uploads\/2023\/09\/pexels-fauxels-3184465-scaled.jpg","width":2560,"height":1707},{"@type":"BreadcrumbList","@id":"https:\/\/ticsalutsocial.atoom.space\/en\/noticia\/the-tic-salut-social-foundation-signs-a-collaboration-agreement-with-charite-university-hospital-in-berlin\/#breadcrumb","itemListElement":[{"@type":"ListItem","position":1,"name":"Inici","item":"https:\/\/ticsalutsocial.atoom.space\/en\/"},{"@type":"ListItem","position":2,"name":"The TIC Salut Social Foundation signs a collaboration agreement with Charit\u00e9 University Hospital in Berlin"}]},{"@type":"WebSite","@id":"https:\/\/ticsalutsocial.atoom.space\/en\/#website","url":"https:\/\/ticsalutsocial.atoom.space\/en\/","name":"Fundaci\u00f3 TIC Salut i Social","description":"","potentialAction":[{"@type":"SearchAction","target":{"@type":"EntryPoint","urlTemplate":"https:\/\/ticsalutsocial.atoom.space\/en\/?s={search_term_string}"},"query-input":{"@type":"PropertyValueSpecification","valueRequired":true,"valueName":"search_term_string"}}],"inLanguage":"en-US"}]}},"_links":{"self":[{"href":"https:\/\/ticsalutsocial.atoom.space\/en\/wp-json\/wp\/v2\/noticia\/22302","targetHints":{"allow":["GET"]}}],"collection":[{"href":"https:\/\/ticsalutsocial.atoom.space\/en\/wp-json\/wp\/v2\/noticia"}],"about":[{"href":"https:\/\/ticsalutsocial.atoom.space\/en\/wp-json\/wp\/v2\/types\/noticia"}],"author":[{"embeddable":true,"href":"https:\/\/ticsalutsocial.atoom.space\/en\/wp-json\/wp\/v2\/users\/3"}],"wp:featuredmedia":[{"embeddable":true,"href":"https:\/\/ticsalutsocial.atoom.space\/en\/wp-json\/wp\/v2\/media\/22212"}],"wp:attachment":[{"href":"https:\/\/ticsalutsocial.atoom.space\/en\/wp-json\/wp\/v2\/media?parent=22302"}],"wp:term":[{"taxonomy":"etiqueta","embeddable":true,"href":"https:\/\/ticsalutsocial.atoom.space\/en\/wp-json\/wp\/v2\/etiqueta?post=22302"},{"taxonomy":"tipus","embeddable":true,"href":"https:\/\/ticsalutsocial.atoom.space\/en\/wp-json\/wp\/v2\/tipus?post=22302"},{"taxonomy":"topic","embeddable":true,"href":"https:\/\/ticsalutsocial.atoom.space\/en\/wp-json\/wp\/v2\/topic?post=22302"}],"curies":[{"name":"wp","href":"https:\/\/api.w.org\/{rel}","templated":true}]}}