
{"id":22915,"date":"2023-10-02T10:01:15","date_gmt":"2023-10-02T08:01:15","guid":{"rendered":"https:\/\/ticsalutsocial.atoom.space\/noticia\/quines-son-les-possibles-aplicacions-dels-drons-en-lambit-de-la-salut\/"},"modified":"2024-01-19T11:31:41","modified_gmt":"2024-01-19T09:31:41","slug":"quines-son-les-possibles-aplicacions-dels-drons-en-lambit-de-la-salut","status":"publish","type":"noticia","link":"https:\/\/ticsalutsocial.atoom.space\/en\/noticia\/quines-son-les-possibles-aplicacions-dels-drons-en-lambit-de-la-salut\/","title":{"rendered":"What are the possible applications of drones in the field of health?"},"content":{"rendered":"\n<p>The working group for the incorporation of drones in the field of health, coordinated by the TIC Salut Social Foundation, has produced an <a href=\"https:\/\/ticsalutsocial.atoom.space\/wp-content\/uploads\/2023\/10\/Cartell_Drons_TICSalut.pdf\">infographic with practical questions for professionals or organisations that are considering using this technology<\/a>. The document specifically includes an outline of what is needed to fly a drone, the different operational models that currently exist, and the possible use cases and benefits of using them in health.<\/p>\n\n\n\n<p>As explained in the following video by <strong>N\u00faria Abd\u00f3n<\/strong>,the coordinator of the working group and head of Personalised Care at the TIC Salut Social Foundation, the group is made up of representatives of the Departmental Committee for Innovation and Transformation of the Health System at the Department of Health, the Health and Social Consortium of Catalonia, the Catalan Union of Hospitals, organisations in the Catalan Health System (SISCAT), Garrotxa County and Olot Hospital Foundation, and tech companies, as well as the TIC Salut Social Foundation.&nbsp;&nbsp;<\/p>\n\n\n\n<p>In the video, <strong>Neus Dom\u00e8nech<\/strong>,the head of Innovation at the Garrotxa County and Olot Hospital Foundation, comments on the results of the work day and <a href=\"https:\/\/ticsalutsocial.atoom.space\/noticia\/primer-cas-dexit-de-transport-de-mostres-biologiques-amb-dron-en-la-prova-pilot-dolot\/\" target=\"_blank\" rel=\"noreferrer noopener\">pilot test of the transport of biological samples by drone<\/a>, which was held in May at that centre, as part of the working group. The test made it possible to keep the biological samples in good condition and significantly reduce the time and CO<sub>2<\/sub> emissions compared with the same journey by land.<\/p>\n\n\n\n<figure class=\"wp-block-embed is-type-video is-provider-youtube wp-block-embed-youtube wp-embed-aspect-16-9 wp-has-aspect-ratio\"><div class=\"wp-block-embed__wrapper\">\n<iframe loading=\"lazy\" title=\"Incorporaci\u00f3 de drons a l&#039;\u00e0mbit de la salut - experi\u00e8ncia de l&#039;Hospital d&#039;Olot i del grup de treball\" width=\"500\" height=\"281\" src=\"https:\/\/www.youtube.com\/embed\/uOtaVi_JeZQ?feature=oembed\" frameborder=\"0\" allow=\"accelerometer; autoplay; clipboard-write; encrypted-media; gyroscope; picture-in-picture; web-share\" referrerpolicy=\"strict-origin-when-cross-origin\" allowfullscreen><\/iframe>\n<\/div><\/figure>\n\n\n\n<p>The working group is now finalising a <strong>report on the state of the art for drones<\/strong>, which will soon be published in the TIC Salut Social Foundation\u2019s digital library, where the infographic on the application of drones in health is now available.<\/p>\n","protected":false},"author":3,"featured_media":22332,"menu_order":0,"template":"","meta":{"_acf_changed":false,"inline_featured_image":false},"etiqueta":[],"tipus":[],"topic":[],"class_list":["post-22915","noticia","type-noticia","status-publish","has-post-thumbnail","hentry"],"acf":{"autor":"","imatge":22332,"textos_destacats":[{"texte":"The drone working group has published an infographic with practical issues for professionals and organisations considering the use of this technology."}],"documents":[{"titol_doc":"Infographic on the application of drones in the field of health","document":{"ID":24789,"id":24789,"title":"Cartell_Drons_TICSalut_Bo","filename":"Cartell_Drons_TICSalut_Bo.pdf","filesize":691297,"url":"https:\/\/ticsalutsocial.atoom.space\/wp-content\/uploads\/2023\/10\/Cartell_Drons_TICSalut_Bo.pdf","link":"https:\/\/ticsalutsocial.atoom.space\/en\/document\/infografia-aplicacio-de-drons-en-lambit-de-la-salut\/cartell_drons_ticsalut_bo-2\/","alt":"","author":"3","description":"","caption":"","name":"cartell_drons_ticsalut_bo-2","status":"inherit","uploaded_to":34899,"date":"2024-01-19 09:11:08","modified":"2024-01-19 09:31:41","menu_order":0,"mime_type":"application\/pdf","type":"application","subtype":"pdf","icon":"https:\/\/ticsalutsocial.atoom.space\/wp-includes\/images\/media\/document.png"}}],"finalitzat":false,"tipus_plantilla":"objectius","template_objectius":{"cont_principal":"","imatge":false,"cont_seguent":{"titol":"","contingut":""},"seccio_llistat":{"titol":"","llistat":false},"objectius":{"titol":"","objectius":false},"documents":false}},"yoast_head":"<!-- This site is optimized with the Yoast SEO plugin v27.1.1 - https:\/\/yoast.com\/product\/yoast-seo-wordpress\/ -->\n<title>What are the possible applications of drones in the field of health? - Fundaci\u00f3 TIC Salut i Social<\/title>\n<meta name=\"robots\" content=\"index, follow, max-snippet:-1, max-image-preview:large, max-video-preview:-1\" \/>\n<link rel=\"canonical\" href=\"https:\/\/ticsalutsocial.atoom.space\/en\/noticia\/quines-son-les-possibles-aplicacions-dels-drons-en-lambit-de-la-salut\/\" \/>\n<meta property=\"og:locale\" content=\"en_US\" \/>\n<meta property=\"og:type\" content=\"article\" \/>\n<meta property=\"og:title\" content=\"What are the possible applications of drones in the field of health? - Fundaci\u00f3 TIC Salut i Social\" \/>\n<meta property=\"og:description\" content=\"The working group for the incorporation of drones in the field of health, coordinated by the TIC Salut Social Foundation, has produced an infographic with practical questions for professionals or organisations that are considering using this technology. The document specifically includes an outline of what is needed to fly a drone, the different operational models [&hellip;]\" \/>\n<meta property=\"og:url\" content=\"https:\/\/ticsalutsocial.atoom.space\/en\/noticia\/quines-son-les-possibles-aplicacions-dels-drons-en-lambit-de-la-salut\/\" \/>\n<meta property=\"og:site_name\" content=\"Fundaci\u00f3 TIC Salut i Social\" \/>\n<meta property=\"article:modified_time\" content=\"2024-01-19T09:31:41+00:00\" \/>\n<meta property=\"og:image\" content=\"https:\/\/ticsalutsocial.atoom.space\/wp-content\/uploads\/2023\/10\/Infografia-drons-en-salut.jpg\" \/>\n\t<meta property=\"og:image:width\" content=\"2560\" \/>\n\t<meta property=\"og:image:height\" content=\"1920\" \/>\n\t<meta property=\"og:image:type\" content=\"image\/jpeg\" \/>\n<meta name=\"twitter:card\" content=\"summary_large_image\" \/>\n<meta name=\"twitter:label1\" content=\"Est. reading time\" \/>\n\t<meta name=\"twitter:data1\" content=\"2 minutes\" \/>\n<script type=\"application\/ld+json\" class=\"yoast-schema-graph\">{\"@context\":\"https:\/\/schema.org\",\"@graph\":[{\"@type\":\"WebPage\",\"@id\":\"https:\/\/ticsalutsocial.atoom.space\/en\/noticia\/quines-son-les-possibles-aplicacions-dels-drons-en-lambit-de-la-salut\/\",\"url\":\"https:\/\/ticsalutsocial.atoom.space\/en\/noticia\/quines-son-les-possibles-aplicacions-dels-drons-en-lambit-de-la-salut\/\",\"name\":\"What are the possible applications of drones in the field of health? - Fundaci\u00f3 TIC Salut i Social\",\"isPartOf\":{\"@id\":\"https:\/\/ticsalutsocial.atoom.space\/en\/#website\"},\"primaryImageOfPage\":{\"@id\":\"https:\/\/ticsalutsocial.atoom.space\/en\/noticia\/quines-son-les-possibles-aplicacions-dels-drons-en-lambit-de-la-salut\/#primaryimage\"},\"image\":{\"@id\":\"https:\/\/ticsalutsocial.atoom.space\/en\/noticia\/quines-son-les-possibles-aplicacions-dels-drons-en-lambit-de-la-salut\/#primaryimage\"},\"thumbnailUrl\":\"https:\/\/ticsalutsocial.atoom.space\/wp-content\/uploads\/2023\/10\/Infografia-drons-en-salut.jpg\",\"datePublished\":\"2023-10-02T08:01:15+00:00\",\"dateModified\":\"2024-01-19T09:31:41+00:00\",\"breadcrumb\":{\"@id\":\"https:\/\/ticsalutsocial.atoom.space\/en\/noticia\/quines-son-les-possibles-aplicacions-dels-drons-en-lambit-de-la-salut\/#breadcrumb\"},\"inLanguage\":\"en-US\",\"potentialAction\":[{\"@type\":\"ReadAction\",\"target\":[\"https:\/\/ticsalutsocial.atoom.space\/en\/noticia\/quines-son-les-possibles-aplicacions-dels-drons-en-lambit-de-la-salut\/\"]}]},{\"@type\":\"ImageObject\",\"inLanguage\":\"en-US\",\"@id\":\"https:\/\/ticsalutsocial.atoom.space\/en\/noticia\/quines-son-les-possibles-aplicacions-dels-drons-en-lambit-de-la-salut\/#primaryimage\",\"url\":\"https:\/\/ticsalutsocial.atoom.space\/wp-content\/uploads\/2023\/10\/Infografia-drons-en-salut.jpg\",\"contentUrl\":\"https:\/\/ticsalutsocial.atoom.space\/wp-content\/uploads\/2023\/10\/Infografia-drons-en-salut.jpg\",\"width\":2560,\"height\":1920},{\"@type\":\"BreadcrumbList\",\"@id\":\"https:\/\/ticsalutsocial.atoom.space\/en\/noticia\/quines-son-les-possibles-aplicacions-dels-drons-en-lambit-de-la-salut\/#breadcrumb\",\"itemListElement\":[{\"@type\":\"ListItem\",\"position\":1,\"name\":\"Inici\",\"item\":\"https:\/\/ticsalutsocial.atoom.space\/en\/\"},{\"@type\":\"ListItem\",\"position\":2,\"name\":\"What are the possible applications of drones in the field of health?\"}]},{\"@type\":\"WebSite\",\"@id\":\"https:\/\/ticsalutsocial.atoom.space\/en\/#website\",\"url\":\"https:\/\/ticsalutsocial.atoom.space\/en\/\",\"name\":\"Fundaci\u00f3 TIC Salut i Social\",\"description\":\"\",\"potentialAction\":[{\"@type\":\"SearchAction\",\"target\":{\"@type\":\"EntryPoint\",\"urlTemplate\":\"https:\/\/ticsalutsocial.atoom.space\/en\/?s={search_term_string}\"},\"query-input\":{\"@type\":\"PropertyValueSpecification\",\"valueRequired\":true,\"valueName\":\"search_term_string\"}}],\"inLanguage\":\"en-US\"}]}<\/script>\n<!-- \/ Yoast SEO plugin. -->","yoast_head_json":{"title":"What are the possible applications of drones in the field of health? - Fundaci\u00f3 TIC Salut i Social","robots":{"index":"index","follow":"follow","max-snippet":"max-snippet:-1","max-image-preview":"max-image-preview:large","max-video-preview":"max-video-preview:-1"},"canonical":"https:\/\/ticsalutsocial.atoom.space\/en\/noticia\/quines-son-les-possibles-aplicacions-dels-drons-en-lambit-de-la-salut\/","og_locale":"en_US","og_type":"article","og_title":"What are the possible applications of drones in the field of health? - Fundaci\u00f3 TIC Salut i Social","og_description":"The working group for the incorporation of drones in the field of health, coordinated by the TIC Salut Social Foundation, has produced an infographic with practical questions for professionals or organisations that are considering using this technology. The document specifically includes an outline of what is needed to fly a drone, the different operational models [&hellip;]","og_url":"https:\/\/ticsalutsocial.atoom.space\/en\/noticia\/quines-son-les-possibles-aplicacions-dels-drons-en-lambit-de-la-salut\/","og_site_name":"Fundaci\u00f3 TIC Salut i Social","article_modified_time":"2024-01-19T09:31:41+00:00","og_image":[{"width":2560,"height":1920,"url":"https:\/\/ticsalutsocial.atoom.space\/wp-content\/uploads\/2023\/10\/Infografia-drons-en-salut.jpg","type":"image\/jpeg"}],"twitter_card":"summary_large_image","twitter_misc":{"Est. reading time":"2 minutes"},"schema":{"@context":"https:\/\/schema.org","@graph":[{"@type":"WebPage","@id":"https:\/\/ticsalutsocial.atoom.space\/en\/noticia\/quines-son-les-possibles-aplicacions-dels-drons-en-lambit-de-la-salut\/","url":"https:\/\/ticsalutsocial.atoom.space\/en\/noticia\/quines-son-les-possibles-aplicacions-dels-drons-en-lambit-de-la-salut\/","name":"What are the possible applications of drones in the field of health? - Fundaci\u00f3 TIC Salut i Social","isPartOf":{"@id":"https:\/\/ticsalutsocial.atoom.space\/en\/#website"},"primaryImageOfPage":{"@id":"https:\/\/ticsalutsocial.atoom.space\/en\/noticia\/quines-son-les-possibles-aplicacions-dels-drons-en-lambit-de-la-salut\/#primaryimage"},"image":{"@id":"https:\/\/ticsalutsocial.atoom.space\/en\/noticia\/quines-son-les-possibles-aplicacions-dels-drons-en-lambit-de-la-salut\/#primaryimage"},"thumbnailUrl":"https:\/\/ticsalutsocial.atoom.space\/wp-content\/uploads\/2023\/10\/Infografia-drons-en-salut.jpg","datePublished":"2023-10-02T08:01:15+00:00","dateModified":"2024-01-19T09:31:41+00:00","breadcrumb":{"@id":"https:\/\/ticsalutsocial.atoom.space\/en\/noticia\/quines-son-les-possibles-aplicacions-dels-drons-en-lambit-de-la-salut\/#breadcrumb"},"inLanguage":"en-US","potentialAction":[{"@type":"ReadAction","target":["https:\/\/ticsalutsocial.atoom.space\/en\/noticia\/quines-son-les-possibles-aplicacions-dels-drons-en-lambit-de-la-salut\/"]}]},{"@type":"ImageObject","inLanguage":"en-US","@id":"https:\/\/ticsalutsocial.atoom.space\/en\/noticia\/quines-son-les-possibles-aplicacions-dels-drons-en-lambit-de-la-salut\/#primaryimage","url":"https:\/\/ticsalutsocial.atoom.space\/wp-content\/uploads\/2023\/10\/Infografia-drons-en-salut.jpg","contentUrl":"https:\/\/ticsalutsocial.atoom.space\/wp-content\/uploads\/2023\/10\/Infografia-drons-en-salut.jpg","width":2560,"height":1920},{"@type":"BreadcrumbList","@id":"https:\/\/ticsalutsocial.atoom.space\/en\/noticia\/quines-son-les-possibles-aplicacions-dels-drons-en-lambit-de-la-salut\/#breadcrumb","itemListElement":[{"@type":"ListItem","position":1,"name":"Inici","item":"https:\/\/ticsalutsocial.atoom.space\/en\/"},{"@type":"ListItem","position":2,"name":"What are the possible applications of drones in the field of health?"}]},{"@type":"WebSite","@id":"https:\/\/ticsalutsocial.atoom.space\/en\/#website","url":"https:\/\/ticsalutsocial.atoom.space\/en\/","name":"Fundaci\u00f3 TIC Salut i Social","description":"","potentialAction":[{"@type":"SearchAction","target":{"@type":"EntryPoint","urlTemplate":"https:\/\/ticsalutsocial.atoom.space\/en\/?s={search_term_string}"},"query-input":{"@type":"PropertyValueSpecification","valueRequired":true,"valueName":"search_term_string"}}],"inLanguage":"en-US"}]}},"_links":{"self":[{"href":"https:\/\/ticsalutsocial.atoom.space\/en\/wp-json\/wp\/v2\/noticia\/22915","targetHints":{"allow":["GET"]}}],"collection":[{"href":"https:\/\/ticsalutsocial.atoom.space\/en\/wp-json\/wp\/v2\/noticia"}],"about":[{"href":"https:\/\/ticsalutsocial.atoom.space\/en\/wp-json\/wp\/v2\/types\/noticia"}],"author":[{"embeddable":true,"href":"https:\/\/ticsalutsocial.atoom.space\/en\/wp-json\/wp\/v2\/users\/3"}],"wp:featuredmedia":[{"embeddable":true,"href":"https:\/\/ticsalutsocial.atoom.space\/en\/wp-json\/wp\/v2\/media\/22332"}],"wp:attachment":[{"href":"https:\/\/ticsalutsocial.atoom.space\/en\/wp-json\/wp\/v2\/media?parent=22915"}],"wp:term":[{"taxonomy":"etiqueta","embeddable":true,"href":"https:\/\/ticsalutsocial.atoom.space\/en\/wp-json\/wp\/v2\/etiqueta?post=22915"},{"taxonomy":"tipus","embeddable":true,"href":"https:\/\/ticsalutsocial.atoom.space\/en\/wp-json\/wp\/v2\/tipus?post=22915"},{"taxonomy":"topic","embeddable":true,"href":"https:\/\/ticsalutsocial.atoom.space\/en\/wp-json\/wp\/v2\/topic?post=22915"}],"curies":[{"name":"wp","href":"https:\/\/api.w.org\/{rel}","templated":true}]}}