
{"id":22917,"date":"2023-10-04T14:03:51","date_gmt":"2023-10-04T12:03:51","guid":{"rendered":"https:\/\/ticsalutsocial.atoom.space\/noticia\/presentacio-del-model-catala-sobre-competencies-digitals-per-professionals-de-la-salut-a-brusselles\/"},"modified":"2023-10-31T10:51:40","modified_gmt":"2023-10-31T08:51:40","slug":"presentacio-del-model-catala-sobre-competencies-digitals-per-professionals-de-la-salut-a-brusselles","status":"publish","type":"noticia","link":"https:\/\/ticsalutsocial.atoom.space\/en\/noticia\/presentacio-del-model-catala-sobre-competencies-digitals-per-professionals-de-la-salut-a-brusselles\/","title":{"rendered":"Presentation of the Catalan model for digital skills for health professionals in Brussels"},"content":{"rendered":"<p>This week a work session was held in Brussels, promoted by <a href=\"https:\/\/knowledge4policy.ec.europa.eu\/organisation\/dg-reform-structural-reform-support_en\">DG Reform, <\/a>and <a href=\"https:\/\/es.nttdata.com\/\">NTT Data<\/a> with the collaboration of the TIC Salut Social Foundation and the Estonian Ministry of Social Affairs. This workshop made it possible to share good practices and lessons learned in the field of improving digital skills for health professionals.<\/p>\n<p>The topics discussed included challenges and improvement methodologies, balancing professional practice and continuing education, different governance models for digital skills in health, and projects related to these work areas funded by DG Reform.<\/p>\n<p>Those responsible for projects related to improving the digital skills of health professionals from countries such as Italy, Romania, France, the Netherlands and the Basque Country took part.<\/p>\n<p>Representing the Catalan Health System were Al\u00edcia \u00c0vila, Subdirector General of Organisation and Professional Development (Department of Health); Bea Crua\u00f1as from the Technical Office of the General Secretariat (Department of Health); Anna Gonz\u00e1lez, head of the Professionals Division of SISCAT (Catalan Health Service); and Elisenda Reixach, head of Digital Skills in Health and Medical Imaging at the TIC Salut Social Foundation.<\/p>\n","protected":false},"author":3,"featured_media":22426,"menu_order":0,"template":"","meta":{"_acf_changed":false,"inline_featured_image":false},"etiqueta":[],"tipus":[656],"topic":[122],"class_list":["post-22917","noticia","type-noticia","status-publish","has-post-thumbnail","hentry","tipus-projects","topic-hot-news"],"acf":{"finalitzat":false,"tipus_plantilla":"objectius","template_objectius":{"cont_principal":"","imatge":false,"cont_seguent":{"titol":"","contingut":""},"seccio_llistat":{"titol":"","llistat":false},"objectius":{"titol":"","objectius":false},"documents":false},"autor":"","imatge":false,"textos_destacats":[{"texte":"This workshop made it possible to share good practices and lessons learned in the field of improving digital skills for health professionals"}],"documents":false},"yoast_head":"<!-- This site is optimized with the Yoast SEO plugin v27.1.1 - https:\/\/yoast.com\/product\/yoast-seo-wordpress\/ -->\n<title>Presentation of the Catalan model for digital skills for health professionals in Brussels - Fundaci\u00f3 TIC Salut i Social<\/title>\n<meta name=\"robots\" content=\"index, follow, max-snippet:-1, max-image-preview:large, max-video-preview:-1\" \/>\n<link rel=\"canonical\" href=\"https:\/\/ticsalutsocial.atoom.space\/en\/noticia\/presentacio-del-model-catala-sobre-competencies-digitals-per-professionals-de-la-salut-a-brusselles\/\" \/>\n<meta property=\"og:locale\" content=\"en_US\" \/>\n<meta property=\"og:type\" content=\"article\" \/>\n<meta property=\"og:title\" content=\"Presentation of the Catalan model for digital skills for health professionals in Brussels - Fundaci\u00f3 TIC Salut i Social\" \/>\n<meta property=\"og:description\" content=\"This week a work session was held in Brussels, promoted by DG Reform, and NTT Data with the collaboration of the TIC Salut Social Foundation and the Estonian Ministry of Social Affairs. This workshop made it possible to share good practices and lessons learned in the field of improving digital skills for health professionals. The [&hellip;]\" \/>\n<meta property=\"og:url\" content=\"https:\/\/ticsalutsocial.atoom.space\/en\/noticia\/presentacio-del-model-catala-sobre-competencies-digitals-per-professionals-de-la-salut-a-brusselles\/\" \/>\n<meta property=\"og:site_name\" content=\"Fundaci\u00f3 TIC Salut i Social\" \/>\n<meta property=\"article:modified_time\" content=\"2023-10-31T08:51:40+00:00\" \/>\n<meta property=\"og:image\" content=\"https:\/\/ticsalutsocial.atoom.space\/wp-content\/uploads\/2023\/10\/IMG_5374-scaled.jpeg\" \/>\n\t<meta property=\"og:image:width\" content=\"2560\" \/>\n\t<meta property=\"og:image:height\" content=\"1920\" \/>\n\t<meta property=\"og:image:type\" content=\"image\/jpeg\" \/>\n<meta name=\"twitter:card\" content=\"summary_large_image\" \/>\n<meta name=\"twitter:label1\" content=\"Est. reading time\" \/>\n\t<meta name=\"twitter:data1\" content=\"1 minute\" \/>\n<script type=\"application\/ld+json\" class=\"yoast-schema-graph\">{\"@context\":\"https:\/\/schema.org\",\"@graph\":[{\"@type\":\"WebPage\",\"@id\":\"https:\/\/ticsalutsocial.atoom.space\/en\/noticia\/presentacio-del-model-catala-sobre-competencies-digitals-per-professionals-de-la-salut-a-brusselles\/\",\"url\":\"https:\/\/ticsalutsocial.atoom.space\/en\/noticia\/presentacio-del-model-catala-sobre-competencies-digitals-per-professionals-de-la-salut-a-brusselles\/\",\"name\":\"Presentation of the Catalan model for digital skills for health professionals in Brussels - Fundaci\u00f3 TIC Salut i Social\",\"isPartOf\":{\"@id\":\"https:\/\/ticsalutsocial.atoom.space\/en\/#website\"},\"primaryImageOfPage\":{\"@id\":\"https:\/\/ticsalutsocial.atoom.space\/en\/noticia\/presentacio-del-model-catala-sobre-competencies-digitals-per-professionals-de-la-salut-a-brusselles\/#primaryimage\"},\"image\":{\"@id\":\"https:\/\/ticsalutsocial.atoom.space\/en\/noticia\/presentacio-del-model-catala-sobre-competencies-digitals-per-professionals-de-la-salut-a-brusselles\/#primaryimage\"},\"thumbnailUrl\":\"https:\/\/ticsalutsocial.atoom.space\/wp-content\/uploads\/2023\/10\/IMG_5374-scaled.jpeg\",\"datePublished\":\"2023-10-04T12:03:51+00:00\",\"dateModified\":\"2023-10-31T08:51:40+00:00\",\"breadcrumb\":{\"@id\":\"https:\/\/ticsalutsocial.atoom.space\/en\/noticia\/presentacio-del-model-catala-sobre-competencies-digitals-per-professionals-de-la-salut-a-brusselles\/#breadcrumb\"},\"inLanguage\":\"en-US\",\"potentialAction\":[{\"@type\":\"ReadAction\",\"target\":[\"https:\/\/ticsalutsocial.atoom.space\/en\/noticia\/presentacio-del-model-catala-sobre-competencies-digitals-per-professionals-de-la-salut-a-brusselles\/\"]}]},{\"@type\":\"ImageObject\",\"inLanguage\":\"en-US\",\"@id\":\"https:\/\/ticsalutsocial.atoom.space\/en\/noticia\/presentacio-del-model-catala-sobre-competencies-digitals-per-professionals-de-la-salut-a-brusselles\/#primaryimage\",\"url\":\"https:\/\/ticsalutsocial.atoom.space\/wp-content\/uploads\/2023\/10\/IMG_5374-scaled.jpeg\",\"contentUrl\":\"https:\/\/ticsalutsocial.atoom.space\/wp-content\/uploads\/2023\/10\/IMG_5374-scaled.jpeg\",\"width\":2560,\"height\":1920},{\"@type\":\"BreadcrumbList\",\"@id\":\"https:\/\/ticsalutsocial.atoom.space\/en\/noticia\/presentacio-del-model-catala-sobre-competencies-digitals-per-professionals-de-la-salut-a-brusselles\/#breadcrumb\",\"itemListElement\":[{\"@type\":\"ListItem\",\"position\":1,\"name\":\"Inici\",\"item\":\"https:\/\/ticsalutsocial.atoom.space\/en\/\"},{\"@type\":\"ListItem\",\"position\":2,\"name\":\"Presentation of the Catalan model for digital skills for health professionals in Brussels\"}]},{\"@type\":\"WebSite\",\"@id\":\"https:\/\/ticsalutsocial.atoom.space\/en\/#website\",\"url\":\"https:\/\/ticsalutsocial.atoom.space\/en\/\",\"name\":\"Fundaci\u00f3 TIC Salut i Social\",\"description\":\"\",\"potentialAction\":[{\"@type\":\"SearchAction\",\"target\":{\"@type\":\"EntryPoint\",\"urlTemplate\":\"https:\/\/ticsalutsocial.atoom.space\/en\/?s={search_term_string}\"},\"query-input\":{\"@type\":\"PropertyValueSpecification\",\"valueRequired\":true,\"valueName\":\"search_term_string\"}}],\"inLanguage\":\"en-US\"}]}<\/script>\n<!-- \/ Yoast SEO plugin. -->","yoast_head_json":{"title":"Presentation of the Catalan model for digital skills for health professionals in Brussels - Fundaci\u00f3 TIC Salut i Social","robots":{"index":"index","follow":"follow","max-snippet":"max-snippet:-1","max-image-preview":"max-image-preview:large","max-video-preview":"max-video-preview:-1"},"canonical":"https:\/\/ticsalutsocial.atoom.space\/en\/noticia\/presentacio-del-model-catala-sobre-competencies-digitals-per-professionals-de-la-salut-a-brusselles\/","og_locale":"en_US","og_type":"article","og_title":"Presentation of the Catalan model for digital skills for health professionals in Brussels - Fundaci\u00f3 TIC Salut i Social","og_description":"This week a work session was held in Brussels, promoted by DG Reform, and NTT Data with the collaboration of the TIC Salut Social Foundation and the Estonian Ministry of Social Affairs. This workshop made it possible to share good practices and lessons learned in the field of improving digital skills for health professionals. The [&hellip;]","og_url":"https:\/\/ticsalutsocial.atoom.space\/en\/noticia\/presentacio-del-model-catala-sobre-competencies-digitals-per-professionals-de-la-salut-a-brusselles\/","og_site_name":"Fundaci\u00f3 TIC Salut i Social","article_modified_time":"2023-10-31T08:51:40+00:00","og_image":[{"width":2560,"height":1920,"url":"https:\/\/ticsalutsocial.atoom.space\/wp-content\/uploads\/2023\/10\/IMG_5374-scaled.jpeg","type":"image\/jpeg"}],"twitter_card":"summary_large_image","twitter_misc":{"Est. reading time":"1 minute"},"schema":{"@context":"https:\/\/schema.org","@graph":[{"@type":"WebPage","@id":"https:\/\/ticsalutsocial.atoom.space\/en\/noticia\/presentacio-del-model-catala-sobre-competencies-digitals-per-professionals-de-la-salut-a-brusselles\/","url":"https:\/\/ticsalutsocial.atoom.space\/en\/noticia\/presentacio-del-model-catala-sobre-competencies-digitals-per-professionals-de-la-salut-a-brusselles\/","name":"Presentation of the Catalan model for digital skills for health professionals in Brussels - Fundaci\u00f3 TIC Salut i Social","isPartOf":{"@id":"https:\/\/ticsalutsocial.atoom.space\/en\/#website"},"primaryImageOfPage":{"@id":"https:\/\/ticsalutsocial.atoom.space\/en\/noticia\/presentacio-del-model-catala-sobre-competencies-digitals-per-professionals-de-la-salut-a-brusselles\/#primaryimage"},"image":{"@id":"https:\/\/ticsalutsocial.atoom.space\/en\/noticia\/presentacio-del-model-catala-sobre-competencies-digitals-per-professionals-de-la-salut-a-brusselles\/#primaryimage"},"thumbnailUrl":"https:\/\/ticsalutsocial.atoom.space\/wp-content\/uploads\/2023\/10\/IMG_5374-scaled.jpeg","datePublished":"2023-10-04T12:03:51+00:00","dateModified":"2023-10-31T08:51:40+00:00","breadcrumb":{"@id":"https:\/\/ticsalutsocial.atoom.space\/en\/noticia\/presentacio-del-model-catala-sobre-competencies-digitals-per-professionals-de-la-salut-a-brusselles\/#breadcrumb"},"inLanguage":"en-US","potentialAction":[{"@type":"ReadAction","target":["https:\/\/ticsalutsocial.atoom.space\/en\/noticia\/presentacio-del-model-catala-sobre-competencies-digitals-per-professionals-de-la-salut-a-brusselles\/"]}]},{"@type":"ImageObject","inLanguage":"en-US","@id":"https:\/\/ticsalutsocial.atoom.space\/en\/noticia\/presentacio-del-model-catala-sobre-competencies-digitals-per-professionals-de-la-salut-a-brusselles\/#primaryimage","url":"https:\/\/ticsalutsocial.atoom.space\/wp-content\/uploads\/2023\/10\/IMG_5374-scaled.jpeg","contentUrl":"https:\/\/ticsalutsocial.atoom.space\/wp-content\/uploads\/2023\/10\/IMG_5374-scaled.jpeg","width":2560,"height":1920},{"@type":"BreadcrumbList","@id":"https:\/\/ticsalutsocial.atoom.space\/en\/noticia\/presentacio-del-model-catala-sobre-competencies-digitals-per-professionals-de-la-salut-a-brusselles\/#breadcrumb","itemListElement":[{"@type":"ListItem","position":1,"name":"Inici","item":"https:\/\/ticsalutsocial.atoom.space\/en\/"},{"@type":"ListItem","position":2,"name":"Presentation of the Catalan model for digital skills for health professionals in Brussels"}]},{"@type":"WebSite","@id":"https:\/\/ticsalutsocial.atoom.space\/en\/#website","url":"https:\/\/ticsalutsocial.atoom.space\/en\/","name":"Fundaci\u00f3 TIC Salut i Social","description":"","potentialAction":[{"@type":"SearchAction","target":{"@type":"EntryPoint","urlTemplate":"https:\/\/ticsalutsocial.atoom.space\/en\/?s={search_term_string}"},"query-input":{"@type":"PropertyValueSpecification","valueRequired":true,"valueName":"search_term_string"}}],"inLanguage":"en-US"}]}},"_links":{"self":[{"href":"https:\/\/ticsalutsocial.atoom.space\/en\/wp-json\/wp\/v2\/noticia\/22917","targetHints":{"allow":["GET"]}}],"collection":[{"href":"https:\/\/ticsalutsocial.atoom.space\/en\/wp-json\/wp\/v2\/noticia"}],"about":[{"href":"https:\/\/ticsalutsocial.atoom.space\/en\/wp-json\/wp\/v2\/types\/noticia"}],"author":[{"embeddable":true,"href":"https:\/\/ticsalutsocial.atoom.space\/en\/wp-json\/wp\/v2\/users\/3"}],"wp:featuredmedia":[{"embeddable":true,"href":"https:\/\/ticsalutsocial.atoom.space\/en\/wp-json\/wp\/v2\/media\/22426"}],"wp:attachment":[{"href":"https:\/\/ticsalutsocial.atoom.space\/en\/wp-json\/wp\/v2\/media?parent=22917"}],"wp:term":[{"taxonomy":"etiqueta","embeddable":true,"href":"https:\/\/ticsalutsocial.atoom.space\/en\/wp-json\/wp\/v2\/etiqueta?post=22917"},{"taxonomy":"tipus","embeddable":true,"href":"https:\/\/ticsalutsocial.atoom.space\/en\/wp-json\/wp\/v2\/tipus?post=22917"},{"taxonomy":"topic","embeddable":true,"href":"https:\/\/ticsalutsocial.atoom.space\/en\/wp-json\/wp\/v2\/topic?post=22917"}],"curies":[{"name":"wp","href":"https:\/\/api.w.org\/{rel}","templated":true}]}}