
{"id":23967,"date":"2023-10-25T09:41:05","date_gmt":"2023-10-25T07:41:05","guid":{"rendered":"https:\/\/ticsalutsocial.atoom.space\/noticia\/publicat-el-pla-operatiu-dacces-a-la-innovacio-al-sistema-de-salut-de-catalunya\/"},"modified":"2023-12-04T12:47:29","modified_gmt":"2023-12-04T10:47:29","slug":"publicat-el-pla-operatiu-dacces-a-la-innovacio-al-sistema-de-salut-de-catalunya","status":"publish","type":"noticia","link":"https:\/\/ticsalutsocial.atoom.space\/en\/noticia\/publicat-el-pla-operatiu-dacces-a-la-innovacio-al-sistema-de-salut-de-catalunya\/","title":{"rendered":"The Operational Plan for Access to Innovation in the Catalan Health System has been published"},"content":{"rendered":"\n<p>The Subcommittee for the Adoption of Innovation in the Health System, coordinated by Biocat on behalf of the Department of Health, has published the report on the <a href=\"https:\/\/scientiasalut.gencat.cat\/bitstream\/handle\/11351\/10435\/pla_operatiu_acces_innovacio_sistema_salut_catalunya_2023.pdf?sequence=1&amp;isAllowed=y\">Operational Plan for Access to Innovation in the Catalan Health System<\/a>. It was presented on 22 September at Palau Robert, Barcelona. The Plan sets out the means and mechanisms for accessing innovation in the Health System of Catalonia and, ultimately, for reaching the population as a whole.<\/p>\n\n\n\n<p>As the Department of Health highlights, the plan especially focuses on <strong>speeding up the development and adoption of innovations<\/strong> that improve the population\u2019s health and wellbeing and contribute to the country\u2019s development and social and economic progress, which are the most strategic and prioritised by the system because they transform it and make it more resilient.<\/p>\n\n\n\n<p>The plan is structured through the following <strong>five priority actions<\/strong> described in the report, which will start to be developed and implemented progressively to improve the current process to bring innovation into the Health System: governance and institutional leadership, needs and priorities of the Health System, distributed and coordinated evaluation capacity, identification of the innovative ecosystem, and the innovation and evaluation support unit.<\/p>\n\n\n\n<h2 class=\"wp-block-heading\"><strong>Information sources<\/strong><\/h2>\n\n\n\n<ul class=\"wp-block-list\">\n<li><a href=\"https:\/\/scientiasalut.gencat.cat\/bitstream\/handle\/11351\/10435\/pla_operatiu_acces_innovacio_sistema_salut_catalunya_2023.pdf?sequence=1&amp;isAllowed=y\">Link to the plan<\/a><\/li>\n\n\n\n<li><a href=\"https:\/\/govern.cat\/salapremsa\/notes-premsa\/541602\/salut-presenta-full-ruta-millorar-latencio-ciutadania-partir-innovacio\">Presentation of the plan (22\/09\/2023)<\/a><\/li>\n<\/ul>\n\n\n\n<p><\/p>\n\n\n\n<p><\/p>\n","protected":false},"author":3,"featured_media":22708,"menu_order":0,"template":"","meta":{"_acf_changed":false,"inline_featured_image":false},"etiqueta":[],"tipus":[],"topic":[],"class_list":["post-23967","noticia","type-noticia","status-publish","has-post-thumbnail","hentry"],"acf":{"autor":"","imatge":22708,"textos_destacats":[{"texte":"The Plan sets out the means and mechanisms for accessing innovation in the Health System of Catalonia and, ultimately, for reaching the population as a whole."}],"documents":false,"finalitzat":false,"tipus_plantilla":"objectius","template_objectius":{"cont_principal":"","imatge":false,"cont_seguent":{"titol":"","contingut":""},"seccio_llistat":{"titol":"","llistat":false},"objectius":{"titol":"","objectius":false},"documents":false}},"yoast_head":"<!-- This site is optimized with the Yoast SEO plugin v27.1.1 - https:\/\/yoast.com\/product\/yoast-seo-wordpress\/ -->\n<title>The Operational Plan for Access to Innovation in the Catalan Health System has been published - Fundaci\u00f3 TIC Salut i Social<\/title>\n<meta name=\"description\" content=\"La Subcomissi\u00f3 d\u2019Adopci\u00f3 de la Innovaci\u00f3 al Sistema de Salut, coordinada per Biocat per enc\u00e0rrec del Departament de Salut, ha publicat l\u2019informe del Pla operatiu d\u2019acc\u00e9s a la innovaci\u00f3 al Sistema de Salut de Catalunya, presentat el passat 22 de setembre al Palau Robert Barcelona.\" \/>\n<meta name=\"robots\" content=\"index, follow, max-snippet:-1, max-image-preview:large, max-video-preview:-1\" \/>\n<link rel=\"canonical\" href=\"https:\/\/ticsalutsocial.atoom.space\/en\/noticia\/publicat-el-pla-operatiu-dacces-a-la-innovacio-al-sistema-de-salut-de-catalunya\/\" \/>\n<meta property=\"og:locale\" content=\"en_US\" \/>\n<meta property=\"og:type\" content=\"article\" \/>\n<meta property=\"og:title\" content=\"The Operational Plan for Access to Innovation in the Catalan Health System has been published - Fundaci\u00f3 TIC Salut i Social\" \/>\n<meta property=\"og:description\" content=\"La Subcomissi\u00f3 d\u2019Adopci\u00f3 de la Innovaci\u00f3 al Sistema de Salut, coordinada per Biocat per enc\u00e0rrec del Departament de Salut, ha publicat l\u2019informe del Pla operatiu d\u2019acc\u00e9s a la innovaci\u00f3 al Sistema de Salut de Catalunya, presentat el passat 22 de setembre al Palau Robert Barcelona.\" \/>\n<meta property=\"og:url\" content=\"https:\/\/ticsalutsocial.atoom.space\/en\/noticia\/publicat-el-pla-operatiu-dacces-a-la-innovacio-al-sistema-de-salut-de-catalunya\/\" \/>\n<meta property=\"og:site_name\" content=\"Fundaci\u00f3 TIC Salut i Social\" \/>\n<meta property=\"article:modified_time\" content=\"2023-12-04T10:47:29+00:00\" \/>\n<meta property=\"og:image\" content=\"https:\/\/ticsalutsocial.atoom.space\/wp-content\/uploads\/2023\/10\/Pla-Operatiu-dacces-a-la-innovacio-1024x768.png\" \/>\n\t<meta property=\"og:image:width\" content=\"1024\" \/>\n\t<meta property=\"og:image:height\" content=\"768\" \/>\n\t<meta property=\"og:image:type\" content=\"image\/png\" \/>\n<meta name=\"twitter:card\" content=\"summary_large_image\" \/>\n<meta name=\"twitter:label1\" content=\"Est. reading time\" \/>\n\t<meta name=\"twitter:data1\" content=\"2 minutes\" \/>\n<script type=\"application\/ld+json\" class=\"yoast-schema-graph\">{\"@context\":\"https:\/\/schema.org\",\"@graph\":[{\"@type\":\"WebPage\",\"@id\":\"https:\/\/ticsalutsocial.atoom.space\/en\/noticia\/publicat-el-pla-operatiu-dacces-a-la-innovacio-al-sistema-de-salut-de-catalunya\/\",\"url\":\"https:\/\/ticsalutsocial.atoom.space\/en\/noticia\/publicat-el-pla-operatiu-dacces-a-la-innovacio-al-sistema-de-salut-de-catalunya\/\",\"name\":\"The Operational Plan for Access to Innovation in the Catalan Health System has been published - Fundaci\u00f3 TIC Salut i Social\",\"isPartOf\":{\"@id\":\"https:\/\/ticsalutsocial.atoom.space\/en\/#website\"},\"primaryImageOfPage\":{\"@id\":\"https:\/\/ticsalutsocial.atoom.space\/en\/noticia\/publicat-el-pla-operatiu-dacces-a-la-innovacio-al-sistema-de-salut-de-catalunya\/#primaryimage\"},\"image\":{\"@id\":\"https:\/\/ticsalutsocial.atoom.space\/en\/noticia\/publicat-el-pla-operatiu-dacces-a-la-innovacio-al-sistema-de-salut-de-catalunya\/#primaryimage\"},\"thumbnailUrl\":\"https:\/\/ticsalutsocial.atoom.space\/wp-content\/uploads\/2023\/10\/Pla-Operatiu-dacces-a-la-innovacio.png\",\"datePublished\":\"2023-10-25T07:41:05+00:00\",\"dateModified\":\"2023-12-04T10:47:29+00:00\",\"description\":\"La Subcomissi\u00f3 d\u2019Adopci\u00f3 de la Innovaci\u00f3 al Sistema de Salut, coordinada per Biocat per enc\u00e0rrec del Departament de Salut, ha publicat l\u2019informe del Pla operatiu d\u2019acc\u00e9s a la innovaci\u00f3 al Sistema de Salut de Catalunya, presentat el passat 22 de setembre al Palau Robert Barcelona.\",\"breadcrumb\":{\"@id\":\"https:\/\/ticsalutsocial.atoom.space\/en\/noticia\/publicat-el-pla-operatiu-dacces-a-la-innovacio-al-sistema-de-salut-de-catalunya\/#breadcrumb\"},\"inLanguage\":\"en-US\",\"potentialAction\":[{\"@type\":\"ReadAction\",\"target\":[\"https:\/\/ticsalutsocial.atoom.space\/en\/noticia\/publicat-el-pla-operatiu-dacces-a-la-innovacio-al-sistema-de-salut-de-catalunya\/\"]}]},{\"@type\":\"ImageObject\",\"inLanguage\":\"en-US\",\"@id\":\"https:\/\/ticsalutsocial.atoom.space\/en\/noticia\/publicat-el-pla-operatiu-dacces-a-la-innovacio-al-sistema-de-salut-de-catalunya\/#primaryimage\",\"url\":\"https:\/\/ticsalutsocial.atoom.space\/wp-content\/uploads\/2023\/10\/Pla-Operatiu-dacces-a-la-innovacio.png\",\"contentUrl\":\"https:\/\/ticsalutsocial.atoom.space\/wp-content\/uploads\/2023\/10\/Pla-Operatiu-dacces-a-la-innovacio.png\",\"width\":1280,\"height\":960,\"caption\":\"Pla Operatiu d\u2019acc\u00e9s a la innovaci\u00f3\"},{\"@type\":\"BreadcrumbList\",\"@id\":\"https:\/\/ticsalutsocial.atoom.space\/en\/noticia\/publicat-el-pla-operatiu-dacces-a-la-innovacio-al-sistema-de-salut-de-catalunya\/#breadcrumb\",\"itemListElement\":[{\"@type\":\"ListItem\",\"position\":1,\"name\":\"Inici\",\"item\":\"https:\/\/ticsalutsocial.atoom.space\/en\/\"},{\"@type\":\"ListItem\",\"position\":2,\"name\":\"The Operational Plan for Access to Innovation in the Catalan Health System has been published\"}]},{\"@type\":\"WebSite\",\"@id\":\"https:\/\/ticsalutsocial.atoom.space\/en\/#website\",\"url\":\"https:\/\/ticsalutsocial.atoom.space\/en\/\",\"name\":\"Fundaci\u00f3 TIC Salut i Social\",\"description\":\"\",\"potentialAction\":[{\"@type\":\"SearchAction\",\"target\":{\"@type\":\"EntryPoint\",\"urlTemplate\":\"https:\/\/ticsalutsocial.atoom.space\/en\/?s={search_term_string}\"},\"query-input\":{\"@type\":\"PropertyValueSpecification\",\"valueRequired\":true,\"valueName\":\"search_term_string\"}}],\"inLanguage\":\"en-US\"}]}<\/script>\n<!-- \/ Yoast SEO plugin. -->","yoast_head_json":{"title":"The Operational Plan for Access to Innovation in the Catalan Health System has been published - Fundaci\u00f3 TIC Salut i Social","description":"La Subcomissi\u00f3 d\u2019Adopci\u00f3 de la Innovaci\u00f3 al Sistema de Salut, coordinada per Biocat per enc\u00e0rrec del Departament de Salut, ha publicat l\u2019informe del Pla operatiu d\u2019acc\u00e9s a la innovaci\u00f3 al Sistema de Salut de Catalunya, presentat el passat 22 de setembre al Palau Robert Barcelona.","robots":{"index":"index","follow":"follow","max-snippet":"max-snippet:-1","max-image-preview":"max-image-preview:large","max-video-preview":"max-video-preview:-1"},"canonical":"https:\/\/ticsalutsocial.atoom.space\/en\/noticia\/publicat-el-pla-operatiu-dacces-a-la-innovacio-al-sistema-de-salut-de-catalunya\/","og_locale":"en_US","og_type":"article","og_title":"The Operational Plan for Access to Innovation in the Catalan Health System has been published - Fundaci\u00f3 TIC Salut i Social","og_description":"La Subcomissi\u00f3 d\u2019Adopci\u00f3 de la Innovaci\u00f3 al Sistema de Salut, coordinada per Biocat per enc\u00e0rrec del Departament de Salut, ha publicat l\u2019informe del Pla operatiu d\u2019acc\u00e9s a la innovaci\u00f3 al Sistema de Salut de Catalunya, presentat el passat 22 de setembre al Palau Robert Barcelona.","og_url":"https:\/\/ticsalutsocial.atoom.space\/en\/noticia\/publicat-el-pla-operatiu-dacces-a-la-innovacio-al-sistema-de-salut-de-catalunya\/","og_site_name":"Fundaci\u00f3 TIC Salut i Social","article_modified_time":"2023-12-04T10:47:29+00:00","og_image":[{"width":1024,"height":768,"url":"https:\/\/ticsalutsocial.atoom.space\/wp-content\/uploads\/2023\/10\/Pla-Operatiu-dacces-a-la-innovacio-1024x768.png","type":"image\/png"}],"twitter_card":"summary_large_image","twitter_misc":{"Est. reading time":"2 minutes"},"schema":{"@context":"https:\/\/schema.org","@graph":[{"@type":"WebPage","@id":"https:\/\/ticsalutsocial.atoom.space\/en\/noticia\/publicat-el-pla-operatiu-dacces-a-la-innovacio-al-sistema-de-salut-de-catalunya\/","url":"https:\/\/ticsalutsocial.atoom.space\/en\/noticia\/publicat-el-pla-operatiu-dacces-a-la-innovacio-al-sistema-de-salut-de-catalunya\/","name":"The Operational Plan for Access to Innovation in the Catalan Health System has been published - Fundaci\u00f3 TIC Salut i Social","isPartOf":{"@id":"https:\/\/ticsalutsocial.atoom.space\/en\/#website"},"primaryImageOfPage":{"@id":"https:\/\/ticsalutsocial.atoom.space\/en\/noticia\/publicat-el-pla-operatiu-dacces-a-la-innovacio-al-sistema-de-salut-de-catalunya\/#primaryimage"},"image":{"@id":"https:\/\/ticsalutsocial.atoom.space\/en\/noticia\/publicat-el-pla-operatiu-dacces-a-la-innovacio-al-sistema-de-salut-de-catalunya\/#primaryimage"},"thumbnailUrl":"https:\/\/ticsalutsocial.atoom.space\/wp-content\/uploads\/2023\/10\/Pla-Operatiu-dacces-a-la-innovacio.png","datePublished":"2023-10-25T07:41:05+00:00","dateModified":"2023-12-04T10:47:29+00:00","description":"La Subcomissi\u00f3 d\u2019Adopci\u00f3 de la Innovaci\u00f3 al Sistema de Salut, coordinada per Biocat per enc\u00e0rrec del Departament de Salut, ha publicat l\u2019informe del Pla operatiu d\u2019acc\u00e9s a la innovaci\u00f3 al Sistema de Salut de Catalunya, presentat el passat 22 de setembre al Palau Robert Barcelona.","breadcrumb":{"@id":"https:\/\/ticsalutsocial.atoom.space\/en\/noticia\/publicat-el-pla-operatiu-dacces-a-la-innovacio-al-sistema-de-salut-de-catalunya\/#breadcrumb"},"inLanguage":"en-US","potentialAction":[{"@type":"ReadAction","target":["https:\/\/ticsalutsocial.atoom.space\/en\/noticia\/publicat-el-pla-operatiu-dacces-a-la-innovacio-al-sistema-de-salut-de-catalunya\/"]}]},{"@type":"ImageObject","inLanguage":"en-US","@id":"https:\/\/ticsalutsocial.atoom.space\/en\/noticia\/publicat-el-pla-operatiu-dacces-a-la-innovacio-al-sistema-de-salut-de-catalunya\/#primaryimage","url":"https:\/\/ticsalutsocial.atoom.space\/wp-content\/uploads\/2023\/10\/Pla-Operatiu-dacces-a-la-innovacio.png","contentUrl":"https:\/\/ticsalutsocial.atoom.space\/wp-content\/uploads\/2023\/10\/Pla-Operatiu-dacces-a-la-innovacio.png","width":1280,"height":960,"caption":"Pla Operatiu d\u2019acc\u00e9s a la innovaci\u00f3"},{"@type":"BreadcrumbList","@id":"https:\/\/ticsalutsocial.atoom.space\/en\/noticia\/publicat-el-pla-operatiu-dacces-a-la-innovacio-al-sistema-de-salut-de-catalunya\/#breadcrumb","itemListElement":[{"@type":"ListItem","position":1,"name":"Inici","item":"https:\/\/ticsalutsocial.atoom.space\/en\/"},{"@type":"ListItem","position":2,"name":"The Operational Plan for Access to Innovation in the Catalan Health System has been published"}]},{"@type":"WebSite","@id":"https:\/\/ticsalutsocial.atoom.space\/en\/#website","url":"https:\/\/ticsalutsocial.atoom.space\/en\/","name":"Fundaci\u00f3 TIC Salut i Social","description":"","potentialAction":[{"@type":"SearchAction","target":{"@type":"EntryPoint","urlTemplate":"https:\/\/ticsalutsocial.atoom.space\/en\/?s={search_term_string}"},"query-input":{"@type":"PropertyValueSpecification","valueRequired":true,"valueName":"search_term_string"}}],"inLanguage":"en-US"}]}},"_links":{"self":[{"href":"https:\/\/ticsalutsocial.atoom.space\/en\/wp-json\/wp\/v2\/noticia\/23967","targetHints":{"allow":["GET"]}}],"collection":[{"href":"https:\/\/ticsalutsocial.atoom.space\/en\/wp-json\/wp\/v2\/noticia"}],"about":[{"href":"https:\/\/ticsalutsocial.atoom.space\/en\/wp-json\/wp\/v2\/types\/noticia"}],"author":[{"embeddable":true,"href":"https:\/\/ticsalutsocial.atoom.space\/en\/wp-json\/wp\/v2\/users\/3"}],"wp:featuredmedia":[{"embeddable":true,"href":"https:\/\/ticsalutsocial.atoom.space\/en\/wp-json\/wp\/v2\/media\/22708"}],"wp:attachment":[{"href":"https:\/\/ticsalutsocial.atoom.space\/en\/wp-json\/wp\/v2\/media?parent=23967"}],"wp:term":[{"taxonomy":"etiqueta","embeddable":true,"href":"https:\/\/ticsalutsocial.atoom.space\/en\/wp-json\/wp\/v2\/etiqueta?post=23967"},{"taxonomy":"tipus","embeddable":true,"href":"https:\/\/ticsalutsocial.atoom.space\/en\/wp-json\/wp\/v2\/tipus?post=23967"},{"taxonomy":"topic","embeddable":true,"href":"https:\/\/ticsalutsocial.atoom.space\/en\/wp-json\/wp\/v2\/topic?post=23967"}],"curies":[{"name":"wp","href":"https:\/\/api.w.org\/{rel}","templated":true}]}}