
{"id":23970,"date":"2023-11-06T13:30:28","date_gmt":"2023-11-06T11:30:28","guid":{"rendered":"https:\/\/ticsalutsocial.atoom.space\/noticia\/miriam-mendez-rep-el-nomenament-com-a-nova-membre-del-comite-de-bioetica-de-catalunya\/"},"modified":"2023-12-04T13:00:15","modified_gmt":"2023-12-04T11:00:15","slug":"miriam-mendez-rep-el-nomenament-com-a-nova-membre-del-comite-de-bioetica-de-catalunya","status":"publish","type":"noticia","link":"https:\/\/ticsalutsocial.atoom.space\/en\/noticia\/miriam-mendez-rep-el-nomenament-com-a-nova-membre-del-comite-de-bioetica-de-catalunya\/","title":{"rendered":"M\u00edriam M\u00e9ndez is appointed as a new member of the Bioethics Committee of Catalonia"},"content":{"rendered":"\n<p>This November, the Bioethics Committee of Catalonia (CBC) appointed four new members. One of the people appointed, M\u00edriam M\u00e9ndez, head of research and innovation at the DPO Office of the TIC Salut Social Foundation, will represent legal professionals at the CBC.<\/p>\n\n\n\n<p>The appointments also include Milagros P\u00e9rez Oliva, Esther Farn\u00f3s Amor\u00f3s and Patricia Beiroz Groh. Together they have knowledge in the fields of human and social sciences, economics, health, the media, philosophy and research.<\/p>\n\n\n\n<h2 class=\"wp-block-heading\"><strong>Bioethics and the CBC<\/strong><\/h2>\n\n\n\n<p>Bioethics is the systematic study of human behaviour in the fields of biological sciences and health care. It is therefore concerned with the ethical issues involved in the human understanding of life. It is a discipline that arose from awareness of the need for critical reflection on the ethical conflicts caused by advances in the life sciences and medicine.<\/p>\n\n\n\n<p>Society is characterised by a disparity of beliefs and ideas concerning what is good. In the field of health, for example, conflicts arise between the will of patients and the judgement of professionals. And bioethics provides certain aspects to reflect on that aid analysis of the specific situation to construct the best decision.<\/p>\n\n\n\n<p>In turn, the Bioethics Committee of Catalonia addresses issues that affect society, based on a plural, multidisciplinary, independent, non-dogmatic and transparent approach.<\/p>\n\n\n\n<p>It is made up of members representing the worlds of medicine, health care management, law and the humanities.<\/p>\n\n\n\n<p>It is organised by tackling specific issues in different working groups made up of people from different disciplines. It has created standing committees to analyse specific issues in which the experts participate.<\/p>\n\n\n\n<p>Its roles include providing legal advice to the Catalan Government on aspects of bioethics to determine policies in which it is necessary to consider ethical aspects; making recommendations for professionals, which serve as a reference for action in the face of different ethically-controversial situations in the field of clinical practice; issuing reports and position statements on issues that pose ethical implications related to research advances in biomedicine and health sciences; and organising outreach events to spread knowledge and recommendations, while encouraging training and knowledge transfer.<\/p>\n\n\n\n<figure class=\"wp-block-image size-large\"><img loading=\"lazy\" decoding=\"async\" width=\"1024\" height=\"768\" src=\"https:\/\/ticsalutsocial.atoom.space\/wp-content\/uploads\/2023\/11\/miriam_DPD-1024x768.png\" alt=\"\" class=\"wp-image-22986\" srcset=\"https:\/\/ticsalutsocial.atoom.space\/wp-content\/uploads\/2023\/11\/miriam_DPD-1024x768.png 1024w, https:\/\/ticsalutsocial.atoom.space\/wp-content\/uploads\/2023\/11\/miriam_DPD-300x225.png 300w, https:\/\/ticsalutsocial.atoom.space\/wp-content\/uploads\/2023\/11\/miriam_DPD-768x576.png 768w, https:\/\/ticsalutsocial.atoom.space\/wp-content\/uploads\/2023\/11\/miriam_DPD.png 1280w\" sizes=\"auto, (max-width: 1024px) 100vw, 1024px\" \/><figcaption class=\"wp-element-caption\"><em>M\u00edriam M\u00e9ndez, head of research and innovation at the DPD Office of the TIC Salut Social Foundation<\/em>.<\/figcaption><\/figure>\n","protected":false},"author":3,"featured_media":22990,"menu_order":0,"template":"","meta":{"_acf_changed":false,"inline_featured_image":false},"etiqueta":[],"tipus":[],"topic":[120],"class_list":["post-23970","noticia","type-noticia","status-publish","has-post-thumbnail","hentry","topic-dpo"],"acf":{"autor":"","imatge":22990,"textos_destacats":[{"texte":"The head of research and innovation at the DPO Office of the TIC Salut Social Foundation will represent legal professionals."}],"documents":false,"finalitzat":false,"tipus_plantilla":"objectius","template_objectius":{"cont_principal":"","imatge":false,"cont_seguent":{"titol":"","contingut":""},"seccio_llistat":{"titol":"","llistat":false},"objectius":{"titol":"","objectius":false},"documents":false}},"yoast_head":"<!-- This site is optimized with the Yoast SEO plugin v27.1.1 - https:\/\/yoast.com\/product\/yoast-seo-wordpress\/ -->\n<title>M\u00edriam M\u00e9ndez is appointed as a new member of the Bioethics Committee of Catalonia - Fundaci\u00f3 TIC Salut i Social<\/title>\n<meta name=\"description\" content=\"M\u00edriam M\u00e9ndez rep el nomenament com a nova membre del Comit\u00e8 de Bio\u00e8tica de Catalunya\" \/>\n<meta name=\"robots\" content=\"index, follow, max-snippet:-1, max-image-preview:large, max-video-preview:-1\" \/>\n<link rel=\"canonical\" href=\"https:\/\/ticsalutsocial.atoom.space\/en\/noticia\/miriam-mendez-rep-el-nomenament-com-a-nova-membre-del-comite-de-bioetica-de-catalunya\/\" \/>\n<meta property=\"og:locale\" content=\"en_US\" \/>\n<meta property=\"og:type\" content=\"article\" \/>\n<meta property=\"og:title\" content=\"M\u00edriam M\u00e9ndez is appointed as a new member of the Bioethics Committee of Catalonia - Fundaci\u00f3 TIC Salut i Social\" \/>\n<meta property=\"og:description\" content=\"M\u00edriam M\u00e9ndez rep el nomenament com a nova membre del Comit\u00e8 de Bio\u00e8tica de Catalunya\" \/>\n<meta property=\"og:url\" content=\"https:\/\/ticsalutsocial.atoom.space\/en\/noticia\/miriam-mendez-rep-el-nomenament-com-a-nova-membre-del-comite-de-bioetica-de-catalunya\/\" \/>\n<meta property=\"og:site_name\" content=\"Fundaci\u00f3 TIC Salut i Social\" \/>\n<meta property=\"article:modified_time\" content=\"2023-12-04T11:00:15+00:00\" \/>\n<meta property=\"og:image\" content=\"https:\/\/ticsalutsocial.atoom.space\/wp-content\/uploads\/2023\/11\/bioetica.png\" \/>\n\t<meta property=\"og:image:width\" content=\"1280\" \/>\n\t<meta property=\"og:image:height\" content=\"960\" \/>\n\t<meta property=\"og:image:type\" content=\"image\/png\" \/>\n<meta name=\"twitter:card\" content=\"summary_large_image\" \/>\n<meta name=\"twitter:label1\" content=\"Est. reading time\" \/>\n\t<meta name=\"twitter:data1\" content=\"3 minutes\" \/>\n<script type=\"application\/ld+json\" class=\"yoast-schema-graph\">{\"@context\":\"https:\/\/schema.org\",\"@graph\":[{\"@type\":\"WebPage\",\"@id\":\"https:\/\/ticsalutsocial.atoom.space\/en\/noticia\/miriam-mendez-rep-el-nomenament-com-a-nova-membre-del-comite-de-bioetica-de-catalunya\/\",\"url\":\"https:\/\/ticsalutsocial.atoom.space\/en\/noticia\/miriam-mendez-rep-el-nomenament-com-a-nova-membre-del-comite-de-bioetica-de-catalunya\/\",\"name\":\"M\u00edriam M\u00e9ndez is appointed as a new member of the Bioethics Committee of Catalonia - Fundaci\u00f3 TIC Salut i Social\",\"isPartOf\":{\"@id\":\"https:\/\/ticsalutsocial.atoom.space\/en\/#website\"},\"primaryImageOfPage\":{\"@id\":\"https:\/\/ticsalutsocial.atoom.space\/en\/noticia\/miriam-mendez-rep-el-nomenament-com-a-nova-membre-del-comite-de-bioetica-de-catalunya\/#primaryimage\"},\"image\":{\"@id\":\"https:\/\/ticsalutsocial.atoom.space\/en\/noticia\/miriam-mendez-rep-el-nomenament-com-a-nova-membre-del-comite-de-bioetica-de-catalunya\/#primaryimage\"},\"thumbnailUrl\":\"https:\/\/ticsalutsocial.atoom.space\/wp-content\/uploads\/2023\/11\/bioetica.png\",\"datePublished\":\"2023-11-06T11:30:28+00:00\",\"dateModified\":\"2023-12-04T11:00:15+00:00\",\"description\":\"M\u00edriam M\u00e9ndez rep el nomenament com a nova membre del Comit\u00e8 de Bio\u00e8tica de Catalunya\",\"breadcrumb\":{\"@id\":\"https:\/\/ticsalutsocial.atoom.space\/en\/noticia\/miriam-mendez-rep-el-nomenament-com-a-nova-membre-del-comite-de-bioetica-de-catalunya\/#breadcrumb\"},\"inLanguage\":\"en-US\",\"potentialAction\":[{\"@type\":\"ReadAction\",\"target\":[\"https:\/\/ticsalutsocial.atoom.space\/en\/noticia\/miriam-mendez-rep-el-nomenament-com-a-nova-membre-del-comite-de-bioetica-de-catalunya\/\"]}]},{\"@type\":\"ImageObject\",\"inLanguage\":\"en-US\",\"@id\":\"https:\/\/ticsalutsocial.atoom.space\/en\/noticia\/miriam-mendez-rep-el-nomenament-com-a-nova-membre-del-comite-de-bioetica-de-catalunya\/#primaryimage\",\"url\":\"https:\/\/ticsalutsocial.atoom.space\/wp-content\/uploads\/2023\/11\/bioetica.png\",\"contentUrl\":\"https:\/\/ticsalutsocial.atoom.space\/wp-content\/uploads\/2023\/11\/bioetica.png\",\"width\":1280,\"height\":960,\"caption\":\"Bio\u00e8tica\"},{\"@type\":\"BreadcrumbList\",\"@id\":\"https:\/\/ticsalutsocial.atoom.space\/en\/noticia\/miriam-mendez-rep-el-nomenament-com-a-nova-membre-del-comite-de-bioetica-de-catalunya\/#breadcrumb\",\"itemListElement\":[{\"@type\":\"ListItem\",\"position\":1,\"name\":\"Inici\",\"item\":\"https:\/\/ticsalutsocial.atoom.space\/en\/\"},{\"@type\":\"ListItem\",\"position\":2,\"name\":\"M\u00edriam M\u00e9ndez is appointed as a new member of the Bioethics Committee of Catalonia\"}]},{\"@type\":\"WebSite\",\"@id\":\"https:\/\/ticsalutsocial.atoom.space\/en\/#website\",\"url\":\"https:\/\/ticsalutsocial.atoom.space\/en\/\",\"name\":\"Fundaci\u00f3 TIC Salut i Social\",\"description\":\"\",\"potentialAction\":[{\"@type\":\"SearchAction\",\"target\":{\"@type\":\"EntryPoint\",\"urlTemplate\":\"https:\/\/ticsalutsocial.atoom.space\/en\/?s={search_term_string}\"},\"query-input\":{\"@type\":\"PropertyValueSpecification\",\"valueRequired\":true,\"valueName\":\"search_term_string\"}}],\"inLanguage\":\"en-US\"}]}<\/script>\n<!-- \/ Yoast SEO plugin. -->","yoast_head_json":{"title":"M\u00edriam M\u00e9ndez is appointed as a new member of the Bioethics Committee of Catalonia - Fundaci\u00f3 TIC Salut i Social","description":"M\u00edriam M\u00e9ndez rep el nomenament com a nova membre del Comit\u00e8 de Bio\u00e8tica de Catalunya","robots":{"index":"index","follow":"follow","max-snippet":"max-snippet:-1","max-image-preview":"max-image-preview:large","max-video-preview":"max-video-preview:-1"},"canonical":"https:\/\/ticsalutsocial.atoom.space\/en\/noticia\/miriam-mendez-rep-el-nomenament-com-a-nova-membre-del-comite-de-bioetica-de-catalunya\/","og_locale":"en_US","og_type":"article","og_title":"M\u00edriam M\u00e9ndez is appointed as a new member of the Bioethics Committee of Catalonia - Fundaci\u00f3 TIC Salut i Social","og_description":"M\u00edriam M\u00e9ndez rep el nomenament com a nova membre del Comit\u00e8 de Bio\u00e8tica de Catalunya","og_url":"https:\/\/ticsalutsocial.atoom.space\/en\/noticia\/miriam-mendez-rep-el-nomenament-com-a-nova-membre-del-comite-de-bioetica-de-catalunya\/","og_site_name":"Fundaci\u00f3 TIC Salut i Social","article_modified_time":"2023-12-04T11:00:15+00:00","og_image":[{"width":1280,"height":960,"url":"https:\/\/ticsalutsocial.atoom.space\/wp-content\/uploads\/2023\/11\/bioetica.png","type":"image\/png"}],"twitter_card":"summary_large_image","twitter_misc":{"Est. reading time":"3 minutes"},"schema":{"@context":"https:\/\/schema.org","@graph":[{"@type":"WebPage","@id":"https:\/\/ticsalutsocial.atoom.space\/en\/noticia\/miriam-mendez-rep-el-nomenament-com-a-nova-membre-del-comite-de-bioetica-de-catalunya\/","url":"https:\/\/ticsalutsocial.atoom.space\/en\/noticia\/miriam-mendez-rep-el-nomenament-com-a-nova-membre-del-comite-de-bioetica-de-catalunya\/","name":"M\u00edriam M\u00e9ndez is appointed as a new member of the Bioethics Committee of Catalonia - Fundaci\u00f3 TIC Salut i Social","isPartOf":{"@id":"https:\/\/ticsalutsocial.atoom.space\/en\/#website"},"primaryImageOfPage":{"@id":"https:\/\/ticsalutsocial.atoom.space\/en\/noticia\/miriam-mendez-rep-el-nomenament-com-a-nova-membre-del-comite-de-bioetica-de-catalunya\/#primaryimage"},"image":{"@id":"https:\/\/ticsalutsocial.atoom.space\/en\/noticia\/miriam-mendez-rep-el-nomenament-com-a-nova-membre-del-comite-de-bioetica-de-catalunya\/#primaryimage"},"thumbnailUrl":"https:\/\/ticsalutsocial.atoom.space\/wp-content\/uploads\/2023\/11\/bioetica.png","datePublished":"2023-11-06T11:30:28+00:00","dateModified":"2023-12-04T11:00:15+00:00","description":"M\u00edriam M\u00e9ndez rep el nomenament com a nova membre del Comit\u00e8 de Bio\u00e8tica de Catalunya","breadcrumb":{"@id":"https:\/\/ticsalutsocial.atoom.space\/en\/noticia\/miriam-mendez-rep-el-nomenament-com-a-nova-membre-del-comite-de-bioetica-de-catalunya\/#breadcrumb"},"inLanguage":"en-US","potentialAction":[{"@type":"ReadAction","target":["https:\/\/ticsalutsocial.atoom.space\/en\/noticia\/miriam-mendez-rep-el-nomenament-com-a-nova-membre-del-comite-de-bioetica-de-catalunya\/"]}]},{"@type":"ImageObject","inLanguage":"en-US","@id":"https:\/\/ticsalutsocial.atoom.space\/en\/noticia\/miriam-mendez-rep-el-nomenament-com-a-nova-membre-del-comite-de-bioetica-de-catalunya\/#primaryimage","url":"https:\/\/ticsalutsocial.atoom.space\/wp-content\/uploads\/2023\/11\/bioetica.png","contentUrl":"https:\/\/ticsalutsocial.atoom.space\/wp-content\/uploads\/2023\/11\/bioetica.png","width":1280,"height":960,"caption":"Bio\u00e8tica"},{"@type":"BreadcrumbList","@id":"https:\/\/ticsalutsocial.atoom.space\/en\/noticia\/miriam-mendez-rep-el-nomenament-com-a-nova-membre-del-comite-de-bioetica-de-catalunya\/#breadcrumb","itemListElement":[{"@type":"ListItem","position":1,"name":"Inici","item":"https:\/\/ticsalutsocial.atoom.space\/en\/"},{"@type":"ListItem","position":2,"name":"M\u00edriam M\u00e9ndez is appointed as a new member of the Bioethics Committee of Catalonia"}]},{"@type":"WebSite","@id":"https:\/\/ticsalutsocial.atoom.space\/en\/#website","url":"https:\/\/ticsalutsocial.atoom.space\/en\/","name":"Fundaci\u00f3 TIC Salut i Social","description":"","potentialAction":[{"@type":"SearchAction","target":{"@type":"EntryPoint","urlTemplate":"https:\/\/ticsalutsocial.atoom.space\/en\/?s={search_term_string}"},"query-input":{"@type":"PropertyValueSpecification","valueRequired":true,"valueName":"search_term_string"}}],"inLanguage":"en-US"}]}},"_links":{"self":[{"href":"https:\/\/ticsalutsocial.atoom.space\/en\/wp-json\/wp\/v2\/noticia\/23970","targetHints":{"allow":["GET"]}}],"collection":[{"href":"https:\/\/ticsalutsocial.atoom.space\/en\/wp-json\/wp\/v2\/noticia"}],"about":[{"href":"https:\/\/ticsalutsocial.atoom.space\/en\/wp-json\/wp\/v2\/types\/noticia"}],"author":[{"embeddable":true,"href":"https:\/\/ticsalutsocial.atoom.space\/en\/wp-json\/wp\/v2\/users\/3"}],"wp:featuredmedia":[{"embeddable":true,"href":"https:\/\/ticsalutsocial.atoom.space\/en\/wp-json\/wp\/v2\/media\/22990"}],"wp:attachment":[{"href":"https:\/\/ticsalutsocial.atoom.space\/en\/wp-json\/wp\/v2\/media?parent=23970"}],"wp:term":[{"taxonomy":"etiqueta","embeddable":true,"href":"https:\/\/ticsalutsocial.atoom.space\/en\/wp-json\/wp\/v2\/etiqueta?post=23970"},{"taxonomy":"tipus","embeddable":true,"href":"https:\/\/ticsalutsocial.atoom.space\/en\/wp-json\/wp\/v2\/tipus?post=23970"},{"taxonomy":"topic","embeddable":true,"href":"https:\/\/ticsalutsocial.atoom.space\/en\/wp-json\/wp\/v2\/topic?post=23970"}],"curies":[{"name":"wp","href":"https:\/\/api.w.org\/{rel}","templated":true}]}}