
{"id":23972,"date":"2023-11-08T10:24:23","date_gmt":"2023-11-08T08:24:23","guid":{"rendered":"https:\/\/ticsalutsocial.atoom.space\/noticia\/exit-del-primer-taller-de-co-creacio-del-projecte-unicas-dedicat-a-les-malalties-minoritaries-pediatriques\/"},"modified":"2023-12-04T13:03:06","modified_gmt":"2023-12-04T11:03:06","slug":"exit-del-primer-taller-de-co-creacio-del-projecte-unicas-dedicat-a-les-malalties-minoritaries-pediatriques","status":"publish","type":"noticia","link":"https:\/\/ticsalutsocial.atoom.space\/en\/noticia\/exit-del-primer-taller-de-co-creacio-del-projecte-unicas-dedicat-a-les-malalties-minoritaries-pediatriques\/","title":{"rendered":"The first UNICAS project co-creation workshop on rare paediatric diseases is successfully carried out"},"content":{"rendered":"\n<p>More than <strong>50 professionals in the field of ICT in health<\/strong> from all around Spain took part in the UNICAS project workshop on 5 October at the <a href=\"https:\/\/seis.es\/xxx-jornadas-andalucia\/\">Thirtieth National Information and Health Conference in Andalusia<\/a>, held by the Spanish Informatics Society (SEIS) in Torremolinos, Malaga. The session coordinated by <strong>Carlos Gallego<\/strong>, the Director of Digital Transformation at the TIC Salut Social Foundation and <strong>Miguel \u00c1ngel Montero<\/strong>, the head of the health division of Inetum, allowed progress to be made in the co-creation of a map of the existing digital assets in the sector.<\/p>\n\n\n\n<p>UNICAS is a Ministry of Health project included in the <a href=\"https:\/\/planderecuperacion.gob.es\/\">Recovery, Transformation and Resilience Plan<\/a>, financed by <em>NextGenerationEU<\/em><em> <\/em>funds. Its goal is to <strong>create an ecosystem of alliances to improve the National Health Service\u2019s response to patients with complex rare diseases <\/strong>throughout their care process. To achieve this goal, a federated health care network will be created, with at least one node in each autonomous community, to meet the needs of patients, carers and professionals.<\/p>\n\n\n\n<h2 class=\"wp-block-heading\"><strong>Technological part of the UNICAS project<\/strong><\/h2>\n\n\n\n<p>Catalonia is leading the design, development and technological integration of the project, and the TIC Salut Social Foundation is in charge of carrying out these actions. At the workshop in Torremolinos, there was a <strong>session on UNICAS\u2019s technological vision<\/strong> led by <strong>Carlos Gallego<\/strong>, and another on co-creation of <strong>technological solutions for Personalised Digital Care<\/strong> led by <strong>N\u00faria Abd\u00f3n<\/strong>,the Head of Personalised Digital Care at the TIC Salut Social Foundation, and Miguel \u00c1ngel Montero.<\/p>\n\n\n\n<p>During the participatory session, stress was put on the participants\u2019 commitment to follow unified standards to implement the network\u2019s services: BPMN to manage processes and HL7 FHIR to process data. Participants were warned of the risks associated with governance, interoperability and data processing in the project. The project\u2019s next steps in the technological field were also discussed. These have already begun with a round of specialised sessions with representatives from the sector in a process to compile competitive products, or <em>benchmarking<\/em>, making it possible to enrich the map of existing digital assets in the sector.<\/p>\n\n\n\n<p>Apart from the entire technological part, the project\u2019s care vision was also shared at the workshop by <strong>Manel del Castillo<\/strong><strong>, <\/strong>the General Manager of Sant Joan de D\u00e9u Hospital in Barcelona; and its management and governance model was set out by <strong>Mar\u00eda Fe Lape\u00f1a<\/strong>, the Deputy Director of Digital Health Services.<\/p>\n\n\n\n<h2 class=\"wp-block-heading\"><strong>Rare diseases in the UNICAS project<\/strong><\/h2>\n\n\n\n<p>The UNICAS project is initially focusing on four types of rare paediatric diseases: <strong>mitochondrial diseases, neuromuscular disorders, epileptic encephalopathies and neurodevelopmental disorders<\/strong>. The project envisages that by establishing an integrated care network aimed at this group of patients, it will be the clinical information rather than the patients that move around. This, among other aspects, <strong>will contribute to improving diagnosis time, fairness and accessibility to the system<\/strong>.<\/p>\n\n\n\n<p>As Manel del Castillo explained in his talk, it is estimated that <strong>rare diseases affect 5 cases per 10,000 inhabitants<\/strong> and represent a high burden of morbidity and a high cost to the health care system. He also said that affected families tend to feel isolated and lack tools to care for patients. They perceive a lack of care coordination. It takes up to four years on average to receive a diagnosis (and it is estimated that 50 per cent remain undiagnosed). And they have difficulty accessing centres that specialise in rare diseases, which forces them to move home.<\/p>\n\n\n\n<figure class=\"wp-block-image size-large is-resized\"><img loading=\"lazy\" decoding=\"async\" width=\"1024\" height=\"181\" src=\"https:\/\/ticsalutsocial.atoom.space\/wp-content\/uploads\/2023\/11\/logos-funding-UNICAS-1024x181.png\" alt=\"\" class=\"wp-image-23008\" style=\"width:504px;height:auto\" srcset=\"https:\/\/ticsalutsocial.atoom.space\/wp-content\/uploads\/2023\/11\/logos-funding-UNICAS-1024x181.png 1024w, https:\/\/ticsalutsocial.atoom.space\/wp-content\/uploads\/2023\/11\/logos-funding-UNICAS-300x53.png 300w, https:\/\/ticsalutsocial.atoom.space\/wp-content\/uploads\/2023\/11\/logos-funding-UNICAS-768x135.png 768w, https:\/\/ticsalutsocial.atoom.space\/wp-content\/uploads\/2023\/11\/logos-funding-UNICAS-1536x271.png 1536w, https:\/\/ticsalutsocial.atoom.space\/wp-content\/uploads\/2023\/11\/logos-funding-UNICAS-2048x361.png 2048w\" sizes=\"auto, (max-width: 1024px) 100vw, 1024px\" \/><\/figure>\n","protected":false},"author":3,"featured_media":23000,"menu_order":0,"template":"","meta":{"_acf_changed":false,"inline_featured_image":false},"etiqueta":[],"tipus":[],"topic":[],"class_list":["post-23972","noticia","type-noticia","status-publish","has-post-thumbnail","hentry"],"acf":{"autor":"","imatge":23000,"textos_destacats":[{"texte":"The TIC Salut Social Foundation is one of the organisations taking part in this project to define and launch an integrated care network aimed at paediatric patients with rare diseases."}],"documents":false,"finalitzat":false,"tipus_plantilla":"objectius","template_objectius":{"cont_principal":"","imatge":false,"cont_seguent":{"titol":"","contingut":""},"seccio_llistat":{"titol":"","llistat":false},"objectius":{"titol":"","objectius":false},"documents":false}},"yoast_head":"<!-- This site is optimized with the Yoast SEO plugin v27.1.1 - https:\/\/yoast.com\/product\/yoast-seo-wordpress\/ -->\n<title>The first UNICAS project co-creation workshop on rare paediatric diseases is successfully carried out - Fundaci\u00f3 TIC Salut i Social<\/title>\n<meta name=\"description\" content=\"M\u00e9s de 50 professionals de l\u2019\u00e0mbit de les TIC en salut d\u2019arreu de l\u2019estat van participar al taller\u00a0 del projecte UNICAS, que va tenir lloc el 5 d\u2019octubre a les XXX Jornadas Nacionales de Informaci\u00f3n y Salud en Andaluc\u00eda, organitzades per la Societat Espa\u00f1ola de Inform\u00e1tica (SEIS) a Torremolinos, M\u00e0laga.\" \/>\n<meta name=\"robots\" content=\"index, follow, max-snippet:-1, max-image-preview:large, max-video-preview:-1\" \/>\n<link rel=\"canonical\" href=\"https:\/\/ticsalutsocial.atoom.space\/en\/noticia\/exit-del-primer-taller-de-co-creacio-del-projecte-unicas-dedicat-a-les-malalties-minoritaries-pediatriques\/\" \/>\n<meta property=\"og:locale\" content=\"en_US\" \/>\n<meta property=\"og:type\" content=\"article\" \/>\n<meta property=\"og:title\" content=\"The first UNICAS project co-creation workshop on rare paediatric diseases is successfully carried out - Fundaci\u00f3 TIC Salut i Social\" \/>\n<meta property=\"og:description\" content=\"M\u00e9s de 50 professionals de l\u2019\u00e0mbit de les TIC en salut d\u2019arreu de l\u2019estat van participar al taller\u00a0 del projecte UNICAS, que va tenir lloc el 5 d\u2019octubre a les XXX Jornadas Nacionales de Informaci\u00f3n y Salud en Andaluc\u00eda, organitzades per la Societat Espa\u00f1ola de Inform\u00e1tica (SEIS) a Torremolinos, M\u00e0laga.\" \/>\n<meta property=\"og:url\" content=\"https:\/\/ticsalutsocial.atoom.space\/en\/noticia\/exit-del-primer-taller-de-co-creacio-del-projecte-unicas-dedicat-a-les-malalties-minoritaries-pediatriques\/\" \/>\n<meta property=\"og:site_name\" content=\"Fundaci\u00f3 TIC Salut i Social\" \/>\n<meta property=\"article:modified_time\" content=\"2023-12-04T11:03:06+00:00\" \/>\n<meta property=\"og:image\" content=\"https:\/\/ticsalutsocial.atoom.space\/wp-content\/uploads\/2023\/11\/carlos_web-1024x768.png\" \/>\n\t<meta property=\"og:image:width\" content=\"1024\" \/>\n\t<meta property=\"og:image:height\" content=\"768\" \/>\n\t<meta property=\"og:image:type\" content=\"image\/png\" \/>\n<meta name=\"twitter:card\" content=\"summary_large_image\" \/>\n<meta name=\"twitter:label1\" content=\"Est. reading time\" \/>\n\t<meta name=\"twitter:data1\" content=\"4 minutes\" \/>\n<script type=\"application\/ld+json\" class=\"yoast-schema-graph\">{\"@context\":\"https:\/\/schema.org\",\"@graph\":[{\"@type\":\"WebPage\",\"@id\":\"https:\/\/ticsalutsocial.atoom.space\/en\/noticia\/exit-del-primer-taller-de-co-creacio-del-projecte-unicas-dedicat-a-les-malalties-minoritaries-pediatriques\/\",\"url\":\"https:\/\/ticsalutsocial.atoom.space\/en\/noticia\/exit-del-primer-taller-de-co-creacio-del-projecte-unicas-dedicat-a-les-malalties-minoritaries-pediatriques\/\",\"name\":\"The first UNICAS project co-creation workshop on rare paediatric diseases is successfully carried out - Fundaci\u00f3 TIC Salut i Social\",\"isPartOf\":{\"@id\":\"https:\/\/ticsalutsocial.atoom.space\/en\/#website\"},\"primaryImageOfPage\":{\"@id\":\"https:\/\/ticsalutsocial.atoom.space\/en\/noticia\/exit-del-primer-taller-de-co-creacio-del-projecte-unicas-dedicat-a-les-malalties-minoritaries-pediatriques\/#primaryimage\"},\"image\":{\"@id\":\"https:\/\/ticsalutsocial.atoom.space\/en\/noticia\/exit-del-primer-taller-de-co-creacio-del-projecte-unicas-dedicat-a-les-malalties-minoritaries-pediatriques\/#primaryimage\"},\"thumbnailUrl\":\"https:\/\/ticsalutsocial.atoom.space\/wp-content\/uploads\/2023\/11\/carlos_web.png\",\"datePublished\":\"2023-11-08T08:24:23+00:00\",\"dateModified\":\"2023-12-04T11:03:06+00:00\",\"description\":\"M\u00e9s de 50 professionals de l\u2019\u00e0mbit de les TIC en salut d\u2019arreu de l\u2019estat van participar al taller\u00a0 del projecte UNICAS, que va tenir lloc el 5 d\u2019octubre a les XXX Jornadas Nacionales de Informaci\u00f3n y Salud en Andaluc\u00eda, organitzades per la Societat Espa\u00f1ola de Inform\u00e1tica (SEIS) a Torremolinos, M\u00e0laga.\",\"breadcrumb\":{\"@id\":\"https:\/\/ticsalutsocial.atoom.space\/en\/noticia\/exit-del-primer-taller-de-co-creacio-del-projecte-unicas-dedicat-a-les-malalties-minoritaries-pediatriques\/#breadcrumb\"},\"inLanguage\":\"en-US\",\"potentialAction\":[{\"@type\":\"ReadAction\",\"target\":[\"https:\/\/ticsalutsocial.atoom.space\/en\/noticia\/exit-del-primer-taller-de-co-creacio-del-projecte-unicas-dedicat-a-les-malalties-minoritaries-pediatriques\/\"]}]},{\"@type\":\"ImageObject\",\"inLanguage\":\"en-US\",\"@id\":\"https:\/\/ticsalutsocial.atoom.space\/en\/noticia\/exit-del-primer-taller-de-co-creacio-del-projecte-unicas-dedicat-a-les-malalties-minoritaries-pediatriques\/#primaryimage\",\"url\":\"https:\/\/ticsalutsocial.atoom.space\/wp-content\/uploads\/2023\/11\/carlos_web.png\",\"contentUrl\":\"https:\/\/ticsalutsocial.atoom.space\/wp-content\/uploads\/2023\/11\/carlos_web.png\",\"width\":1280,\"height\":960},{\"@type\":\"BreadcrumbList\",\"@id\":\"https:\/\/ticsalutsocial.atoom.space\/en\/noticia\/exit-del-primer-taller-de-co-creacio-del-projecte-unicas-dedicat-a-les-malalties-minoritaries-pediatriques\/#breadcrumb\",\"itemListElement\":[{\"@type\":\"ListItem\",\"position\":1,\"name\":\"Inici\",\"item\":\"https:\/\/ticsalutsocial.atoom.space\/en\/\"},{\"@type\":\"ListItem\",\"position\":2,\"name\":\"The first UNICAS project co-creation workshop on rare paediatric diseases is successfully carried out\"}]},{\"@type\":\"WebSite\",\"@id\":\"https:\/\/ticsalutsocial.atoom.space\/en\/#website\",\"url\":\"https:\/\/ticsalutsocial.atoom.space\/en\/\",\"name\":\"Fundaci\u00f3 TIC Salut i Social\",\"description\":\"\",\"potentialAction\":[{\"@type\":\"SearchAction\",\"target\":{\"@type\":\"EntryPoint\",\"urlTemplate\":\"https:\/\/ticsalutsocial.atoom.space\/en\/?s={search_term_string}\"},\"query-input\":{\"@type\":\"PropertyValueSpecification\",\"valueRequired\":true,\"valueName\":\"search_term_string\"}}],\"inLanguage\":\"en-US\"}]}<\/script>\n<!-- \/ Yoast SEO plugin. -->","yoast_head_json":{"title":"The first UNICAS project co-creation workshop on rare paediatric diseases is successfully carried out - Fundaci\u00f3 TIC Salut i Social","description":"M\u00e9s de 50 professionals de l\u2019\u00e0mbit de les TIC en salut d\u2019arreu de l\u2019estat van participar al taller\u00a0 del projecte UNICAS, que va tenir lloc el 5 d\u2019octubre a les XXX Jornadas Nacionales de Informaci\u00f3n y Salud en Andaluc\u00eda, organitzades per la Societat Espa\u00f1ola de Inform\u00e1tica (SEIS) a Torremolinos, M\u00e0laga.","robots":{"index":"index","follow":"follow","max-snippet":"max-snippet:-1","max-image-preview":"max-image-preview:large","max-video-preview":"max-video-preview:-1"},"canonical":"https:\/\/ticsalutsocial.atoom.space\/en\/noticia\/exit-del-primer-taller-de-co-creacio-del-projecte-unicas-dedicat-a-les-malalties-minoritaries-pediatriques\/","og_locale":"en_US","og_type":"article","og_title":"The first UNICAS project co-creation workshop on rare paediatric diseases is successfully carried out - Fundaci\u00f3 TIC Salut i Social","og_description":"M\u00e9s de 50 professionals de l\u2019\u00e0mbit de les TIC en salut d\u2019arreu de l\u2019estat van participar al taller\u00a0 del projecte UNICAS, que va tenir lloc el 5 d\u2019octubre a les XXX Jornadas Nacionales de Informaci\u00f3n y Salud en Andaluc\u00eda, organitzades per la Societat Espa\u00f1ola de Inform\u00e1tica (SEIS) a Torremolinos, M\u00e0laga.","og_url":"https:\/\/ticsalutsocial.atoom.space\/en\/noticia\/exit-del-primer-taller-de-co-creacio-del-projecte-unicas-dedicat-a-les-malalties-minoritaries-pediatriques\/","og_site_name":"Fundaci\u00f3 TIC Salut i Social","article_modified_time":"2023-12-04T11:03:06+00:00","og_image":[{"width":1024,"height":768,"url":"https:\/\/ticsalutsocial.atoom.space\/wp-content\/uploads\/2023\/11\/carlos_web-1024x768.png","type":"image\/png"}],"twitter_card":"summary_large_image","twitter_misc":{"Est. reading time":"4 minutes"},"schema":{"@context":"https:\/\/schema.org","@graph":[{"@type":"WebPage","@id":"https:\/\/ticsalutsocial.atoom.space\/en\/noticia\/exit-del-primer-taller-de-co-creacio-del-projecte-unicas-dedicat-a-les-malalties-minoritaries-pediatriques\/","url":"https:\/\/ticsalutsocial.atoom.space\/en\/noticia\/exit-del-primer-taller-de-co-creacio-del-projecte-unicas-dedicat-a-les-malalties-minoritaries-pediatriques\/","name":"The first UNICAS project co-creation workshop on rare paediatric diseases is successfully carried out - Fundaci\u00f3 TIC Salut i Social","isPartOf":{"@id":"https:\/\/ticsalutsocial.atoom.space\/en\/#website"},"primaryImageOfPage":{"@id":"https:\/\/ticsalutsocial.atoom.space\/en\/noticia\/exit-del-primer-taller-de-co-creacio-del-projecte-unicas-dedicat-a-les-malalties-minoritaries-pediatriques\/#primaryimage"},"image":{"@id":"https:\/\/ticsalutsocial.atoom.space\/en\/noticia\/exit-del-primer-taller-de-co-creacio-del-projecte-unicas-dedicat-a-les-malalties-minoritaries-pediatriques\/#primaryimage"},"thumbnailUrl":"https:\/\/ticsalutsocial.atoom.space\/wp-content\/uploads\/2023\/11\/carlos_web.png","datePublished":"2023-11-08T08:24:23+00:00","dateModified":"2023-12-04T11:03:06+00:00","description":"M\u00e9s de 50 professionals de l\u2019\u00e0mbit de les TIC en salut d\u2019arreu de l\u2019estat van participar al taller\u00a0 del projecte UNICAS, que va tenir lloc el 5 d\u2019octubre a les XXX Jornadas Nacionales de Informaci\u00f3n y Salud en Andaluc\u00eda, organitzades per la Societat Espa\u00f1ola de Inform\u00e1tica (SEIS) a Torremolinos, M\u00e0laga.","breadcrumb":{"@id":"https:\/\/ticsalutsocial.atoom.space\/en\/noticia\/exit-del-primer-taller-de-co-creacio-del-projecte-unicas-dedicat-a-les-malalties-minoritaries-pediatriques\/#breadcrumb"},"inLanguage":"en-US","potentialAction":[{"@type":"ReadAction","target":["https:\/\/ticsalutsocial.atoom.space\/en\/noticia\/exit-del-primer-taller-de-co-creacio-del-projecte-unicas-dedicat-a-les-malalties-minoritaries-pediatriques\/"]}]},{"@type":"ImageObject","inLanguage":"en-US","@id":"https:\/\/ticsalutsocial.atoom.space\/en\/noticia\/exit-del-primer-taller-de-co-creacio-del-projecte-unicas-dedicat-a-les-malalties-minoritaries-pediatriques\/#primaryimage","url":"https:\/\/ticsalutsocial.atoom.space\/wp-content\/uploads\/2023\/11\/carlos_web.png","contentUrl":"https:\/\/ticsalutsocial.atoom.space\/wp-content\/uploads\/2023\/11\/carlos_web.png","width":1280,"height":960},{"@type":"BreadcrumbList","@id":"https:\/\/ticsalutsocial.atoom.space\/en\/noticia\/exit-del-primer-taller-de-co-creacio-del-projecte-unicas-dedicat-a-les-malalties-minoritaries-pediatriques\/#breadcrumb","itemListElement":[{"@type":"ListItem","position":1,"name":"Inici","item":"https:\/\/ticsalutsocial.atoom.space\/en\/"},{"@type":"ListItem","position":2,"name":"The first UNICAS project co-creation workshop on rare paediatric diseases is successfully carried out"}]},{"@type":"WebSite","@id":"https:\/\/ticsalutsocial.atoom.space\/en\/#website","url":"https:\/\/ticsalutsocial.atoom.space\/en\/","name":"Fundaci\u00f3 TIC Salut i Social","description":"","potentialAction":[{"@type":"SearchAction","target":{"@type":"EntryPoint","urlTemplate":"https:\/\/ticsalutsocial.atoom.space\/en\/?s={search_term_string}"},"query-input":{"@type":"PropertyValueSpecification","valueRequired":true,"valueName":"search_term_string"}}],"inLanguage":"en-US"}]}},"_links":{"self":[{"href":"https:\/\/ticsalutsocial.atoom.space\/en\/wp-json\/wp\/v2\/noticia\/23972","targetHints":{"allow":["GET"]}}],"collection":[{"href":"https:\/\/ticsalutsocial.atoom.space\/en\/wp-json\/wp\/v2\/noticia"}],"about":[{"href":"https:\/\/ticsalutsocial.atoom.space\/en\/wp-json\/wp\/v2\/types\/noticia"}],"author":[{"embeddable":true,"href":"https:\/\/ticsalutsocial.atoom.space\/en\/wp-json\/wp\/v2\/users\/3"}],"wp:featuredmedia":[{"embeddable":true,"href":"https:\/\/ticsalutsocial.atoom.space\/en\/wp-json\/wp\/v2\/media\/23000"}],"wp:attachment":[{"href":"https:\/\/ticsalutsocial.atoom.space\/en\/wp-json\/wp\/v2\/media?parent=23972"}],"wp:term":[{"taxonomy":"etiqueta","embeddable":true,"href":"https:\/\/ticsalutsocial.atoom.space\/en\/wp-json\/wp\/v2\/etiqueta?post=23972"},{"taxonomy":"tipus","embeddable":true,"href":"https:\/\/ticsalutsocial.atoom.space\/en\/wp-json\/wp\/v2\/tipus?post=23972"},{"taxonomy":"topic","embeddable":true,"href":"https:\/\/ticsalutsocial.atoom.space\/en\/wp-json\/wp\/v2\/topic?post=23972"}],"curies":[{"name":"wp","href":"https:\/\/api.w.org\/{rel}","templated":true}]}}