
{"id":23988,"date":"2023-11-14T11:18:06","date_gmt":"2023-11-14T09:18:06","guid":{"rendered":"https:\/\/ticsalutsocial.atoom.space\/noticia\/vols-exposar-la-teva-startup-al-4yfn-del-mwc-2024\/"},"modified":"2023-12-04T13:14:22","modified_gmt":"2023-12-04T11:14:22","slug":"vols-exposar-la-teva-startup-al-4yfn-del-mwc-2024","status":"publish","type":"noticia","link":"https:\/\/ticsalutsocial.atoom.space\/en\/noticia\/vols-exposar-la-teva-startup-al-4yfn-del-mwc-2024\/","title":{"rendered":"Would you like to present your startup at 4YFN at MWC 2024?"},"content":{"rendered":"\n<p><strong>Would you like to present your startup at <\/strong><a href=\"https:\/\/www.4yfn.com\/\">4YFN<\/a><strong> at the <\/strong><a href=\"https:\/\/www.mwcbarcelona.com\/\">Mobile World Congress<\/a> <strong>(MWC) Barcelona? Do you have a tech startup<\/strong>? Would you like to <strong>present your company<\/strong> on the most global stage? The 4YFN congress, within the framework of MWC Barcelona, will once again be the epicentre of the most innovative ecosystem and an essential opportunity to connect with investors and entrepreneurs from all around the world. The congress will take place from 26 to 29 February 2024 at Fira Gran Via Barcelona.<\/p>\n\n\n\n<p>If you have a startup in any sector with a <strong>developed and differential technology, <\/strong>now is your chance to make it known and gain <strong>international visibility <\/strong>with your <strong>own stand <\/strong>at <strong>next year\u2019s 4YFN<\/strong>, which will take place in Barcelona in February.<\/p>\n\n\n\n<p>Plus, <strong>if your startup is in the field of life sciences, <\/strong>you will have special prominence in 2024: you will be able to present your solutions with other startups from the sector in a <strong>space coordinated by ACCI\u00d3<\/strong>, <strong>Biocat and the TIC Salut Social Foundation. <\/strong>The <strong>Catalonia Health Innovation Ecosystem Pavilion <\/strong>at 4YFN 2024, in Hall 8.0, will be the place to showcase the best <strong>innovative health startup projects<\/strong>.<\/p>\n\n\n\n<p>Don\u2019t miss this opportunity to be at one of the events that provides the most international exposure for your startup. Hurry up! <strong>Applications are open until 27 November<\/strong>.&nbsp;<\/p>\n\n\n\n<p><a href=\"https:\/\/formularis.accio.gencat.cat\/web\/formularis\/inscripcions\/-\/inscripcio\/2023\/11\/02\/xq7oP9HSyt89nz_z85jUAA\/sollicitud-de-participacio-al-4yfn\/?lang=ca_ES&amp;portal=accio&amp;_gl=1*naf99c*_ga*NjQxMDk2ODI3LjE2NzMyNzA2MTI.*_ga_6HSVZS0K1X*MTY5OTk0NjQzOC40LjEuMTY5OTk0NzEyOS4wLjAuMA..\"><strong>For more information and to request your stand, fill in this form on the ACCI\u00d3 website.<\/strong><\/a><\/p>\n","protected":false},"author":3,"featured_media":23274,"menu_order":0,"template":"","meta":{"_acf_changed":false,"inline_featured_image":false},"etiqueta":[],"tipus":[],"topic":[],"class_list":["post-23988","noticia","type-noticia","status-publish","has-post-thumbnail","hentry"],"acf":{"autor":"","imatge":23274,"textos_destacats":[{"texte":"ACCI\u00d3, Biocat and the TIC Salut Social Foundation are coordinating a space to showcase the best innovative projects of startups in the field of health."}],"documents":false,"finalitzat":false,"tipus_plantilla":"objectius","template_objectius":{"cont_principal":"","imatge":false,"cont_seguent":{"titol":"","contingut":""},"seccio_llistat":{"titol":"","llistat":false},"objectius":{"titol":"","objectius":false},"documents":false}},"yoast_head":"<!-- This site is optimized with the Yoast SEO plugin v27.1.1 - https:\/\/yoast.com\/product\/yoast-seo-wordpress\/ -->\n<title>Would you like to present your startup at 4YFN at MWC 2024? - Fundaci\u00f3 TIC Salut i Social<\/title>\n<meta name=\"description\" content=\"El congr\u00e9s 4YFN, en el marc del MWC Barcelona, tindr\u00e0 lloc del 26 al 29 de febrer del 2024 a la Fira Gran Via Barcelona.\" \/>\n<meta name=\"robots\" content=\"index, follow, max-snippet:-1, max-image-preview:large, max-video-preview:-1\" \/>\n<link rel=\"canonical\" href=\"https:\/\/ticsalutsocial.atoom.space\/en\/noticia\/vols-exposar-la-teva-startup-al-4yfn-del-mwc-2024\/\" \/>\n<meta property=\"og:locale\" content=\"en_US\" \/>\n<meta property=\"og:type\" content=\"article\" \/>\n<meta property=\"og:title\" content=\"Would you like to present your startup at 4YFN at MWC 2024? - Fundaci\u00f3 TIC Salut i Social\" \/>\n<meta property=\"og:description\" content=\"El congr\u00e9s 4YFN, en el marc del MWC Barcelona, tindr\u00e0 lloc del 26 al 29 de febrer del 2024 a la Fira Gran Via Barcelona.\" \/>\n<meta property=\"og:url\" content=\"https:\/\/ticsalutsocial.atoom.space\/en\/noticia\/vols-exposar-la-teva-startup-al-4yfn-del-mwc-2024\/\" \/>\n<meta property=\"og:site_name\" content=\"Fundaci\u00f3 TIC Salut i Social\" \/>\n<meta property=\"article:modified_time\" content=\"2023-12-04T11:14:22+00:00\" \/>\n<meta property=\"og:image\" content=\"https:\/\/ticsalutsocial.atoom.space\/wp-content\/uploads\/2023\/11\/4yfn-slider-2024.jpg_223078711.jpg\" \/>\n\t<meta property=\"og:image:width\" content=\"832\" \/>\n\t<meta property=\"og:image:height\" content=\"468\" \/>\n\t<meta property=\"og:image:type\" content=\"image\/jpeg\" \/>\n<meta name=\"twitter:card\" content=\"summary_large_image\" \/>\n<meta name=\"twitter:label1\" content=\"Est. reading time\" \/>\n\t<meta name=\"twitter:data1\" content=\"2 minutes\" \/>\n<script type=\"application\/ld+json\" class=\"yoast-schema-graph\">{\"@context\":\"https:\/\/schema.org\",\"@graph\":[{\"@type\":\"WebPage\",\"@id\":\"https:\/\/ticsalutsocial.atoom.space\/en\/noticia\/vols-exposar-la-teva-startup-al-4yfn-del-mwc-2024\/\",\"url\":\"https:\/\/ticsalutsocial.atoom.space\/en\/noticia\/vols-exposar-la-teva-startup-al-4yfn-del-mwc-2024\/\",\"name\":\"Would you like to present your startup at 4YFN at MWC 2024? - Fundaci\u00f3 TIC Salut i Social\",\"isPartOf\":{\"@id\":\"https:\/\/ticsalutsocial.atoom.space\/en\/#website\"},\"primaryImageOfPage\":{\"@id\":\"https:\/\/ticsalutsocial.atoom.space\/en\/noticia\/vols-exposar-la-teva-startup-al-4yfn-del-mwc-2024\/#primaryimage\"},\"image\":{\"@id\":\"https:\/\/ticsalutsocial.atoom.space\/en\/noticia\/vols-exposar-la-teva-startup-al-4yfn-del-mwc-2024\/#primaryimage\"},\"thumbnailUrl\":\"https:\/\/ticsalutsocial.atoom.space\/wp-content\/uploads\/2023\/11\/4yfn-slider-2024.jpg_223078711.jpg\",\"datePublished\":\"2023-11-14T09:18:06+00:00\",\"dateModified\":\"2023-12-04T11:14:22+00:00\",\"description\":\"El congr\u00e9s 4YFN, en el marc del MWC Barcelona, tindr\u00e0 lloc del 26 al 29 de febrer del 2024 a la Fira Gran Via Barcelona.\",\"breadcrumb\":{\"@id\":\"https:\/\/ticsalutsocial.atoom.space\/en\/noticia\/vols-exposar-la-teva-startup-al-4yfn-del-mwc-2024\/#breadcrumb\"},\"inLanguage\":\"en-US\",\"potentialAction\":[{\"@type\":\"ReadAction\",\"target\":[\"https:\/\/ticsalutsocial.atoom.space\/en\/noticia\/vols-exposar-la-teva-startup-al-4yfn-del-mwc-2024\/\"]}]},{\"@type\":\"ImageObject\",\"inLanguage\":\"en-US\",\"@id\":\"https:\/\/ticsalutsocial.atoom.space\/en\/noticia\/vols-exposar-la-teva-startup-al-4yfn-del-mwc-2024\/#primaryimage\",\"url\":\"https:\/\/ticsalutsocial.atoom.space\/wp-content\/uploads\/2023\/11\/4yfn-slider-2024.jpg_223078711.jpg\",\"contentUrl\":\"https:\/\/ticsalutsocial.atoom.space\/wp-content\/uploads\/2023\/11\/4yfn-slider-2024.jpg_223078711.jpg\",\"width\":832,\"height\":468},{\"@type\":\"BreadcrumbList\",\"@id\":\"https:\/\/ticsalutsocial.atoom.space\/en\/noticia\/vols-exposar-la-teva-startup-al-4yfn-del-mwc-2024\/#breadcrumb\",\"itemListElement\":[{\"@type\":\"ListItem\",\"position\":1,\"name\":\"Inici\",\"item\":\"https:\/\/ticsalutsocial.atoom.space\/en\/\"},{\"@type\":\"ListItem\",\"position\":2,\"name\":\"Would you like to present your startup at 4YFN at MWC 2024?\"}]},{\"@type\":\"WebSite\",\"@id\":\"https:\/\/ticsalutsocial.atoom.space\/en\/#website\",\"url\":\"https:\/\/ticsalutsocial.atoom.space\/en\/\",\"name\":\"Fundaci\u00f3 TIC Salut i Social\",\"description\":\"\",\"potentialAction\":[{\"@type\":\"SearchAction\",\"target\":{\"@type\":\"EntryPoint\",\"urlTemplate\":\"https:\/\/ticsalutsocial.atoom.space\/en\/?s={search_term_string}\"},\"query-input\":{\"@type\":\"PropertyValueSpecification\",\"valueRequired\":true,\"valueName\":\"search_term_string\"}}],\"inLanguage\":\"en-US\"}]}<\/script>\n<!-- \/ Yoast SEO plugin. -->","yoast_head_json":{"title":"Would you like to present your startup at 4YFN at MWC 2024? - Fundaci\u00f3 TIC Salut i Social","description":"El congr\u00e9s 4YFN, en el marc del MWC Barcelona, tindr\u00e0 lloc del 26 al 29 de febrer del 2024 a la Fira Gran Via Barcelona.","robots":{"index":"index","follow":"follow","max-snippet":"max-snippet:-1","max-image-preview":"max-image-preview:large","max-video-preview":"max-video-preview:-1"},"canonical":"https:\/\/ticsalutsocial.atoom.space\/en\/noticia\/vols-exposar-la-teva-startup-al-4yfn-del-mwc-2024\/","og_locale":"en_US","og_type":"article","og_title":"Would you like to present your startup at 4YFN at MWC 2024? - Fundaci\u00f3 TIC Salut i Social","og_description":"El congr\u00e9s 4YFN, en el marc del MWC Barcelona, tindr\u00e0 lloc del 26 al 29 de febrer del 2024 a la Fira Gran Via Barcelona.","og_url":"https:\/\/ticsalutsocial.atoom.space\/en\/noticia\/vols-exposar-la-teva-startup-al-4yfn-del-mwc-2024\/","og_site_name":"Fundaci\u00f3 TIC Salut i Social","article_modified_time":"2023-12-04T11:14:22+00:00","og_image":[{"width":832,"height":468,"url":"https:\/\/ticsalutsocial.atoom.space\/wp-content\/uploads\/2023\/11\/4yfn-slider-2024.jpg_223078711.jpg","type":"image\/jpeg"}],"twitter_card":"summary_large_image","twitter_misc":{"Est. reading time":"2 minutes"},"schema":{"@context":"https:\/\/schema.org","@graph":[{"@type":"WebPage","@id":"https:\/\/ticsalutsocial.atoom.space\/en\/noticia\/vols-exposar-la-teva-startup-al-4yfn-del-mwc-2024\/","url":"https:\/\/ticsalutsocial.atoom.space\/en\/noticia\/vols-exposar-la-teva-startup-al-4yfn-del-mwc-2024\/","name":"Would you like to present your startup at 4YFN at MWC 2024? - Fundaci\u00f3 TIC Salut i Social","isPartOf":{"@id":"https:\/\/ticsalutsocial.atoom.space\/en\/#website"},"primaryImageOfPage":{"@id":"https:\/\/ticsalutsocial.atoom.space\/en\/noticia\/vols-exposar-la-teva-startup-al-4yfn-del-mwc-2024\/#primaryimage"},"image":{"@id":"https:\/\/ticsalutsocial.atoom.space\/en\/noticia\/vols-exposar-la-teva-startup-al-4yfn-del-mwc-2024\/#primaryimage"},"thumbnailUrl":"https:\/\/ticsalutsocial.atoom.space\/wp-content\/uploads\/2023\/11\/4yfn-slider-2024.jpg_223078711.jpg","datePublished":"2023-11-14T09:18:06+00:00","dateModified":"2023-12-04T11:14:22+00:00","description":"El congr\u00e9s 4YFN, en el marc del MWC Barcelona, tindr\u00e0 lloc del 26 al 29 de febrer del 2024 a la Fira Gran Via Barcelona.","breadcrumb":{"@id":"https:\/\/ticsalutsocial.atoom.space\/en\/noticia\/vols-exposar-la-teva-startup-al-4yfn-del-mwc-2024\/#breadcrumb"},"inLanguage":"en-US","potentialAction":[{"@type":"ReadAction","target":["https:\/\/ticsalutsocial.atoom.space\/en\/noticia\/vols-exposar-la-teva-startup-al-4yfn-del-mwc-2024\/"]}]},{"@type":"ImageObject","inLanguage":"en-US","@id":"https:\/\/ticsalutsocial.atoom.space\/en\/noticia\/vols-exposar-la-teva-startup-al-4yfn-del-mwc-2024\/#primaryimage","url":"https:\/\/ticsalutsocial.atoom.space\/wp-content\/uploads\/2023\/11\/4yfn-slider-2024.jpg_223078711.jpg","contentUrl":"https:\/\/ticsalutsocial.atoom.space\/wp-content\/uploads\/2023\/11\/4yfn-slider-2024.jpg_223078711.jpg","width":832,"height":468},{"@type":"BreadcrumbList","@id":"https:\/\/ticsalutsocial.atoom.space\/en\/noticia\/vols-exposar-la-teva-startup-al-4yfn-del-mwc-2024\/#breadcrumb","itemListElement":[{"@type":"ListItem","position":1,"name":"Inici","item":"https:\/\/ticsalutsocial.atoom.space\/en\/"},{"@type":"ListItem","position":2,"name":"Would you like to present your startup at 4YFN at MWC 2024?"}]},{"@type":"WebSite","@id":"https:\/\/ticsalutsocial.atoom.space\/en\/#website","url":"https:\/\/ticsalutsocial.atoom.space\/en\/","name":"Fundaci\u00f3 TIC Salut i Social","description":"","potentialAction":[{"@type":"SearchAction","target":{"@type":"EntryPoint","urlTemplate":"https:\/\/ticsalutsocial.atoom.space\/en\/?s={search_term_string}"},"query-input":{"@type":"PropertyValueSpecification","valueRequired":true,"valueName":"search_term_string"}}],"inLanguage":"en-US"}]}},"_links":{"self":[{"href":"https:\/\/ticsalutsocial.atoom.space\/en\/wp-json\/wp\/v2\/noticia\/23988","targetHints":{"allow":["GET"]}}],"collection":[{"href":"https:\/\/ticsalutsocial.atoom.space\/en\/wp-json\/wp\/v2\/noticia"}],"about":[{"href":"https:\/\/ticsalutsocial.atoom.space\/en\/wp-json\/wp\/v2\/types\/noticia"}],"author":[{"embeddable":true,"href":"https:\/\/ticsalutsocial.atoom.space\/en\/wp-json\/wp\/v2\/users\/3"}],"wp:featuredmedia":[{"embeddable":true,"href":"https:\/\/ticsalutsocial.atoom.space\/en\/wp-json\/wp\/v2\/media\/23274"}],"wp:attachment":[{"href":"https:\/\/ticsalutsocial.atoom.space\/en\/wp-json\/wp\/v2\/media?parent=23988"}],"wp:term":[{"taxonomy":"etiqueta","embeddable":true,"href":"https:\/\/ticsalutsocial.atoom.space\/en\/wp-json\/wp\/v2\/etiqueta?post=23988"},{"taxonomy":"tipus","embeddable":true,"href":"https:\/\/ticsalutsocial.atoom.space\/en\/wp-json\/wp\/v2\/tipus?post=23988"},{"taxonomy":"topic","embeddable":true,"href":"https:\/\/ticsalutsocial.atoom.space\/en\/wp-json\/wp\/v2\/topic?post=23988"}],"curies":[{"name":"wp","href":"https:\/\/api.w.org\/{rel}","templated":true}]}}