
{"id":25870,"date":"2023-11-29T11:07:13","date_gmt":"2023-11-29T09:07:13","guid":{"rendered":"https:\/\/ticsalutsocial.atoom.space\/?post_type=noticia&#038;p=25870"},"modified":"2024-03-11T11:47:24","modified_gmt":"2024-03-11T09:47:24","slug":"els-equips-datencio-primaria-atendran-directament-els-usuaris-de-residencies-de-gent-gran-a-partir-de-lany-que-ve","status":"publish","type":"noticia","link":"https:\/\/ticsalutsocial.atoom.space\/en\/noticia\/els-equips-datencio-primaria-atendran-directament-els-usuaris-de-residencies-de-gent-gran-a-partir-de-lany-que-ve\/","title":{"rendered":"Primary care teams will provide care directly to nursing home users from next year"},"content":{"rendered":"\n<p>People who are living in care homes for the elderly can be treated there by primary care teams (EAP). This is a measure that had already been tested during the Covid-19 pandemic and will now be applied structurally. The Government will invest \u20ac15 million, which will go towards hiring 117 doctors and 130 more nurses. The new care model will be deployed within a year and will get underway in the coming months in the teams that have a high degree of coordination with the care homes, which represent 72% of the total. The remaining portion will get underway in the second quarter of 2024.<\/p>\n\n\n\n<p>This was announced by the Minister of Health, Manel Balcells; the Minister of Social Rights, Carles Campuzano, and the spokesperson for the Government, Patr\u00edcia Plaja, at the press conference following the Executives meeting.<\/p>\n\n\n\n<p><strong>&#8220;It is a significant decision, which changes the care of people in need and which we are sure will greatly improve their quality of life and their care&#8221;<\/strong>, said Balcells. For the Minister of Health, people living in a care home&nbsp;<strong>&#8220;are at home, it is their usual address&#8221;<\/strong>&nbsp;and therefore,&nbsp;<strong>&#8220;they must have the necessary coverage from primary care like any other citizen&#8221;<\/strong>.<\/p>\n\n\n\n<p>According to the Minister,&nbsp;<strong>&#8220;it&#8217;s one of the lessons learned from the pandemic: we had to offer different types of care to residents. It is a decision that will greatly improve the quality of life, an example of social and health integration, a joint people-centred vision that is beginning to unfold within the framework of the future Social and Health Care Agency&#8221;.<\/strong><\/p>\n\n\n\n<p>Currently, in Catalonia there are 1,042 care homes for the elderly; 951 residences and 91 residential homes, with 61,498 places. Of the total of 376 EAPs, 317 (84.3%) have at least one care home assigned to their area of influence.<\/p>\n\n\n\n<p><strong>&#8220;This agreement is part of the strategy to deploy integrated social and health care. The goal is for all elderly people living in residential care to be cared for by primary care centres&#8221;<\/strong>, emphasised the Minister of Social Rights, Carles Campuzano.<\/p>\n\n\n\n<p>Residents usually have significant health care needs: they have an average of 9.2 chronic diseases (with a 57% prevalence of dementia); an annual mortality of 20% (50% need palliative care); almost 90% are classified in the categories of maximum clinical complexity or high risk, and 97% have a high degree of dependence.<\/p>\n\n\n\n<p>As Campuzano has highlighted, since the pandemic, a number of actions have already been carried out and improvements have been made, and it has been noted that in many cases teams and care homes are already working together. So, in the last twelve months, 92% of residents have been visited in person by their EAP nurse, and 65% by their doctor. A specific census of care homes and residents has been drawn up, which did not exist before the pandemic, and joint training has been delivered to 15,532 professionals from care homes and primary care teams, among other improvements.<\/p>\n\n\n\n<p>Source:&nbsp;<a href=\"https:\/\/govern.cat\/gov\/acords-govern\/13421\/equips-datencio-primaria-atendran-directament-usuaris-res\" target=\"_blank\" rel=\"noreferrer noopener\">govern.cat<\/a><\/p>\n","protected":false},"author":3,"featured_media":23943,"menu_order":0,"template":"","meta":{"_acf_changed":true,"inline_featured_image":false},"etiqueta":[],"tipus":[95],"topic":[],"class_list":["post-25870","noticia","type-noticia","status-publish","has-post-thumbnail","hentry","tipus-integrated-care"],"acf":{"autor":"","imatge":23940,"textos_destacats":[{"texte":"Health and Social Rights deploy integrated social and health care in all centres, which will mean an extra 117 doctors and 130 nurses"}],"documents":false,"finalitzat":false,"tipus_plantilla":"objectius","template_objectius":{"cont_principal":"","imatge":false,"cont_seguent":{"titol":"","contingut":""},"seccio_llistat":{"titol":"","llistat":false},"objectius":{"titol":"","objectius":false},"documents":false}},"yoast_head":"<!-- This site is optimized with the Yoast SEO plugin v27.1.1 - https:\/\/yoast.com\/product\/yoast-seo-wordpress\/ -->\n<title>Primary care teams will provide care directly to nursing home users from next year - Fundaci\u00f3 TIC Salut i Social<\/title>\n<meta name=\"description\" content=\"Les persones que estan vivint en resid\u00e8ncies de gent gran podran ser ateses all\u00e0 mateix per equips d\u2019atenci\u00f3 prim\u00e0ria (EAP).\" \/>\n<meta name=\"robots\" content=\"index, follow, max-snippet:-1, max-image-preview:large, max-video-preview:-1\" \/>\n<link rel=\"canonical\" href=\"https:\/\/ticsalutsocial.atoom.space\/en\/noticia\/els-equips-datencio-primaria-atendran-directament-els-usuaris-de-residencies-de-gent-gran-a-partir-de-lany-que-ve\/\" \/>\n<meta property=\"og:locale\" content=\"en_US\" \/>\n<meta property=\"og:type\" content=\"article\" \/>\n<meta property=\"og:title\" content=\"Primary care teams will provide care directly to nursing home users from next year - Fundaci\u00f3 TIC Salut i Social\" \/>\n<meta property=\"og:description\" content=\"Les persones que estan vivint en resid\u00e8ncies de gent gran podran ser ateses all\u00e0 mateix per equips d\u2019atenci\u00f3 prim\u00e0ria (EAP).\" \/>\n<meta property=\"og:url\" content=\"https:\/\/ticsalutsocial.atoom.space\/en\/noticia\/els-equips-datencio-primaria-atendran-directament-els-usuaris-de-residencies-de-gent-gran-a-partir-de-lany-que-ve\/\" \/>\n<meta property=\"og:site_name\" content=\"Fundaci\u00f3 TIC Salut i Social\" \/>\n<meta property=\"article:modified_time\" content=\"2024-03-11T09:47:24+00:00\" \/>\n<meta property=\"og:image\" content=\"https:\/\/ticsalutsocial.atoom.space\/wp-content\/uploads\/2023\/11\/foto_residencia-1.png\" \/>\n\t<meta property=\"og:image:width\" content=\"1280\" \/>\n\t<meta property=\"og:image:height\" content=\"960\" \/>\n\t<meta property=\"og:image:type\" content=\"image\/png\" \/>\n<meta name=\"twitter:card\" content=\"summary_large_image\" \/>\n<meta name=\"twitter:label1\" content=\"Est. reading time\" \/>\n\t<meta name=\"twitter:data1\" content=\"3 minutes\" \/>\n<script type=\"application\/ld+json\" class=\"yoast-schema-graph\">{\"@context\":\"https:\/\/schema.org\",\"@graph\":[{\"@type\":\"WebPage\",\"@id\":\"https:\/\/ticsalutsocial.atoom.space\/en\/noticia\/els-equips-datencio-primaria-atendran-directament-els-usuaris-de-residencies-de-gent-gran-a-partir-de-lany-que-ve\/\",\"url\":\"https:\/\/ticsalutsocial.atoom.space\/en\/noticia\/els-equips-datencio-primaria-atendran-directament-els-usuaris-de-residencies-de-gent-gran-a-partir-de-lany-que-ve\/\",\"name\":\"Primary care teams will provide care directly to nursing home users from next year - Fundaci\u00f3 TIC Salut i Social\",\"isPartOf\":{\"@id\":\"https:\/\/ticsalutsocial.atoom.space\/en\/#website\"},\"primaryImageOfPage\":{\"@id\":\"https:\/\/ticsalutsocial.atoom.space\/en\/noticia\/els-equips-datencio-primaria-atendran-directament-els-usuaris-de-residencies-de-gent-gran-a-partir-de-lany-que-ve\/#primaryimage\"},\"image\":{\"@id\":\"https:\/\/ticsalutsocial.atoom.space\/en\/noticia\/els-equips-datencio-primaria-atendran-directament-els-usuaris-de-residencies-de-gent-gran-a-partir-de-lany-que-ve\/#primaryimage\"},\"thumbnailUrl\":\"https:\/\/ticsalutsocial.atoom.space\/wp-content\/uploads\/2023\/11\/foto_residencia-1.png\",\"datePublished\":\"2023-11-29T09:07:13+00:00\",\"dateModified\":\"2024-03-11T09:47:24+00:00\",\"description\":\"Les persones que estan vivint en resid\u00e8ncies de gent gran podran ser ateses all\u00e0 mateix per equips d\u2019atenci\u00f3 prim\u00e0ria (EAP).\",\"breadcrumb\":{\"@id\":\"https:\/\/ticsalutsocial.atoom.space\/en\/noticia\/els-equips-datencio-primaria-atendran-directament-els-usuaris-de-residencies-de-gent-gran-a-partir-de-lany-que-ve\/#breadcrumb\"},\"inLanguage\":\"en-US\",\"potentialAction\":[{\"@type\":\"ReadAction\",\"target\":[\"https:\/\/ticsalutsocial.atoom.space\/en\/noticia\/els-equips-datencio-primaria-atendran-directament-els-usuaris-de-residencies-de-gent-gran-a-partir-de-lany-que-ve\/\"]}]},{\"@type\":\"ImageObject\",\"inLanguage\":\"en-US\",\"@id\":\"https:\/\/ticsalutsocial.atoom.space\/en\/noticia\/els-equips-datencio-primaria-atendran-directament-els-usuaris-de-residencies-de-gent-gran-a-partir-de-lany-que-ve\/#primaryimage\",\"url\":\"https:\/\/ticsalutsocial.atoom.space\/wp-content\/uploads\/2023\/11\/foto_residencia-1.png\",\"contentUrl\":\"https:\/\/ticsalutsocial.atoom.space\/wp-content\/uploads\/2023\/11\/foto_residencia-1.png\",\"width\":1280,\"height\":960},{\"@type\":\"BreadcrumbList\",\"@id\":\"https:\/\/ticsalutsocial.atoom.space\/en\/noticia\/els-equips-datencio-primaria-atendran-directament-els-usuaris-de-residencies-de-gent-gran-a-partir-de-lany-que-ve\/#breadcrumb\",\"itemListElement\":[{\"@type\":\"ListItem\",\"position\":1,\"name\":\"Inici\",\"item\":\"https:\/\/ticsalutsocial.atoom.space\/en\/\"},{\"@type\":\"ListItem\",\"position\":2,\"name\":\"Primary care teams will provide care directly to nursing home users from next year\"}]},{\"@type\":\"WebSite\",\"@id\":\"https:\/\/ticsalutsocial.atoom.space\/en\/#website\",\"url\":\"https:\/\/ticsalutsocial.atoom.space\/en\/\",\"name\":\"Fundaci\u00f3 TIC Salut i Social\",\"description\":\"\",\"potentialAction\":[{\"@type\":\"SearchAction\",\"target\":{\"@type\":\"EntryPoint\",\"urlTemplate\":\"https:\/\/ticsalutsocial.atoom.space\/en\/?s={search_term_string}\"},\"query-input\":{\"@type\":\"PropertyValueSpecification\",\"valueRequired\":true,\"valueName\":\"search_term_string\"}}],\"inLanguage\":\"en-US\"}]}<\/script>\n<!-- \/ Yoast SEO plugin. -->","yoast_head_json":{"title":"Primary care teams will provide care directly to nursing home users from next year - Fundaci\u00f3 TIC Salut i Social","description":"Les persones que estan vivint en resid\u00e8ncies de gent gran podran ser ateses all\u00e0 mateix per equips d\u2019atenci\u00f3 prim\u00e0ria (EAP).","robots":{"index":"index","follow":"follow","max-snippet":"max-snippet:-1","max-image-preview":"max-image-preview:large","max-video-preview":"max-video-preview:-1"},"canonical":"https:\/\/ticsalutsocial.atoom.space\/en\/noticia\/els-equips-datencio-primaria-atendran-directament-els-usuaris-de-residencies-de-gent-gran-a-partir-de-lany-que-ve\/","og_locale":"en_US","og_type":"article","og_title":"Primary care teams will provide care directly to nursing home users from next year - Fundaci\u00f3 TIC Salut i Social","og_description":"Les persones que estan vivint en resid\u00e8ncies de gent gran podran ser ateses all\u00e0 mateix per equips d\u2019atenci\u00f3 prim\u00e0ria (EAP).","og_url":"https:\/\/ticsalutsocial.atoom.space\/en\/noticia\/els-equips-datencio-primaria-atendran-directament-els-usuaris-de-residencies-de-gent-gran-a-partir-de-lany-que-ve\/","og_site_name":"Fundaci\u00f3 TIC Salut i Social","article_modified_time":"2024-03-11T09:47:24+00:00","og_image":[{"width":1280,"height":960,"url":"https:\/\/ticsalutsocial.atoom.space\/wp-content\/uploads\/2023\/11\/foto_residencia-1.png","type":"image\/png"}],"twitter_card":"summary_large_image","twitter_misc":{"Est. reading time":"3 minutes"},"schema":{"@context":"https:\/\/schema.org","@graph":[{"@type":"WebPage","@id":"https:\/\/ticsalutsocial.atoom.space\/en\/noticia\/els-equips-datencio-primaria-atendran-directament-els-usuaris-de-residencies-de-gent-gran-a-partir-de-lany-que-ve\/","url":"https:\/\/ticsalutsocial.atoom.space\/en\/noticia\/els-equips-datencio-primaria-atendran-directament-els-usuaris-de-residencies-de-gent-gran-a-partir-de-lany-que-ve\/","name":"Primary care teams will provide care directly to nursing home users from next year - Fundaci\u00f3 TIC Salut i Social","isPartOf":{"@id":"https:\/\/ticsalutsocial.atoom.space\/en\/#website"},"primaryImageOfPage":{"@id":"https:\/\/ticsalutsocial.atoom.space\/en\/noticia\/els-equips-datencio-primaria-atendran-directament-els-usuaris-de-residencies-de-gent-gran-a-partir-de-lany-que-ve\/#primaryimage"},"image":{"@id":"https:\/\/ticsalutsocial.atoom.space\/en\/noticia\/els-equips-datencio-primaria-atendran-directament-els-usuaris-de-residencies-de-gent-gran-a-partir-de-lany-que-ve\/#primaryimage"},"thumbnailUrl":"https:\/\/ticsalutsocial.atoom.space\/wp-content\/uploads\/2023\/11\/foto_residencia-1.png","datePublished":"2023-11-29T09:07:13+00:00","dateModified":"2024-03-11T09:47:24+00:00","description":"Les persones que estan vivint en resid\u00e8ncies de gent gran podran ser ateses all\u00e0 mateix per equips d\u2019atenci\u00f3 prim\u00e0ria (EAP).","breadcrumb":{"@id":"https:\/\/ticsalutsocial.atoom.space\/en\/noticia\/els-equips-datencio-primaria-atendran-directament-els-usuaris-de-residencies-de-gent-gran-a-partir-de-lany-que-ve\/#breadcrumb"},"inLanguage":"en-US","potentialAction":[{"@type":"ReadAction","target":["https:\/\/ticsalutsocial.atoom.space\/en\/noticia\/els-equips-datencio-primaria-atendran-directament-els-usuaris-de-residencies-de-gent-gran-a-partir-de-lany-que-ve\/"]}]},{"@type":"ImageObject","inLanguage":"en-US","@id":"https:\/\/ticsalutsocial.atoom.space\/en\/noticia\/els-equips-datencio-primaria-atendran-directament-els-usuaris-de-residencies-de-gent-gran-a-partir-de-lany-que-ve\/#primaryimage","url":"https:\/\/ticsalutsocial.atoom.space\/wp-content\/uploads\/2023\/11\/foto_residencia-1.png","contentUrl":"https:\/\/ticsalutsocial.atoom.space\/wp-content\/uploads\/2023\/11\/foto_residencia-1.png","width":1280,"height":960},{"@type":"BreadcrumbList","@id":"https:\/\/ticsalutsocial.atoom.space\/en\/noticia\/els-equips-datencio-primaria-atendran-directament-els-usuaris-de-residencies-de-gent-gran-a-partir-de-lany-que-ve\/#breadcrumb","itemListElement":[{"@type":"ListItem","position":1,"name":"Inici","item":"https:\/\/ticsalutsocial.atoom.space\/en\/"},{"@type":"ListItem","position":2,"name":"Primary care teams will provide care directly to nursing home users from next year"}]},{"@type":"WebSite","@id":"https:\/\/ticsalutsocial.atoom.space\/en\/#website","url":"https:\/\/ticsalutsocial.atoom.space\/en\/","name":"Fundaci\u00f3 TIC Salut i Social","description":"","potentialAction":[{"@type":"SearchAction","target":{"@type":"EntryPoint","urlTemplate":"https:\/\/ticsalutsocial.atoom.space\/en\/?s={search_term_string}"},"query-input":{"@type":"PropertyValueSpecification","valueRequired":true,"valueName":"search_term_string"}}],"inLanguage":"en-US"}]}},"_links":{"self":[{"href":"https:\/\/ticsalutsocial.atoom.space\/en\/wp-json\/wp\/v2\/noticia\/25870","targetHints":{"allow":["GET"]}}],"collection":[{"href":"https:\/\/ticsalutsocial.atoom.space\/en\/wp-json\/wp\/v2\/noticia"}],"about":[{"href":"https:\/\/ticsalutsocial.atoom.space\/en\/wp-json\/wp\/v2\/types\/noticia"}],"author":[{"embeddable":true,"href":"https:\/\/ticsalutsocial.atoom.space\/en\/wp-json\/wp\/v2\/users\/3"}],"wp:featuredmedia":[{"embeddable":true,"href":"https:\/\/ticsalutsocial.atoom.space\/en\/wp-json\/wp\/v2\/media\/23943"}],"wp:attachment":[{"href":"https:\/\/ticsalutsocial.atoom.space\/en\/wp-json\/wp\/v2\/media?parent=25870"}],"wp:term":[{"taxonomy":"etiqueta","embeddable":true,"href":"https:\/\/ticsalutsocial.atoom.space\/en\/wp-json\/wp\/v2\/etiqueta?post=25870"},{"taxonomy":"tipus","embeddable":true,"href":"https:\/\/ticsalutsocial.atoom.space\/en\/wp-json\/wp\/v2\/tipus?post=25870"},{"taxonomy":"topic","embeddable":true,"href":"https:\/\/ticsalutsocial.atoom.space\/en\/wp-json\/wp\/v2\/topic?post=25870"}],"curies":[{"name":"wp","href":"https:\/\/api.w.org\/{rel}","templated":true}]}}