
{"id":25881,"date":"2023-12-04T12:18:38","date_gmt":"2023-12-04T10:18:38","guid":{"rendered":"https:\/\/ticsalutsocial.atoom.space\/noticia\/podem-millorar-el-tractament-de-lautisme-amb-sales-dimmersio-tecnologica-i-entorns-virtuals-immersius\/"},"modified":"2024-03-11T12:05:57","modified_gmt":"2024-03-11T10:05:57","slug":"podem-millorar-el-tractament-de-lautisme-amb-sales-dimmersio-tecnologica-i-entorns-virtuals-immersius","status":"publish","type":"noticia","link":"https:\/\/ticsalutsocial.atoom.space\/en\/noticia\/podem-millorar-el-tractament-de-lautisme-amb-sales-dimmersio-tecnologica-i-entorns-virtuals-immersius\/","title":{"rendered":"Can we improve the treatment of autism with technological immersion rooms and immersive virtual environments?"},"content":{"rendered":"\n<p>The ICT Social Health Foundation, the&nbsp;<a href=\"https:\/\/fundacioguru.cat\/\" target=\"_blank\" rel=\"noreferrer noopener\">GURU Foundation<\/a>, the&nbsp;<a href=\"https:\/\/fundaciosfda.cat\/\" target=\"_blank\" rel=\"noreferrer noopener\">Saint Francis of Assisi Foundation<\/a>&nbsp;and the&nbsp;<a href=\"https:\/\/www.uoc.edu\/portal\/ca\/index.html\" target=\"_blank\" rel=\"noreferrer noopener\">Open University of Catalonia<\/a>&nbsp;(UOC) have started a project to assess whether the use of Information and Communication Technologies (ICT) can improve the treatment and quality of life of people with Autism Spectrum Disorder (ASD). The project will be rolled out as a <strong>pilot test to evaluate the results of the incorporation of different technological solutions&nbsp;<\/strong>in two different spaces: a technological immersion room and an immersive virtual environment.<\/p>\n\n\n\n<p>The result of the project will be the development of a&nbsp;<strong>methodological tool<\/strong>&nbsp;that allows the different teams of professionals to select which technologies may be most appropriate for their integration in the process of treating people with autism. The objective is for the technological solution to contribute to improving autonomy, cognitive stimulation, increased communication skills, and the incorporation of emotional and behavioural self-regulation strategies for people with grade II and III autism.<\/p>\n\n\n\n<p>The pilot test will take place throughout 2024 at the facilities of the Sant Francesc d\u2019Assis Foundation and the GURU Foundation in groups of a maximum of 12 users for each of the centres. The UOC eHealth Centre will participate in design and evaluation, providing methodological advice.<\/p>\n\n\n\n<h2 class=\"wp-block-heading\"><strong>Technological immersion room<\/strong><\/h2>\n\n\n\n<p>The technological immersion room will integrate the following technological solutions, aimed at improving the quality of life of people with ASD:<\/p>\n\n\n\n<ul class=\"wp-block-list\">\n<li><strong>Tablets<\/strong>: they allow the intervention to be carried out in all developmental contexts through the same tool, and this can help to overcome the difficulties in generalising the learning presented by people with autism resulting from functioning marked by a weak central coherence. Tablets will be provided in learning environments with different technological solutions prescribed by professionals.<\/li>\n\n\n\n<li><strong>Interactive whiteboards:<\/strong>&nbsp;they offer a visual and interactive way of presenting information, which facilitates information visualisation, controlled interaction, communication support, and controlled sensory stimulation for people with ASD.<\/li>\n\n\n\n<li><strong>Stimulation seats:&nbsp;<\/strong>they are designed to provide some pressure, movement and tactile stimulation to the people using them. In the case of autism, they can help provide controlled sensory stimulation.<\/li>\n\n\n\n<li><strong>Construction and programming devices<\/strong>: they allow the acquisition or consolidation of the social housing necessary to participate in group activities. It is of utmost importance that these devices are programmed with a visual block programming code.<\/li>\n<\/ul>\n\n\n\n<h2 class=\"wp-block-heading\"><strong>Immersive virtual environment<\/strong><\/h2>\n\n\n\n<p>An immersive virtual environment is a space designed to provide an enveloping and multi-sensory experience to the user. This type of environment takes place in a room that is usually equipped with advanced immersive virtual reality (IVR) technology that combines 3D graphics, sound, motion tracking and display devices.<\/p>\n\n\n\n<p>In this environment, it will be analysed whether the use of immersive rooms through virtual reality can improve emotional management work with previously controlled and determined sensory stimuli. The work of emotional management in the immersive room allows the control of stimuli and the regulation of responses by working on the interests and sensitivities of each participant.<\/p>\n\n\n\n<h2 class=\"wp-block-heading\"><strong>About autism and the impact of ICT<\/strong><\/h2>\n\n\n\n<p>ASD is a neurodevelopmental disorder that manifests itself during early childhood and accompanies the person throughout their life. There are different degrees of severity in terms of communication and social interaction, and of restricted interests and repetitive behaviours. At the same time, it can be associated with other disorders and can generate different intellectual levels. According to Federaci\u00f3 Autisme Catalunya, 1 in every 100 people has this disorder, and in Catalonia it is estimated that nearly 77,000 people have it.<\/p>\n\n\n\n<p>As mentioned in the previous points, the technological solutions proposed have a number of characteristics meaning they can become very useful tools to treat people with autism. Currently, however,&nbsp;<strong>there are no guidelines or methodology that allows professionals to know which solutions are the most appropriate&nbsp;<\/strong>according to the degree of severity of the patient, or what results can be obtained by using them. &nbsp;<\/p>\n","protected":false},"author":12,"featured_media":23962,"menu_order":0,"template":"","meta":{"_acf_changed":true,"inline_featured_image":false},"etiqueta":[],"tipus":[],"topic":[],"class_list":["post-25881","noticia","type-noticia","status-publish","has-post-thumbnail","hentry"],"acf":{"finalitzat":false,"tipus_plantilla":"objectius","template_objectius":{"cont_principal":"","imatge":false,"cont_seguent":{"titol":"","contingut":""},"seccio_llistat":{"titol":"","llistat":false},"objectius":{"titol":"","objectius":false},"documents":false},"autor":"","imatge":23962,"textos_destacats":[{"texte":"There are currently no guidelines or methodology that allow professionals to know which technological solutions are the most appropriate according to the degree of severity of the person with autism, or what results they can obtain with the use of them."}],"documents":false},"yoast_head":"<!-- This site is optimized with the Yoast SEO plugin v27.1.1 - https:\/\/yoast.com\/product\/yoast-seo-wordpress\/ -->\n<title>Can we improve the treatment of autism with technological immersion rooms and immersive virtual environments? - Fundaci\u00f3 TIC Salut i Social<\/title>\n<meta name=\"description\" content=\"La Fundaci\u00f3 TIC Salut Social, la Fundaci\u00f3 GURU, la Fundaci\u00f3 Sant Francesc d\u2019Ass\u00eds i la Universitat Oberta de Catalunya valoraran si l\u2019\u00fas de les TIC pot millorar el tractament i la qualitat de vida de les persones amb autisme.\" \/>\n<meta name=\"robots\" content=\"index, follow, max-snippet:-1, max-image-preview:large, max-video-preview:-1\" \/>\n<link rel=\"canonical\" href=\"https:\/\/ticsalutsocial.atoom.space\/en\/noticia\/podem-millorar-el-tractament-de-lautisme-amb-sales-dimmersio-tecnologica-i-entorns-virtuals-immersius\/\" \/>\n<meta property=\"og:locale\" content=\"en_US\" \/>\n<meta property=\"og:type\" content=\"article\" \/>\n<meta property=\"og:title\" content=\"Can we improve the treatment of autism with technological immersion rooms and immersive virtual environments? - Fundaci\u00f3 TIC Salut i Social\" \/>\n<meta property=\"og:description\" content=\"La Fundaci\u00f3 TIC Salut Social, la Fundaci\u00f3 GURU, la Fundaci\u00f3 Sant Francesc d\u2019Ass\u00eds i la Universitat Oberta de Catalunya valoraran si l\u2019\u00fas de les TIC pot millorar el tractament i la qualitat de vida de les persones amb autisme.\" \/>\n<meta property=\"og:url\" content=\"https:\/\/ticsalutsocial.atoom.space\/en\/noticia\/podem-millorar-el-tractament-de-lautisme-amb-sales-dimmersio-tecnologica-i-entorns-virtuals-immersius\/\" \/>\n<meta property=\"og:site_name\" content=\"Fundaci\u00f3 TIC Salut i Social\" \/>\n<meta property=\"article:modified_time\" content=\"2024-03-11T10:05:57+00:00\" \/>\n<meta property=\"og:image\" content=\"https:\/\/ticsalutsocial.atoom.space\/wp-content\/uploads\/2023\/12\/autisme-tecnologies-immersives.jpg\" \/>\n\t<meta property=\"og:image:width\" content=\"1280\" \/>\n\t<meta property=\"og:image:height\" content=\"960\" \/>\n\t<meta property=\"og:image:type\" content=\"image\/jpeg\" \/>\n<meta name=\"twitter:card\" content=\"summary_large_image\" \/>\n<meta name=\"twitter:label1\" content=\"Est. reading time\" \/>\n\t<meta name=\"twitter:data1\" content=\"4 minutes\" \/>\n<script type=\"application\/ld+json\" class=\"yoast-schema-graph\">{\"@context\":\"https:\/\/schema.org\",\"@graph\":[{\"@type\":\"WebPage\",\"@id\":\"https:\/\/ticsalutsocial.atoom.space\/en\/noticia\/podem-millorar-el-tractament-de-lautisme-amb-sales-dimmersio-tecnologica-i-entorns-virtuals-immersius\/\",\"url\":\"https:\/\/ticsalutsocial.atoom.space\/en\/noticia\/podem-millorar-el-tractament-de-lautisme-amb-sales-dimmersio-tecnologica-i-entorns-virtuals-immersius\/\",\"name\":\"Can we improve the treatment of autism with technological immersion rooms and immersive virtual environments? - Fundaci\u00f3 TIC Salut i Social\",\"isPartOf\":{\"@id\":\"https:\/\/ticsalutsocial.atoom.space\/en\/#website\"},\"primaryImageOfPage\":{\"@id\":\"https:\/\/ticsalutsocial.atoom.space\/en\/noticia\/podem-millorar-el-tractament-de-lautisme-amb-sales-dimmersio-tecnologica-i-entorns-virtuals-immersius\/#primaryimage\"},\"image\":{\"@id\":\"https:\/\/ticsalutsocial.atoom.space\/en\/noticia\/podem-millorar-el-tractament-de-lautisme-amb-sales-dimmersio-tecnologica-i-entorns-virtuals-immersius\/#primaryimage\"},\"thumbnailUrl\":\"https:\/\/ticsalutsocial.atoom.space\/wp-content\/uploads\/2023\/12\/autisme-tecnologies-immersives.jpg\",\"datePublished\":\"2023-12-04T10:18:38+00:00\",\"dateModified\":\"2024-03-11T10:05:57+00:00\",\"description\":\"La Fundaci\u00f3 TIC Salut Social, la Fundaci\u00f3 GURU, la Fundaci\u00f3 Sant Francesc d\u2019Ass\u00eds i la Universitat Oberta de Catalunya valoraran si l\u2019\u00fas de les TIC pot millorar el tractament i la qualitat de vida de les persones amb autisme.\",\"breadcrumb\":{\"@id\":\"https:\/\/ticsalutsocial.atoom.space\/en\/noticia\/podem-millorar-el-tractament-de-lautisme-amb-sales-dimmersio-tecnologica-i-entorns-virtuals-immersius\/#breadcrumb\"},\"inLanguage\":\"en-US\",\"potentialAction\":[{\"@type\":\"ReadAction\",\"target\":[\"https:\/\/ticsalutsocial.atoom.space\/en\/noticia\/podem-millorar-el-tractament-de-lautisme-amb-sales-dimmersio-tecnologica-i-entorns-virtuals-immersius\/\"]}]},{\"@type\":\"ImageObject\",\"inLanguage\":\"en-US\",\"@id\":\"https:\/\/ticsalutsocial.atoom.space\/en\/noticia\/podem-millorar-el-tractament-de-lautisme-amb-sales-dimmersio-tecnologica-i-entorns-virtuals-immersius\/#primaryimage\",\"url\":\"https:\/\/ticsalutsocial.atoom.space\/wp-content\/uploads\/2023\/12\/autisme-tecnologies-immersives.jpg\",\"contentUrl\":\"https:\/\/ticsalutsocial.atoom.space\/wp-content\/uploads\/2023\/12\/autisme-tecnologies-immersives.jpg\",\"width\":1280,\"height\":960,\"caption\":\"autisme\"},{\"@type\":\"BreadcrumbList\",\"@id\":\"https:\/\/ticsalutsocial.atoom.space\/en\/noticia\/podem-millorar-el-tractament-de-lautisme-amb-sales-dimmersio-tecnologica-i-entorns-virtuals-immersius\/#breadcrumb\",\"itemListElement\":[{\"@type\":\"ListItem\",\"position\":1,\"name\":\"Inici\",\"item\":\"https:\/\/ticsalutsocial.atoom.space\/en\/\"},{\"@type\":\"ListItem\",\"position\":2,\"name\":\"Can we improve the treatment of autism with technological immersion rooms and immersive virtual environments?\"}]},{\"@type\":\"WebSite\",\"@id\":\"https:\/\/ticsalutsocial.atoom.space\/en\/#website\",\"url\":\"https:\/\/ticsalutsocial.atoom.space\/en\/\",\"name\":\"Fundaci\u00f3 TIC Salut i Social\",\"description\":\"\",\"potentialAction\":[{\"@type\":\"SearchAction\",\"target\":{\"@type\":\"EntryPoint\",\"urlTemplate\":\"https:\/\/ticsalutsocial.atoom.space\/en\/?s={search_term_string}\"},\"query-input\":{\"@type\":\"PropertyValueSpecification\",\"valueRequired\":true,\"valueName\":\"search_term_string\"}}],\"inLanguage\":\"en-US\"}]}<\/script>\n<!-- \/ Yoast SEO plugin. -->","yoast_head_json":{"title":"Can we improve the treatment of autism with technological immersion rooms and immersive virtual environments? - Fundaci\u00f3 TIC Salut i Social","description":"La Fundaci\u00f3 TIC Salut Social, la Fundaci\u00f3 GURU, la Fundaci\u00f3 Sant Francesc d\u2019Ass\u00eds i la Universitat Oberta de Catalunya valoraran si l\u2019\u00fas de les TIC pot millorar el tractament i la qualitat de vida de les persones amb autisme.","robots":{"index":"index","follow":"follow","max-snippet":"max-snippet:-1","max-image-preview":"max-image-preview:large","max-video-preview":"max-video-preview:-1"},"canonical":"https:\/\/ticsalutsocial.atoom.space\/en\/noticia\/podem-millorar-el-tractament-de-lautisme-amb-sales-dimmersio-tecnologica-i-entorns-virtuals-immersius\/","og_locale":"en_US","og_type":"article","og_title":"Can we improve the treatment of autism with technological immersion rooms and immersive virtual environments? - Fundaci\u00f3 TIC Salut i Social","og_description":"La Fundaci\u00f3 TIC Salut Social, la Fundaci\u00f3 GURU, la Fundaci\u00f3 Sant Francesc d\u2019Ass\u00eds i la Universitat Oberta de Catalunya valoraran si l\u2019\u00fas de les TIC pot millorar el tractament i la qualitat de vida de les persones amb autisme.","og_url":"https:\/\/ticsalutsocial.atoom.space\/en\/noticia\/podem-millorar-el-tractament-de-lautisme-amb-sales-dimmersio-tecnologica-i-entorns-virtuals-immersius\/","og_site_name":"Fundaci\u00f3 TIC Salut i Social","article_modified_time":"2024-03-11T10:05:57+00:00","og_image":[{"width":1280,"height":960,"url":"https:\/\/ticsalutsocial.atoom.space\/wp-content\/uploads\/2023\/12\/autisme-tecnologies-immersives.jpg","type":"image\/jpeg"}],"twitter_card":"summary_large_image","twitter_misc":{"Est. reading time":"4 minutes"},"schema":{"@context":"https:\/\/schema.org","@graph":[{"@type":"WebPage","@id":"https:\/\/ticsalutsocial.atoom.space\/en\/noticia\/podem-millorar-el-tractament-de-lautisme-amb-sales-dimmersio-tecnologica-i-entorns-virtuals-immersius\/","url":"https:\/\/ticsalutsocial.atoom.space\/en\/noticia\/podem-millorar-el-tractament-de-lautisme-amb-sales-dimmersio-tecnologica-i-entorns-virtuals-immersius\/","name":"Can we improve the treatment of autism with technological immersion rooms and immersive virtual environments? - Fundaci\u00f3 TIC Salut i Social","isPartOf":{"@id":"https:\/\/ticsalutsocial.atoom.space\/en\/#website"},"primaryImageOfPage":{"@id":"https:\/\/ticsalutsocial.atoom.space\/en\/noticia\/podem-millorar-el-tractament-de-lautisme-amb-sales-dimmersio-tecnologica-i-entorns-virtuals-immersius\/#primaryimage"},"image":{"@id":"https:\/\/ticsalutsocial.atoom.space\/en\/noticia\/podem-millorar-el-tractament-de-lautisme-amb-sales-dimmersio-tecnologica-i-entorns-virtuals-immersius\/#primaryimage"},"thumbnailUrl":"https:\/\/ticsalutsocial.atoom.space\/wp-content\/uploads\/2023\/12\/autisme-tecnologies-immersives.jpg","datePublished":"2023-12-04T10:18:38+00:00","dateModified":"2024-03-11T10:05:57+00:00","description":"La Fundaci\u00f3 TIC Salut Social, la Fundaci\u00f3 GURU, la Fundaci\u00f3 Sant Francesc d\u2019Ass\u00eds i la Universitat Oberta de Catalunya valoraran si l\u2019\u00fas de les TIC pot millorar el tractament i la qualitat de vida de les persones amb autisme.","breadcrumb":{"@id":"https:\/\/ticsalutsocial.atoom.space\/en\/noticia\/podem-millorar-el-tractament-de-lautisme-amb-sales-dimmersio-tecnologica-i-entorns-virtuals-immersius\/#breadcrumb"},"inLanguage":"en-US","potentialAction":[{"@type":"ReadAction","target":["https:\/\/ticsalutsocial.atoom.space\/en\/noticia\/podem-millorar-el-tractament-de-lautisme-amb-sales-dimmersio-tecnologica-i-entorns-virtuals-immersius\/"]}]},{"@type":"ImageObject","inLanguage":"en-US","@id":"https:\/\/ticsalutsocial.atoom.space\/en\/noticia\/podem-millorar-el-tractament-de-lautisme-amb-sales-dimmersio-tecnologica-i-entorns-virtuals-immersius\/#primaryimage","url":"https:\/\/ticsalutsocial.atoom.space\/wp-content\/uploads\/2023\/12\/autisme-tecnologies-immersives.jpg","contentUrl":"https:\/\/ticsalutsocial.atoom.space\/wp-content\/uploads\/2023\/12\/autisme-tecnologies-immersives.jpg","width":1280,"height":960,"caption":"autisme"},{"@type":"BreadcrumbList","@id":"https:\/\/ticsalutsocial.atoom.space\/en\/noticia\/podem-millorar-el-tractament-de-lautisme-amb-sales-dimmersio-tecnologica-i-entorns-virtuals-immersius\/#breadcrumb","itemListElement":[{"@type":"ListItem","position":1,"name":"Inici","item":"https:\/\/ticsalutsocial.atoom.space\/en\/"},{"@type":"ListItem","position":2,"name":"Can we improve the treatment of autism with technological immersion rooms and immersive virtual environments?"}]},{"@type":"WebSite","@id":"https:\/\/ticsalutsocial.atoom.space\/en\/#website","url":"https:\/\/ticsalutsocial.atoom.space\/en\/","name":"Fundaci\u00f3 TIC Salut i Social","description":"","potentialAction":[{"@type":"SearchAction","target":{"@type":"EntryPoint","urlTemplate":"https:\/\/ticsalutsocial.atoom.space\/en\/?s={search_term_string}"},"query-input":{"@type":"PropertyValueSpecification","valueRequired":true,"valueName":"search_term_string"}}],"inLanguage":"en-US"}]}},"_links":{"self":[{"href":"https:\/\/ticsalutsocial.atoom.space\/en\/wp-json\/wp\/v2\/noticia\/25881","targetHints":{"allow":["GET"]}}],"collection":[{"href":"https:\/\/ticsalutsocial.atoom.space\/en\/wp-json\/wp\/v2\/noticia"}],"about":[{"href":"https:\/\/ticsalutsocial.atoom.space\/en\/wp-json\/wp\/v2\/types\/noticia"}],"author":[{"embeddable":true,"href":"https:\/\/ticsalutsocial.atoom.space\/en\/wp-json\/wp\/v2\/users\/12"}],"wp:featuredmedia":[{"embeddable":true,"href":"https:\/\/ticsalutsocial.atoom.space\/en\/wp-json\/wp\/v2\/media\/23962"}],"wp:attachment":[{"href":"https:\/\/ticsalutsocial.atoom.space\/en\/wp-json\/wp\/v2\/media?parent=25881"}],"wp:term":[{"taxonomy":"etiqueta","embeddable":true,"href":"https:\/\/ticsalutsocial.atoom.space\/en\/wp-json\/wp\/v2\/etiqueta?post=25881"},{"taxonomy":"tipus","embeddable":true,"href":"https:\/\/ticsalutsocial.atoom.space\/en\/wp-json\/wp\/v2\/tipus?post=25881"},{"taxonomy":"topic","embeddable":true,"href":"https:\/\/ticsalutsocial.atoom.space\/en\/wp-json\/wp\/v2\/topic?post=25881"}],"curies":[{"name":"wp","href":"https:\/\/api.w.org\/{rel}","templated":true}]}}