
{"id":25883,"date":"2023-12-18T14:47:06","date_gmt":"2023-12-18T12:47:06","guid":{"rendered":"https:\/\/ticsalutsocial.atoom.space\/noticia\/necessitem-un-marc-en-el-qual-les-persones-que-estiguin-prescrivint-apps-de-salut-estiguin-comodes-i-tinguin-un-control\/"},"modified":"2024-03-11T12:13:31","modified_gmt":"2024-03-11T10:13:31","slug":"necessitem-un-marc-en-el-qual-les-persones-que-estiguin-prescrivint-apps-de-salut-estiguin-comodes-i-tinguin-un-control","status":"publish","type":"noticia","link":"https:\/\/ticsalutsocial.atoom.space\/en\/noticia\/necessitem-un-marc-en-el-qual-les-persones-que-estiguin-prescrivint-apps-de-salut-estiguin-comodes-i-tinguin-un-control\/","title":{"rendered":"\u201cWe need a framework with which the people who are prescribing Health Apps feel comfortable and in control&#8221;"},"content":{"rendered":"\n<p>The\u00a0<a href=\"https:\/\/www.coib.cat\/ca-es\/inici.html\" target=\"_blank\" rel=\"noreferrer noopener\">Official College of Nurses of Barcelona<\/a>\u00a0(COIB) has been collaborating for more than 10 years with the Health and Well-being App Certification Service of the TIC Salut Social Foundation. It strives to\u00a0<strong>evaluate<\/strong>\u00a0<strong>the contents and the usefulness of the functionalities of the mobile applications that requested the service<\/strong>\u00a0and that are related to their field of work. To find out the COIB&#8217;s point of view, we spoke with its project manager and member of the Functional Expert Committee of the Foundation&#8217;s App Certification Service,\u00a0<strong>Marc Fortes<\/strong>. \u00a0\u00a0<\/p>\n\n\n\n<figure class=\"wp-block-embed is-type-video is-provider-youtube wp-block-embed-youtube wp-embed-aspect-16-9 wp-has-aspect-ratio\"><div class=\"wp-block-embed__wrapper\">\n<iframe loading=\"lazy\" title=\"Experi\u00e8ncia del COIB en l&#039;\u00e0mbit de l&#039;avaluaci\u00f3 de les aplicacions de salut\" width=\"500\" height=\"281\" src=\"https:\/\/www.youtube.com\/embed\/Cyc1eti1P-8?feature=oembed\" frameborder=\"0\" allow=\"accelerometer; autoplay; clipboard-write; encrypted-media; gyroscope; picture-in-picture; web-share\" referrerpolicy=\"strict-origin-when-cross-origin\" allowfullscreen><\/iframe>\n<\/div><\/figure>\n\n\n\n<h2 class=\"wp-block-heading\"><strong>Need for a regulatory framework<\/strong><\/h2>\n\n\n\n<p>One of the key aspects in the field of Health Apps, according to Fortes, is through&nbsp;<strong>&#8220;ensuring that these tools that exist and are available to society, are regulated, are suitable and, above all, that the people who use them can do so in the best conditions. We need a framework with which people who are prescribing Health Apps feel comfortable and have control over it\u201d.<\/strong><\/p>\n\n\n\n<p>To illustrate the need for a regulatory framework, the COIB representative gives an example of prescribing drugs:&nbsp;<strong>&#8220;doctors who have the possibility to prescribe drugs do so with complete peace of mind because there is a wide range of regulatory elements that allow us to do so based on our knowledge, knowing that these drugs fulfil a wide range of requirements. So, with health applications, I think we have to achieve something similar\u201d<\/strong>.<\/p>\n\n\n\n<p>On the other hand, Fortes positively values the efforts being made in European matters to foster&nbsp;<strong>ISO\/TS 82304-2<\/strong>, as has been done since&nbsp;<a href=\"https:\/\/label2enable.eu\/about-cen-iso-ts-82304-2\" target=\"_blank\" rel=\"noreferrer noopener\">European project Label2Enable<\/a>, with the aim of achieving greater trust, use and adoption of health applications.<\/p>\n\n\n\n<h2 class=\"wp-block-heading\"><strong>Contribution of the COIB to the App Certification Service<\/strong><\/h2>\n\n\n\n<p>COIB&#8217;s role in the App Certification Service focuses on&nbsp;<strong>evaluating the Apps from a holistic point of view<\/strong>. In this regard, they not only verify that the health information in the App is based on scientific evidence and good professional practices, but also that it considers other aspects of interest to both professionals and users, such as its efficiency and time of use.<\/p>\n\n\n\n<p>Apart from the COIB participating in the Committee of Experts,&nbsp;<strong>the College has had the <\/strong><a href=\"https:\/\/ticsalutsocial.atoom.space\/app\/infermera-virtual\/\" target=\"_blank\" rel=\"noreferrer noopener\"><strong>\u201cVirtual Nurse\u201d<\/strong><\/a><strong> free App certified since 2021<\/strong>, aimed at citizens and the group of health professionals alike, with the aim of promoting people&#8217;s autonomy and independence in making decisions regarding their health. The latest innovation of this project is the&nbsp;<a href=\"https:\/\/www.infermeravirtual.com\/esp\/recursos\/noticias\/id:1019-alexa_abre_enfermera_virtual\" target=\"_blank\" rel=\"noreferrer noopener\">new skill they have developed<\/a>&nbsp;by Amazon&#8217;s voice assistant, Alexa, in its screen version.<\/p>\n","protected":false},"author":3,"featured_media":24199,"menu_order":0,"template":"","meta":{"_acf_changed":true,"inline_featured_image":false},"etiqueta":[],"tipus":[655],"topic":[],"class_list":["post-25883","noticia","type-noticia","status-publish","has-post-thumbnail","hentry","tipus-digital-assets"],"acf":{"autor":"","imatge":24199,"textos_destacats":[{"texte":"We spoke with Marc Fortes, project manager of the Official College of Nurses of Barcelona, and member of the Committee of Functional Experts of the App Certification Service of the TIC Salut Social Foundation."}],"documents":false,"finalitzat":false,"tipus_plantilla":"objectius","template_objectius":{"cont_principal":"","imatge":false,"cont_seguent":{"titol":"","contingut":""},"seccio_llistat":{"titol":"","llistat":false},"objectius":{"titol":"","objectius":false},"documents":false}},"yoast_head":"<!-- This site is optimized with the Yoast SEO plugin v27.1.1 - https:\/\/yoast.com\/product\/yoast-seo-wordpress\/ -->\n<title>\u201cWe need a framework with which the people who are prescribing Health Apps feel comfortable and in control&quot; - Fundaci\u00f3 TIC Salut i Social<\/title>\n<meta name=\"description\" content=\"Parlem amb Marc Fortes, responsable de projectes del COIB, i membre del Comit\u00e8 d\u2019Experts Funcionals del Servei de Certificaci\u00f3 d\u2019Apps de la Fundaci\u00f3.\" \/>\n<meta name=\"robots\" content=\"index, follow, max-snippet:-1, max-image-preview:large, max-video-preview:-1\" \/>\n<link rel=\"canonical\" href=\"https:\/\/ticsalutsocial.atoom.space\/en\/noticia\/necessitem-un-marc-en-el-qual-les-persones-que-estiguin-prescrivint-apps-de-salut-estiguin-comodes-i-tinguin-un-control\/\" \/>\n<meta property=\"og:locale\" content=\"en_US\" \/>\n<meta property=\"og:type\" content=\"article\" \/>\n<meta property=\"og:title\" content=\"\u201cWe need a framework with which the people who are prescribing Health Apps feel comfortable and in control&quot; - Fundaci\u00f3 TIC Salut i Social\" \/>\n<meta property=\"og:description\" content=\"Parlem amb Marc Fortes, responsable de projectes del COIB, i membre del Comit\u00e8 d\u2019Experts Funcionals del Servei de Certificaci\u00f3 d\u2019Apps de la Fundaci\u00f3.\" \/>\n<meta property=\"og:url\" content=\"https:\/\/ticsalutsocial.atoom.space\/en\/noticia\/necessitem-un-marc-en-el-qual-les-persones-que-estiguin-prescrivint-apps-de-salut-estiguin-comodes-i-tinguin-un-control\/\" \/>\n<meta property=\"og:site_name\" content=\"Fundaci\u00f3 TIC Salut i Social\" \/>\n<meta property=\"article:modified_time\" content=\"2024-03-11T10:13:31+00:00\" \/>\n<meta property=\"og:image\" content=\"https:\/\/ticsalutsocial.atoom.space\/wp-content\/uploads\/2023\/12\/coib.png\" \/>\n\t<meta property=\"og:image:width\" content=\"1280\" \/>\n\t<meta property=\"og:image:height\" content=\"960\" \/>\n\t<meta property=\"og:image:type\" content=\"image\/png\" \/>\n<meta name=\"twitter:card\" content=\"summary_large_image\" \/>\n<meta name=\"twitter:image\" content=\"https:\/\/ticsalutsocial.atoom.space\/wp-content\/uploads\/2023\/12\/coib.png\" \/>\n<meta name=\"twitter:label1\" content=\"Est. reading time\" \/>\n\t<meta name=\"twitter:data1\" content=\"3 minutes\" \/>\n<script type=\"application\/ld+json\" class=\"yoast-schema-graph\">{\"@context\":\"https:\/\/schema.org\",\"@graph\":[{\"@type\":\"WebPage\",\"@id\":\"https:\/\/ticsalutsocial.atoom.space\/en\/noticia\/necessitem-un-marc-en-el-qual-les-persones-que-estiguin-prescrivint-apps-de-salut-estiguin-comodes-i-tinguin-un-control\/\",\"url\":\"https:\/\/ticsalutsocial.atoom.space\/en\/noticia\/necessitem-un-marc-en-el-qual-les-persones-que-estiguin-prescrivint-apps-de-salut-estiguin-comodes-i-tinguin-un-control\/\",\"name\":\"\u201cWe need a framework with which the people who are prescribing Health Apps feel comfortable and in control\\\" - Fundaci\u00f3 TIC Salut i Social\",\"isPartOf\":{\"@id\":\"https:\/\/ticsalutsocial.atoom.space\/en\/#website\"},\"primaryImageOfPage\":{\"@id\":\"https:\/\/ticsalutsocial.atoom.space\/en\/noticia\/necessitem-un-marc-en-el-qual-les-persones-que-estiguin-prescrivint-apps-de-salut-estiguin-comodes-i-tinguin-un-control\/#primaryimage\"},\"image\":{\"@id\":\"https:\/\/ticsalutsocial.atoom.space\/en\/noticia\/necessitem-un-marc-en-el-qual-les-persones-que-estiguin-prescrivint-apps-de-salut-estiguin-comodes-i-tinguin-un-control\/#primaryimage\"},\"thumbnailUrl\":\"https:\/\/ticsalutsocial.atoom.space\/wp-content\/uploads\/2023\/12\/coib.png\",\"datePublished\":\"2023-12-18T12:47:06+00:00\",\"dateModified\":\"2024-03-11T10:13:31+00:00\",\"description\":\"Parlem amb Marc Fortes, responsable de projectes del COIB, i membre del Comit\u00e8 d\u2019Experts Funcionals del Servei de Certificaci\u00f3 d\u2019Apps de la Fundaci\u00f3.\",\"breadcrumb\":{\"@id\":\"https:\/\/ticsalutsocial.atoom.space\/en\/noticia\/necessitem-un-marc-en-el-qual-les-persones-que-estiguin-prescrivint-apps-de-salut-estiguin-comodes-i-tinguin-un-control\/#breadcrumb\"},\"inLanguage\":\"en-US\",\"potentialAction\":[{\"@type\":\"ReadAction\",\"target\":[\"https:\/\/ticsalutsocial.atoom.space\/en\/noticia\/necessitem-un-marc-en-el-qual-les-persones-que-estiguin-prescrivint-apps-de-salut-estiguin-comodes-i-tinguin-un-control\/\"]}]},{\"@type\":\"ImageObject\",\"inLanguage\":\"en-US\",\"@id\":\"https:\/\/ticsalutsocial.atoom.space\/en\/noticia\/necessitem-un-marc-en-el-qual-les-persones-que-estiguin-prescrivint-apps-de-salut-estiguin-comodes-i-tinguin-un-control\/#primaryimage\",\"url\":\"https:\/\/ticsalutsocial.atoom.space\/wp-content\/uploads\/2023\/12\/coib.png\",\"contentUrl\":\"https:\/\/ticsalutsocial.atoom.space\/wp-content\/uploads\/2023\/12\/coib.png\",\"width\":1280,\"height\":960,\"caption\":\"Marc Fortes COIB\"},{\"@type\":\"BreadcrumbList\",\"@id\":\"https:\/\/ticsalutsocial.atoom.space\/en\/noticia\/necessitem-un-marc-en-el-qual-les-persones-que-estiguin-prescrivint-apps-de-salut-estiguin-comodes-i-tinguin-un-control\/#breadcrumb\",\"itemListElement\":[{\"@type\":\"ListItem\",\"position\":1,\"name\":\"Inici\",\"item\":\"https:\/\/ticsalutsocial.atoom.space\/en\/\"},{\"@type\":\"ListItem\",\"position\":2,\"name\":\"\u201cWe need a framework with which the people who are prescribing Health Apps feel comfortable and in control&#8221;\"}]},{\"@type\":\"WebSite\",\"@id\":\"https:\/\/ticsalutsocial.atoom.space\/en\/#website\",\"url\":\"https:\/\/ticsalutsocial.atoom.space\/en\/\",\"name\":\"Fundaci\u00f3 TIC Salut i Social\",\"description\":\"\",\"potentialAction\":[{\"@type\":\"SearchAction\",\"target\":{\"@type\":\"EntryPoint\",\"urlTemplate\":\"https:\/\/ticsalutsocial.atoom.space\/en\/?s={search_term_string}\"},\"query-input\":{\"@type\":\"PropertyValueSpecification\",\"valueRequired\":true,\"valueName\":\"search_term_string\"}}],\"inLanguage\":\"en-US\"}]}<\/script>\n<!-- \/ Yoast SEO plugin. -->","yoast_head_json":{"title":"\u201cWe need a framework with which the people who are prescribing Health Apps feel comfortable and in control\" - Fundaci\u00f3 TIC Salut i Social","description":"Parlem amb Marc Fortes, responsable de projectes del COIB, i membre del Comit\u00e8 d\u2019Experts Funcionals del Servei de Certificaci\u00f3 d\u2019Apps de la Fundaci\u00f3.","robots":{"index":"index","follow":"follow","max-snippet":"max-snippet:-1","max-image-preview":"max-image-preview:large","max-video-preview":"max-video-preview:-1"},"canonical":"https:\/\/ticsalutsocial.atoom.space\/en\/noticia\/necessitem-un-marc-en-el-qual-les-persones-que-estiguin-prescrivint-apps-de-salut-estiguin-comodes-i-tinguin-un-control\/","og_locale":"en_US","og_type":"article","og_title":"\u201cWe need a framework with which the people who are prescribing Health Apps feel comfortable and in control\" - Fundaci\u00f3 TIC Salut i Social","og_description":"Parlem amb Marc Fortes, responsable de projectes del COIB, i membre del Comit\u00e8 d\u2019Experts Funcionals del Servei de Certificaci\u00f3 d\u2019Apps de la Fundaci\u00f3.","og_url":"https:\/\/ticsalutsocial.atoom.space\/en\/noticia\/necessitem-un-marc-en-el-qual-les-persones-que-estiguin-prescrivint-apps-de-salut-estiguin-comodes-i-tinguin-un-control\/","og_site_name":"Fundaci\u00f3 TIC Salut i Social","article_modified_time":"2024-03-11T10:13:31+00:00","og_image":[{"width":1280,"height":960,"url":"https:\/\/ticsalutsocial.atoom.space\/wp-content\/uploads\/2023\/12\/coib.png","type":"image\/png"}],"twitter_card":"summary_large_image","twitter_image":"https:\/\/ticsalutsocial.atoom.space\/wp-content\/uploads\/2023\/12\/coib.png","twitter_misc":{"Est. reading time":"3 minutes"},"schema":{"@context":"https:\/\/schema.org","@graph":[{"@type":"WebPage","@id":"https:\/\/ticsalutsocial.atoom.space\/en\/noticia\/necessitem-un-marc-en-el-qual-les-persones-que-estiguin-prescrivint-apps-de-salut-estiguin-comodes-i-tinguin-un-control\/","url":"https:\/\/ticsalutsocial.atoom.space\/en\/noticia\/necessitem-un-marc-en-el-qual-les-persones-que-estiguin-prescrivint-apps-de-salut-estiguin-comodes-i-tinguin-un-control\/","name":"\u201cWe need a framework with which the people who are prescribing Health Apps feel comfortable and in control\" - Fundaci\u00f3 TIC Salut i Social","isPartOf":{"@id":"https:\/\/ticsalutsocial.atoom.space\/en\/#website"},"primaryImageOfPage":{"@id":"https:\/\/ticsalutsocial.atoom.space\/en\/noticia\/necessitem-un-marc-en-el-qual-les-persones-que-estiguin-prescrivint-apps-de-salut-estiguin-comodes-i-tinguin-un-control\/#primaryimage"},"image":{"@id":"https:\/\/ticsalutsocial.atoom.space\/en\/noticia\/necessitem-un-marc-en-el-qual-les-persones-que-estiguin-prescrivint-apps-de-salut-estiguin-comodes-i-tinguin-un-control\/#primaryimage"},"thumbnailUrl":"https:\/\/ticsalutsocial.atoom.space\/wp-content\/uploads\/2023\/12\/coib.png","datePublished":"2023-12-18T12:47:06+00:00","dateModified":"2024-03-11T10:13:31+00:00","description":"Parlem amb Marc Fortes, responsable de projectes del COIB, i membre del Comit\u00e8 d\u2019Experts Funcionals del Servei de Certificaci\u00f3 d\u2019Apps de la Fundaci\u00f3.","breadcrumb":{"@id":"https:\/\/ticsalutsocial.atoom.space\/en\/noticia\/necessitem-un-marc-en-el-qual-les-persones-que-estiguin-prescrivint-apps-de-salut-estiguin-comodes-i-tinguin-un-control\/#breadcrumb"},"inLanguage":"en-US","potentialAction":[{"@type":"ReadAction","target":["https:\/\/ticsalutsocial.atoom.space\/en\/noticia\/necessitem-un-marc-en-el-qual-les-persones-que-estiguin-prescrivint-apps-de-salut-estiguin-comodes-i-tinguin-un-control\/"]}]},{"@type":"ImageObject","inLanguage":"en-US","@id":"https:\/\/ticsalutsocial.atoom.space\/en\/noticia\/necessitem-un-marc-en-el-qual-les-persones-que-estiguin-prescrivint-apps-de-salut-estiguin-comodes-i-tinguin-un-control\/#primaryimage","url":"https:\/\/ticsalutsocial.atoom.space\/wp-content\/uploads\/2023\/12\/coib.png","contentUrl":"https:\/\/ticsalutsocial.atoom.space\/wp-content\/uploads\/2023\/12\/coib.png","width":1280,"height":960,"caption":"Marc Fortes COIB"},{"@type":"BreadcrumbList","@id":"https:\/\/ticsalutsocial.atoom.space\/en\/noticia\/necessitem-un-marc-en-el-qual-les-persones-que-estiguin-prescrivint-apps-de-salut-estiguin-comodes-i-tinguin-un-control\/#breadcrumb","itemListElement":[{"@type":"ListItem","position":1,"name":"Inici","item":"https:\/\/ticsalutsocial.atoom.space\/en\/"},{"@type":"ListItem","position":2,"name":"\u201cWe need a framework with which the people who are prescribing Health Apps feel comfortable and in control&#8221;"}]},{"@type":"WebSite","@id":"https:\/\/ticsalutsocial.atoom.space\/en\/#website","url":"https:\/\/ticsalutsocial.atoom.space\/en\/","name":"Fundaci\u00f3 TIC Salut i Social","description":"","potentialAction":[{"@type":"SearchAction","target":{"@type":"EntryPoint","urlTemplate":"https:\/\/ticsalutsocial.atoom.space\/en\/?s={search_term_string}"},"query-input":{"@type":"PropertyValueSpecification","valueRequired":true,"valueName":"search_term_string"}}],"inLanguage":"en-US"}]}},"_links":{"self":[{"href":"https:\/\/ticsalutsocial.atoom.space\/en\/wp-json\/wp\/v2\/noticia\/25883","targetHints":{"allow":["GET"]}}],"collection":[{"href":"https:\/\/ticsalutsocial.atoom.space\/en\/wp-json\/wp\/v2\/noticia"}],"about":[{"href":"https:\/\/ticsalutsocial.atoom.space\/en\/wp-json\/wp\/v2\/types\/noticia"}],"author":[{"embeddable":true,"href":"https:\/\/ticsalutsocial.atoom.space\/en\/wp-json\/wp\/v2\/users\/3"}],"wp:featuredmedia":[{"embeddable":true,"href":"https:\/\/ticsalutsocial.atoom.space\/en\/wp-json\/wp\/v2\/media\/24199"}],"wp:attachment":[{"href":"https:\/\/ticsalutsocial.atoom.space\/en\/wp-json\/wp\/v2\/media?parent=25883"}],"wp:term":[{"taxonomy":"etiqueta","embeddable":true,"href":"https:\/\/ticsalutsocial.atoom.space\/en\/wp-json\/wp\/v2\/etiqueta?post=25883"},{"taxonomy":"tipus","embeddable":true,"href":"https:\/\/ticsalutsocial.atoom.space\/en\/wp-json\/wp\/v2\/tipus?post=25883"},{"taxonomy":"topic","embeddable":true,"href":"https:\/\/ticsalutsocial.atoom.space\/en\/wp-json\/wp\/v2\/topic?post=25883"}],"curies":[{"name":"wp","href":"https:\/\/api.w.org\/{rel}","templated":true}]}}