
{"id":26101,"date":"2024-03-13T16:07:15","date_gmt":"2024-03-13T14:07:15","guid":{"rendered":"https:\/\/ticsalutsocial.atoom.space\/noticia\/obert-el-termini-de-subvencions-per-a-la-incorporacio-de-la-llengua-catalana-en-productes-tecnologics\/"},"modified":"2024-04-02T09:45:22","modified_gmt":"2024-04-02T07:45:22","slug":"obert-el-termini-de-subvencions-per-a-la-incorporacio-de-la-llengua-catalana-en-productes-tecnologics","status":"publish","type":"noticia","link":"https:\/\/ticsalutsocial.atoom.space\/en\/noticia\/obert-el-termini-de-subvencions-per-a-la-incorporacio-de-la-llengua-catalana-en-productes-tecnologics\/","title":{"rendered":"Subsidies deadline openfor the incorporation of the Catalan language in technological products"},"content":{"rendered":"\n<p>The Generalitat de Catalunya has opened the deadline for submission of applications for the 2024 call for translation of technological products into Catalan, which will be open from March 13 to April 3, at 2 p.m. The purpose of these grants is to <strong>promote the incorporation of Catalan in technological products with the aim of increasing the offer<\/strong>.<\/p>\n\n\n\n<p>The call <strong>is aimed at companies<\/strong> domiciled in a member state of the European Union or associated with the European Economic Area when its project has an impact in Catalonia, and plans to grant <strong>more points for projects in the field of health and social services<\/strong>.<\/p>\n\n\n\n<p>Associations, foundations and any private non-profit entity are excluded, even if they carry out economic activities. The creation and translation of web pages, video games, video game platforms and video console interfaces are also excluded.<\/p>\n\n\n\n<p><a href=\"https:\/\/web.gencat.cat\/ca\/tramits\/tramits-temes\/Subvencions-per-a-la-incorporacio-de-la-llengua-catalana-en-productes-tecnologics-00001?moda=1\" target=\"_blank\" rel=\"noreferrer noopener\">More information and procedures in this link<\/a><\/p>\n","protected":false},"author":12,"featured_media":25950,"menu_order":0,"template":"","meta":{"_acf_changed":true,"inline_featured_image":false},"etiqueta":[],"tipus":[],"topic":[],"class_list":["post-26101","noticia","type-noticia","status-publish","has-post-thumbnail","hentry"],"acf":{"finalitzat":false,"tipus_plantilla":"objectius","template_objectius":{"cont_principal":"","imatge":false,"cont_seguent":{"titol":"","contingut":""},"seccio_llistat":{"titol":"","llistat":false},"objectius":{"titol":"","objectius":false},"documents":false},"autor":"","imatge":25950,"textos_destacats":[{"texte":"The call will award more points to projects that are in the field of health and social services"}],"documents":false},"yoast_head":"<!-- This site is optimized with the Yoast SEO plugin v27.1.1 - https:\/\/yoast.com\/product\/yoast-seo-wordpress\/ -->\n<title>Subsidies deadline openfor the incorporation of the Catalan language in technological products - Fundaci\u00f3 TIC Salut i Social<\/title>\n<meta name=\"description\" content=\"Subvencions per a la incorporaci\u00f3 de la llengua catalana en productes tecnol\u00f2gics\" \/>\n<meta name=\"robots\" content=\"index, follow, max-snippet:-1, max-image-preview:large, max-video-preview:-1\" \/>\n<link rel=\"canonical\" href=\"https:\/\/ticsalutsocial.atoom.space\/en\/noticia\/obert-el-termini-de-subvencions-per-a-la-incorporacio-de-la-llengua-catalana-en-productes-tecnologics\/\" \/>\n<meta property=\"og:locale\" content=\"en_US\" \/>\n<meta property=\"og:type\" content=\"article\" \/>\n<meta property=\"og:title\" content=\"Subsidies deadline openfor the incorporation of the Catalan language in technological products - Fundaci\u00f3 TIC Salut i Social\" \/>\n<meta property=\"og:description\" content=\"Subvencions per a la incorporaci\u00f3 de la llengua catalana en productes tecnol\u00f2gics\" \/>\n<meta property=\"og:url\" content=\"https:\/\/ticsalutsocial.atoom.space\/en\/noticia\/obert-el-termini-de-subvencions-per-a-la-incorporacio-de-la-llengua-catalana-en-productes-tecnologics\/\" \/>\n<meta property=\"og:site_name\" content=\"Fundaci\u00f3 TIC Salut i Social\" \/>\n<meta property=\"article:modified_time\" content=\"2024-04-02T07:45:22+00:00\" \/>\n<meta property=\"og:image\" content=\"https:\/\/ticsalutsocial.atoom.space\/wp-content\/uploads\/2024\/03\/convocatoria.jpg\" \/>\n\t<meta property=\"og:image:width\" content=\"1280\" \/>\n\t<meta property=\"og:image:height\" content=\"960\" \/>\n\t<meta property=\"og:image:type\" content=\"image\/jpeg\" \/>\n<meta name=\"twitter:card\" content=\"summary_large_image\" \/>\n<meta name=\"twitter:label1\" content=\"Est. reading time\" \/>\n\t<meta name=\"twitter:data1\" content=\"1 minute\" \/>\n<script type=\"application\/ld+json\" class=\"yoast-schema-graph\">{\"@context\":\"https:\/\/schema.org\",\"@graph\":[{\"@type\":\"WebPage\",\"@id\":\"https:\/\/ticsalutsocial.atoom.space\/en\/noticia\/obert-el-termini-de-subvencions-per-a-la-incorporacio-de-la-llengua-catalana-en-productes-tecnologics\/\",\"url\":\"https:\/\/ticsalutsocial.atoom.space\/en\/noticia\/obert-el-termini-de-subvencions-per-a-la-incorporacio-de-la-llengua-catalana-en-productes-tecnologics\/\",\"name\":\"Subsidies deadline openfor the incorporation of the Catalan language in technological products - Fundaci\u00f3 TIC Salut i Social\",\"isPartOf\":{\"@id\":\"https:\/\/ticsalutsocial.atoom.space\/en\/#website\"},\"primaryImageOfPage\":{\"@id\":\"https:\/\/ticsalutsocial.atoom.space\/en\/noticia\/obert-el-termini-de-subvencions-per-a-la-incorporacio-de-la-llengua-catalana-en-productes-tecnologics\/#primaryimage\"},\"image\":{\"@id\":\"https:\/\/ticsalutsocial.atoom.space\/en\/noticia\/obert-el-termini-de-subvencions-per-a-la-incorporacio-de-la-llengua-catalana-en-productes-tecnologics\/#primaryimage\"},\"thumbnailUrl\":\"https:\/\/ticsalutsocial.atoom.space\/wp-content\/uploads\/2024\/03\/convocatoria.jpg\",\"datePublished\":\"2024-03-13T14:07:15+00:00\",\"dateModified\":\"2024-04-02T07:45:22+00:00\",\"description\":\"Subvencions per a la incorporaci\u00f3 de la llengua catalana en productes tecnol\u00f2gics\",\"breadcrumb\":{\"@id\":\"https:\/\/ticsalutsocial.atoom.space\/en\/noticia\/obert-el-termini-de-subvencions-per-a-la-incorporacio-de-la-llengua-catalana-en-productes-tecnologics\/#breadcrumb\"},\"inLanguage\":\"en-US\",\"potentialAction\":[{\"@type\":\"ReadAction\",\"target\":[\"https:\/\/ticsalutsocial.atoom.space\/en\/noticia\/obert-el-termini-de-subvencions-per-a-la-incorporacio-de-la-llengua-catalana-en-productes-tecnologics\/\"]}]},{\"@type\":\"ImageObject\",\"inLanguage\":\"en-US\",\"@id\":\"https:\/\/ticsalutsocial.atoom.space\/en\/noticia\/obert-el-termini-de-subvencions-per-a-la-incorporacio-de-la-llengua-catalana-en-productes-tecnologics\/#primaryimage\",\"url\":\"https:\/\/ticsalutsocial.atoom.space\/wp-content\/uploads\/2024\/03\/convocatoria.jpg\",\"contentUrl\":\"https:\/\/ticsalutsocial.atoom.space\/wp-content\/uploads\/2024\/03\/convocatoria.jpg\",\"width\":1280,\"height\":960,\"caption\":\"subvencions per a la incorporaci\u00f3 de la llengua catalana\"},{\"@type\":\"BreadcrumbList\",\"@id\":\"https:\/\/ticsalutsocial.atoom.space\/en\/noticia\/obert-el-termini-de-subvencions-per-a-la-incorporacio-de-la-llengua-catalana-en-productes-tecnologics\/#breadcrumb\",\"itemListElement\":[{\"@type\":\"ListItem\",\"position\":1,\"name\":\"Inici\",\"item\":\"https:\/\/ticsalutsocial.atoom.space\/en\/\"},{\"@type\":\"ListItem\",\"position\":2,\"name\":\"Subsidies deadline openfor the incorporation of the Catalan language in technological products\"}]},{\"@type\":\"WebSite\",\"@id\":\"https:\/\/ticsalutsocial.atoom.space\/en\/#website\",\"url\":\"https:\/\/ticsalutsocial.atoom.space\/en\/\",\"name\":\"Fundaci\u00f3 TIC Salut i Social\",\"description\":\"\",\"potentialAction\":[{\"@type\":\"SearchAction\",\"target\":{\"@type\":\"EntryPoint\",\"urlTemplate\":\"https:\/\/ticsalutsocial.atoom.space\/en\/?s={search_term_string}\"},\"query-input\":{\"@type\":\"PropertyValueSpecification\",\"valueRequired\":true,\"valueName\":\"search_term_string\"}}],\"inLanguage\":\"en-US\"}]}<\/script>\n<!-- \/ Yoast SEO plugin. -->","yoast_head_json":{"title":"Subsidies deadline openfor the incorporation of the Catalan language in technological products - Fundaci\u00f3 TIC Salut i Social","description":"Subvencions per a la incorporaci\u00f3 de la llengua catalana en productes tecnol\u00f2gics","robots":{"index":"index","follow":"follow","max-snippet":"max-snippet:-1","max-image-preview":"max-image-preview:large","max-video-preview":"max-video-preview:-1"},"canonical":"https:\/\/ticsalutsocial.atoom.space\/en\/noticia\/obert-el-termini-de-subvencions-per-a-la-incorporacio-de-la-llengua-catalana-en-productes-tecnologics\/","og_locale":"en_US","og_type":"article","og_title":"Subsidies deadline openfor the incorporation of the Catalan language in technological products - Fundaci\u00f3 TIC Salut i Social","og_description":"Subvencions per a la incorporaci\u00f3 de la llengua catalana en productes tecnol\u00f2gics","og_url":"https:\/\/ticsalutsocial.atoom.space\/en\/noticia\/obert-el-termini-de-subvencions-per-a-la-incorporacio-de-la-llengua-catalana-en-productes-tecnologics\/","og_site_name":"Fundaci\u00f3 TIC Salut i Social","article_modified_time":"2024-04-02T07:45:22+00:00","og_image":[{"width":1280,"height":960,"url":"https:\/\/ticsalutsocial.atoom.space\/wp-content\/uploads\/2024\/03\/convocatoria.jpg","type":"image\/jpeg"}],"twitter_card":"summary_large_image","twitter_misc":{"Est. reading time":"1 minute"},"schema":{"@context":"https:\/\/schema.org","@graph":[{"@type":"WebPage","@id":"https:\/\/ticsalutsocial.atoom.space\/en\/noticia\/obert-el-termini-de-subvencions-per-a-la-incorporacio-de-la-llengua-catalana-en-productes-tecnologics\/","url":"https:\/\/ticsalutsocial.atoom.space\/en\/noticia\/obert-el-termini-de-subvencions-per-a-la-incorporacio-de-la-llengua-catalana-en-productes-tecnologics\/","name":"Subsidies deadline openfor the incorporation of the Catalan language in technological products - Fundaci\u00f3 TIC Salut i Social","isPartOf":{"@id":"https:\/\/ticsalutsocial.atoom.space\/en\/#website"},"primaryImageOfPage":{"@id":"https:\/\/ticsalutsocial.atoom.space\/en\/noticia\/obert-el-termini-de-subvencions-per-a-la-incorporacio-de-la-llengua-catalana-en-productes-tecnologics\/#primaryimage"},"image":{"@id":"https:\/\/ticsalutsocial.atoom.space\/en\/noticia\/obert-el-termini-de-subvencions-per-a-la-incorporacio-de-la-llengua-catalana-en-productes-tecnologics\/#primaryimage"},"thumbnailUrl":"https:\/\/ticsalutsocial.atoom.space\/wp-content\/uploads\/2024\/03\/convocatoria.jpg","datePublished":"2024-03-13T14:07:15+00:00","dateModified":"2024-04-02T07:45:22+00:00","description":"Subvencions per a la incorporaci\u00f3 de la llengua catalana en productes tecnol\u00f2gics","breadcrumb":{"@id":"https:\/\/ticsalutsocial.atoom.space\/en\/noticia\/obert-el-termini-de-subvencions-per-a-la-incorporacio-de-la-llengua-catalana-en-productes-tecnologics\/#breadcrumb"},"inLanguage":"en-US","potentialAction":[{"@type":"ReadAction","target":["https:\/\/ticsalutsocial.atoom.space\/en\/noticia\/obert-el-termini-de-subvencions-per-a-la-incorporacio-de-la-llengua-catalana-en-productes-tecnologics\/"]}]},{"@type":"ImageObject","inLanguage":"en-US","@id":"https:\/\/ticsalutsocial.atoom.space\/en\/noticia\/obert-el-termini-de-subvencions-per-a-la-incorporacio-de-la-llengua-catalana-en-productes-tecnologics\/#primaryimage","url":"https:\/\/ticsalutsocial.atoom.space\/wp-content\/uploads\/2024\/03\/convocatoria.jpg","contentUrl":"https:\/\/ticsalutsocial.atoom.space\/wp-content\/uploads\/2024\/03\/convocatoria.jpg","width":1280,"height":960,"caption":"subvencions per a la incorporaci\u00f3 de la llengua catalana"},{"@type":"BreadcrumbList","@id":"https:\/\/ticsalutsocial.atoom.space\/en\/noticia\/obert-el-termini-de-subvencions-per-a-la-incorporacio-de-la-llengua-catalana-en-productes-tecnologics\/#breadcrumb","itemListElement":[{"@type":"ListItem","position":1,"name":"Inici","item":"https:\/\/ticsalutsocial.atoom.space\/en\/"},{"@type":"ListItem","position":2,"name":"Subsidies deadline openfor the incorporation of the Catalan language in technological products"}]},{"@type":"WebSite","@id":"https:\/\/ticsalutsocial.atoom.space\/en\/#website","url":"https:\/\/ticsalutsocial.atoom.space\/en\/","name":"Fundaci\u00f3 TIC Salut i Social","description":"","potentialAction":[{"@type":"SearchAction","target":{"@type":"EntryPoint","urlTemplate":"https:\/\/ticsalutsocial.atoom.space\/en\/?s={search_term_string}"},"query-input":{"@type":"PropertyValueSpecification","valueRequired":true,"valueName":"search_term_string"}}],"inLanguage":"en-US"}]}},"_links":{"self":[{"href":"https:\/\/ticsalutsocial.atoom.space\/en\/wp-json\/wp\/v2\/noticia\/26101","targetHints":{"allow":["GET"]}}],"collection":[{"href":"https:\/\/ticsalutsocial.atoom.space\/en\/wp-json\/wp\/v2\/noticia"}],"about":[{"href":"https:\/\/ticsalutsocial.atoom.space\/en\/wp-json\/wp\/v2\/types\/noticia"}],"author":[{"embeddable":true,"href":"https:\/\/ticsalutsocial.atoom.space\/en\/wp-json\/wp\/v2\/users\/12"}],"wp:featuredmedia":[{"embeddable":true,"href":"https:\/\/ticsalutsocial.atoom.space\/en\/wp-json\/wp\/v2\/media\/25950"}],"wp:attachment":[{"href":"https:\/\/ticsalutsocial.atoom.space\/en\/wp-json\/wp\/v2\/media?parent=26101"}],"wp:term":[{"taxonomy":"etiqueta","embeddable":true,"href":"https:\/\/ticsalutsocial.atoom.space\/en\/wp-json\/wp\/v2\/etiqueta?post=26101"},{"taxonomy":"tipus","embeddable":true,"href":"https:\/\/ticsalutsocial.atoom.space\/en\/wp-json\/wp\/v2\/tipus?post=26101"},{"taxonomy":"topic","embeddable":true,"href":"https:\/\/ticsalutsocial.atoom.space\/en\/wp-json\/wp\/v2\/topic?post=26101"}],"curies":[{"name":"wp","href":"https:\/\/api.w.org\/{rel}","templated":true}]}}