
{"id":27015,"date":"2024-04-29T13:25:35","date_gmt":"2024-04-29T11:25:35","guid":{"rendered":"https:\/\/ticsalutsocial.atoom.space\/noticia\/les-xiii-jornades-rdi-tic-salut-social-conclouen-amb-exit-de-participacio-a-vic\/"},"modified":"2024-05-06T15:45:53","modified_gmt":"2024-05-06T13:45:53","slug":"the-xiii-days-rdi-tic-salut-social-conclude-with-successful-participation-in-vic","status":"publish","type":"noticia","link":"https:\/\/ticsalutsocial.atoom.space\/en\/noticia\/the-xiii-days-rdi-tic-salut-social-conclude-with-successful-participation-in-vic\/","title":{"rendered":"The XIII RDI TIC Salut Social Conference concludes with successful participation in Vic"},"content":{"rendered":"\r\n\r\n\r\n<p>Last April 25 in Vic, the <strong>XIII RDI TIC Salut Social Conference<\/strong> gathered a total of 466 attendees combining the face-to-face format (215) and online (251). Throughout the day, the Paranimf of the Universitat de Vic &#8211; Universitat Central de Catalunya (UVic-UCC) has been the meeting point of the Catalan ecosystem dedicated to technological innovation in social services and health to bring together and share experiences and learnings.<\/p>\r\n<p>The day had <a href=\"http:\/\/jornadesrdi.cat\/\" target=\"_blank\" rel=\"noopener\">4 debates to address the needs of citizens and how to solve them<\/a> efficiently with the help of technology. In this sense, <strong>Joan Guanyabens<\/strong>, director of the TIC Salut Social Foundation, has remarked that the process is not simple because technology keeps growing and moving forward at great speed&#8221; and added that these days &#8220;serve to learn about experiences and projects carried out and to keep moving forward&#8221;.<\/p>\r\n\r\n\r\n\r\n<h2 class=\"wp-block-heading\">Building inclusion with artificial intelligence: debureaucratization and humanization in care for the person<\/h2>\r\n\r\n\r\n\r\n<p>The starting shot in charge with <strong>Ramon L\u00f3pez de M\u00e1ntaras<\/strong>, member of the Catalan Studies Institute, founder and former director of the Artificial Intelligence Research Institute, has laid the foundations. Under the title Artificial Intelligence: Myths and Realities, he put on the table the leitmotif of the day: &#8220;AI is neither artificial, nor is it intelligence&#8221;.<\/p>\r\n\r\n\r\n\r\n<figure class=\"wp-block-image size-large\">\r\n<div id=\"attachment_26907\" style=\"width: 1034px\" class=\"wp-caption alignnone\"><img loading=\"lazy\" decoding=\"async\" aria-describedby=\"caption-attachment-26907\" class=\"wp-image-26907\" src=\"https:\/\/ticsalutsocial.atoom.space\/wp-content\/uploads\/2024\/04\/vic2-1024x677.png\" alt=\"Jes\u00fas Delgado, S\u00edlvia Madrid i Montse Sol\u00e9 durant el debat sobre necessitats socials de la ciutadania.\" width=\"1024\" height=\"677\" srcset=\"https:\/\/ticsalutsocial.atoom.space\/wp-content\/uploads\/2024\/04\/vic2-1024x677.png 1024w, https:\/\/ticsalutsocial.atoom.space\/wp-content\/uploads\/2024\/04\/vic2-300x198.png 300w, https:\/\/ticsalutsocial.atoom.space\/wp-content\/uploads\/2024\/04\/vic2-768x508.png 768w, https:\/\/ticsalutsocial.atoom.space\/wp-content\/uploads\/2024\/04\/vic2.png 1030w\" sizes=\"auto, (max-width: 1024px) 100vw, 1024px\" \/><p id=\"caption-attachment-26907\" class=\"wp-caption-text\">Jes\u00fas Delgado, S\u00edlvia Madrid and Montse Sol\u00e9 during the debate on social needs of citizens.<\/p><\/div>\r\n\r\n<\/figure>\r\n\r\n\r\n\r\n<p>In this sense, during the afternoon 10 projects related to this technology applied to social services and health were presented. Useful to verify another idea of the debate: the de-bureaucratizing function of technology. In this sense, as the general director of Personal Autonomy and Disability of the Department of Social Rights, <strong>Marta Segura<\/strong>, has pointed out, &#8220;we must take advantage of technological changes to improve the lives of the people we have to take care of, that of caregivers and professionals&#8221;.<\/p>\r\n<p>Relive the postponed day by <a href=\"https:\/\/youtube.com\/live\/fQNm1v0hS_0\" target=\"_blank\" rel=\"noopener\">clicking on this link<\/a>.<\/p>\r\n\r\n\r\n\r\n\r\n\r\n<p>&nbsp;<\/p>\r\n<h2><strong>The Catalan innovation ecosystem<\/strong><\/h2>\r\n<p>Through the TIC Social Health Chair, the TIC Salut Social Foundation and the University of Vic &#8211; Universitat Central de Catalunya (UVic-UCC) promote the <strong>RDI TIC Salut Social Conference<\/strong>\u00a0on an annual basis. They do this with the active collaboration of entities from central Catalonia such as Osona Social Action, Osonament, Fundaci\u00f3 Sant Tom\u00e0s, Osona Salut Mental, the Consorci Hospitalari de Vic-Fundaci\u00f3 Hospital de la Santa Creu de Vic, Fundaci\u00f3 Althaia, the Catalan Institute of Health, EAP Centelles and EAP Vic.<\/p>\r\n<p>This year the companies iN2, Doole Health, Evidenze, NTT Data, Seidor, Minsait and Chiesi have joined as sponsors. A participation that illustrates the commitment of the industrial fabric in a triple confluence with the care and academic world to promote the improvement of the health and well-being of citizens. This is a challenge that, according to <strong>Jordi Ambl\u00e0s<\/strong>, director of Integrated Care at the Department of Health, and co-coordinator of the Integrated Social and Health Agency &#8220;gives us the opportunity to shape the future of care for people, and although it may seem contradictory, to personalize and humanize this care from a more comprehensive and integrated perspective&#8221;. And with this look, he unravels the four challenges on which to focus: 1) telemedicine, digital health and the internet of things; 2) interoperability and data standards; 3) cyber security and data privacy; and 4) predictive analysis and personalized attention thanks to artificial intelligence and <em>Machine Learning<\/em>.<\/p>\r\n","protected":false},"author":3,"featured_media":26904,"menu_order":0,"template":"","meta":{"_acf_changed":false,"inline_featured_image":false},"etiqueta":[],"tipus":[],"topic":[],"class_list":["post-27015","noticia","type-noticia","status-publish","has-post-thumbnail","hentry"],"acf":{"autor":"","imatge":26901,"textos_destacats":[{"texte":"The debate at the XIII RDI TIC Salut Social Conference revolved around the idea of building more inclusion with artificial intelligence in social services"}],"documents":false,"finalitzat":false,"tipus_plantilla":"objectius","template_objectius":{"cont_principal":"","imatge":false,"cont_seguent":{"titol":"","contingut":""},"seccio_llistat":{"titol":"","llistat":false},"objectius":{"titol":"","objectius":false},"documents":false}},"yoast_head":"<!-- This site is optimized with the Yoast SEO plugin v27.1.1 - https:\/\/yoast.com\/product\/yoast-seo-wordpress\/ -->\n<title>The XIII RDI TIC Salut Social Conference concludes with successful participation in Vic - Fundaci\u00f3 TIC Salut i Social<\/title>\n<meta name=\"description\" content=\"Last April 25 in Vic, the XIII RDI TIC Salut Social Conference gathered a total of 466 attendees.\" \/>\n<meta name=\"robots\" content=\"index, follow, max-snippet:-1, max-image-preview:large, max-video-preview:-1\" \/>\n<link rel=\"canonical\" href=\"https:\/\/ticsalutsocial.atoom.space\/en\/noticia\/the-xiii-days-rdi-tic-salut-social-conclude-with-successful-participation-in-vic\/\" \/>\n<meta property=\"og:locale\" content=\"en_US\" \/>\n<meta property=\"og:type\" content=\"article\" \/>\n<meta property=\"og:title\" content=\"The XIII RDI TIC Salut Social Conference concludes with successful participation in Vic - Fundaci\u00f3 TIC Salut i Social\" \/>\n<meta property=\"og:description\" content=\"Last April 25 in Vic, the XIII RDI TIC Salut Social Conference gathered a total of 466 attendees.\" \/>\n<meta property=\"og:url\" content=\"https:\/\/ticsalutsocial.atoom.space\/en\/noticia\/the-xiii-days-rdi-tic-salut-social-conclude-with-successful-participation-in-vic\/\" \/>\n<meta property=\"og:site_name\" content=\"Fundaci\u00f3 TIC Salut i Social\" \/>\n<meta property=\"article:modified_time\" content=\"2024-05-06T13:45:53+00:00\" \/>\n<meta property=\"og:image\" content=\"https:\/\/ticsalutsocial.atoom.space\/wp-content\/uploads\/2024\/04\/vic.png\" \/>\n\t<meta property=\"og:image:width\" content=\"1280\" \/>\n\t<meta property=\"og:image:height\" content=\"960\" \/>\n\t<meta property=\"og:image:type\" content=\"image\/png\" \/>\n<meta name=\"twitter:card\" content=\"summary_large_image\" \/>\n<meta name=\"twitter:label1\" content=\"Est. reading time\" \/>\n\t<meta name=\"twitter:data1\" content=\"4 minutes\" \/>\n<script type=\"application\/ld+json\" class=\"yoast-schema-graph\">{\"@context\":\"https:\/\/schema.org\",\"@graph\":[{\"@type\":\"WebPage\",\"@id\":\"https:\/\/ticsalutsocial.atoom.space\/en\/noticia\/the-xiii-days-rdi-tic-salut-social-conclude-with-successful-participation-in-vic\/\",\"url\":\"https:\/\/ticsalutsocial.atoom.space\/en\/noticia\/the-xiii-days-rdi-tic-salut-social-conclude-with-successful-participation-in-vic\/\",\"name\":\"The XIII RDI TIC Salut Social Conference concludes with successful participation in Vic - Fundaci\u00f3 TIC Salut i Social\",\"isPartOf\":{\"@id\":\"https:\/\/ticsalutsocial.atoom.space\/en\/#website\"},\"primaryImageOfPage\":{\"@id\":\"https:\/\/ticsalutsocial.atoom.space\/en\/noticia\/the-xiii-days-rdi-tic-salut-social-conclude-with-successful-participation-in-vic\/#primaryimage\"},\"image\":{\"@id\":\"https:\/\/ticsalutsocial.atoom.space\/en\/noticia\/the-xiii-days-rdi-tic-salut-social-conclude-with-successful-participation-in-vic\/#primaryimage\"},\"thumbnailUrl\":\"https:\/\/ticsalutsocial.atoom.space\/wp-content\/uploads\/2024\/04\/vic.png\",\"datePublished\":\"2024-04-29T11:25:35+00:00\",\"dateModified\":\"2024-05-06T13:45:53+00:00\",\"description\":\"Last April 25 in Vic, the XIII RDI TIC Salut Social Conference gathered a total of 466 attendees.\",\"breadcrumb\":{\"@id\":\"https:\/\/ticsalutsocial.atoom.space\/en\/noticia\/the-xiii-days-rdi-tic-salut-social-conclude-with-successful-participation-in-vic\/#breadcrumb\"},\"inLanguage\":\"en-US\",\"potentialAction\":[{\"@type\":\"ReadAction\",\"target\":[\"https:\/\/ticsalutsocial.atoom.space\/en\/noticia\/the-xiii-days-rdi-tic-salut-social-conclude-with-successful-participation-in-vic\/\"]}]},{\"@type\":\"ImageObject\",\"inLanguage\":\"en-US\",\"@id\":\"https:\/\/ticsalutsocial.atoom.space\/en\/noticia\/the-xiii-days-rdi-tic-salut-social-conclude-with-successful-participation-in-vic\/#primaryimage\",\"url\":\"https:\/\/ticsalutsocial.atoom.space\/wp-content\/uploads\/2024\/04\/vic.png\",\"contentUrl\":\"https:\/\/ticsalutsocial.atoom.space\/wp-content\/uploads\/2024\/04\/vic.png\",\"width\":1280,\"height\":960,\"caption\":\"Marta Segura\"},{\"@type\":\"BreadcrumbList\",\"@id\":\"https:\/\/ticsalutsocial.atoom.space\/en\/noticia\/the-xiii-days-rdi-tic-salut-social-conclude-with-successful-participation-in-vic\/#breadcrumb\",\"itemListElement\":[{\"@type\":\"ListItem\",\"position\":1,\"name\":\"Inici\",\"item\":\"https:\/\/ticsalutsocial.atoom.space\/en\/\"},{\"@type\":\"ListItem\",\"position\":2,\"name\":\"The XIII RDI TIC Salut Social Conference concludes with successful participation in Vic\"}]},{\"@type\":\"WebSite\",\"@id\":\"https:\/\/ticsalutsocial.atoom.space\/en\/#website\",\"url\":\"https:\/\/ticsalutsocial.atoom.space\/en\/\",\"name\":\"Fundaci\u00f3 TIC Salut i Social\",\"description\":\"\",\"potentialAction\":[{\"@type\":\"SearchAction\",\"target\":{\"@type\":\"EntryPoint\",\"urlTemplate\":\"https:\/\/ticsalutsocial.atoom.space\/en\/?s={search_term_string}\"},\"query-input\":{\"@type\":\"PropertyValueSpecification\",\"valueRequired\":true,\"valueName\":\"search_term_string\"}}],\"inLanguage\":\"en-US\"}]}<\/script>\n<!-- \/ Yoast SEO plugin. -->","yoast_head_json":{"title":"The XIII RDI TIC Salut Social Conference concludes with successful participation in Vic - Fundaci\u00f3 TIC Salut i Social","description":"Last April 25 in Vic, the XIII RDI TIC Salut Social Conference gathered a total of 466 attendees.","robots":{"index":"index","follow":"follow","max-snippet":"max-snippet:-1","max-image-preview":"max-image-preview:large","max-video-preview":"max-video-preview:-1"},"canonical":"https:\/\/ticsalutsocial.atoom.space\/en\/noticia\/the-xiii-days-rdi-tic-salut-social-conclude-with-successful-participation-in-vic\/","og_locale":"en_US","og_type":"article","og_title":"The XIII RDI TIC Salut Social Conference concludes with successful participation in Vic - Fundaci\u00f3 TIC Salut i Social","og_description":"Last April 25 in Vic, the XIII RDI TIC Salut Social Conference gathered a total of 466 attendees.","og_url":"https:\/\/ticsalutsocial.atoom.space\/en\/noticia\/the-xiii-days-rdi-tic-salut-social-conclude-with-successful-participation-in-vic\/","og_site_name":"Fundaci\u00f3 TIC Salut i Social","article_modified_time":"2024-05-06T13:45:53+00:00","og_image":[{"width":1280,"height":960,"url":"https:\/\/ticsalutsocial.atoom.space\/wp-content\/uploads\/2024\/04\/vic.png","type":"image\/png"}],"twitter_card":"summary_large_image","twitter_misc":{"Est. reading time":"4 minutes"},"schema":{"@context":"https:\/\/schema.org","@graph":[{"@type":"WebPage","@id":"https:\/\/ticsalutsocial.atoom.space\/en\/noticia\/the-xiii-days-rdi-tic-salut-social-conclude-with-successful-participation-in-vic\/","url":"https:\/\/ticsalutsocial.atoom.space\/en\/noticia\/the-xiii-days-rdi-tic-salut-social-conclude-with-successful-participation-in-vic\/","name":"The XIII RDI TIC Salut Social Conference concludes with successful participation in Vic - Fundaci\u00f3 TIC Salut i Social","isPartOf":{"@id":"https:\/\/ticsalutsocial.atoom.space\/en\/#website"},"primaryImageOfPage":{"@id":"https:\/\/ticsalutsocial.atoom.space\/en\/noticia\/the-xiii-days-rdi-tic-salut-social-conclude-with-successful-participation-in-vic\/#primaryimage"},"image":{"@id":"https:\/\/ticsalutsocial.atoom.space\/en\/noticia\/the-xiii-days-rdi-tic-salut-social-conclude-with-successful-participation-in-vic\/#primaryimage"},"thumbnailUrl":"https:\/\/ticsalutsocial.atoom.space\/wp-content\/uploads\/2024\/04\/vic.png","datePublished":"2024-04-29T11:25:35+00:00","dateModified":"2024-05-06T13:45:53+00:00","description":"Last April 25 in Vic, the XIII RDI TIC Salut Social Conference gathered a total of 466 attendees.","breadcrumb":{"@id":"https:\/\/ticsalutsocial.atoom.space\/en\/noticia\/the-xiii-days-rdi-tic-salut-social-conclude-with-successful-participation-in-vic\/#breadcrumb"},"inLanguage":"en-US","potentialAction":[{"@type":"ReadAction","target":["https:\/\/ticsalutsocial.atoom.space\/en\/noticia\/the-xiii-days-rdi-tic-salut-social-conclude-with-successful-participation-in-vic\/"]}]},{"@type":"ImageObject","inLanguage":"en-US","@id":"https:\/\/ticsalutsocial.atoom.space\/en\/noticia\/the-xiii-days-rdi-tic-salut-social-conclude-with-successful-participation-in-vic\/#primaryimage","url":"https:\/\/ticsalutsocial.atoom.space\/wp-content\/uploads\/2024\/04\/vic.png","contentUrl":"https:\/\/ticsalutsocial.atoom.space\/wp-content\/uploads\/2024\/04\/vic.png","width":1280,"height":960,"caption":"Marta Segura"},{"@type":"BreadcrumbList","@id":"https:\/\/ticsalutsocial.atoom.space\/en\/noticia\/the-xiii-days-rdi-tic-salut-social-conclude-with-successful-participation-in-vic\/#breadcrumb","itemListElement":[{"@type":"ListItem","position":1,"name":"Inici","item":"https:\/\/ticsalutsocial.atoom.space\/en\/"},{"@type":"ListItem","position":2,"name":"The XIII RDI TIC Salut Social Conference concludes with successful participation in Vic"}]},{"@type":"WebSite","@id":"https:\/\/ticsalutsocial.atoom.space\/en\/#website","url":"https:\/\/ticsalutsocial.atoom.space\/en\/","name":"Fundaci\u00f3 TIC Salut i Social","description":"","potentialAction":[{"@type":"SearchAction","target":{"@type":"EntryPoint","urlTemplate":"https:\/\/ticsalutsocial.atoom.space\/en\/?s={search_term_string}"},"query-input":{"@type":"PropertyValueSpecification","valueRequired":true,"valueName":"search_term_string"}}],"inLanguage":"en-US"}]}},"_links":{"self":[{"href":"https:\/\/ticsalutsocial.atoom.space\/en\/wp-json\/wp\/v2\/noticia\/27015","targetHints":{"allow":["GET"]}}],"collection":[{"href":"https:\/\/ticsalutsocial.atoom.space\/en\/wp-json\/wp\/v2\/noticia"}],"about":[{"href":"https:\/\/ticsalutsocial.atoom.space\/en\/wp-json\/wp\/v2\/types\/noticia"}],"author":[{"embeddable":true,"href":"https:\/\/ticsalutsocial.atoom.space\/en\/wp-json\/wp\/v2\/users\/3"}],"wp:featuredmedia":[{"embeddable":true,"href":"https:\/\/ticsalutsocial.atoom.space\/en\/wp-json\/wp\/v2\/media\/26904"}],"wp:attachment":[{"href":"https:\/\/ticsalutsocial.atoom.space\/en\/wp-json\/wp\/v2\/media?parent=27015"}],"wp:term":[{"taxonomy":"etiqueta","embeddable":true,"href":"https:\/\/ticsalutsocial.atoom.space\/en\/wp-json\/wp\/v2\/etiqueta?post=27015"},{"taxonomy":"tipus","embeddable":true,"href":"https:\/\/ticsalutsocial.atoom.space\/en\/wp-json\/wp\/v2\/tipus?post=27015"},{"taxonomy":"topic","embeddable":true,"href":"https:\/\/ticsalutsocial.atoom.space\/en\/wp-json\/wp\/v2\/topic?post=27015"}],"curies":[{"name":"wp","href":"https:\/\/api.w.org\/{rel}","templated":true}]}}