
{"id":27563,"date":"2024-05-28T12:56:36","date_gmt":"2024-05-28T10:56:36","guid":{"rendered":"https:\/\/ticsalutsocial.atoom.space\/noticia\/els-socis-del-carecitylab-de-mataro-signen-el-conveni-de-collaboracio-i-constitueixen-el-consell-directiu\/"},"modified":"2024-06-10T11:29:19","modified_gmt":"2024-06-10T09:29:19","slug":"els-socis-del-carecitylab-de-mataro-signen-el-conveni-de-collaboracio-i-constitueixen-el-consell-directiu","status":"publish","type":"noticia","link":"https:\/\/ticsalutsocial.atoom.space\/en\/noticia\/els-socis-del-carecitylab-de-mataro-signen-el-conveni-de-collaboracio-i-constitueixen-el-consell-directiu\/","title":{"rendered":"The Partners of CareCityLab in Matar\u00f3 Have Signed the Collaboration Agreement and Constitution of the Board of Directors"},"content":{"rendered":"\n<p>The partners of the CareCityLab project, promoted by the Matar\u00f3 City Council, have effectively signed the&nbsp;<strong>collaboration agreement and constituted the Board of Directors<\/strong>. The TIC Salut Social Foundation is one of the entities that are part of the&nbsp;<strong>new care and research centre in the social and health field of Matar\u00f3<\/strong>, which aims to offer solutions and a better quality of life to citizens in situations of fragility and dependency as well as to their carers. At the same time, it is a centre for innovation, research and knowledge transfer.<\/p>\n\n\n\n<p>The following people attended the signing of the agreement: the mayor of Matar\u00f3, David Bote; Meritxell Puyan\u00e9 for the TecnoCampus Matar\u00f3-Maresme Foundation; the manager of the Health Consortium of Maresme, Rafael Lled\u00f3; Joaquim Casanovas of the Health Consortium of the Maresme Health Foundation; the manager of the Sant Jaume and Santa Magdalena Hospital Foundation, Alfred Batet; Miquel Rey of the EURECAT Foundation; Cristina Bustillo of the TIC Salut Social Foundation; Josep Basora, on behalf of the Jordi Gol i Gurina University Institute Foundation for Primary Care Research; and Jordi Ara del Rey, on behalf of the Northern Metropolitan Primary Care of the Catalan Health Institute.<\/p>\n\n\n\n<p>The meeting highlighted how the collaboration of various administrations, entities and bodies has been essential in the definition, construction and commissioning of this equipment.<\/p>\n\n\n\n<p>The new centre is part of the strategic project Matar\u00f3, Ciutat Cuidadora, and is financed with European Funds, specifically with the Projects of Territorial Competition and Specialisation (PECT) of Matar\u00f3-Maresme.<\/p>\n\n\n\n<p><a href=\"https:\/\/www.mataro.cat\/ca\/actualitat\/noticies\/2024\/els-socis-del-carecitylab-signen-el-conveni-de-col-laboracio-i-constitueixen-el-consell-directiu\" target=\"_blank\" rel=\"noreferrer noopener\">More information<\/a><\/p>\n","protected":false},"author":12,"featured_media":27413,"menu_order":0,"template":"","meta":{"_acf_changed":true,"inline_featured_image":false},"etiqueta":[],"tipus":[],"topic":[122],"class_list":["post-27563","noticia","type-noticia","status-publish","has-post-thumbnail","hentry","topic-hot-news"],"acf":{"finalitzat":false,"tipus_plantilla":"objectius","template_objectius":{"cont_principal":"","imatge":false,"cont_seguent":{"titol":"","contingut":""},"seccio_llistat":{"titol":"","llistat":false},"objectius":{"titol":"","objectius":false},"documents":false},"autor":"","imatge":27413,"textos_destacats":[{"texte":"The TIC Salut Social Foundation is one of the partners of CareCityLab, the new care and research centre in the social and health field of the Maresme capital."}],"documents":false},"yoast_head":"<!-- This site is optimized with the Yoast SEO plugin v27.1.1 - https:\/\/yoast.com\/product\/yoast-seo-wordpress\/ -->\n<title>The Partners of CareCityLab in Matar\u00f3 Have Signed the Collaboration Agreement and Constitution of the Board of Directors - Fundaci\u00f3 TIC Salut i Social<\/title>\n<meta name=\"description\" content=\"The TIC Salut Social Foundation is one of the partners of CareCityLab, the new care and research centre in the social and health field of the Maresme capital.\" \/>\n<meta name=\"robots\" content=\"index, follow, max-snippet:-1, max-image-preview:large, max-video-preview:-1\" \/>\n<link rel=\"canonical\" href=\"https:\/\/ticsalutsocial.atoom.space\/en\/noticia\/els-socis-del-carecitylab-de-mataro-signen-el-conveni-de-collaboracio-i-constitueixen-el-consell-directiu\/\" \/>\n<meta property=\"og:locale\" content=\"en_US\" \/>\n<meta property=\"og:type\" content=\"article\" \/>\n<meta property=\"og:title\" content=\"The Partners of CareCityLab in Matar\u00f3 Have Signed the Collaboration Agreement and Constitution of the Board of Directors - Fundaci\u00f3 TIC Salut i Social\" \/>\n<meta property=\"og:description\" content=\"The TIC Salut Social Foundation is one of the partners of CareCityLab, the new care and research centre in the social and health field of the Maresme capital.\" \/>\n<meta property=\"og:url\" content=\"https:\/\/ticsalutsocial.atoom.space\/en\/noticia\/els-socis-del-carecitylab-de-mataro-signen-el-conveni-de-collaboracio-i-constitueixen-el-consell-directiu\/\" \/>\n<meta property=\"og:site_name\" content=\"Fundaci\u00f3 TIC Salut i Social\" \/>\n<meta property=\"article:modified_time\" content=\"2024-06-10T09:29:19+00:00\" \/>\n<meta property=\"og:image\" content=\"https:\/\/ticsalutsocial.atoom.space\/wp-content\/uploads\/2024\/05\/Citycarelab.png\" \/>\n\t<meta property=\"og:image:width\" content=\"1280\" \/>\n\t<meta property=\"og:image:height\" content=\"960\" \/>\n\t<meta property=\"og:image:type\" content=\"image\/png\" \/>\n<meta name=\"twitter:card\" content=\"summary_large_image\" \/>\n<meta name=\"twitter:label1\" content=\"Est. reading time\" \/>\n\t<meta name=\"twitter:data1\" content=\"2 minutes\" \/>\n<script type=\"application\/ld+json\" class=\"yoast-schema-graph\">{\"@context\":\"https:\/\/schema.org\",\"@graph\":[{\"@type\":\"WebPage\",\"@id\":\"https:\/\/ticsalutsocial.atoom.space\/en\/noticia\/els-socis-del-carecitylab-de-mataro-signen-el-conveni-de-collaboracio-i-constitueixen-el-consell-directiu\/\",\"url\":\"https:\/\/ticsalutsocial.atoom.space\/en\/noticia\/els-socis-del-carecitylab-de-mataro-signen-el-conveni-de-collaboracio-i-constitueixen-el-consell-directiu\/\",\"name\":\"The Partners of CareCityLab in Matar\u00f3 Have Signed the Collaboration Agreement and Constitution of the Board of Directors - Fundaci\u00f3 TIC Salut i Social\",\"isPartOf\":{\"@id\":\"https:\/\/ticsalutsocial.atoom.space\/en\/#website\"},\"primaryImageOfPage\":{\"@id\":\"https:\/\/ticsalutsocial.atoom.space\/en\/noticia\/els-socis-del-carecitylab-de-mataro-signen-el-conveni-de-collaboracio-i-constitueixen-el-consell-directiu\/#primaryimage\"},\"image\":{\"@id\":\"https:\/\/ticsalutsocial.atoom.space\/en\/noticia\/els-socis-del-carecitylab-de-mataro-signen-el-conveni-de-collaboracio-i-constitueixen-el-consell-directiu\/#primaryimage\"},\"thumbnailUrl\":\"https:\/\/ticsalutsocial.atoom.space\/wp-content\/uploads\/2024\/05\/Citycarelab.png\",\"datePublished\":\"2024-05-28T10:56:36+00:00\",\"dateModified\":\"2024-06-10T09:29:19+00:00\",\"description\":\"The TIC Salut Social Foundation is one of the partners of CareCityLab, the new care and research centre in the social and health field of the Maresme capital.\",\"breadcrumb\":{\"@id\":\"https:\/\/ticsalutsocial.atoom.space\/en\/noticia\/els-socis-del-carecitylab-de-mataro-signen-el-conveni-de-collaboracio-i-constitueixen-el-consell-directiu\/#breadcrumb\"},\"inLanguage\":\"en-US\",\"potentialAction\":[{\"@type\":\"ReadAction\",\"target\":[\"https:\/\/ticsalutsocial.atoom.space\/en\/noticia\/els-socis-del-carecitylab-de-mataro-signen-el-conveni-de-collaboracio-i-constitueixen-el-consell-directiu\/\"]}]},{\"@type\":\"ImageObject\",\"inLanguage\":\"en-US\",\"@id\":\"https:\/\/ticsalutsocial.atoom.space\/en\/noticia\/els-socis-del-carecitylab-de-mataro-signen-el-conveni-de-collaboracio-i-constitueixen-el-consell-directiu\/#primaryimage\",\"url\":\"https:\/\/ticsalutsocial.atoom.space\/wp-content\/uploads\/2024\/05\/Citycarelab.png\",\"contentUrl\":\"https:\/\/ticsalutsocial.atoom.space\/wp-content\/uploads\/2024\/05\/Citycarelab.png\",\"width\":1280,\"height\":960,\"caption\":\"CityCareLab\"},{\"@type\":\"BreadcrumbList\",\"@id\":\"https:\/\/ticsalutsocial.atoom.space\/en\/noticia\/els-socis-del-carecitylab-de-mataro-signen-el-conveni-de-collaboracio-i-constitueixen-el-consell-directiu\/#breadcrumb\",\"itemListElement\":[{\"@type\":\"ListItem\",\"position\":1,\"name\":\"Inici\",\"item\":\"https:\/\/ticsalutsocial.atoom.space\/en\/\"},{\"@type\":\"ListItem\",\"position\":2,\"name\":\"The Partners of CareCityLab in Matar\u00f3 Have Signed the Collaboration Agreement and Constitution of the Board of Directors\"}]},{\"@type\":\"WebSite\",\"@id\":\"https:\/\/ticsalutsocial.atoom.space\/en\/#website\",\"url\":\"https:\/\/ticsalutsocial.atoom.space\/en\/\",\"name\":\"Fundaci\u00f3 TIC Salut i Social\",\"description\":\"\",\"potentialAction\":[{\"@type\":\"SearchAction\",\"target\":{\"@type\":\"EntryPoint\",\"urlTemplate\":\"https:\/\/ticsalutsocial.atoom.space\/en\/?s={search_term_string}\"},\"query-input\":{\"@type\":\"PropertyValueSpecification\",\"valueRequired\":true,\"valueName\":\"search_term_string\"}}],\"inLanguage\":\"en-US\"}]}<\/script>\n<!-- \/ Yoast SEO plugin. -->","yoast_head_json":{"title":"The Partners of CareCityLab in Matar\u00f3 Have Signed the Collaboration Agreement and Constitution of the Board of Directors - Fundaci\u00f3 TIC Salut i Social","description":"The TIC Salut Social Foundation is one of the partners of CareCityLab, the new care and research centre in the social and health field of the Maresme capital.","robots":{"index":"index","follow":"follow","max-snippet":"max-snippet:-1","max-image-preview":"max-image-preview:large","max-video-preview":"max-video-preview:-1"},"canonical":"https:\/\/ticsalutsocial.atoom.space\/en\/noticia\/els-socis-del-carecitylab-de-mataro-signen-el-conveni-de-collaboracio-i-constitueixen-el-consell-directiu\/","og_locale":"en_US","og_type":"article","og_title":"The Partners of CareCityLab in Matar\u00f3 Have Signed the Collaboration Agreement and Constitution of the Board of Directors - Fundaci\u00f3 TIC Salut i Social","og_description":"The TIC Salut Social Foundation is one of the partners of CareCityLab, the new care and research centre in the social and health field of the Maresme capital.","og_url":"https:\/\/ticsalutsocial.atoom.space\/en\/noticia\/els-socis-del-carecitylab-de-mataro-signen-el-conveni-de-collaboracio-i-constitueixen-el-consell-directiu\/","og_site_name":"Fundaci\u00f3 TIC Salut i Social","article_modified_time":"2024-06-10T09:29:19+00:00","og_image":[{"width":1280,"height":960,"url":"https:\/\/ticsalutsocial.atoom.space\/wp-content\/uploads\/2024\/05\/Citycarelab.png","type":"image\/png"}],"twitter_card":"summary_large_image","twitter_misc":{"Est. reading time":"2 minutes"},"schema":{"@context":"https:\/\/schema.org","@graph":[{"@type":"WebPage","@id":"https:\/\/ticsalutsocial.atoom.space\/en\/noticia\/els-socis-del-carecitylab-de-mataro-signen-el-conveni-de-collaboracio-i-constitueixen-el-consell-directiu\/","url":"https:\/\/ticsalutsocial.atoom.space\/en\/noticia\/els-socis-del-carecitylab-de-mataro-signen-el-conveni-de-collaboracio-i-constitueixen-el-consell-directiu\/","name":"The Partners of CareCityLab in Matar\u00f3 Have Signed the Collaboration Agreement and Constitution of the Board of Directors - Fundaci\u00f3 TIC Salut i Social","isPartOf":{"@id":"https:\/\/ticsalutsocial.atoom.space\/en\/#website"},"primaryImageOfPage":{"@id":"https:\/\/ticsalutsocial.atoom.space\/en\/noticia\/els-socis-del-carecitylab-de-mataro-signen-el-conveni-de-collaboracio-i-constitueixen-el-consell-directiu\/#primaryimage"},"image":{"@id":"https:\/\/ticsalutsocial.atoom.space\/en\/noticia\/els-socis-del-carecitylab-de-mataro-signen-el-conveni-de-collaboracio-i-constitueixen-el-consell-directiu\/#primaryimage"},"thumbnailUrl":"https:\/\/ticsalutsocial.atoom.space\/wp-content\/uploads\/2024\/05\/Citycarelab.png","datePublished":"2024-05-28T10:56:36+00:00","dateModified":"2024-06-10T09:29:19+00:00","description":"The TIC Salut Social Foundation is one of the partners of CareCityLab, the new care and research centre in the social and health field of the Maresme capital.","breadcrumb":{"@id":"https:\/\/ticsalutsocial.atoom.space\/en\/noticia\/els-socis-del-carecitylab-de-mataro-signen-el-conveni-de-collaboracio-i-constitueixen-el-consell-directiu\/#breadcrumb"},"inLanguage":"en-US","potentialAction":[{"@type":"ReadAction","target":["https:\/\/ticsalutsocial.atoom.space\/en\/noticia\/els-socis-del-carecitylab-de-mataro-signen-el-conveni-de-collaboracio-i-constitueixen-el-consell-directiu\/"]}]},{"@type":"ImageObject","inLanguage":"en-US","@id":"https:\/\/ticsalutsocial.atoom.space\/en\/noticia\/els-socis-del-carecitylab-de-mataro-signen-el-conveni-de-collaboracio-i-constitueixen-el-consell-directiu\/#primaryimage","url":"https:\/\/ticsalutsocial.atoom.space\/wp-content\/uploads\/2024\/05\/Citycarelab.png","contentUrl":"https:\/\/ticsalutsocial.atoom.space\/wp-content\/uploads\/2024\/05\/Citycarelab.png","width":1280,"height":960,"caption":"CityCareLab"},{"@type":"BreadcrumbList","@id":"https:\/\/ticsalutsocial.atoom.space\/en\/noticia\/els-socis-del-carecitylab-de-mataro-signen-el-conveni-de-collaboracio-i-constitueixen-el-consell-directiu\/#breadcrumb","itemListElement":[{"@type":"ListItem","position":1,"name":"Inici","item":"https:\/\/ticsalutsocial.atoom.space\/en\/"},{"@type":"ListItem","position":2,"name":"The Partners of CareCityLab in Matar\u00f3 Have Signed the Collaboration Agreement and Constitution of the Board of Directors"}]},{"@type":"WebSite","@id":"https:\/\/ticsalutsocial.atoom.space\/en\/#website","url":"https:\/\/ticsalutsocial.atoom.space\/en\/","name":"Fundaci\u00f3 TIC Salut i Social","description":"","potentialAction":[{"@type":"SearchAction","target":{"@type":"EntryPoint","urlTemplate":"https:\/\/ticsalutsocial.atoom.space\/en\/?s={search_term_string}"},"query-input":{"@type":"PropertyValueSpecification","valueRequired":true,"valueName":"search_term_string"}}],"inLanguage":"en-US"}]}},"_links":{"self":[{"href":"https:\/\/ticsalutsocial.atoom.space\/en\/wp-json\/wp\/v2\/noticia\/27563","targetHints":{"allow":["GET"]}}],"collection":[{"href":"https:\/\/ticsalutsocial.atoom.space\/en\/wp-json\/wp\/v2\/noticia"}],"about":[{"href":"https:\/\/ticsalutsocial.atoom.space\/en\/wp-json\/wp\/v2\/types\/noticia"}],"author":[{"embeddable":true,"href":"https:\/\/ticsalutsocial.atoom.space\/en\/wp-json\/wp\/v2\/users\/12"}],"wp:featuredmedia":[{"embeddable":true,"href":"https:\/\/ticsalutsocial.atoom.space\/en\/wp-json\/wp\/v2\/media\/27413"}],"wp:attachment":[{"href":"https:\/\/ticsalutsocial.atoom.space\/en\/wp-json\/wp\/v2\/media?parent=27563"}],"wp:term":[{"taxonomy":"etiqueta","embeddable":true,"href":"https:\/\/ticsalutsocial.atoom.space\/en\/wp-json\/wp\/v2\/etiqueta?post=27563"},{"taxonomy":"tipus","embeddable":true,"href":"https:\/\/ticsalutsocial.atoom.space\/en\/wp-json\/wp\/v2\/tipus?post=27563"},{"taxonomy":"topic","embeddable":true,"href":"https:\/\/ticsalutsocial.atoom.space\/en\/wp-json\/wp\/v2\/topic?post=27563"}],"curies":[{"name":"wp","href":"https:\/\/api.w.org\/{rel}","templated":true}]}}