
{"id":28060,"date":"2024-07-10T14:26:22","date_gmt":"2024-07-10T12:26:22","guid":{"rendered":"https:\/\/ticsalutsocial.atoom.space\/noticia\/tret-de-sortida-al-marc-de-treball-per-desenvolupar-actius-digitals-per-a-la-ciutadania\/"},"modified":"2024-07-25T10:40:05","modified_gmt":"2024-07-25T08:40:05","slug":"tret-de-sortida-al-marc-de-treball-per-desenvolupar-actius-digitals-per-a-la-ciutadania","status":"publish","type":"noticia","link":"https:\/\/ticsalutsocial.atoom.space\/en\/noticia\/tret-de-sortida-al-marc-de-treball-per-desenvolupar-actius-digitals-per-a-la-ciutadania\/","title":{"rendered":"Starting shot for the work framework to develop digital assets for citizens"},"content":{"rendered":"\n<p>The TIC Salut Social Foundation and the Citizenship, Innovation and User Area of the Catalan Health Service organised the\u00a0<strong>Seminar on Digital Assets for Citizens<\/strong> held on 3 July in Barcelona. The session can now be viewed on the YouTube channel of the TIC Salut Social Foundation.<\/p>\n\n\n\n<figure class=\"wp-block-embed is-type-video is-provider-youtube wp-block-embed-youtube wp-embed-aspect-16-9 wp-has-aspect-ratio\"><div class=\"wp-block-embed__wrapper\">\n<iframe loading=\"lazy\" title=\"TIC Salut Social | Jornada sobre Actius Digitals per a la Ciutadania\" width=\"500\" height=\"281\" src=\"https:\/\/www.youtube.com\/embed\/NNSvMXHYQZc?feature=oembed\" frameborder=\"0\" allow=\"accelerometer; autoplay; clipboard-write; encrypted-media; gyroscope; picture-in-picture; web-share\" referrerpolicy=\"strict-origin-when-cross-origin\" allowfullscreen><\/iframe>\n<\/div><\/figure>\n\n\n\n<p><\/p>\n\n\n\n<p><strong>Two initiatives<\/strong>&nbsp;driven by the Foundation and the Catalan Health Service&nbsp;<strong>to encourage the proper use of digital assets in health and promote equality between citizens in their access to it<\/strong> were presented at the session. Firstly, <strong>Carme Pratdep\u00e0dua<\/strong>, head of mHealth at the TIC Salut Social Foundation,&nbsp;presented the&nbsp;<a href=\"https:\/\/ticsalutsocial.atoom.space\/wp-content\/uploads\/2024\/04\/Informe.-Radar-dActius-Digitals-al-SISCAT.pdf\" target=\"_blank\" rel=\"noreferrer noopener\">Radar of Digital Assets in Catalonia<\/a>, which provides an overview of the digital solutions and services on offer at the SISCAT\u2019s centres. Secondly, <strong>Yolanda Portero<\/strong>, Relational Innovation Manager of the Citizenship, Innovation and User Area of the Catalan Health Service, presented the&nbsp;<a href=\"https:\/\/ticsalutsocial.atoom.space\/wp-content\/uploads\/2024\/04\/Guia-de-Bones-Practiques-per-desenvolupar-Actius-Digitals-per-la-Ciutadania.pdf\" target=\"_blank\" rel=\"noreferrer noopener\">Guide on best practices for developing Digital Assets for Citizens<\/a>, applicable to all digital health and wellness products and services for the SISCAT\u2019s suppliers.<\/p>\n\n\n\n<p>As <strong>Joan Guanyabens<\/strong>, Director of the TIC Salut Social Foundation, pointed out at the event\u2019s opening ceremony, the radar fulfils the Foundation\u2019s role as an observatory, while the guide is a starting point for building involving all the stakeholders:&nbsp;<strong>\u201cWhat we\u2019re presenting today is a work framework based on which we can jointly build the digital assets that citizens use to take better care of themselves, to enjoy better health. And the main message is that all this can\u2019t be built by a single person alone\u201d.&nbsp;<\/strong>As examples of chapters that are still to be built together, he listed issues such as where the personal data obtained by apps should end up, how long the data\u2019s life cycle lasts and how digital solutions should be financed when citizens use them.<\/p>\n\n\n\n<p>A round table was held during the seminar with representatives of digital assets from the public and private areas. On behalf of the public sphere, <strong>Meritxell Davins<\/strong>, Director of Transformation and Digital Health at the Germans Trias i Pujol University Hospital,&nbsp;presented the <strong>eSalut MetroNord app<\/strong>, designed to help patients to play an active part in the treatment and monitoring of their illnesses. <strong>Pere Guerrero<\/strong>, head of Digital Transformation, Information Systems and ICT at Althaia (Manresa University Assistance Network), presented the <strong>ALTHAIA<\/strong> app, which can access information on the centres and services in the care network, and&nbsp;<strong>ALTHAIA Crono 360<\/strong>, which enhances the monitoring of the user\u2019s chronic pathology and improves mental and cardiac health. He also presented the <strong>PUKONO app<\/strong>, which helps patients with hypertension and kidney failure to identify which foods are suitable and safe.<\/p>\n\n\n\n<p>As representatives of the private sector, Laura Vidal, the co-founder of the <strong>HappySneeze app<\/strong>, presented her solution devoted to improving the health of the pelvic floor. While <strong>Mar\u00eda Salido<\/strong>, the co-founder of the<strong> SocialDiabetes app<\/strong>,&nbsp;laid out her platform for the self-management of diabetes.<\/p>\n\n\n\n<p>Following the presentation of the digital solutions, the participants in the round table debated what the keys for the private sector are if it is to succeed in introducing its applications into the public sector and the main difficulties encountered when developing these digital assets.<\/p>\n\n\n\n<p><strong>Elisenda Serra<\/strong>, Director of the Citizenship, Innovation and User Area of the Catalan Health Service,&nbsp;brought the event to a close by emphasising the need to work together to promote digital assets and explaining how she wants to see <em>La Meva Salut<\/em> develop:&nbsp;<strong>\u201cCitizens are becoming more and more empowered and we must be able to give them a relationship with the System that\u2019s omnichannel.&nbsp; As a citizen, as a user (&#8230;) I must be able to enjoy digital, hybrid, in-person and phone interaction and whatever the new relational model brings us\u201d.&nbsp;<\/strong>At the same time, she added, we must guarantee fairness, accessibility and a good and personalised experience.&nbsp;<\/p>\n\n\n\n<p>In the event of any queries related to the issues covered at the event, please contact the Foundation\u2019s mHealth Office by email at&nbsp;<a href=\"mailto:oficinamobilitat@ticsalutsocial.cat\">oficinamobilitat@ticsalutsocial.cat<\/a><\/p>\n","protected":false},"author":12,"featured_media":27920,"menu_order":0,"template":"","meta":{"_acf_changed":true,"inline_featured_image":false},"etiqueta":[],"tipus":[655],"topic":[116],"class_list":["post-28060","noticia","type-noticia","status-publish","has-post-thumbnail","hentry","tipus-digital-assets","topic-events"],"acf":{"finalitzat":false,"tipus_plantilla":"objectius","template_objectius":{"cont_principal":"","imatge":false,"cont_seguent":{"titol":"","contingut":""},"seccio_llistat":{"titol":"","llistat":false},"objectius":{"titol":"","objectius":false},"documents":false},"autor":"","imatge":27920,"textos_destacats":[{"texte":"The Seminar on Digital Assets for Citizens, during which the Radar of Digital Assets in Catalonia and the Guide on best practices for developing Digital Assets for Citizens were presented, can now be viewed."}],"documents":false},"yoast_head":"<!-- This site is optimized with the Yoast SEO plugin v27.1.1 - https:\/\/yoast.com\/product\/yoast-seo-wordpress\/ -->\n<title>Starting shot for the work framework to develop digital assets for citizens - Fundaci\u00f3 TIC Salut i Social<\/title>\n<meta name=\"description\" content=\"Ja est\u00e0 disponible la retransmissi\u00f3 de la Jornada sobre Actius Digitals per a la Ciutadania, en la qual es va presentar el Radar d\u2019Actius Digitals a Catalunya i la Guia de Bones pr\u00e0ctiques per desenvolupar Actius Digitals per a la Ciutadania.\" \/>\n<meta name=\"robots\" content=\"index, follow, max-snippet:-1, max-image-preview:large, max-video-preview:-1\" \/>\n<link rel=\"canonical\" href=\"https:\/\/ticsalutsocial.atoom.space\/en\/noticia\/tret-de-sortida-al-marc-de-treball-per-desenvolupar-actius-digitals-per-a-la-ciutadania\/\" \/>\n<meta property=\"og:locale\" content=\"en_US\" \/>\n<meta property=\"og:type\" content=\"article\" \/>\n<meta property=\"og:title\" content=\"Starting shot for the work framework to develop digital assets for citizens - Fundaci\u00f3 TIC Salut i Social\" \/>\n<meta property=\"og:description\" content=\"Ja est\u00e0 disponible la retransmissi\u00f3 de la Jornada sobre Actius Digitals per a la Ciutadania, en la qual es va presentar el Radar d\u2019Actius Digitals a Catalunya i la Guia de Bones pr\u00e0ctiques per desenvolupar Actius Digitals per a la Ciutadania.\" \/>\n<meta property=\"og:url\" content=\"https:\/\/ticsalutsocial.atoom.space\/en\/noticia\/tret-de-sortida-al-marc-de-treball-per-desenvolupar-actius-digitals-per-a-la-ciutadania\/\" \/>\n<meta property=\"og:site_name\" content=\"Fundaci\u00f3 TIC Salut i Social\" \/>\n<meta property=\"article:modified_time\" content=\"2024-07-25T08:40:05+00:00\" \/>\n<meta property=\"og:image\" content=\"https:\/\/ticsalutsocial.atoom.space\/wp-content\/uploads\/2024\/07\/Jornada-sobre-actius-digitals-per-a-la-ciutadania.png\" \/>\n\t<meta property=\"og:image:width\" content=\"1280\" \/>\n\t<meta property=\"og:image:height\" content=\"960\" \/>\n\t<meta property=\"og:image:type\" content=\"image\/png\" \/>\n<meta name=\"twitter:card\" content=\"summary_large_image\" \/>\n<meta name=\"twitter:label1\" content=\"Est. reading time\" \/>\n\t<meta name=\"twitter:data1\" content=\"4 minutes\" \/>\n<script type=\"application\/ld+json\" class=\"yoast-schema-graph\">{\"@context\":\"https:\/\/schema.org\",\"@graph\":[{\"@type\":\"WebPage\",\"@id\":\"https:\/\/ticsalutsocial.atoom.space\/en\/noticia\/tret-de-sortida-al-marc-de-treball-per-desenvolupar-actius-digitals-per-a-la-ciutadania\/\",\"url\":\"https:\/\/ticsalutsocial.atoom.space\/en\/noticia\/tret-de-sortida-al-marc-de-treball-per-desenvolupar-actius-digitals-per-a-la-ciutadania\/\",\"name\":\"Starting shot for the work framework to develop digital assets for citizens - Fundaci\u00f3 TIC Salut i Social\",\"isPartOf\":{\"@id\":\"https:\/\/ticsalutsocial.atoom.space\/en\/#website\"},\"primaryImageOfPage\":{\"@id\":\"https:\/\/ticsalutsocial.atoom.space\/en\/noticia\/tret-de-sortida-al-marc-de-treball-per-desenvolupar-actius-digitals-per-a-la-ciutadania\/#primaryimage\"},\"image\":{\"@id\":\"https:\/\/ticsalutsocial.atoom.space\/en\/noticia\/tret-de-sortida-al-marc-de-treball-per-desenvolupar-actius-digitals-per-a-la-ciutadania\/#primaryimage\"},\"thumbnailUrl\":\"https:\/\/ticsalutsocial.atoom.space\/wp-content\/uploads\/2024\/07\/Jornada-sobre-actius-digitals-per-a-la-ciutadania.png\",\"datePublished\":\"2024-07-10T12:26:22+00:00\",\"dateModified\":\"2024-07-25T08:40:05+00:00\",\"description\":\"Ja est\u00e0 disponible la retransmissi\u00f3 de la Jornada sobre Actius Digitals per a la Ciutadania, en la qual es va presentar el Radar d\u2019Actius Digitals a Catalunya i la Guia de Bones pr\u00e0ctiques per desenvolupar Actius Digitals per a la Ciutadania.\",\"breadcrumb\":{\"@id\":\"https:\/\/ticsalutsocial.atoom.space\/en\/noticia\/tret-de-sortida-al-marc-de-treball-per-desenvolupar-actius-digitals-per-a-la-ciutadania\/#breadcrumb\"},\"inLanguage\":\"en-US\",\"potentialAction\":[{\"@type\":\"ReadAction\",\"target\":[\"https:\/\/ticsalutsocial.atoom.space\/en\/noticia\/tret-de-sortida-al-marc-de-treball-per-desenvolupar-actius-digitals-per-a-la-ciutadania\/\"]}]},{\"@type\":\"ImageObject\",\"inLanguage\":\"en-US\",\"@id\":\"https:\/\/ticsalutsocial.atoom.space\/en\/noticia\/tret-de-sortida-al-marc-de-treball-per-desenvolupar-actius-digitals-per-a-la-ciutadania\/#primaryimage\",\"url\":\"https:\/\/ticsalutsocial.atoom.space\/wp-content\/uploads\/2024\/07\/Jornada-sobre-actius-digitals-per-a-la-ciutadania.png\",\"contentUrl\":\"https:\/\/ticsalutsocial.atoom.space\/wp-content\/uploads\/2024\/07\/Jornada-sobre-actius-digitals-per-a-la-ciutadania.png\",\"width\":1280,\"height\":960},{\"@type\":\"BreadcrumbList\",\"@id\":\"https:\/\/ticsalutsocial.atoom.space\/en\/noticia\/tret-de-sortida-al-marc-de-treball-per-desenvolupar-actius-digitals-per-a-la-ciutadania\/#breadcrumb\",\"itemListElement\":[{\"@type\":\"ListItem\",\"position\":1,\"name\":\"Inici\",\"item\":\"https:\/\/ticsalutsocial.atoom.space\/en\/\"},{\"@type\":\"ListItem\",\"position\":2,\"name\":\"Starting shot for the work framework to develop digital assets for citizens\"}]},{\"@type\":\"WebSite\",\"@id\":\"https:\/\/ticsalutsocial.atoom.space\/en\/#website\",\"url\":\"https:\/\/ticsalutsocial.atoom.space\/en\/\",\"name\":\"Fundaci\u00f3 TIC Salut i Social\",\"description\":\"\",\"potentialAction\":[{\"@type\":\"SearchAction\",\"target\":{\"@type\":\"EntryPoint\",\"urlTemplate\":\"https:\/\/ticsalutsocial.atoom.space\/en\/?s={search_term_string}\"},\"query-input\":{\"@type\":\"PropertyValueSpecification\",\"valueRequired\":true,\"valueName\":\"search_term_string\"}}],\"inLanguage\":\"en-US\"}]}<\/script>\n<!-- \/ Yoast SEO plugin. -->","yoast_head_json":{"title":"Starting shot for the work framework to develop digital assets for citizens - Fundaci\u00f3 TIC Salut i Social","description":"Ja est\u00e0 disponible la retransmissi\u00f3 de la Jornada sobre Actius Digitals per a la Ciutadania, en la qual es va presentar el Radar d\u2019Actius Digitals a Catalunya i la Guia de Bones pr\u00e0ctiques per desenvolupar Actius Digitals per a la Ciutadania.","robots":{"index":"index","follow":"follow","max-snippet":"max-snippet:-1","max-image-preview":"max-image-preview:large","max-video-preview":"max-video-preview:-1"},"canonical":"https:\/\/ticsalutsocial.atoom.space\/en\/noticia\/tret-de-sortida-al-marc-de-treball-per-desenvolupar-actius-digitals-per-a-la-ciutadania\/","og_locale":"en_US","og_type":"article","og_title":"Starting shot for the work framework to develop digital assets for citizens - Fundaci\u00f3 TIC Salut i Social","og_description":"Ja est\u00e0 disponible la retransmissi\u00f3 de la Jornada sobre Actius Digitals per a la Ciutadania, en la qual es va presentar el Radar d\u2019Actius Digitals a Catalunya i la Guia de Bones pr\u00e0ctiques per desenvolupar Actius Digitals per a la Ciutadania.","og_url":"https:\/\/ticsalutsocial.atoom.space\/en\/noticia\/tret-de-sortida-al-marc-de-treball-per-desenvolupar-actius-digitals-per-a-la-ciutadania\/","og_site_name":"Fundaci\u00f3 TIC Salut i Social","article_modified_time":"2024-07-25T08:40:05+00:00","og_image":[{"width":1280,"height":960,"url":"https:\/\/ticsalutsocial.atoom.space\/wp-content\/uploads\/2024\/07\/Jornada-sobre-actius-digitals-per-a-la-ciutadania.png","type":"image\/png"}],"twitter_card":"summary_large_image","twitter_misc":{"Est. reading time":"4 minutes"},"schema":{"@context":"https:\/\/schema.org","@graph":[{"@type":"WebPage","@id":"https:\/\/ticsalutsocial.atoom.space\/en\/noticia\/tret-de-sortida-al-marc-de-treball-per-desenvolupar-actius-digitals-per-a-la-ciutadania\/","url":"https:\/\/ticsalutsocial.atoom.space\/en\/noticia\/tret-de-sortida-al-marc-de-treball-per-desenvolupar-actius-digitals-per-a-la-ciutadania\/","name":"Starting shot for the work framework to develop digital assets for citizens - Fundaci\u00f3 TIC Salut i Social","isPartOf":{"@id":"https:\/\/ticsalutsocial.atoom.space\/en\/#website"},"primaryImageOfPage":{"@id":"https:\/\/ticsalutsocial.atoom.space\/en\/noticia\/tret-de-sortida-al-marc-de-treball-per-desenvolupar-actius-digitals-per-a-la-ciutadania\/#primaryimage"},"image":{"@id":"https:\/\/ticsalutsocial.atoom.space\/en\/noticia\/tret-de-sortida-al-marc-de-treball-per-desenvolupar-actius-digitals-per-a-la-ciutadania\/#primaryimage"},"thumbnailUrl":"https:\/\/ticsalutsocial.atoom.space\/wp-content\/uploads\/2024\/07\/Jornada-sobre-actius-digitals-per-a-la-ciutadania.png","datePublished":"2024-07-10T12:26:22+00:00","dateModified":"2024-07-25T08:40:05+00:00","description":"Ja est\u00e0 disponible la retransmissi\u00f3 de la Jornada sobre Actius Digitals per a la Ciutadania, en la qual es va presentar el Radar d\u2019Actius Digitals a Catalunya i la Guia de Bones pr\u00e0ctiques per desenvolupar Actius Digitals per a la Ciutadania.","breadcrumb":{"@id":"https:\/\/ticsalutsocial.atoom.space\/en\/noticia\/tret-de-sortida-al-marc-de-treball-per-desenvolupar-actius-digitals-per-a-la-ciutadania\/#breadcrumb"},"inLanguage":"en-US","potentialAction":[{"@type":"ReadAction","target":["https:\/\/ticsalutsocial.atoom.space\/en\/noticia\/tret-de-sortida-al-marc-de-treball-per-desenvolupar-actius-digitals-per-a-la-ciutadania\/"]}]},{"@type":"ImageObject","inLanguage":"en-US","@id":"https:\/\/ticsalutsocial.atoom.space\/en\/noticia\/tret-de-sortida-al-marc-de-treball-per-desenvolupar-actius-digitals-per-a-la-ciutadania\/#primaryimage","url":"https:\/\/ticsalutsocial.atoom.space\/wp-content\/uploads\/2024\/07\/Jornada-sobre-actius-digitals-per-a-la-ciutadania.png","contentUrl":"https:\/\/ticsalutsocial.atoom.space\/wp-content\/uploads\/2024\/07\/Jornada-sobre-actius-digitals-per-a-la-ciutadania.png","width":1280,"height":960},{"@type":"BreadcrumbList","@id":"https:\/\/ticsalutsocial.atoom.space\/en\/noticia\/tret-de-sortida-al-marc-de-treball-per-desenvolupar-actius-digitals-per-a-la-ciutadania\/#breadcrumb","itemListElement":[{"@type":"ListItem","position":1,"name":"Inici","item":"https:\/\/ticsalutsocial.atoom.space\/en\/"},{"@type":"ListItem","position":2,"name":"Starting shot for the work framework to develop digital assets for citizens"}]},{"@type":"WebSite","@id":"https:\/\/ticsalutsocial.atoom.space\/en\/#website","url":"https:\/\/ticsalutsocial.atoom.space\/en\/","name":"Fundaci\u00f3 TIC Salut i Social","description":"","potentialAction":[{"@type":"SearchAction","target":{"@type":"EntryPoint","urlTemplate":"https:\/\/ticsalutsocial.atoom.space\/en\/?s={search_term_string}"},"query-input":{"@type":"PropertyValueSpecification","valueRequired":true,"valueName":"search_term_string"}}],"inLanguage":"en-US"}]}},"_links":{"self":[{"href":"https:\/\/ticsalutsocial.atoom.space\/en\/wp-json\/wp\/v2\/noticia\/28060","targetHints":{"allow":["GET"]}}],"collection":[{"href":"https:\/\/ticsalutsocial.atoom.space\/en\/wp-json\/wp\/v2\/noticia"}],"about":[{"href":"https:\/\/ticsalutsocial.atoom.space\/en\/wp-json\/wp\/v2\/types\/noticia"}],"author":[{"embeddable":true,"href":"https:\/\/ticsalutsocial.atoom.space\/en\/wp-json\/wp\/v2\/users\/12"}],"wp:featuredmedia":[{"embeddable":true,"href":"https:\/\/ticsalutsocial.atoom.space\/en\/wp-json\/wp\/v2\/media\/27920"}],"wp:attachment":[{"href":"https:\/\/ticsalutsocial.atoom.space\/en\/wp-json\/wp\/v2\/media?parent=28060"}],"wp:term":[{"taxonomy":"etiqueta","embeddable":true,"href":"https:\/\/ticsalutsocial.atoom.space\/en\/wp-json\/wp\/v2\/etiqueta?post=28060"},{"taxonomy":"tipus","embeddable":true,"href":"https:\/\/ticsalutsocial.atoom.space\/en\/wp-json\/wp\/v2\/tipus?post=28060"},{"taxonomy":"topic","embeddable":true,"href":"https:\/\/ticsalutsocial.atoom.space\/en\/wp-json\/wp\/v2\/topic?post=28060"}],"curies":[{"name":"wp","href":"https:\/\/api.w.org\/{rel}","templated":true}]}}