
{"id":28724,"date":"2024-10-11T09:37:30","date_gmt":"2024-10-11T07:37:30","guid":{"rendered":"https:\/\/ticsalutsocial.atoom.space\/noticia\/arriba-la-primera-edicio-del-genai-health-hack-a-barcelona\/"},"modified":"2024-10-11T09:57:38","modified_gmt":"2024-10-11T07:57:38","slug":"arriba-la-primera-edicio-del-genai-health-hack-a-barcelona","status":"publish","type":"noticia","link":"https:\/\/ticsalutsocial.atoom.space\/en\/noticia\/arriba-la-primera-edicio-del-genai-health-hack-a-barcelona\/","title":{"rendered":"The first edition of the GenAI Health Hack comes to Barcelona"},"content":{"rendered":"\n<p>The Hospital Cl\u00ednic Barcelona, the Salut\/IA Programme of the Catalan Department of Health and the UB Chair of Precision Oncology, in collaboration with MIT Critical Data, are organising the <strong>first Hackathon on Generative Artificial Intelligence (GenAI) applied to health<\/strong>.<\/p>\n\n\n\n<p>This unique event will be held from 14-16 November at the NTT Data space in Barcelona and will combine a morning of inspiring lectures with industry experts, followed by the hackathon. Over two days, <strong>multidisciplinary teams <\/strong>made up of health professionals, engineers, researchers and ethicists <strong>will work to solve practical challenges in the Catalan Health System<\/strong>.<\/p>\n\n\n\n<p>The GenAI Health Hack aims to explore the impact of GenAI in healthcare, address ethical implications and regulatory frameworks, and foster interdisciplinary collaborations to solve key problems in the sector.<\/p>\n\n\n\n<p>With the participation of internationally renowned experts, such as MIT Critical Data, and the support of leading organisations such as the Fundaci\u00f3 TIC Salut Social, M\u00f3n Cl\u00ednic Barcelona and IDIBAPS, this event aims to become an annual event of reference to drive innovation in the health sector.<\/p>\n\n\n\n<p>The event has the collaboration of Amazon Web Services, IDIBAPS, Barcelona Supercomputing Center (BSC), and the sponsorship of Logicalis, NTT Data Spain and Avvale.<\/p>\n\n\n\n<p><strong>Registration is now open!<\/strong><\/p>\n\n\n\n<p>For more information and to register, <a href=\"https:\/\/www.clinicbarcelona.org\/en\/assistance\/genai-health-hack\" target=\"_blank\" rel=\"noreferrer noopener\">visit the official website.<\/a><\/p>\n","protected":false},"author":12,"featured_media":28721,"menu_order":0,"template":"","meta":{"_acf_changed":true,"inline_featured_image":false},"etiqueta":[],"tipus":[719],"topic":[],"class_list":["post-28724","noticia","type-noticia","status-publish","has-post-thumbnail","hentry","tipus-artificial-intelligence"],"acf":{"finalitzat":false,"tipus_plantilla":"objectius","template_objectius":{"cont_principal":"","imatge":false,"cont_seguent":{"titol":"","contingut":""},"seccio_llistat":{"titol":"","llistat":false},"objectius":{"titol":"","objectius":false},"documents":false},"autor":"","imatge":28721,"textos_destacats":[{"texte":"The Salut\/IA Programme and Hospital Cl\u00ednic Barcelona organise the first Hackathon of artificial generative intelligence applied to health. "}],"documents":false},"yoast_head":"<!-- This site is optimized with the Yoast SEO plugin v27.1.1 - https:\/\/yoast.com\/product\/yoast-seo-wordpress\/ -->\n<title>The first edition of the GenAI Health Hack comes to Barcelona - Fundaci\u00f3 TIC Salut i Social<\/title>\n<meta name=\"description\" content=\"El Programa Salut\/IA del Departament de Salut i l\u2019Hospital Cl\u00ednic Barcelona organitzen el GenAI Health Hack\" \/>\n<meta name=\"robots\" content=\"index, follow, max-snippet:-1, max-image-preview:large, max-video-preview:-1\" \/>\n<link rel=\"canonical\" href=\"https:\/\/ticsalutsocial.atoom.space\/en\/noticia\/arriba-la-primera-edicio-del-genai-health-hack-a-barcelona\/\" \/>\n<meta property=\"og:locale\" content=\"en_US\" \/>\n<meta property=\"og:type\" content=\"article\" \/>\n<meta property=\"og:title\" content=\"The first edition of the GenAI Health Hack comes to Barcelona - Fundaci\u00f3 TIC Salut i Social\" \/>\n<meta property=\"og:description\" content=\"El Programa Salut\/IA del Departament de Salut i l\u2019Hospital Cl\u00ednic Barcelona organitzen el GenAI Health Hack\" \/>\n<meta property=\"og:url\" content=\"https:\/\/ticsalutsocial.atoom.space\/en\/noticia\/arriba-la-primera-edicio-del-genai-health-hack-a-barcelona\/\" \/>\n<meta property=\"og:site_name\" content=\"Fundaci\u00f3 TIC Salut i Social\" \/>\n<meta property=\"article:modified_time\" content=\"2024-10-11T07:57:38+00:00\" \/>\n<meta property=\"og:image\" content=\"https:\/\/ticsalutsocial.atoom.space\/wp-content\/uploads\/2024\/10\/genai-health-hack-v2.jpg\" \/>\n\t<meta property=\"og:image:width\" content=\"1280\" \/>\n\t<meta property=\"og:image:height\" content=\"960\" \/>\n\t<meta property=\"og:image:type\" content=\"image\/jpeg\" \/>\n<meta name=\"twitter:card\" content=\"summary_large_image\" \/>\n<meta name=\"twitter:label1\" content=\"Est. reading time\" \/>\n\t<meta name=\"twitter:data1\" content=\"2 minutes\" \/>\n<script type=\"application\/ld+json\" class=\"yoast-schema-graph\">{\"@context\":\"https:\/\/schema.org\",\"@graph\":[{\"@type\":\"WebPage\",\"@id\":\"https:\/\/ticsalutsocial.atoom.space\/en\/noticia\/arriba-la-primera-edicio-del-genai-health-hack-a-barcelona\/\",\"url\":\"https:\/\/ticsalutsocial.atoom.space\/en\/noticia\/arriba-la-primera-edicio-del-genai-health-hack-a-barcelona\/\",\"name\":\"The first edition of the GenAI Health Hack comes to Barcelona - Fundaci\u00f3 TIC Salut i Social\",\"isPartOf\":{\"@id\":\"https:\/\/ticsalutsocial.atoom.space\/en\/#website\"},\"primaryImageOfPage\":{\"@id\":\"https:\/\/ticsalutsocial.atoom.space\/en\/noticia\/arriba-la-primera-edicio-del-genai-health-hack-a-barcelona\/#primaryimage\"},\"image\":{\"@id\":\"https:\/\/ticsalutsocial.atoom.space\/en\/noticia\/arriba-la-primera-edicio-del-genai-health-hack-a-barcelona\/#primaryimage\"},\"thumbnailUrl\":\"https:\/\/ticsalutsocial.atoom.space\/wp-content\/uploads\/2024\/10\/genai-health-hack-v2.jpg\",\"datePublished\":\"2024-10-11T07:37:30+00:00\",\"dateModified\":\"2024-10-11T07:57:38+00:00\",\"description\":\"El Programa Salut\/IA del Departament de Salut i l\u2019Hospital Cl\u00ednic Barcelona organitzen el GenAI Health Hack\",\"breadcrumb\":{\"@id\":\"https:\/\/ticsalutsocial.atoom.space\/en\/noticia\/arriba-la-primera-edicio-del-genai-health-hack-a-barcelona\/#breadcrumb\"},\"inLanguage\":\"en-US\",\"potentialAction\":[{\"@type\":\"ReadAction\",\"target\":[\"https:\/\/ticsalutsocial.atoom.space\/en\/noticia\/arriba-la-primera-edicio-del-genai-health-hack-a-barcelona\/\"]}]},{\"@type\":\"ImageObject\",\"inLanguage\":\"en-US\",\"@id\":\"https:\/\/ticsalutsocial.atoom.space\/en\/noticia\/arriba-la-primera-edicio-del-genai-health-hack-a-barcelona\/#primaryimage\",\"url\":\"https:\/\/ticsalutsocial.atoom.space\/wp-content\/uploads\/2024\/10\/genai-health-hack-v2.jpg\",\"contentUrl\":\"https:\/\/ticsalutsocial.atoom.space\/wp-content\/uploads\/2024\/10\/genai-health-hack-v2.jpg\",\"width\":1280,\"height\":960},{\"@type\":\"BreadcrumbList\",\"@id\":\"https:\/\/ticsalutsocial.atoom.space\/en\/noticia\/arriba-la-primera-edicio-del-genai-health-hack-a-barcelona\/#breadcrumb\",\"itemListElement\":[{\"@type\":\"ListItem\",\"position\":1,\"name\":\"Inici\",\"item\":\"https:\/\/ticsalutsocial.atoom.space\/en\/\"},{\"@type\":\"ListItem\",\"position\":2,\"name\":\"The first edition of the GenAI Health Hack comes to Barcelona\"}]},{\"@type\":\"WebSite\",\"@id\":\"https:\/\/ticsalutsocial.atoom.space\/en\/#website\",\"url\":\"https:\/\/ticsalutsocial.atoom.space\/en\/\",\"name\":\"Fundaci\u00f3 TIC Salut i Social\",\"description\":\"\",\"potentialAction\":[{\"@type\":\"SearchAction\",\"target\":{\"@type\":\"EntryPoint\",\"urlTemplate\":\"https:\/\/ticsalutsocial.atoom.space\/en\/?s={search_term_string}\"},\"query-input\":{\"@type\":\"PropertyValueSpecification\",\"valueRequired\":true,\"valueName\":\"search_term_string\"}}],\"inLanguage\":\"en-US\"}]}<\/script>\n<!-- \/ Yoast SEO plugin. -->","yoast_head_json":{"title":"The first edition of the GenAI Health Hack comes to Barcelona - Fundaci\u00f3 TIC Salut i Social","description":"El Programa Salut\/IA del Departament de Salut i l\u2019Hospital Cl\u00ednic Barcelona organitzen el GenAI Health Hack","robots":{"index":"index","follow":"follow","max-snippet":"max-snippet:-1","max-image-preview":"max-image-preview:large","max-video-preview":"max-video-preview:-1"},"canonical":"https:\/\/ticsalutsocial.atoom.space\/en\/noticia\/arriba-la-primera-edicio-del-genai-health-hack-a-barcelona\/","og_locale":"en_US","og_type":"article","og_title":"The first edition of the GenAI Health Hack comes to Barcelona - Fundaci\u00f3 TIC Salut i Social","og_description":"El Programa Salut\/IA del Departament de Salut i l\u2019Hospital Cl\u00ednic Barcelona organitzen el GenAI Health Hack","og_url":"https:\/\/ticsalutsocial.atoom.space\/en\/noticia\/arriba-la-primera-edicio-del-genai-health-hack-a-barcelona\/","og_site_name":"Fundaci\u00f3 TIC Salut i Social","article_modified_time":"2024-10-11T07:57:38+00:00","og_image":[{"width":1280,"height":960,"url":"https:\/\/ticsalutsocial.atoom.space\/wp-content\/uploads\/2024\/10\/genai-health-hack-v2.jpg","type":"image\/jpeg"}],"twitter_card":"summary_large_image","twitter_misc":{"Est. reading time":"2 minutes"},"schema":{"@context":"https:\/\/schema.org","@graph":[{"@type":"WebPage","@id":"https:\/\/ticsalutsocial.atoom.space\/en\/noticia\/arriba-la-primera-edicio-del-genai-health-hack-a-barcelona\/","url":"https:\/\/ticsalutsocial.atoom.space\/en\/noticia\/arriba-la-primera-edicio-del-genai-health-hack-a-barcelona\/","name":"The first edition of the GenAI Health Hack comes to Barcelona - Fundaci\u00f3 TIC Salut i Social","isPartOf":{"@id":"https:\/\/ticsalutsocial.atoom.space\/en\/#website"},"primaryImageOfPage":{"@id":"https:\/\/ticsalutsocial.atoom.space\/en\/noticia\/arriba-la-primera-edicio-del-genai-health-hack-a-barcelona\/#primaryimage"},"image":{"@id":"https:\/\/ticsalutsocial.atoom.space\/en\/noticia\/arriba-la-primera-edicio-del-genai-health-hack-a-barcelona\/#primaryimage"},"thumbnailUrl":"https:\/\/ticsalutsocial.atoom.space\/wp-content\/uploads\/2024\/10\/genai-health-hack-v2.jpg","datePublished":"2024-10-11T07:37:30+00:00","dateModified":"2024-10-11T07:57:38+00:00","description":"El Programa Salut\/IA del Departament de Salut i l\u2019Hospital Cl\u00ednic Barcelona organitzen el GenAI Health Hack","breadcrumb":{"@id":"https:\/\/ticsalutsocial.atoom.space\/en\/noticia\/arriba-la-primera-edicio-del-genai-health-hack-a-barcelona\/#breadcrumb"},"inLanguage":"en-US","potentialAction":[{"@type":"ReadAction","target":["https:\/\/ticsalutsocial.atoom.space\/en\/noticia\/arriba-la-primera-edicio-del-genai-health-hack-a-barcelona\/"]}]},{"@type":"ImageObject","inLanguage":"en-US","@id":"https:\/\/ticsalutsocial.atoom.space\/en\/noticia\/arriba-la-primera-edicio-del-genai-health-hack-a-barcelona\/#primaryimage","url":"https:\/\/ticsalutsocial.atoom.space\/wp-content\/uploads\/2024\/10\/genai-health-hack-v2.jpg","contentUrl":"https:\/\/ticsalutsocial.atoom.space\/wp-content\/uploads\/2024\/10\/genai-health-hack-v2.jpg","width":1280,"height":960},{"@type":"BreadcrumbList","@id":"https:\/\/ticsalutsocial.atoom.space\/en\/noticia\/arriba-la-primera-edicio-del-genai-health-hack-a-barcelona\/#breadcrumb","itemListElement":[{"@type":"ListItem","position":1,"name":"Inici","item":"https:\/\/ticsalutsocial.atoom.space\/en\/"},{"@type":"ListItem","position":2,"name":"The first edition of the GenAI Health Hack comes to Barcelona"}]},{"@type":"WebSite","@id":"https:\/\/ticsalutsocial.atoom.space\/en\/#website","url":"https:\/\/ticsalutsocial.atoom.space\/en\/","name":"Fundaci\u00f3 TIC Salut i Social","description":"","potentialAction":[{"@type":"SearchAction","target":{"@type":"EntryPoint","urlTemplate":"https:\/\/ticsalutsocial.atoom.space\/en\/?s={search_term_string}"},"query-input":{"@type":"PropertyValueSpecification","valueRequired":true,"valueName":"search_term_string"}}],"inLanguage":"en-US"}]}},"_links":{"self":[{"href":"https:\/\/ticsalutsocial.atoom.space\/en\/wp-json\/wp\/v2\/noticia\/28724","targetHints":{"allow":["GET"]}}],"collection":[{"href":"https:\/\/ticsalutsocial.atoom.space\/en\/wp-json\/wp\/v2\/noticia"}],"about":[{"href":"https:\/\/ticsalutsocial.atoom.space\/en\/wp-json\/wp\/v2\/types\/noticia"}],"author":[{"embeddable":true,"href":"https:\/\/ticsalutsocial.atoom.space\/en\/wp-json\/wp\/v2\/users\/12"}],"wp:featuredmedia":[{"embeddable":true,"href":"https:\/\/ticsalutsocial.atoom.space\/en\/wp-json\/wp\/v2\/media\/28721"}],"wp:attachment":[{"href":"https:\/\/ticsalutsocial.atoom.space\/en\/wp-json\/wp\/v2\/media?parent=28724"}],"wp:term":[{"taxonomy":"etiqueta","embeddable":true,"href":"https:\/\/ticsalutsocial.atoom.space\/en\/wp-json\/wp\/v2\/etiqueta?post=28724"},{"taxonomy":"tipus","embeddable":true,"href":"https:\/\/ticsalutsocial.atoom.space\/en\/wp-json\/wp\/v2\/tipus?post=28724"},{"taxonomy":"topic","embeddable":true,"href":"https:\/\/ticsalutsocial.atoom.space\/en\/wp-json\/wp\/v2\/topic?post=28724"}],"curies":[{"name":"wp","href":"https:\/\/api.w.org\/{rel}","templated":true}]}}