
{"id":28959,"date":"2024-10-14T11:56:47","date_gmt":"2024-10-14T09:56:47","guid":{"rendered":"https:\/\/ticsalutsocial.atoom.space\/noticia\/la-fundacio-tic-salut-social-trasllada-les-seves-oficines-al-carrer-arago\/"},"modified":"2024-10-24T11:54:09","modified_gmt":"2024-10-24T09:54:09","slug":"la-fundacio-tic-salut-social-trasllada-les-seves-oficines-al-carrer-arago","status":"publish","type":"noticia","link":"https:\/\/ticsalutsocial.atoom.space\/en\/noticia\/la-fundacio-tic-salut-social-trasllada-les-seves-oficines-al-carrer-arago\/","title":{"rendered":"The TIC Salut Social Foundation moves its offices to Carrer Arag\u00f3"},"content":{"rendered":"\n<p>The TIC Salut Social Foundation has moved its offices to the seventh floor of the new Department of Health building, located at&nbsp;<strong>Carrer d&#8217;Arag\u00f3, 330-332, Barcelona<\/strong>. The move is effective as of <strong>14<\/strong> <strong>October 2024<\/strong>, which means the previous headquarters at Carrer Roc Boronat is inoperative from this date.<\/p>\n\n\n\n<p>In the new building of the Department of Health, the TIC Salut Social Foundation will share space with the Secretary of Public Health, the General Directorate of Health Professionals, the Directorate of Services, the General Secretariat of the Department of Health (TIC), the Health Quality and Assessment Agency of Catalonia (AQuAS), Delegated Intervention and a representative of the Health Ministry.<\/p>\n\n\n\n<p><\/p>\n","protected":false},"author":12,"featured_media":28744,"menu_order":0,"template":"","meta":{"_acf_changed":true,"inline_featured_image":false},"etiqueta":[],"tipus":[],"topic":[129],"class_list":["post-28959","noticia","type-noticia","status-publish","has-post-thumbnail","hentry","topic-the-fundation"],"acf":{"finalitzat":false,"tipus_plantilla":"objectius","template_objectius":{"cont_principal":"","imatge":false,"cont_seguent":{"titol":"","contingut":""},"seccio_llistat":{"titol":"","llistat":false},"objectius":{"titol":"","objectius":false},"documents":false},"autor":"","imatge":28744,"textos_destacats":[{"texte":"The new address is:<br \/>\r\nFundaci\u00f3 TIC Salut Social<br \/>\r\nCarrer d\u2019Arag\u00f3, 330-332 (seventh floor)<br \/>\r\n08009 Barcelona<br \/>\r\n"}],"documents":false},"yoast_head":"<!-- This site is optimized with the Yoast SEO plugin v27.1.1 - https:\/\/yoast.com\/product\/yoast-seo-wordpress\/ -->\n<title>The TIC Salut Social Foundation moves its offices to Carrer Arag\u00f3 - Fundaci\u00f3 TIC Salut i Social<\/title>\n<meta name=\"description\" content=\"La Fundaci\u00f3 TIC Salut Social fa el trasllat de les seves oficines al carrer Arag\u00f3\" \/>\n<meta name=\"robots\" content=\"index, follow, max-snippet:-1, max-image-preview:large, max-video-preview:-1\" \/>\n<link rel=\"canonical\" href=\"https:\/\/ticsalutsocial.atoom.space\/en\/noticia\/la-fundacio-tic-salut-social-trasllada-les-seves-oficines-al-carrer-arago\/\" \/>\n<meta property=\"og:locale\" content=\"en_US\" \/>\n<meta property=\"og:type\" content=\"article\" \/>\n<meta property=\"og:title\" content=\"The TIC Salut Social Foundation moves its offices to Carrer Arag\u00f3 - Fundaci\u00f3 TIC Salut i Social\" \/>\n<meta property=\"og:description\" content=\"La Fundaci\u00f3 TIC Salut Social fa el trasllat de les seves oficines al carrer Arag\u00f3\" \/>\n<meta property=\"og:url\" content=\"https:\/\/ticsalutsocial.atoom.space\/en\/noticia\/la-fundacio-tic-salut-social-trasllada-les-seves-oficines-al-carrer-arago\/\" \/>\n<meta property=\"og:site_name\" content=\"Fundaci\u00f3 TIC Salut i Social\" \/>\n<meta property=\"article:modified_time\" content=\"2024-10-24T09:54:09+00:00\" \/>\n<meta property=\"og:image\" content=\"https:\/\/ticsalutsocial.atoom.space\/wp-content\/uploads\/2024\/10\/Nou-edifici.jpg\" \/>\n\t<meta property=\"og:image:width\" content=\"1280\" \/>\n\t<meta property=\"og:image:height\" content=\"960\" \/>\n\t<meta property=\"og:image:type\" content=\"image\/jpeg\" \/>\n<meta name=\"twitter:card\" content=\"summary_large_image\" \/>\n<meta name=\"twitter:label1\" content=\"Est. reading time\" \/>\n\t<meta name=\"twitter:data1\" content=\"1 minute\" \/>\n<script type=\"application\/ld+json\" class=\"yoast-schema-graph\">{\"@context\":\"https:\/\/schema.org\",\"@graph\":[{\"@type\":\"WebPage\",\"@id\":\"https:\/\/ticsalutsocial.atoom.space\/en\/noticia\/la-fundacio-tic-salut-social-trasllada-les-seves-oficines-al-carrer-arago\/\",\"url\":\"https:\/\/ticsalutsocial.atoom.space\/en\/noticia\/la-fundacio-tic-salut-social-trasllada-les-seves-oficines-al-carrer-arago\/\",\"name\":\"The TIC Salut Social Foundation moves its offices to Carrer Arag\u00f3 - Fundaci\u00f3 TIC Salut i Social\",\"isPartOf\":{\"@id\":\"https:\/\/ticsalutsocial.atoom.space\/en\/#website\"},\"primaryImageOfPage\":{\"@id\":\"https:\/\/ticsalutsocial.atoom.space\/en\/noticia\/la-fundacio-tic-salut-social-trasllada-les-seves-oficines-al-carrer-arago\/#primaryimage\"},\"image\":{\"@id\":\"https:\/\/ticsalutsocial.atoom.space\/en\/noticia\/la-fundacio-tic-salut-social-trasllada-les-seves-oficines-al-carrer-arago\/#primaryimage\"},\"thumbnailUrl\":\"https:\/\/ticsalutsocial.atoom.space\/wp-content\/uploads\/2024\/10\/Nou-edifici.jpg\",\"datePublished\":\"2024-10-14T09:56:47+00:00\",\"dateModified\":\"2024-10-24T09:54:09+00:00\",\"description\":\"La Fundaci\u00f3 TIC Salut Social fa el trasllat de les seves oficines al carrer Arag\u00f3\",\"breadcrumb\":{\"@id\":\"https:\/\/ticsalutsocial.atoom.space\/en\/noticia\/la-fundacio-tic-salut-social-trasllada-les-seves-oficines-al-carrer-arago\/#breadcrumb\"},\"inLanguage\":\"en-US\",\"potentialAction\":[{\"@type\":\"ReadAction\",\"target\":[\"https:\/\/ticsalutsocial.atoom.space\/en\/noticia\/la-fundacio-tic-salut-social-trasllada-les-seves-oficines-al-carrer-arago\/\"]}]},{\"@type\":\"ImageObject\",\"inLanguage\":\"en-US\",\"@id\":\"https:\/\/ticsalutsocial.atoom.space\/en\/noticia\/la-fundacio-tic-salut-social-trasllada-les-seves-oficines-al-carrer-arago\/#primaryimage\",\"url\":\"https:\/\/ticsalutsocial.atoom.space\/wp-content\/uploads\/2024\/10\/Nou-edifici.jpg\",\"contentUrl\":\"https:\/\/ticsalutsocial.atoom.space\/wp-content\/uploads\/2024\/10\/Nou-edifici.jpg\",\"width\":1280,\"height\":960,\"caption\":\"trasllat carrer arag\u00f3\"},{\"@type\":\"BreadcrumbList\",\"@id\":\"https:\/\/ticsalutsocial.atoom.space\/en\/noticia\/la-fundacio-tic-salut-social-trasllada-les-seves-oficines-al-carrer-arago\/#breadcrumb\",\"itemListElement\":[{\"@type\":\"ListItem\",\"position\":1,\"name\":\"Inici\",\"item\":\"https:\/\/ticsalutsocial.atoom.space\/en\/\"},{\"@type\":\"ListItem\",\"position\":2,\"name\":\"The TIC Salut Social Foundation moves its offices to Carrer Arag\u00f3\"}]},{\"@type\":\"WebSite\",\"@id\":\"https:\/\/ticsalutsocial.atoom.space\/en\/#website\",\"url\":\"https:\/\/ticsalutsocial.atoom.space\/en\/\",\"name\":\"Fundaci\u00f3 TIC Salut i Social\",\"description\":\"\",\"potentialAction\":[{\"@type\":\"SearchAction\",\"target\":{\"@type\":\"EntryPoint\",\"urlTemplate\":\"https:\/\/ticsalutsocial.atoom.space\/en\/?s={search_term_string}\"},\"query-input\":{\"@type\":\"PropertyValueSpecification\",\"valueRequired\":true,\"valueName\":\"search_term_string\"}}],\"inLanguage\":\"en-US\"}]}<\/script>\n<!-- \/ Yoast SEO plugin. -->","yoast_head_json":{"title":"The TIC Salut Social Foundation moves its offices to Carrer Arag\u00f3 - Fundaci\u00f3 TIC Salut i Social","description":"La Fundaci\u00f3 TIC Salut Social fa el trasllat de les seves oficines al carrer Arag\u00f3","robots":{"index":"index","follow":"follow","max-snippet":"max-snippet:-1","max-image-preview":"max-image-preview:large","max-video-preview":"max-video-preview:-1"},"canonical":"https:\/\/ticsalutsocial.atoom.space\/en\/noticia\/la-fundacio-tic-salut-social-trasllada-les-seves-oficines-al-carrer-arago\/","og_locale":"en_US","og_type":"article","og_title":"The TIC Salut Social Foundation moves its offices to Carrer Arag\u00f3 - Fundaci\u00f3 TIC Salut i Social","og_description":"La Fundaci\u00f3 TIC Salut Social fa el trasllat de les seves oficines al carrer Arag\u00f3","og_url":"https:\/\/ticsalutsocial.atoom.space\/en\/noticia\/la-fundacio-tic-salut-social-trasllada-les-seves-oficines-al-carrer-arago\/","og_site_name":"Fundaci\u00f3 TIC Salut i Social","article_modified_time":"2024-10-24T09:54:09+00:00","og_image":[{"width":1280,"height":960,"url":"https:\/\/ticsalutsocial.atoom.space\/wp-content\/uploads\/2024\/10\/Nou-edifici.jpg","type":"image\/jpeg"}],"twitter_card":"summary_large_image","twitter_misc":{"Est. reading time":"1 minute"},"schema":{"@context":"https:\/\/schema.org","@graph":[{"@type":"WebPage","@id":"https:\/\/ticsalutsocial.atoom.space\/en\/noticia\/la-fundacio-tic-salut-social-trasllada-les-seves-oficines-al-carrer-arago\/","url":"https:\/\/ticsalutsocial.atoom.space\/en\/noticia\/la-fundacio-tic-salut-social-trasllada-les-seves-oficines-al-carrer-arago\/","name":"The TIC Salut Social Foundation moves its offices to Carrer Arag\u00f3 - Fundaci\u00f3 TIC Salut i Social","isPartOf":{"@id":"https:\/\/ticsalutsocial.atoom.space\/en\/#website"},"primaryImageOfPage":{"@id":"https:\/\/ticsalutsocial.atoom.space\/en\/noticia\/la-fundacio-tic-salut-social-trasllada-les-seves-oficines-al-carrer-arago\/#primaryimage"},"image":{"@id":"https:\/\/ticsalutsocial.atoom.space\/en\/noticia\/la-fundacio-tic-salut-social-trasllada-les-seves-oficines-al-carrer-arago\/#primaryimage"},"thumbnailUrl":"https:\/\/ticsalutsocial.atoom.space\/wp-content\/uploads\/2024\/10\/Nou-edifici.jpg","datePublished":"2024-10-14T09:56:47+00:00","dateModified":"2024-10-24T09:54:09+00:00","description":"La Fundaci\u00f3 TIC Salut Social fa el trasllat de les seves oficines al carrer Arag\u00f3","breadcrumb":{"@id":"https:\/\/ticsalutsocial.atoom.space\/en\/noticia\/la-fundacio-tic-salut-social-trasllada-les-seves-oficines-al-carrer-arago\/#breadcrumb"},"inLanguage":"en-US","potentialAction":[{"@type":"ReadAction","target":["https:\/\/ticsalutsocial.atoom.space\/en\/noticia\/la-fundacio-tic-salut-social-trasllada-les-seves-oficines-al-carrer-arago\/"]}]},{"@type":"ImageObject","inLanguage":"en-US","@id":"https:\/\/ticsalutsocial.atoom.space\/en\/noticia\/la-fundacio-tic-salut-social-trasllada-les-seves-oficines-al-carrer-arago\/#primaryimage","url":"https:\/\/ticsalutsocial.atoom.space\/wp-content\/uploads\/2024\/10\/Nou-edifici.jpg","contentUrl":"https:\/\/ticsalutsocial.atoom.space\/wp-content\/uploads\/2024\/10\/Nou-edifici.jpg","width":1280,"height":960,"caption":"trasllat carrer arag\u00f3"},{"@type":"BreadcrumbList","@id":"https:\/\/ticsalutsocial.atoom.space\/en\/noticia\/la-fundacio-tic-salut-social-trasllada-les-seves-oficines-al-carrer-arago\/#breadcrumb","itemListElement":[{"@type":"ListItem","position":1,"name":"Inici","item":"https:\/\/ticsalutsocial.atoom.space\/en\/"},{"@type":"ListItem","position":2,"name":"The TIC Salut Social Foundation moves its offices to Carrer Arag\u00f3"}]},{"@type":"WebSite","@id":"https:\/\/ticsalutsocial.atoom.space\/en\/#website","url":"https:\/\/ticsalutsocial.atoom.space\/en\/","name":"Fundaci\u00f3 TIC Salut i Social","description":"","potentialAction":[{"@type":"SearchAction","target":{"@type":"EntryPoint","urlTemplate":"https:\/\/ticsalutsocial.atoom.space\/en\/?s={search_term_string}"},"query-input":{"@type":"PropertyValueSpecification","valueRequired":true,"valueName":"search_term_string"}}],"inLanguage":"en-US"}]}},"_links":{"self":[{"href":"https:\/\/ticsalutsocial.atoom.space\/en\/wp-json\/wp\/v2\/noticia\/28959","targetHints":{"allow":["GET"]}}],"collection":[{"href":"https:\/\/ticsalutsocial.atoom.space\/en\/wp-json\/wp\/v2\/noticia"}],"about":[{"href":"https:\/\/ticsalutsocial.atoom.space\/en\/wp-json\/wp\/v2\/types\/noticia"}],"author":[{"embeddable":true,"href":"https:\/\/ticsalutsocial.atoom.space\/en\/wp-json\/wp\/v2\/users\/12"}],"wp:featuredmedia":[{"embeddable":true,"href":"https:\/\/ticsalutsocial.atoom.space\/en\/wp-json\/wp\/v2\/media\/28744"}],"wp:attachment":[{"href":"https:\/\/ticsalutsocial.atoom.space\/en\/wp-json\/wp\/v2\/media?parent=28959"}],"wp:term":[{"taxonomy":"etiqueta","embeddable":true,"href":"https:\/\/ticsalutsocial.atoom.space\/en\/wp-json\/wp\/v2\/etiqueta?post=28959"},{"taxonomy":"tipus","embeddable":true,"href":"https:\/\/ticsalutsocial.atoom.space\/en\/wp-json\/wp\/v2\/tipus?post=28959"},{"taxonomy":"topic","embeddable":true,"href":"https:\/\/ticsalutsocial.atoom.space\/en\/wp-json\/wp\/v2\/topic?post=28959"}],"curies":[{"name":"wp","href":"https:\/\/api.w.org\/{rel}","templated":true}]}}