
{"id":29285,"date":"2024-10-21T11:36:06","date_gmt":"2024-10-21T09:36:06","guid":{"rendered":"https:\/\/ticsalutsocial.atoom.space\/noticia\/conclou-el-projecte-europeu-que-ha-contribuit-en-lestrategia-per-millorar-les-competencies-digitals-dels-professionals-de-la-salut-a-catalunya-i-estonia\/"},"modified":"2024-11-28T15:38:51","modified_gmt":"2024-11-28T13:38:51","slug":"conclou-el-projecte-europeu-que-ha-contribuit-en-lestrategia-per-millorar-les-competencies-digitals-dels-professionals-de-la-salut-a-catalunya-i-estonia","status":"publish","type":"noticia","link":"https:\/\/ticsalutsocial.atoom.space\/en\/noticia\/conclou-el-projecte-europeu-que-ha-contribuit-en-lestrategia-per-millorar-les-competencies-digitals-dels-professionals-de-la-salut-a-catalunya-i-estonia\/","title":{"rendered":"The EU project that has contributed to the strategy to improve the digital skills of health professionals in Catalonia and Estonia comes to an end"},"content":{"rendered":"\r\n<p>The team of the Digital Skills Department of the TIC Salut Social Foundation has successfully concluded the project <em>&#8216;Improving Digital Competencies of the Health Workforce in Catalonia and Estonia&#8217; <\/em>(improvement of the digital skills of health professionals in Catalonia and Estonia). Among the various milestones achieved in Catalonia, <strong>the project has made it possible to improve the digital skills map defined in 2021, develop training content for 9 of the 11 digital skills identified, and create a proposal for a strategic training plan for healthcare professionals, as well as the set of criteria to implement it<\/strong>.<\/p>\r\n<p>The project has received funding from the European technical support instrument of the Directorate General for Structural Reform Support (DG REFORM) of the European Commission for two years jointly with Estonia, due to the similarity of needs in the same sphere. Apart from the TIC Salut Social Foundation and the Ministry of Social Affairs of Estonia as beneficiaries, the project has been coordinated by NTT DATA, with the collaboration of the Open University of Catalonia (UOC) and Tallinn University of Technology.<\/p>\r\n<p>According to the head of Digital Training at the TIC Health Social Foundation, <strong>Elisenda Reixach<\/strong>, <strong>&#8220;the experience of sharing good practices with Estonia and getting to know their vision and approach to address the digital skills of health professionals has been very positive, as it has allowed all parties to learn and create synergies in this area&#8221;<\/strong>.\u00a0<\/p>\r\n<p>&nbsp;<\/p>\r\n<p><strong>Main results in Catalonia<\/strong><\/p>\r\n<p>The European support instrument has focused on <strong>defining and designing the strategy and the future training model in digital skills for healthcare professionals<\/strong>. One of the main results in Catalonia has been the updating of the <a href=\"https:\/\/ticsalutsocial.atoom.space\/noticia\/ja-disponible-el-nou-mapa-de-competencies-digitals-per-a-professionals-de-la-salut\/\">Specific digital skills map for healthcare professionals<\/a>, which includes a total of 11 specific digital competencies for health professionals, structured in four areas: management and analysis, communication and collaboration, digital awareness and professional development.<\/p>\r\n<p>&nbsp;<\/p>\r\n<p>With the identification of each of the competencies and their corresponding indicators, the project participants have also drawn up a <strong>proposed training model oriented towards learning based on challenges and experiences<\/strong>, through problem-solving and decision-making. This has been possible thanks to the close collaboration of expert authors and validators in the field of health, who have been able to develop the contents of 9 competencies.<\/p>\r\n<p>&nbsp;<\/p>\r\n<p>To check the value of the developed training content, last June, the project carried out a <strong>training pilot test<\/strong> of the materials for the Ethics, civics and digital well-being competency. 13 health professionals, mainly from the Xiscat network, and 6 training managers participated in the pilot.\u00a0As a result, <strong>health professionals evaluated the course satisfactorily and collected comments to improve the content.<\/strong><\/p>\r\n<p>&nbsp;<\/p>\r\n<p>The strategy followed throughout this project is also based on the following studies and scientific articles: the <a href=\"https:\/\/ticsalutsocial.atoom.space\/wp-content\/uploads\/2023\/03\/COMPDIG_Competencies-digitals.pdf\">Exploratory study of the level of digital skills of health professionals,<\/a> the\u00a0<a href=\"https:\/\/ticsalutsocial.atoom.space\/wp-content\/uploads\/2023\/03\/COMPDIG_PilotModelAvaluacio.pdf\">Piloting of the Model for the Evaluation of Digital Competencies in Health<\/a>, and the articles &#8216;<a href=\"https:\/\/www.jmir.org\/2022\/11\/e38347\/metrics\">Measuring the Digital Competencies of Catalan Health Care Professionals as a Key Step Toward a Strategic Training Plan:<\/a><a href=\"https:\/\/www.jmir.org\/2022\/11\/e38347\/metrics\"> Digital Competency Test Validation Study\u2019<\/a>\u00a0and <a href=\"https:\/\/mededu.jmir.org\/2024\/1\/e53462\">\u2018Design, Implementation, and Analysis of an Assessment and Accreditation Model to Evaluate a Digital Competency Framework for Health Professionals:<\/a><a href=\"https:\/\/mededu.jmir.org\/2024\/1\/e53462\"> Mixed Methods Study&#8217;<\/a> published in the scientific journal\u00a0<em>JMIR<\/em>.<\/p>\r\n<p>&nbsp;<\/p>\r\n<p><strong>Strategic training plan for healthcare professionals<\/strong><\/p>\r\n<p>The studies and results of the project have enabled Catalonia to design a proposal for a strategic training plan for healthcare professionals, and to define the set of criteria to implement, monitor and evaluate it.<\/p>\r\n<p>The project does not end with the completion of the European support instrument, as the strategic plan will need to be deployed and a wide range of activities will need to be carried out so that healthcare professionals can benefit from the training and improve their digital competencies. The TIC Salut Social Foundation, the Department of Health and the Catalan Health Service will be involved in this strategic plan, which will continue to work within the framework of the project <strong>COMPDIG-Health<\/strong>, created in 2020 to respond to the approach of <a href=\"https:\/\/salutweb.gencat.cat\/ca\/departament\/projectes\/forum-dialeg-professional\/grups-treball\/d\/\">challenge 4 of the Professional Dialogue Forum<\/a>, which proposed improving the digital competencies of healthcare professionals.<\/p>\r\n<p>&nbsp;<\/p>\r\n\r\n\r\n<div class=\"wp-block-image\">\r\n<figure class=\"alignleft size-full is-resized\"><img loading=\"lazy\" decoding=\"async\" width=\"510\" height=\"340\" class=\"wp-image-15447\" style=\"width: 116px; height: auto;\" src=\"https:\/\/ticsalutsocial.atoom.space\/wp-content\/uploads\/2023\/01\/Flag_of_Europe.svg.png\" alt=\"\" srcset=\"https:\/\/ticsalutsocial.atoom.space\/wp-content\/uploads\/2023\/01\/Flag_of_Europe.svg.png 510w, https:\/\/ticsalutsocial.atoom.space\/wp-content\/uploads\/2023\/01\/Flag_of_Europe.svg-300x200.png 300w\" sizes=\"auto, (max-width: 510px) 100vw, 510px\" \/><\/figure>\r\n<\/div>\r\n\r\n\r\n<p>The Directorate General for Structural Reform Support (DG REFORM) of the European Commission has as its mission to provide support for the preparation and implementation of administrative and structural reforms that promote growth in Europe, through the mobilisation of funds and technical know-how of the European Union<\/p>\r\n","protected":false},"author":12,"featured_media":28846,"menu_order":0,"template":"","meta":{"_acf_changed":false,"inline_featured_image":false},"etiqueta":[],"tipus":[],"topic":[],"class_list":["post-29285","noticia","type-noticia","status-publish","has-post-thumbnail","hentry"],"acf":{"finalitzat":false,"tipus_plantilla":"objectius","template_objectius":{"cont_principal":"","imatge":false,"cont_seguent":{"titol":"","contingut":""},"seccio_llistat":{"titol":"","llistat":false},"objectius":{"titol":"","objectius":false},"documents":false},"autor":"","imatge":28849,"textos_destacats":[{"texte":"One of the main results in Catalonia has been the updating of the Specific digital skills map for healthcare professionals, which includes a total of 11 specific digital competencies for health professionals, structured in four areas"}],"documents":false},"yoast_head":"<!-- This site is optimized with the Yoast SEO plugin v27.1.1 - https:\/\/yoast.com\/product\/yoast-seo-wordpress\/ -->\n<title>The EU project that has contributed to the strategy to improve the digital skills of health professionals in Catalonia and Estonia comes to an end - Fundaci\u00f3 TIC Salut i Social<\/title>\n<meta name=\"description\" content=\"A Catalunya, l&#039;instrument de suport t\u00e8cnic europeu ha perm\u00e8s definir i dissenyar l\u2019estrat\u00e8gia i el futur model de capacitaci\u00f3 en compet\u00e8ncies digitals per als professionals sanitaris.\" \/>\n<meta name=\"robots\" content=\"index, follow, max-snippet:-1, max-image-preview:large, max-video-preview:-1\" \/>\n<link rel=\"canonical\" href=\"https:\/\/ticsalutsocial.atoom.space\/en\/noticia\/conclou-el-projecte-europeu-que-ha-contribuit-en-lestrategia-per-millorar-les-competencies-digitals-dels-professionals-de-la-salut-a-catalunya-i-estonia\/\" \/>\n<meta property=\"og:locale\" content=\"en_US\" \/>\n<meta property=\"og:type\" content=\"article\" \/>\n<meta property=\"og:title\" content=\"The EU project that has contributed to the strategy to improve the digital skills of health professionals in Catalonia and Estonia comes to an end - Fundaci\u00f3 TIC Salut i Social\" \/>\n<meta property=\"og:description\" content=\"A Catalunya, l&#039;instrument de suport t\u00e8cnic europeu ha perm\u00e8s definir i dissenyar l\u2019estrat\u00e8gia i el futur model de capacitaci\u00f3 en compet\u00e8ncies digitals per als professionals sanitaris.\" \/>\n<meta property=\"og:url\" content=\"https:\/\/ticsalutsocial.atoom.space\/en\/noticia\/conclou-el-projecte-europeu-que-ha-contribuit-en-lestrategia-per-millorar-les-competencies-digitals-dels-professionals-de-la-salut-a-catalunya-i-estonia\/\" \/>\n<meta property=\"og:site_name\" content=\"Fundaci\u00f3 TIC Salut i Social\" \/>\n<meta property=\"article:modified_time\" content=\"2024-11-28T13:38:51+00:00\" \/>\n<meta property=\"og:image\" content=\"https:\/\/ticsalutsocial.atoom.space\/wp-content\/uploads\/2024\/10\/Ultima-reunio-del-projecte-europeu-de-competencies-digitals-amb-estonia.jpg\" \/>\n\t<meta property=\"og:image:width\" content=\"1280\" \/>\n\t<meta property=\"og:image:height\" content=\"960\" \/>\n\t<meta property=\"og:image:type\" content=\"image\/jpeg\" \/>\n<meta name=\"twitter:card\" content=\"summary_large_image\" \/>\n<meta name=\"twitter:label1\" content=\"Est. reading time\" \/>\n\t<meta name=\"twitter:data1\" content=\"5 minutes\" \/>\n<script type=\"application\/ld+json\" class=\"yoast-schema-graph\">{\"@context\":\"https:\/\/schema.org\",\"@graph\":[{\"@type\":\"WebPage\",\"@id\":\"https:\/\/ticsalutsocial.atoom.space\/en\/noticia\/conclou-el-projecte-europeu-que-ha-contribuit-en-lestrategia-per-millorar-les-competencies-digitals-dels-professionals-de-la-salut-a-catalunya-i-estonia\/\",\"url\":\"https:\/\/ticsalutsocial.atoom.space\/en\/noticia\/conclou-el-projecte-europeu-que-ha-contribuit-en-lestrategia-per-millorar-les-competencies-digitals-dels-professionals-de-la-salut-a-catalunya-i-estonia\/\",\"name\":\"The EU project that has contributed to the strategy to improve the digital skills of health professionals in Catalonia and Estonia comes to an end - Fundaci\u00f3 TIC Salut i Social\",\"isPartOf\":{\"@id\":\"https:\/\/ticsalutsocial.atoom.space\/en\/#website\"},\"primaryImageOfPage\":{\"@id\":\"https:\/\/ticsalutsocial.atoom.space\/en\/noticia\/conclou-el-projecte-europeu-que-ha-contribuit-en-lestrategia-per-millorar-les-competencies-digitals-dels-professionals-de-la-salut-a-catalunya-i-estonia\/#primaryimage\"},\"image\":{\"@id\":\"https:\/\/ticsalutsocial.atoom.space\/en\/noticia\/conclou-el-projecte-europeu-que-ha-contribuit-en-lestrategia-per-millorar-les-competencies-digitals-dels-professionals-de-la-salut-a-catalunya-i-estonia\/#primaryimage\"},\"thumbnailUrl\":\"https:\/\/ticsalutsocial.atoom.space\/wp-content\/uploads\/2024\/10\/Ultima-reunio-del-projecte-europeu-de-competencies-digitals-amb-estonia.jpg\",\"datePublished\":\"2024-10-21T09:36:06+00:00\",\"dateModified\":\"2024-11-28T13:38:51+00:00\",\"description\":\"A Catalunya, l'instrument de suport t\u00e8cnic europeu ha perm\u00e8s definir i dissenyar l\u2019estrat\u00e8gia i el futur model de capacitaci\u00f3 en compet\u00e8ncies digitals per als professionals sanitaris.\",\"breadcrumb\":{\"@id\":\"https:\/\/ticsalutsocial.atoom.space\/en\/noticia\/conclou-el-projecte-europeu-que-ha-contribuit-en-lestrategia-per-millorar-les-competencies-digitals-dels-professionals-de-la-salut-a-catalunya-i-estonia\/#breadcrumb\"},\"inLanguage\":\"en-US\",\"potentialAction\":[{\"@type\":\"ReadAction\",\"target\":[\"https:\/\/ticsalutsocial.atoom.space\/en\/noticia\/conclou-el-projecte-europeu-que-ha-contribuit-en-lestrategia-per-millorar-les-competencies-digitals-dels-professionals-de-la-salut-a-catalunya-i-estonia\/\"]}]},{\"@type\":\"ImageObject\",\"inLanguage\":\"en-US\",\"@id\":\"https:\/\/ticsalutsocial.atoom.space\/en\/noticia\/conclou-el-projecte-europeu-que-ha-contribuit-en-lestrategia-per-millorar-les-competencies-digitals-dels-professionals-de-la-salut-a-catalunya-i-estonia\/#primaryimage\",\"url\":\"https:\/\/ticsalutsocial.atoom.space\/wp-content\/uploads\/2024\/10\/Ultima-reunio-del-projecte-europeu-de-competencies-digitals-amb-estonia.jpg\",\"contentUrl\":\"https:\/\/ticsalutsocial.atoom.space\/wp-content\/uploads\/2024\/10\/Ultima-reunio-del-projecte-europeu-de-competencies-digitals-amb-estonia.jpg\",\"width\":1280,\"height\":960,\"caption\":\"U\u0301ltima reunio\u0301 del projecte europeu de compete\u0300ncies digitals amb esto\u0300nia\"},{\"@type\":\"BreadcrumbList\",\"@id\":\"https:\/\/ticsalutsocial.atoom.space\/en\/noticia\/conclou-el-projecte-europeu-que-ha-contribuit-en-lestrategia-per-millorar-les-competencies-digitals-dels-professionals-de-la-salut-a-catalunya-i-estonia\/#breadcrumb\",\"itemListElement\":[{\"@type\":\"ListItem\",\"position\":1,\"name\":\"Inici\",\"item\":\"https:\/\/ticsalutsocial.atoom.space\/en\/\"},{\"@type\":\"ListItem\",\"position\":2,\"name\":\"The EU project that has contributed to the strategy to improve the digital skills of health professionals in Catalonia and Estonia comes to an end\"}]},{\"@type\":\"WebSite\",\"@id\":\"https:\/\/ticsalutsocial.atoom.space\/en\/#website\",\"url\":\"https:\/\/ticsalutsocial.atoom.space\/en\/\",\"name\":\"Fundaci\u00f3 TIC Salut i Social\",\"description\":\"\",\"potentialAction\":[{\"@type\":\"SearchAction\",\"target\":{\"@type\":\"EntryPoint\",\"urlTemplate\":\"https:\/\/ticsalutsocial.atoom.space\/en\/?s={search_term_string}\"},\"query-input\":{\"@type\":\"PropertyValueSpecification\",\"valueRequired\":true,\"valueName\":\"search_term_string\"}}],\"inLanguage\":\"en-US\"}]}<\/script>\n<!-- \/ Yoast SEO plugin. -->","yoast_head_json":{"title":"The EU project that has contributed to the strategy to improve the digital skills of health professionals in Catalonia and Estonia comes to an end - Fundaci\u00f3 TIC Salut i Social","description":"A Catalunya, l'instrument de suport t\u00e8cnic europeu ha perm\u00e8s definir i dissenyar l\u2019estrat\u00e8gia i el futur model de capacitaci\u00f3 en compet\u00e8ncies digitals per als professionals sanitaris.","robots":{"index":"index","follow":"follow","max-snippet":"max-snippet:-1","max-image-preview":"max-image-preview:large","max-video-preview":"max-video-preview:-1"},"canonical":"https:\/\/ticsalutsocial.atoom.space\/en\/noticia\/conclou-el-projecte-europeu-que-ha-contribuit-en-lestrategia-per-millorar-les-competencies-digitals-dels-professionals-de-la-salut-a-catalunya-i-estonia\/","og_locale":"en_US","og_type":"article","og_title":"The EU project that has contributed to the strategy to improve the digital skills of health professionals in Catalonia and Estonia comes to an end - Fundaci\u00f3 TIC Salut i Social","og_description":"A Catalunya, l'instrument de suport t\u00e8cnic europeu ha perm\u00e8s definir i dissenyar l\u2019estrat\u00e8gia i el futur model de capacitaci\u00f3 en compet\u00e8ncies digitals per als professionals sanitaris.","og_url":"https:\/\/ticsalutsocial.atoom.space\/en\/noticia\/conclou-el-projecte-europeu-que-ha-contribuit-en-lestrategia-per-millorar-les-competencies-digitals-dels-professionals-de-la-salut-a-catalunya-i-estonia\/","og_site_name":"Fundaci\u00f3 TIC Salut i Social","article_modified_time":"2024-11-28T13:38:51+00:00","og_image":[{"width":1280,"height":960,"url":"https:\/\/ticsalutsocial.atoom.space\/wp-content\/uploads\/2024\/10\/Ultima-reunio-del-projecte-europeu-de-competencies-digitals-amb-estonia.jpg","type":"image\/jpeg"}],"twitter_card":"summary_large_image","twitter_misc":{"Est. reading time":"5 minutes"},"schema":{"@context":"https:\/\/schema.org","@graph":[{"@type":"WebPage","@id":"https:\/\/ticsalutsocial.atoom.space\/en\/noticia\/conclou-el-projecte-europeu-que-ha-contribuit-en-lestrategia-per-millorar-les-competencies-digitals-dels-professionals-de-la-salut-a-catalunya-i-estonia\/","url":"https:\/\/ticsalutsocial.atoom.space\/en\/noticia\/conclou-el-projecte-europeu-que-ha-contribuit-en-lestrategia-per-millorar-les-competencies-digitals-dels-professionals-de-la-salut-a-catalunya-i-estonia\/","name":"The EU project that has contributed to the strategy to improve the digital skills of health professionals in Catalonia and Estonia comes to an end - Fundaci\u00f3 TIC Salut i Social","isPartOf":{"@id":"https:\/\/ticsalutsocial.atoom.space\/en\/#website"},"primaryImageOfPage":{"@id":"https:\/\/ticsalutsocial.atoom.space\/en\/noticia\/conclou-el-projecte-europeu-que-ha-contribuit-en-lestrategia-per-millorar-les-competencies-digitals-dels-professionals-de-la-salut-a-catalunya-i-estonia\/#primaryimage"},"image":{"@id":"https:\/\/ticsalutsocial.atoom.space\/en\/noticia\/conclou-el-projecte-europeu-que-ha-contribuit-en-lestrategia-per-millorar-les-competencies-digitals-dels-professionals-de-la-salut-a-catalunya-i-estonia\/#primaryimage"},"thumbnailUrl":"https:\/\/ticsalutsocial.atoom.space\/wp-content\/uploads\/2024\/10\/Ultima-reunio-del-projecte-europeu-de-competencies-digitals-amb-estonia.jpg","datePublished":"2024-10-21T09:36:06+00:00","dateModified":"2024-11-28T13:38:51+00:00","description":"A Catalunya, l'instrument de suport t\u00e8cnic europeu ha perm\u00e8s definir i dissenyar l\u2019estrat\u00e8gia i el futur model de capacitaci\u00f3 en compet\u00e8ncies digitals per als professionals sanitaris.","breadcrumb":{"@id":"https:\/\/ticsalutsocial.atoom.space\/en\/noticia\/conclou-el-projecte-europeu-que-ha-contribuit-en-lestrategia-per-millorar-les-competencies-digitals-dels-professionals-de-la-salut-a-catalunya-i-estonia\/#breadcrumb"},"inLanguage":"en-US","potentialAction":[{"@type":"ReadAction","target":["https:\/\/ticsalutsocial.atoom.space\/en\/noticia\/conclou-el-projecte-europeu-que-ha-contribuit-en-lestrategia-per-millorar-les-competencies-digitals-dels-professionals-de-la-salut-a-catalunya-i-estonia\/"]}]},{"@type":"ImageObject","inLanguage":"en-US","@id":"https:\/\/ticsalutsocial.atoom.space\/en\/noticia\/conclou-el-projecte-europeu-que-ha-contribuit-en-lestrategia-per-millorar-les-competencies-digitals-dels-professionals-de-la-salut-a-catalunya-i-estonia\/#primaryimage","url":"https:\/\/ticsalutsocial.atoom.space\/wp-content\/uploads\/2024\/10\/Ultima-reunio-del-projecte-europeu-de-competencies-digitals-amb-estonia.jpg","contentUrl":"https:\/\/ticsalutsocial.atoom.space\/wp-content\/uploads\/2024\/10\/Ultima-reunio-del-projecte-europeu-de-competencies-digitals-amb-estonia.jpg","width":1280,"height":960,"caption":"U\u0301ltima reunio\u0301 del projecte europeu de compete\u0300ncies digitals amb esto\u0300nia"},{"@type":"BreadcrumbList","@id":"https:\/\/ticsalutsocial.atoom.space\/en\/noticia\/conclou-el-projecte-europeu-que-ha-contribuit-en-lestrategia-per-millorar-les-competencies-digitals-dels-professionals-de-la-salut-a-catalunya-i-estonia\/#breadcrumb","itemListElement":[{"@type":"ListItem","position":1,"name":"Inici","item":"https:\/\/ticsalutsocial.atoom.space\/en\/"},{"@type":"ListItem","position":2,"name":"The EU project that has contributed to the strategy to improve the digital skills of health professionals in Catalonia and Estonia comes to an end"}]},{"@type":"WebSite","@id":"https:\/\/ticsalutsocial.atoom.space\/en\/#website","url":"https:\/\/ticsalutsocial.atoom.space\/en\/","name":"Fundaci\u00f3 TIC Salut i Social","description":"","potentialAction":[{"@type":"SearchAction","target":{"@type":"EntryPoint","urlTemplate":"https:\/\/ticsalutsocial.atoom.space\/en\/?s={search_term_string}"},"query-input":{"@type":"PropertyValueSpecification","valueRequired":true,"valueName":"search_term_string"}}],"inLanguage":"en-US"}]}},"_links":{"self":[{"href":"https:\/\/ticsalutsocial.atoom.space\/en\/wp-json\/wp\/v2\/noticia\/29285","targetHints":{"allow":["GET"]}}],"collection":[{"href":"https:\/\/ticsalutsocial.atoom.space\/en\/wp-json\/wp\/v2\/noticia"}],"about":[{"href":"https:\/\/ticsalutsocial.atoom.space\/en\/wp-json\/wp\/v2\/types\/noticia"}],"author":[{"embeddable":true,"href":"https:\/\/ticsalutsocial.atoom.space\/en\/wp-json\/wp\/v2\/users\/12"}],"wp:featuredmedia":[{"embeddable":true,"href":"https:\/\/ticsalutsocial.atoom.space\/en\/wp-json\/wp\/v2\/media\/28846"}],"wp:attachment":[{"href":"https:\/\/ticsalutsocial.atoom.space\/en\/wp-json\/wp\/v2\/media?parent=29285"}],"wp:term":[{"taxonomy":"etiqueta","embeddable":true,"href":"https:\/\/ticsalutsocial.atoom.space\/en\/wp-json\/wp\/v2\/etiqueta?post=29285"},{"taxonomy":"tipus","embeddable":true,"href":"https:\/\/ticsalutsocial.atoom.space\/en\/wp-json\/wp\/v2\/tipus?post=29285"},{"taxonomy":"topic","embeddable":true,"href":"https:\/\/ticsalutsocial.atoom.space\/en\/wp-json\/wp\/v2\/topic?post=29285"}],"curies":[{"name":"wp","href":"https:\/\/api.w.org\/{rel}","templated":true}]}}