
{"id":29308,"date":"2024-11-20T12:10:15","date_gmt":"2024-11-20T10:10:15","guid":{"rendered":"https:\/\/ticsalutsocial.atoom.space\/noticia\/la-fundacio-tic-salut-social-acull-sessions-dintercanvi-entre-catalunya-i-suecia-sobre-gestio-i-bones-practiques-dels-serveis-assistencials\/"},"modified":"2024-11-28T15:56:32","modified_gmt":"2024-11-28T13:56:32","slug":"la-fundacio-tic-salut-social-acull-sessions-dintercanvi-entre-catalunya-i-suecia-sobre-gestio-i-bones-practiques-dels-serveis-assistencials","status":"publish","type":"noticia","link":"https:\/\/ticsalutsocial.atoom.space\/en\/noticia\/la-fundacio-tic-salut-social-acull-sessions-dintercanvi-entre-catalunya-i-suecia-sobre-gestio-i-bones-practiques-dels-serveis-assistencials\/","title":{"rendered":"The TIC Salut Social Foundation hosts exchange sessions between Catalonia and Sweden on management and good practices of healthcare services"},"content":{"rendered":"<p>Between 12 and 14 November, the TIC Salut Social Foundation hosted several work sessions with a delegation from the Swedish health system, the <a href=\"https:\/\/hospeem.org\/members\/salar\/\">Swedish Association of Local Authorities and Regions<\/a>, and the representatives of the Catalan Health System and the Department of Social Rights and Inclusion.<\/p>\n<p>This exchange of good practices in the management and deployment of health policies takes place within the framework of TAIEX. Technical Assistance and Information Exchange. A tool of the European Commission for the institutional construction and knowledge transfer of the public sectors of the Member States of the European Union.<\/p>\n<h2><strong>Strategic view and technological deployment in Catalonia<\/strong><\/h2>\n<p>During a three-day seminar, Catalonia presented the 360<sup>o<\/sup> vision of the management of the Catalan health and social systems. From challenges, policies and strategic planning to functional and technological deployment. Catalonia presented the strategies in integrated care, digital health and protection of health data and how the digital transformation offers results in optimising services linked to technology. Representatives of the Catalan Health Service such as Jordi Piera; from the Catalan Institute of Health, Oscar Solans; from the Department of Health Merc\u00e8 Armelles, Joan Carles Contel, N\u00faria Nadal and Anna Forcada; as well as staff from the Department of Social Rights and Inclusion, such as Rosa Fum\u00e0s, led these sessions.<\/p>\n<p>The TIC Salut Social Foundation coordinated the programme and visit of the Swedish delegation and presented key technological lines of work for the Catalan system such as the Health\/AI Programme, with Susanna Auss\u00f3; the policies on digital assets for citizens and the deployment of mHealth in the health system, with Carme Pratdep\u00e0dua. The strategy on centralised data protection in the Office of the Health Data Protection Officer was also presented by Rafael Guerrero.<\/p>\n<p>The delegation of the Swedish public administration, made up of a total of twelve representatives, encompassed the senior managers who specialise in digitalisation, data analysis, integration and architecture of information systems, finance and technology. Among their conclusions, the participation in a very enriching exchange experience stands out positively. This new perspective &#8220;is useful for Sweden to align itself with Catalonia in aspects such as the Health\/AI Programme and the digitalisation process of social rights and integrated care&#8221;. A visit that establishes the basis for future collaborations between the two countries.<\/p>\n<h2><strong>Functions of the TAIEX<\/strong><\/h2>\n<p>With the aim of generating networking and supporting reform processes around the world, TAIEX is an instrument implemented since 2020 through the General Directorate of International Partnerships (INTPA). It strengthens the national policies of partner countries and regions and supports the implementation of the Sustainable Development Goals.<\/p>\n<p>It offers short-term technical support to public institutions through actions that include the deployment of workshops presented by experts from Member States, networking sessions and the mobilisation of delegations of guest experts.<\/p>\n<p><strong>\u00a0<\/strong><\/p>\n<p>&nbsp;<\/p>\n","protected":false},"author":3,"featured_media":29181,"menu_order":0,"template":"","meta":{"_acf_changed":false,"inline_featured_image":false},"etiqueta":[],"tipus":[],"topic":[129],"class_list":["post-29308","noticia","type-noticia","status-publish","has-post-thumbnail","hentry","topic-the-fundation"],"acf":{"finalitzat":false,"tipus_plantilla":"objectius","template_objectius":{"cont_principal":"","imatge":false,"cont_seguent":{"titol":"","contingut":""},"seccio_llistat":{"titol":"","llistat":false},"objectius":{"titol":"","objectius":false},"documents":false},"autor":"","imatge":false,"textos_destacats":[{"texte":"Catalonia presented the strategies in integrated care, digital health and protection of health data and how the digital transformation offers results in optimising services linked to technology"}],"documents":false},"yoast_head":"<!-- This site is optimized with the Yoast SEO plugin v27.1.1 - https:\/\/yoast.com\/product\/yoast-seo-wordpress\/ -->\n<title>The TIC Salut Social Foundation hosts exchange sessions between Catalonia and Sweden on management and good practices of healthcare services - Fundaci\u00f3 TIC Salut i Social<\/title>\n<meta name=\"robots\" content=\"index, follow, max-snippet:-1, max-image-preview:large, max-video-preview:-1\" \/>\n<link rel=\"canonical\" href=\"https:\/\/ticsalutsocial.atoom.space\/en\/noticia\/la-fundacio-tic-salut-social-acull-sessions-dintercanvi-entre-catalunya-i-suecia-sobre-gestio-i-bones-practiques-dels-serveis-assistencials\/\" \/>\n<meta property=\"og:locale\" content=\"en_US\" \/>\n<meta property=\"og:type\" content=\"article\" \/>\n<meta property=\"og:title\" content=\"The TIC Salut Social Foundation hosts exchange sessions between Catalonia and Sweden on management and good practices of healthcare services - Fundaci\u00f3 TIC Salut i Social\" \/>\n<meta property=\"og:description\" content=\"Between 12 and 14 November, the TIC Salut Social Foundation hosted several work sessions with a delegation from the Swedish health system, the Swedish Association of Local Authorities and Regions, and the representatives of the Catalan Health System and the Department of Social Rights and Inclusion. This exchange of good practices in the management and [&hellip;]\" \/>\n<meta property=\"og:url\" content=\"https:\/\/ticsalutsocial.atoom.space\/en\/noticia\/la-fundacio-tic-salut-social-acull-sessions-dintercanvi-entre-catalunya-i-suecia-sobre-gestio-i-bones-practiques-dels-serveis-assistencials\/\" \/>\n<meta property=\"og:site_name\" content=\"Fundaci\u00f3 TIC Salut i Social\" \/>\n<meta property=\"article:modified_time\" content=\"2024-11-28T13:56:32+00:00\" \/>\n<meta property=\"og:image\" content=\"https:\/\/ticsalutsocial.atoom.space\/wp-content\/uploads\/2024\/11\/Sin-titulo-1-4.png\" \/>\n\t<meta property=\"og:image:width\" content=\"1289\" \/>\n\t<meta property=\"og:image:height\" content=\"960\" \/>\n\t<meta property=\"og:image:type\" content=\"image\/png\" \/>\n<meta name=\"twitter:card\" content=\"summary_large_image\" \/>\n<meta name=\"twitter:label1\" content=\"Est. reading time\" \/>\n\t<meta name=\"twitter:data1\" content=\"3 minutes\" \/>\n<script type=\"application\/ld+json\" class=\"yoast-schema-graph\">{\"@context\":\"https:\/\/schema.org\",\"@graph\":[{\"@type\":\"WebPage\",\"@id\":\"https:\/\/ticsalutsocial.atoom.space\/en\/noticia\/la-fundacio-tic-salut-social-acull-sessions-dintercanvi-entre-catalunya-i-suecia-sobre-gestio-i-bones-practiques-dels-serveis-assistencials\/\",\"url\":\"https:\/\/ticsalutsocial.atoom.space\/en\/noticia\/la-fundacio-tic-salut-social-acull-sessions-dintercanvi-entre-catalunya-i-suecia-sobre-gestio-i-bones-practiques-dels-serveis-assistencials\/\",\"name\":\"The TIC Salut Social Foundation hosts exchange sessions between Catalonia and Sweden on management and good practices of healthcare services - Fundaci\u00f3 TIC Salut i Social\",\"isPartOf\":{\"@id\":\"https:\/\/ticsalutsocial.atoom.space\/en\/#website\"},\"primaryImageOfPage\":{\"@id\":\"https:\/\/ticsalutsocial.atoom.space\/en\/noticia\/la-fundacio-tic-salut-social-acull-sessions-dintercanvi-entre-catalunya-i-suecia-sobre-gestio-i-bones-practiques-dels-serveis-assistencials\/#primaryimage\"},\"image\":{\"@id\":\"https:\/\/ticsalutsocial.atoom.space\/en\/noticia\/la-fundacio-tic-salut-social-acull-sessions-dintercanvi-entre-catalunya-i-suecia-sobre-gestio-i-bones-practiques-dels-serveis-assistencials\/#primaryimage\"},\"thumbnailUrl\":\"https:\/\/ticsalutsocial.atoom.space\/wp-content\/uploads\/2024\/11\/Sin-titulo-1-4.png\",\"datePublished\":\"2024-11-20T10:10:15+00:00\",\"dateModified\":\"2024-11-28T13:56:32+00:00\",\"breadcrumb\":{\"@id\":\"https:\/\/ticsalutsocial.atoom.space\/en\/noticia\/la-fundacio-tic-salut-social-acull-sessions-dintercanvi-entre-catalunya-i-suecia-sobre-gestio-i-bones-practiques-dels-serveis-assistencials\/#breadcrumb\"},\"inLanguage\":\"en-US\",\"potentialAction\":[{\"@type\":\"ReadAction\",\"target\":[\"https:\/\/ticsalutsocial.atoom.space\/en\/noticia\/la-fundacio-tic-salut-social-acull-sessions-dintercanvi-entre-catalunya-i-suecia-sobre-gestio-i-bones-practiques-dels-serveis-assistencials\/\"]}]},{\"@type\":\"ImageObject\",\"inLanguage\":\"en-US\",\"@id\":\"https:\/\/ticsalutsocial.atoom.space\/en\/noticia\/la-fundacio-tic-salut-social-acull-sessions-dintercanvi-entre-catalunya-i-suecia-sobre-gestio-i-bones-practiques-dels-serveis-assistencials\/#primaryimage\",\"url\":\"https:\/\/ticsalutsocial.atoom.space\/wp-content\/uploads\/2024\/11\/Sin-titulo-1-4.png\",\"contentUrl\":\"https:\/\/ticsalutsocial.atoom.space\/wp-content\/uploads\/2024\/11\/Sin-titulo-1-4.png\",\"width\":1289,\"height\":960,\"caption\":\"La Fundaci\u00f3 TIC Salut Social acull sessions d\u2019intercanvi entre Catalunya i Su\u00e8cia sobre gesti\u00f3 i bones pr\u00e0ctiques dels serveis assistencials\"},{\"@type\":\"BreadcrumbList\",\"@id\":\"https:\/\/ticsalutsocial.atoom.space\/en\/noticia\/la-fundacio-tic-salut-social-acull-sessions-dintercanvi-entre-catalunya-i-suecia-sobre-gestio-i-bones-practiques-dels-serveis-assistencials\/#breadcrumb\",\"itemListElement\":[{\"@type\":\"ListItem\",\"position\":1,\"name\":\"Inici\",\"item\":\"https:\/\/ticsalutsocial.atoom.space\/en\/\"},{\"@type\":\"ListItem\",\"position\":2,\"name\":\"The TIC Salut Social Foundation hosts exchange sessions between Catalonia and Sweden on management and good practices of healthcare services\"}]},{\"@type\":\"WebSite\",\"@id\":\"https:\/\/ticsalutsocial.atoom.space\/en\/#website\",\"url\":\"https:\/\/ticsalutsocial.atoom.space\/en\/\",\"name\":\"Fundaci\u00f3 TIC Salut i Social\",\"description\":\"\",\"potentialAction\":[{\"@type\":\"SearchAction\",\"target\":{\"@type\":\"EntryPoint\",\"urlTemplate\":\"https:\/\/ticsalutsocial.atoom.space\/en\/?s={search_term_string}\"},\"query-input\":{\"@type\":\"PropertyValueSpecification\",\"valueRequired\":true,\"valueName\":\"search_term_string\"}}],\"inLanguage\":\"en-US\"}]}<\/script>\n<!-- \/ Yoast SEO plugin. -->","yoast_head_json":{"title":"The TIC Salut Social Foundation hosts exchange sessions between Catalonia and Sweden on management and good practices of healthcare services - Fundaci\u00f3 TIC Salut i Social","robots":{"index":"index","follow":"follow","max-snippet":"max-snippet:-1","max-image-preview":"max-image-preview:large","max-video-preview":"max-video-preview:-1"},"canonical":"https:\/\/ticsalutsocial.atoom.space\/en\/noticia\/la-fundacio-tic-salut-social-acull-sessions-dintercanvi-entre-catalunya-i-suecia-sobre-gestio-i-bones-practiques-dels-serveis-assistencials\/","og_locale":"en_US","og_type":"article","og_title":"The TIC Salut Social Foundation hosts exchange sessions between Catalonia and Sweden on management and good practices of healthcare services - Fundaci\u00f3 TIC Salut i Social","og_description":"Between 12 and 14 November, the TIC Salut Social Foundation hosted several work sessions with a delegation from the Swedish health system, the Swedish Association of Local Authorities and Regions, and the representatives of the Catalan Health System and the Department of Social Rights and Inclusion. This exchange of good practices in the management and [&hellip;]","og_url":"https:\/\/ticsalutsocial.atoom.space\/en\/noticia\/la-fundacio-tic-salut-social-acull-sessions-dintercanvi-entre-catalunya-i-suecia-sobre-gestio-i-bones-practiques-dels-serveis-assistencials\/","og_site_name":"Fundaci\u00f3 TIC Salut i Social","article_modified_time":"2024-11-28T13:56:32+00:00","og_image":[{"width":1289,"height":960,"url":"https:\/\/ticsalutsocial.atoom.space\/wp-content\/uploads\/2024\/11\/Sin-titulo-1-4.png","type":"image\/png"}],"twitter_card":"summary_large_image","twitter_misc":{"Est. reading time":"3 minutes"},"schema":{"@context":"https:\/\/schema.org","@graph":[{"@type":"WebPage","@id":"https:\/\/ticsalutsocial.atoom.space\/en\/noticia\/la-fundacio-tic-salut-social-acull-sessions-dintercanvi-entre-catalunya-i-suecia-sobre-gestio-i-bones-practiques-dels-serveis-assistencials\/","url":"https:\/\/ticsalutsocial.atoom.space\/en\/noticia\/la-fundacio-tic-salut-social-acull-sessions-dintercanvi-entre-catalunya-i-suecia-sobre-gestio-i-bones-practiques-dels-serveis-assistencials\/","name":"The TIC Salut Social Foundation hosts exchange sessions between Catalonia and Sweden on management and good practices of healthcare services - Fundaci\u00f3 TIC Salut i Social","isPartOf":{"@id":"https:\/\/ticsalutsocial.atoom.space\/en\/#website"},"primaryImageOfPage":{"@id":"https:\/\/ticsalutsocial.atoom.space\/en\/noticia\/la-fundacio-tic-salut-social-acull-sessions-dintercanvi-entre-catalunya-i-suecia-sobre-gestio-i-bones-practiques-dels-serveis-assistencials\/#primaryimage"},"image":{"@id":"https:\/\/ticsalutsocial.atoom.space\/en\/noticia\/la-fundacio-tic-salut-social-acull-sessions-dintercanvi-entre-catalunya-i-suecia-sobre-gestio-i-bones-practiques-dels-serveis-assistencials\/#primaryimage"},"thumbnailUrl":"https:\/\/ticsalutsocial.atoom.space\/wp-content\/uploads\/2024\/11\/Sin-titulo-1-4.png","datePublished":"2024-11-20T10:10:15+00:00","dateModified":"2024-11-28T13:56:32+00:00","breadcrumb":{"@id":"https:\/\/ticsalutsocial.atoom.space\/en\/noticia\/la-fundacio-tic-salut-social-acull-sessions-dintercanvi-entre-catalunya-i-suecia-sobre-gestio-i-bones-practiques-dels-serveis-assistencials\/#breadcrumb"},"inLanguage":"en-US","potentialAction":[{"@type":"ReadAction","target":["https:\/\/ticsalutsocial.atoom.space\/en\/noticia\/la-fundacio-tic-salut-social-acull-sessions-dintercanvi-entre-catalunya-i-suecia-sobre-gestio-i-bones-practiques-dels-serveis-assistencials\/"]}]},{"@type":"ImageObject","inLanguage":"en-US","@id":"https:\/\/ticsalutsocial.atoom.space\/en\/noticia\/la-fundacio-tic-salut-social-acull-sessions-dintercanvi-entre-catalunya-i-suecia-sobre-gestio-i-bones-practiques-dels-serveis-assistencials\/#primaryimage","url":"https:\/\/ticsalutsocial.atoom.space\/wp-content\/uploads\/2024\/11\/Sin-titulo-1-4.png","contentUrl":"https:\/\/ticsalutsocial.atoom.space\/wp-content\/uploads\/2024\/11\/Sin-titulo-1-4.png","width":1289,"height":960,"caption":"La Fundaci\u00f3 TIC Salut Social acull sessions d\u2019intercanvi entre Catalunya i Su\u00e8cia sobre gesti\u00f3 i bones pr\u00e0ctiques dels serveis assistencials"},{"@type":"BreadcrumbList","@id":"https:\/\/ticsalutsocial.atoom.space\/en\/noticia\/la-fundacio-tic-salut-social-acull-sessions-dintercanvi-entre-catalunya-i-suecia-sobre-gestio-i-bones-practiques-dels-serveis-assistencials\/#breadcrumb","itemListElement":[{"@type":"ListItem","position":1,"name":"Inici","item":"https:\/\/ticsalutsocial.atoom.space\/en\/"},{"@type":"ListItem","position":2,"name":"The TIC Salut Social Foundation hosts exchange sessions between Catalonia and Sweden on management and good practices of healthcare services"}]},{"@type":"WebSite","@id":"https:\/\/ticsalutsocial.atoom.space\/en\/#website","url":"https:\/\/ticsalutsocial.atoom.space\/en\/","name":"Fundaci\u00f3 TIC Salut i Social","description":"","potentialAction":[{"@type":"SearchAction","target":{"@type":"EntryPoint","urlTemplate":"https:\/\/ticsalutsocial.atoom.space\/en\/?s={search_term_string}"},"query-input":{"@type":"PropertyValueSpecification","valueRequired":true,"valueName":"search_term_string"}}],"inLanguage":"en-US"}]}},"_links":{"self":[{"href":"https:\/\/ticsalutsocial.atoom.space\/en\/wp-json\/wp\/v2\/noticia\/29308","targetHints":{"allow":["GET"]}}],"collection":[{"href":"https:\/\/ticsalutsocial.atoom.space\/en\/wp-json\/wp\/v2\/noticia"}],"about":[{"href":"https:\/\/ticsalutsocial.atoom.space\/en\/wp-json\/wp\/v2\/types\/noticia"}],"author":[{"embeddable":true,"href":"https:\/\/ticsalutsocial.atoom.space\/en\/wp-json\/wp\/v2\/users\/3"}],"wp:featuredmedia":[{"embeddable":true,"href":"https:\/\/ticsalutsocial.atoom.space\/en\/wp-json\/wp\/v2\/media\/29181"}],"wp:attachment":[{"href":"https:\/\/ticsalutsocial.atoom.space\/en\/wp-json\/wp\/v2\/media?parent=29308"}],"wp:term":[{"taxonomy":"etiqueta","embeddable":true,"href":"https:\/\/ticsalutsocial.atoom.space\/en\/wp-json\/wp\/v2\/etiqueta?post=29308"},{"taxonomy":"tipus","embeddable":true,"href":"https:\/\/ticsalutsocial.atoom.space\/en\/wp-json\/wp\/v2\/tipus?post=29308"},{"taxonomy":"topic","embeddable":true,"href":"https:\/\/ticsalutsocial.atoom.space\/en\/wp-json\/wp\/v2\/topic?post=29308"}],"curies":[{"name":"wp","href":"https:\/\/api.w.org\/{rel}","templated":true}]}}