
{"id":29910,"date":"2024-12-11T14:17:36","date_gmt":"2024-12-11T12:17:36","guid":{"rendered":"https:\/\/ticsalutsocial.atoom.space\/noticia\/infografia-sobre-el-projecte-unicas-datencio-integral-a-les-malalties-minoritaries-pediatriques-a-espanya\/"},"modified":"2024-12-27T19:06:24","modified_gmt":"2024-12-27T17:06:24","slug":"infografia-sobre-el-projecte-unicas-datencio-integral-a-les-malalties-minoritaries-pediatriques-a-espanya","status":"publish","type":"noticia","link":"https:\/\/ticsalutsocial.atoom.space\/en\/noticia\/infografia-sobre-el-projecte-unicas-datencio-integral-a-les-malalties-minoritaries-pediatriques-a-espanya\/","title":{"rendered":"Infographic about the UNICAS project for comprehensive care for paediatric rare diseases in Spain"},"content":{"rendered":"\r\n<p>The UNICAS project, led by the Ministry of Health, has published an <a href=\"https:\/\/ticsalutsocial.atoom.space\/wp-content\/uploads\/2024\/11\/Infografia_UNICAS_vF.pdf\">infographic to publicise its main objectives and key points<\/a>. \u00daNICAS is working to create a <strong>national ecosystem of alliances for an improved response for paediatric patients with complex rare diseases<\/strong> throughout the entire care process. The project will provide comprehensive care to patients and their families through a <strong>30-node network <\/strong>of specialised departments distributed throughout all the autonomous communities and the National Institute of Health Management (INGESA).<\/p>\r\n<p>The project nodes in Catalonia are the <strong>Sant Joan de D\u00e9u Hospital, Vall d&#8217;Hebron Hospital and the Parc Taul\u00ed Healthcare Corporation Consortium<\/strong>. These nodes will be equipped with common tools, processes and protocols to establish a model of personalised care across the network. In this way, patients with paediatric diseases will be able to be treated at any node in the network as if they were at the reference centre for their pathology, regardless of where they reside; that is, <strong>the data will travel, not children<\/strong>.<\/p>\r\n<p><strong>Catalonia leads the development and technological integration of the \u00daNICAS project<\/strong>. The TIC Salut Social Foundation is responsible for executing this line of action, assessing the technological maturity of the autonomous communities, defining the technological requirements of the basic project tools, ensuring that they are developed and deploying the node network.<\/p>\r\n<p>The project is within the scope of the Digital Personalised Care Plan, funded by the Recovery, Transformation and Resilience Plan and the Next Generation European funds.<\/p>\r\n\r\n\r\n\r\n<figure class=\"wp-block-image size-full\"><img loading=\"lazy\" decoding=\"async\" width=\"850\" height=\"72\" class=\"wp-image-29401\" src=\"https:\/\/ticsalutsocial.atoom.space\/wp-content\/uploads\/2024\/12\/Imagen-1.png\" alt=\"\" srcset=\"https:\/\/ticsalutsocial.atoom.space\/wp-content\/uploads\/2024\/12\/Imagen-1.png 850w, https:\/\/ticsalutsocial.atoom.space\/wp-content\/uploads\/2024\/12\/Imagen-1-300x25.png 300w, https:\/\/ticsalutsocial.atoom.space\/wp-content\/uploads\/2024\/12\/Imagen-1-768x65.png 768w\" sizes=\"auto, (max-width: 850px) 100vw, 850px\" \/><\/figure>\r\n","protected":false},"author":12,"featured_media":29405,"menu_order":0,"template":"","meta":{"_acf_changed":true,"inline_featured_image":false},"etiqueta":[],"tipus":[],"topic":[128],"class_list":["post-29910","noticia","type-noticia","status-publish","has-post-thumbnail","hentry","topic-projects"],"acf":{"finalitzat":false,"tipus_plantilla":"objectius","template_objectius":{"cont_principal":"","imatge":false,"cont_seguent":{"titol":"","contingut":""},"seccio_llistat":{"titol":"","llistat":false},"objectius":{"titol":"","objectius":false},"documents":false},"autor":"","imatge":29405,"textos_destacats":[{"texte":"Catalonia leads the development and technological integration of the \u00daNICAS project"}],"documents":[{"titol_doc":"Infografia \u00daNICAS","document":{"ID":29117,"id":29117,"title":"Infografi\u0301a_U\u0301NICAS_vF","filename":"Infografia_UNICAS_vF.pdf","filesize":221503,"url":"https:\/\/ticsalutsocial.atoom.space\/wp-content\/uploads\/2024\/11\/Infografia_UNICAS_vF.pdf","link":"https:\/\/ticsalutsocial.atoom.space\/en\/noticia\/infografia-sobre-el-projecte-unicas-datencio-integral-a-les-malalties-minoritaries-pediatriques-a-espanya\/infografia_unicas_vf-2\/","alt":"","author":"12","description":"","caption":"","name":"infografia_unicas_vf-2","status":"inherit","uploaded_to":29910,"date":"2024-11-13 11:16:15","modified":"2024-11-13 11:16:26","menu_order":0,"mime_type":"application\/pdf","type":"application","subtype":"pdf","icon":"https:\/\/ticsalutsocial.atoom.space\/wp-includes\/images\/media\/document.png"}}]},"yoast_head":"<!-- This site is optimized with the Yoast SEO plugin v27.1.1 - https:\/\/yoast.com\/product\/yoast-seo-wordpress\/ -->\n<title>Infographic about the UNICAS project for comprehensive care for paediatric rare diseases in Spain - Fundaci\u00f3 TIC Salut i Social<\/title>\n<meta name=\"description\" content=\"Catalunya lidera la part del desenvolupament dels actius tecnol\u00f2gics per a la implementaci\u00f3 del projecte \u00daNICAS\" \/>\n<meta name=\"robots\" content=\"index, follow, max-snippet:-1, max-image-preview:large, max-video-preview:-1\" \/>\n<link rel=\"canonical\" href=\"https:\/\/ticsalutsocial.atoom.space\/en\/noticia\/infografia-sobre-el-projecte-unicas-datencio-integral-a-les-malalties-minoritaries-pediatriques-a-espanya\/\" \/>\n<meta property=\"og:locale\" content=\"en_US\" \/>\n<meta property=\"og:type\" content=\"article\" \/>\n<meta property=\"og:title\" content=\"Infographic about the UNICAS project for comprehensive care for paediatric rare diseases in Spain - Fundaci\u00f3 TIC Salut i Social\" \/>\n<meta property=\"og:description\" content=\"Catalunya lidera la part del desenvolupament dels actius tecnol\u00f2gics per a la implementaci\u00f3 del projecte \u00daNICAS\" \/>\n<meta property=\"og:url\" content=\"https:\/\/ticsalutsocial.atoom.space\/en\/noticia\/infografia-sobre-el-projecte-unicas-datencio-integral-a-les-malalties-minoritaries-pediatriques-a-espanya\/\" \/>\n<meta property=\"og:site_name\" content=\"Fundaci\u00f3 TIC Salut i Social\" \/>\n<meta property=\"article:modified_time\" content=\"2024-12-27T17:06:24+00:00\" \/>\n<meta property=\"og:image\" content=\"https:\/\/ticsalutsocial.atoom.space\/wp-content\/uploads\/2024\/12\/Proyecto-UNICAS.jpg\" \/>\n\t<meta property=\"og:image:width\" content=\"1280\" \/>\n\t<meta property=\"og:image:height\" content=\"960\" \/>\n\t<meta property=\"og:image:type\" content=\"image\/jpeg\" \/>\n<meta name=\"twitter:card\" content=\"summary_large_image\" \/>\n<meta name=\"twitter:label1\" content=\"Est. reading time\" \/>\n\t<meta name=\"twitter:data1\" content=\"2 minutes\" \/>\n<script type=\"application\/ld+json\" class=\"yoast-schema-graph\">{\"@context\":\"https:\/\/schema.org\",\"@graph\":[{\"@type\":\"WebPage\",\"@id\":\"https:\/\/ticsalutsocial.atoom.space\/en\/noticia\/infografia-sobre-el-projecte-unicas-datencio-integral-a-les-malalties-minoritaries-pediatriques-a-espanya\/\",\"url\":\"https:\/\/ticsalutsocial.atoom.space\/en\/noticia\/infografia-sobre-el-projecte-unicas-datencio-integral-a-les-malalties-minoritaries-pediatriques-a-espanya\/\",\"name\":\"Infographic about the UNICAS project for comprehensive care for paediatric rare diseases in Spain - Fundaci\u00f3 TIC Salut i Social\",\"isPartOf\":{\"@id\":\"https:\/\/ticsalutsocial.atoom.space\/en\/#website\"},\"primaryImageOfPage\":{\"@id\":\"https:\/\/ticsalutsocial.atoom.space\/en\/noticia\/infografia-sobre-el-projecte-unicas-datencio-integral-a-les-malalties-minoritaries-pediatriques-a-espanya\/#primaryimage\"},\"image\":{\"@id\":\"https:\/\/ticsalutsocial.atoom.space\/en\/noticia\/infografia-sobre-el-projecte-unicas-datencio-integral-a-les-malalties-minoritaries-pediatriques-a-espanya\/#primaryimage\"},\"thumbnailUrl\":\"https:\/\/ticsalutsocial.atoom.space\/wp-content\/uploads\/2024\/12\/Proyecto-UNICAS.jpg\",\"datePublished\":\"2024-12-11T12:17:36+00:00\",\"dateModified\":\"2024-12-27T17:06:24+00:00\",\"description\":\"Catalunya lidera la part del desenvolupament dels actius tecnol\u00f2gics per a la implementaci\u00f3 del projecte \u00daNICAS\",\"breadcrumb\":{\"@id\":\"https:\/\/ticsalutsocial.atoom.space\/en\/noticia\/infografia-sobre-el-projecte-unicas-datencio-integral-a-les-malalties-minoritaries-pediatriques-a-espanya\/#breadcrumb\"},\"inLanguage\":\"en-US\",\"potentialAction\":[{\"@type\":\"ReadAction\",\"target\":[\"https:\/\/ticsalutsocial.atoom.space\/en\/noticia\/infografia-sobre-el-projecte-unicas-datencio-integral-a-les-malalties-minoritaries-pediatriques-a-espanya\/\"]}]},{\"@type\":\"ImageObject\",\"inLanguage\":\"en-US\",\"@id\":\"https:\/\/ticsalutsocial.atoom.space\/en\/noticia\/infografia-sobre-el-projecte-unicas-datencio-integral-a-les-malalties-minoritaries-pediatriques-a-espanya\/#primaryimage\",\"url\":\"https:\/\/ticsalutsocial.atoom.space\/wp-content\/uploads\/2024\/12\/Proyecto-UNICAS.jpg\",\"contentUrl\":\"https:\/\/ticsalutsocial.atoom.space\/wp-content\/uploads\/2024\/12\/Proyecto-UNICAS.jpg\",\"width\":1280,\"height\":960,\"caption\":\"Proyecto U\u0301NICAS\"},{\"@type\":\"BreadcrumbList\",\"@id\":\"https:\/\/ticsalutsocial.atoom.space\/en\/noticia\/infografia-sobre-el-projecte-unicas-datencio-integral-a-les-malalties-minoritaries-pediatriques-a-espanya\/#breadcrumb\",\"itemListElement\":[{\"@type\":\"ListItem\",\"position\":1,\"name\":\"Inici\",\"item\":\"https:\/\/ticsalutsocial.atoom.space\/en\/\"},{\"@type\":\"ListItem\",\"position\":2,\"name\":\"Infographic about the UNICAS project for comprehensive care for paediatric rare diseases in Spain\"}]},{\"@type\":\"WebSite\",\"@id\":\"https:\/\/ticsalutsocial.atoom.space\/en\/#website\",\"url\":\"https:\/\/ticsalutsocial.atoom.space\/en\/\",\"name\":\"Fundaci\u00f3 TIC Salut i Social\",\"description\":\"\",\"potentialAction\":[{\"@type\":\"SearchAction\",\"target\":{\"@type\":\"EntryPoint\",\"urlTemplate\":\"https:\/\/ticsalutsocial.atoom.space\/en\/?s={search_term_string}\"},\"query-input\":{\"@type\":\"PropertyValueSpecification\",\"valueRequired\":true,\"valueName\":\"search_term_string\"}}],\"inLanguage\":\"en-US\"}]}<\/script>\n<!-- \/ Yoast SEO plugin. -->","yoast_head_json":{"title":"Infographic about the UNICAS project for comprehensive care for paediatric rare diseases in Spain - Fundaci\u00f3 TIC Salut i Social","description":"Catalunya lidera la part del desenvolupament dels actius tecnol\u00f2gics per a la implementaci\u00f3 del projecte \u00daNICAS","robots":{"index":"index","follow":"follow","max-snippet":"max-snippet:-1","max-image-preview":"max-image-preview:large","max-video-preview":"max-video-preview:-1"},"canonical":"https:\/\/ticsalutsocial.atoom.space\/en\/noticia\/infografia-sobre-el-projecte-unicas-datencio-integral-a-les-malalties-minoritaries-pediatriques-a-espanya\/","og_locale":"en_US","og_type":"article","og_title":"Infographic about the UNICAS project for comprehensive care for paediatric rare diseases in Spain - Fundaci\u00f3 TIC Salut i Social","og_description":"Catalunya lidera la part del desenvolupament dels actius tecnol\u00f2gics per a la implementaci\u00f3 del projecte \u00daNICAS","og_url":"https:\/\/ticsalutsocial.atoom.space\/en\/noticia\/infografia-sobre-el-projecte-unicas-datencio-integral-a-les-malalties-minoritaries-pediatriques-a-espanya\/","og_site_name":"Fundaci\u00f3 TIC Salut i Social","article_modified_time":"2024-12-27T17:06:24+00:00","og_image":[{"width":1280,"height":960,"url":"https:\/\/ticsalutsocial.atoom.space\/wp-content\/uploads\/2024\/12\/Proyecto-UNICAS.jpg","type":"image\/jpeg"}],"twitter_card":"summary_large_image","twitter_misc":{"Est. reading time":"2 minutes"},"schema":{"@context":"https:\/\/schema.org","@graph":[{"@type":"WebPage","@id":"https:\/\/ticsalutsocial.atoom.space\/en\/noticia\/infografia-sobre-el-projecte-unicas-datencio-integral-a-les-malalties-minoritaries-pediatriques-a-espanya\/","url":"https:\/\/ticsalutsocial.atoom.space\/en\/noticia\/infografia-sobre-el-projecte-unicas-datencio-integral-a-les-malalties-minoritaries-pediatriques-a-espanya\/","name":"Infographic about the UNICAS project for comprehensive care for paediatric rare diseases in Spain - Fundaci\u00f3 TIC Salut i Social","isPartOf":{"@id":"https:\/\/ticsalutsocial.atoom.space\/en\/#website"},"primaryImageOfPage":{"@id":"https:\/\/ticsalutsocial.atoom.space\/en\/noticia\/infografia-sobre-el-projecte-unicas-datencio-integral-a-les-malalties-minoritaries-pediatriques-a-espanya\/#primaryimage"},"image":{"@id":"https:\/\/ticsalutsocial.atoom.space\/en\/noticia\/infografia-sobre-el-projecte-unicas-datencio-integral-a-les-malalties-minoritaries-pediatriques-a-espanya\/#primaryimage"},"thumbnailUrl":"https:\/\/ticsalutsocial.atoom.space\/wp-content\/uploads\/2024\/12\/Proyecto-UNICAS.jpg","datePublished":"2024-12-11T12:17:36+00:00","dateModified":"2024-12-27T17:06:24+00:00","description":"Catalunya lidera la part del desenvolupament dels actius tecnol\u00f2gics per a la implementaci\u00f3 del projecte \u00daNICAS","breadcrumb":{"@id":"https:\/\/ticsalutsocial.atoom.space\/en\/noticia\/infografia-sobre-el-projecte-unicas-datencio-integral-a-les-malalties-minoritaries-pediatriques-a-espanya\/#breadcrumb"},"inLanguage":"en-US","potentialAction":[{"@type":"ReadAction","target":["https:\/\/ticsalutsocial.atoom.space\/en\/noticia\/infografia-sobre-el-projecte-unicas-datencio-integral-a-les-malalties-minoritaries-pediatriques-a-espanya\/"]}]},{"@type":"ImageObject","inLanguage":"en-US","@id":"https:\/\/ticsalutsocial.atoom.space\/en\/noticia\/infografia-sobre-el-projecte-unicas-datencio-integral-a-les-malalties-minoritaries-pediatriques-a-espanya\/#primaryimage","url":"https:\/\/ticsalutsocial.atoom.space\/wp-content\/uploads\/2024\/12\/Proyecto-UNICAS.jpg","contentUrl":"https:\/\/ticsalutsocial.atoom.space\/wp-content\/uploads\/2024\/12\/Proyecto-UNICAS.jpg","width":1280,"height":960,"caption":"Proyecto U\u0301NICAS"},{"@type":"BreadcrumbList","@id":"https:\/\/ticsalutsocial.atoom.space\/en\/noticia\/infografia-sobre-el-projecte-unicas-datencio-integral-a-les-malalties-minoritaries-pediatriques-a-espanya\/#breadcrumb","itemListElement":[{"@type":"ListItem","position":1,"name":"Inici","item":"https:\/\/ticsalutsocial.atoom.space\/en\/"},{"@type":"ListItem","position":2,"name":"Infographic about the UNICAS project for comprehensive care for paediatric rare diseases in Spain"}]},{"@type":"WebSite","@id":"https:\/\/ticsalutsocial.atoom.space\/en\/#website","url":"https:\/\/ticsalutsocial.atoom.space\/en\/","name":"Fundaci\u00f3 TIC Salut i Social","description":"","potentialAction":[{"@type":"SearchAction","target":{"@type":"EntryPoint","urlTemplate":"https:\/\/ticsalutsocial.atoom.space\/en\/?s={search_term_string}"},"query-input":{"@type":"PropertyValueSpecification","valueRequired":true,"valueName":"search_term_string"}}],"inLanguage":"en-US"}]}},"_links":{"self":[{"href":"https:\/\/ticsalutsocial.atoom.space\/en\/wp-json\/wp\/v2\/noticia\/29910","targetHints":{"allow":["GET"]}}],"collection":[{"href":"https:\/\/ticsalutsocial.atoom.space\/en\/wp-json\/wp\/v2\/noticia"}],"about":[{"href":"https:\/\/ticsalutsocial.atoom.space\/en\/wp-json\/wp\/v2\/types\/noticia"}],"author":[{"embeddable":true,"href":"https:\/\/ticsalutsocial.atoom.space\/en\/wp-json\/wp\/v2\/users\/12"}],"wp:featuredmedia":[{"embeddable":true,"href":"https:\/\/ticsalutsocial.atoom.space\/en\/wp-json\/wp\/v2\/media\/29405"}],"wp:attachment":[{"href":"https:\/\/ticsalutsocial.atoom.space\/en\/wp-json\/wp\/v2\/media?parent=29910"}],"wp:term":[{"taxonomy":"etiqueta","embeddable":true,"href":"https:\/\/ticsalutsocial.atoom.space\/en\/wp-json\/wp\/v2\/etiqueta?post=29910"},{"taxonomy":"tipus","embeddable":true,"href":"https:\/\/ticsalutsocial.atoom.space\/en\/wp-json\/wp\/v2\/tipus?post=29910"},{"taxonomy":"topic","embeddable":true,"href":"https:\/\/ticsalutsocial.atoom.space\/en\/wp-json\/wp\/v2\/topic?post=29910"}],"curies":[{"name":"wp","href":"https:\/\/api.w.org\/{rel}","templated":true}]}}