
{"id":3262,"date":"2018-06-11T11:42:34","date_gmt":"2018-06-11T09:42:34","guid":{"rendered":"https:\/\/ticsalutsocial.atoom.space\/?post_type=noticia&#038;p=3262"},"modified":"2021-07-21T15:35:12","modified_gmt":"2021-07-21T13:35:12","slug":"el-congres-xpatient-busca-les-millors-iniciatives-en-lambit-de-lexperiencia-del-pacient","status":"publish","type":"noticia","link":"https:\/\/ticsalutsocial.atoom.space\/en\/noticia\/el-congres-xpatient-busca-les-millors-iniciatives-en-lambit-de-lexperiencia-del-pacient\/","title":{"rendered":"El congr\u00e9s XPatient busca les millors iniciatives en l\u2019\u00e0mbit de l\u2019experi\u00e8ncia del pacient"},"content":{"rendered":"<p>El congr\u00e9s <a href=\"https:\/\/xpatientbcncongress.com\">XPatient Barcelona<\/a>, que enguany celebrar\u00e0 la seva tercera edici\u00f3 el 20 de setembre al CaixaForum Barcelona, est\u00e0 buscant les millors iniciatives en els \u00e0mbits d\u2019apoderament del pacient i del cuidador, la cocreaci\u00f3 assistencial amb pacients i la tecnologia al servei de l\u2019usuari, mitjan\u00e7ant una <a href=\"https:\/\/xpatientbcncongress.com\/call-for-projects\/\">crida a la participaci\u00f3<\/a> que estar\u00e0 oberta fins el proper 18 de juny.<\/p>\n<p>L\u2019esdeveniment, organitzat pel centre tecnol\u00f2gic Eurecat i l\u2019Hospital Cl\u00ednic, amb l\u2019impuls de la comunitat de pr\u00e0ctica XPA Barcelona (Experi\u00e8ncia del Pacient), vol detectar les millors iniciatives que s\u2019estan duent a terme en aquests \u00e0mbits per posar noves idees a l\u2019abast de cuidadors, associacions de pacients, personal sanitari i dels diferents actors implicats en l\u2019assist\u00e8ncia sanit\u00e0ria, per tal de millorar la qualitat de vida dels pacients i el seu entorn amb l\u2019ajuda de la tecnologia.<\/p>\n<p>En paraules del cap de la unitat d\u2019eHealth d\u2019Eurecat, Felip Miralles <em>\u201cvolem un congr\u00e9s XPatient Barcelona cada cop m\u00e9s viu, interactiu i participatiu, que es consolidi tamb\u00e9\u00a0 en altaveu de les millors iniciatives, m\u00e8todes i tecnologies que tinguin focus i impacte en la millora de l\u2019experi\u00e8ncia del pacient\u201d<\/em>. Joan Escarrabill, metge de l\u2019Hospital Cl\u00ednic, diu que &#8220;<em>el punt de partida per avaluar l\u2019experi\u00e8ncia del pacient \u00e9s no fer suposicions i que hi ha moltes estrat\u00e8gies per identificar les necessitats no cobertes dels pacients i dels seus cuidarors.&#8221;<\/em><\/p>\n<p>Les propostes seleccionades, que es poden presentar en <a href=\"https:\/\/www.tfaforms.com\/4677875\">un formulari<\/a> al web de l\u2019esdeveniment, es presentaran durant el congr\u00e9s de setembre, ja sigui com a pon\u00e8ncia o a l\u2019espai expositiu de l\u2019esdeveniment.<\/p>\n<p><img decoding=\"async\" class=\"alignnone size-medium wp-image-7908\" src=\"https:\/\/ticsalutsocial.atoom.space\/wp-content\/uploads\/2018\/06\/2-c2a6xpatient044-300x200-1.jpg\" alt=\"\" \/><\/p>\n","protected":false},"author":21,"featured_media":3258,"menu_order":0,"template":"","meta":{"_acf_changed":false,"inline_featured_image":false},"etiqueta":[],"tipus":[],"topic":[120],"class_list":["post-3262","noticia","type-noticia","status-publish","has-post-thumbnail","hentry","topic-dpo"],"acf":{"imatge":3259,"autor":"Adri\u00e0 G.Font","textos_destacats":[{"texte":"Teniu una proposta innovadora en l\u2019\u00e0mbit de l\u2019experi\u00e8ncia del pacient? El congr\u00e9s XPatient busca les millors iniciatives"}]},"yoast_head":"<!-- This site is optimized with the Yoast SEO plugin v27.1.1 - https:\/\/yoast.com\/product\/yoast-seo-wordpress\/ -->\n<title>El congr\u00e9s XPatient busca les millors iniciatives en l\u2019\u00e0mbit de l\u2019experi\u00e8ncia del pacient - Fundaci\u00f3 TIC Salut i Social<\/title>\n<meta name=\"robots\" content=\"index, follow, max-snippet:-1, max-image-preview:large, max-video-preview:-1\" \/>\n<link rel=\"canonical\" href=\"https:\/\/ticsalutsocial.atoom.space\/en\/noticia\/el-congres-xpatient-busca-les-millors-iniciatives-en-lambit-de-lexperiencia-del-pacient\/\" \/>\n<meta property=\"og:locale\" content=\"en_US\" \/>\n<meta property=\"og:type\" content=\"article\" \/>\n<meta property=\"og:title\" content=\"El congr\u00e9s XPatient busca les millors iniciatives en l\u2019\u00e0mbit de l\u2019experi\u00e8ncia del pacient - Fundaci\u00f3 TIC Salut i Social\" \/>\n<meta property=\"og:description\" content=\"El congr\u00e9s XPatient Barcelona, que enguany celebrar\u00e0 la seva tercera edici\u00f3 el 20 de setembre al CaixaForum Barcelona, est\u00e0 buscant les millors iniciatives en els \u00e0mbits d\u2019apoderament del pacient i del cuidador, la cocreaci\u00f3 assistencial amb pacients i la tecnologia al servei de l\u2019usuari, mitjan\u00e7ant una crida a la participaci\u00f3 que estar\u00e0 oberta fins el [&hellip;]\" \/>\n<meta property=\"og:url\" content=\"https:\/\/ticsalutsocial.atoom.space\/en\/noticia\/el-congres-xpatient-busca-les-millors-iniciatives-en-lambit-de-lexperiencia-del-pacient\/\" \/>\n<meta property=\"og:site_name\" content=\"Fundaci\u00f3 TIC Salut i Social\" \/>\n<meta property=\"article:modified_time\" content=\"2021-07-21T13:35:12+00:00\" \/>\n<meta property=\"og:image\" content=\"https:\/\/ticsalutsocial.atoom.space\/wp-content\/uploads\/2018\/06\/2-c2a6xpatient088.jpg\" \/>\n\t<meta property=\"og:image:width\" content=\"1200\" \/>\n\t<meta property=\"og:image:height\" content=\"800\" \/>\n\t<meta property=\"og:image:type\" content=\"image\/jpeg\" \/>\n<meta name=\"twitter:card\" content=\"summary_large_image\" \/>\n<meta name=\"twitter:label1\" content=\"Est. reading time\" \/>\n\t<meta name=\"twitter:data1\" content=\"1 minute\" \/>\n<script type=\"application\/ld+json\" class=\"yoast-schema-graph\">{\"@context\":\"https:\/\/schema.org\",\"@graph\":[{\"@type\":\"WebPage\",\"@id\":\"https:\/\/ticsalutsocial.atoom.space\/en\/noticia\/el-congres-xpatient-busca-les-millors-iniciatives-en-lambit-de-lexperiencia-del-pacient\/\",\"url\":\"https:\/\/ticsalutsocial.atoom.space\/en\/noticia\/el-congres-xpatient-busca-les-millors-iniciatives-en-lambit-de-lexperiencia-del-pacient\/\",\"name\":\"El congr\u00e9s XPatient busca les millors iniciatives en l\u2019\u00e0mbit de l\u2019experi\u00e8ncia del pacient - Fundaci\u00f3 TIC Salut i Social\",\"isPartOf\":{\"@id\":\"https:\/\/ticsalutsocial.atoom.space\/en\/#website\"},\"primaryImageOfPage\":{\"@id\":\"https:\/\/ticsalutsocial.atoom.space\/en\/noticia\/el-congres-xpatient-busca-les-millors-iniciatives-en-lambit-de-lexperiencia-del-pacient\/#primaryimage\"},\"image\":{\"@id\":\"https:\/\/ticsalutsocial.atoom.space\/en\/noticia\/el-congres-xpatient-busca-les-millors-iniciatives-en-lambit-de-lexperiencia-del-pacient\/#primaryimage\"},\"thumbnailUrl\":\"https:\/\/ticsalutsocial.atoom.space\/wp-content\/uploads\/2018\/06\/2-c2a6xpatient088.jpg\",\"datePublished\":\"2018-06-11T09:42:34+00:00\",\"dateModified\":\"2021-07-21T13:35:12+00:00\",\"breadcrumb\":{\"@id\":\"https:\/\/ticsalutsocial.atoom.space\/en\/noticia\/el-congres-xpatient-busca-les-millors-iniciatives-en-lambit-de-lexperiencia-del-pacient\/#breadcrumb\"},\"inLanguage\":\"en-US\",\"potentialAction\":[{\"@type\":\"ReadAction\",\"target\":[\"https:\/\/ticsalutsocial.atoom.space\/en\/noticia\/el-congres-xpatient-busca-les-millors-iniciatives-en-lambit-de-lexperiencia-del-pacient\/\"]}]},{\"@type\":\"ImageObject\",\"inLanguage\":\"en-US\",\"@id\":\"https:\/\/ticsalutsocial.atoom.space\/en\/noticia\/el-congres-xpatient-busca-les-millors-iniciatives-en-lambit-de-lexperiencia-del-pacient\/#primaryimage\",\"url\":\"https:\/\/ticsalutsocial.atoom.space\/wp-content\/uploads\/2018\/06\/2-c2a6xpatient088.jpg\",\"contentUrl\":\"https:\/\/ticsalutsocial.atoom.space\/wp-content\/uploads\/2018\/06\/2-c2a6xpatient088.jpg\",\"width\":1200,\"height\":800},{\"@type\":\"BreadcrumbList\",\"@id\":\"https:\/\/ticsalutsocial.atoom.space\/en\/noticia\/el-congres-xpatient-busca-les-millors-iniciatives-en-lambit-de-lexperiencia-del-pacient\/#breadcrumb\",\"itemListElement\":[{\"@type\":\"ListItem\",\"position\":1,\"name\":\"Inici\",\"item\":\"https:\/\/ticsalutsocial.atoom.space\/en\/\"},{\"@type\":\"ListItem\",\"position\":2,\"name\":\"El congr\u00e9s XPatient busca les millors iniciatives en l\u2019\u00e0mbit de l\u2019experi\u00e8ncia del pacient\"}]},{\"@type\":\"WebSite\",\"@id\":\"https:\/\/ticsalutsocial.atoom.space\/en\/#website\",\"url\":\"https:\/\/ticsalutsocial.atoom.space\/en\/\",\"name\":\"Fundaci\u00f3 TIC Salut i Social\",\"description\":\"\",\"potentialAction\":[{\"@type\":\"SearchAction\",\"target\":{\"@type\":\"EntryPoint\",\"urlTemplate\":\"https:\/\/ticsalutsocial.atoom.space\/en\/?s={search_term_string}\"},\"query-input\":{\"@type\":\"PropertyValueSpecification\",\"valueRequired\":true,\"valueName\":\"search_term_string\"}}],\"inLanguage\":\"en-US\"}]}<\/script>\n<!-- \/ Yoast SEO plugin. -->","yoast_head_json":{"title":"El congr\u00e9s XPatient busca les millors iniciatives en l\u2019\u00e0mbit de l\u2019experi\u00e8ncia del pacient - Fundaci\u00f3 TIC Salut i Social","robots":{"index":"index","follow":"follow","max-snippet":"max-snippet:-1","max-image-preview":"max-image-preview:large","max-video-preview":"max-video-preview:-1"},"canonical":"https:\/\/ticsalutsocial.atoom.space\/en\/noticia\/el-congres-xpatient-busca-les-millors-iniciatives-en-lambit-de-lexperiencia-del-pacient\/","og_locale":"en_US","og_type":"article","og_title":"El congr\u00e9s XPatient busca les millors iniciatives en l\u2019\u00e0mbit de l\u2019experi\u00e8ncia del pacient - Fundaci\u00f3 TIC Salut i Social","og_description":"El congr\u00e9s XPatient Barcelona, que enguany celebrar\u00e0 la seva tercera edici\u00f3 el 20 de setembre al CaixaForum Barcelona, est\u00e0 buscant les millors iniciatives en els \u00e0mbits d\u2019apoderament del pacient i del cuidador, la cocreaci\u00f3 assistencial amb pacients i la tecnologia al servei de l\u2019usuari, mitjan\u00e7ant una crida a la participaci\u00f3 que estar\u00e0 oberta fins el [&hellip;]","og_url":"https:\/\/ticsalutsocial.atoom.space\/en\/noticia\/el-congres-xpatient-busca-les-millors-iniciatives-en-lambit-de-lexperiencia-del-pacient\/","og_site_name":"Fundaci\u00f3 TIC Salut i Social","article_modified_time":"2021-07-21T13:35:12+00:00","og_image":[{"width":1200,"height":800,"url":"https:\/\/ticsalutsocial.atoom.space\/wp-content\/uploads\/2018\/06\/2-c2a6xpatient088.jpg","type":"image\/jpeg"}],"twitter_card":"summary_large_image","twitter_misc":{"Est. reading time":"1 minute"},"schema":{"@context":"https:\/\/schema.org","@graph":[{"@type":"WebPage","@id":"https:\/\/ticsalutsocial.atoom.space\/en\/noticia\/el-congres-xpatient-busca-les-millors-iniciatives-en-lambit-de-lexperiencia-del-pacient\/","url":"https:\/\/ticsalutsocial.atoom.space\/en\/noticia\/el-congres-xpatient-busca-les-millors-iniciatives-en-lambit-de-lexperiencia-del-pacient\/","name":"El congr\u00e9s XPatient busca les millors iniciatives en l\u2019\u00e0mbit de l\u2019experi\u00e8ncia del pacient - Fundaci\u00f3 TIC Salut i Social","isPartOf":{"@id":"https:\/\/ticsalutsocial.atoom.space\/en\/#website"},"primaryImageOfPage":{"@id":"https:\/\/ticsalutsocial.atoom.space\/en\/noticia\/el-congres-xpatient-busca-les-millors-iniciatives-en-lambit-de-lexperiencia-del-pacient\/#primaryimage"},"image":{"@id":"https:\/\/ticsalutsocial.atoom.space\/en\/noticia\/el-congres-xpatient-busca-les-millors-iniciatives-en-lambit-de-lexperiencia-del-pacient\/#primaryimage"},"thumbnailUrl":"https:\/\/ticsalutsocial.atoom.space\/wp-content\/uploads\/2018\/06\/2-c2a6xpatient088.jpg","datePublished":"2018-06-11T09:42:34+00:00","dateModified":"2021-07-21T13:35:12+00:00","breadcrumb":{"@id":"https:\/\/ticsalutsocial.atoom.space\/en\/noticia\/el-congres-xpatient-busca-les-millors-iniciatives-en-lambit-de-lexperiencia-del-pacient\/#breadcrumb"},"inLanguage":"en-US","potentialAction":[{"@type":"ReadAction","target":["https:\/\/ticsalutsocial.atoom.space\/en\/noticia\/el-congres-xpatient-busca-les-millors-iniciatives-en-lambit-de-lexperiencia-del-pacient\/"]}]},{"@type":"ImageObject","inLanguage":"en-US","@id":"https:\/\/ticsalutsocial.atoom.space\/en\/noticia\/el-congres-xpatient-busca-les-millors-iniciatives-en-lambit-de-lexperiencia-del-pacient\/#primaryimage","url":"https:\/\/ticsalutsocial.atoom.space\/wp-content\/uploads\/2018\/06\/2-c2a6xpatient088.jpg","contentUrl":"https:\/\/ticsalutsocial.atoom.space\/wp-content\/uploads\/2018\/06\/2-c2a6xpatient088.jpg","width":1200,"height":800},{"@type":"BreadcrumbList","@id":"https:\/\/ticsalutsocial.atoom.space\/en\/noticia\/el-congres-xpatient-busca-les-millors-iniciatives-en-lambit-de-lexperiencia-del-pacient\/#breadcrumb","itemListElement":[{"@type":"ListItem","position":1,"name":"Inici","item":"https:\/\/ticsalutsocial.atoom.space\/en\/"},{"@type":"ListItem","position":2,"name":"El congr\u00e9s XPatient busca les millors iniciatives en l\u2019\u00e0mbit de l\u2019experi\u00e8ncia del pacient"}]},{"@type":"WebSite","@id":"https:\/\/ticsalutsocial.atoom.space\/en\/#website","url":"https:\/\/ticsalutsocial.atoom.space\/en\/","name":"Fundaci\u00f3 TIC Salut i Social","description":"","potentialAction":[{"@type":"SearchAction","target":{"@type":"EntryPoint","urlTemplate":"https:\/\/ticsalutsocial.atoom.space\/en\/?s={search_term_string}"},"query-input":{"@type":"PropertyValueSpecification","valueRequired":true,"valueName":"search_term_string"}}],"inLanguage":"en-US"}]}},"_links":{"self":[{"href":"https:\/\/ticsalutsocial.atoom.space\/en\/wp-json\/wp\/v2\/noticia\/3262","targetHints":{"allow":["GET"]}}],"collection":[{"href":"https:\/\/ticsalutsocial.atoom.space\/en\/wp-json\/wp\/v2\/noticia"}],"about":[{"href":"https:\/\/ticsalutsocial.atoom.space\/en\/wp-json\/wp\/v2\/types\/noticia"}],"author":[{"embeddable":true,"href":"https:\/\/ticsalutsocial.atoom.space\/en\/wp-json\/wp\/v2\/users\/21"}],"wp:featuredmedia":[{"embeddable":true,"href":"https:\/\/ticsalutsocial.atoom.space\/en\/wp-json\/wp\/v2\/media\/3258"}],"wp:attachment":[{"href":"https:\/\/ticsalutsocial.atoom.space\/en\/wp-json\/wp\/v2\/media?parent=3262"}],"wp:term":[{"taxonomy":"etiqueta","embeddable":true,"href":"https:\/\/ticsalutsocial.atoom.space\/en\/wp-json\/wp\/v2\/etiqueta?post=3262"},{"taxonomy":"tipus","embeddable":true,"href":"https:\/\/ticsalutsocial.atoom.space\/en\/wp-json\/wp\/v2\/tipus?post=3262"},{"taxonomy":"topic","embeddable":true,"href":"https:\/\/ticsalutsocial.atoom.space\/en\/wp-json\/wp\/v2\/topic?post=3262"}],"curies":[{"name":"wp","href":"https:\/\/api.w.org\/{rel}","templated":true}]}}