
{"id":3278,"date":"2018-06-20T10:10:39","date_gmt":"2018-06-20T08:10:39","guid":{"rendered":"https:\/\/ticsalutsocial.atoom.space\/?post_type=noticia&#038;p=3278"},"modified":"2021-07-21T15:35:21","modified_gmt":"2021-07-21T13:35:21","slug":"informe-de-la-1a-sessio-indeep-en-imatge-digital","status":"publish","type":"noticia","link":"https:\/\/ticsalutsocial.atoom.space\/en\/noticia\/informe-de-la-1a-sessio-indeep-en-imatge-digital\/","title":{"rendered":"Informe de la 1a Sessi\u00f3 InDeeP en Imatge Digital"},"content":{"rendered":"<p>El passat 21 de Mar\u00e7 es va celebrar a la Fundaci\u00f3 TIC Salut Social la <strong>\u201cI Sessi\u00f3 InDeeP en Imatge Digital a Catalunya\u201d<\/strong>. Aquesta ha sigut una sessi\u00f3 de debat obert entorn la utilitzaci\u00f3 i la innovaci\u00f3 en Imatge Digital en salut. La jornada va tenir per objectiu promoure el di\u00e0leg entre actors del sector i generar coneixement dins aquest \u00e0mbit. Aix\u00ed, un total de 32 participants de diferents entitats i perfils van prendre part en les activitats realitzades.<\/p>\n<p>Els assistents, procedents de 24 entitats del sector, van oferir una mostra representativa dels actors implicats en imatge digital. Es va comptar amb la participaci\u00f3 de perfils d\u2019estudiants, bi\u00f2legs, radi\u00f2legs, investigadors i personal de suport a la recerca, personal d\u2019infermeria, t\u00e8cnics inform\u00e0tics, responsables de sistemes, caps de servei en diagnosi per la imatge, representants del Servei Catal\u00e0 de la Salut i representants de la ind\u00fastria.<\/p>\n<h2>Conclusions de la Jornada<\/h2>\n<p>Els tres temes principals de la sessi\u00f3 van ser els nous processos i serveis, les persones i el coneixement, i la infraestructura tecnol\u00f2gica. A mode de conclusi\u00f3 dels tres temes principals, s&#8217;extrau el seg\u00fcent:<\/p>\n<ul>\n<li>Existeix un teixit de col\u00b7laboraci\u00f3 entre els diferents actors al sector que promou la innovaci\u00f3. Cal desenvolupar mecanismes per poder traduir en serveis a la ciutadania tota la innovaci\u00f3 que es realitza en el context de recerca i pilots.<\/li>\n<li>Calen eines de validaci\u00f3 per les noves tecnologies que apareixen (com la Intel\u00b7lig\u00e8ncia Artificial). Tamb\u00e9 calen processos de certificaci\u00f3 i suport legal als professionals en l&#8217;\u00fas d&#8217;aquestes eines.<\/li>\n<li>Quant a persones i coneixement, cal \u00e8mfasi en la gesti\u00f3 del canvi i els nous rols i compet\u00e8ncies professionals. Per exemple, tenint en compte tamb\u00e9 la figura del ciutad\u00e0.<\/li>\n<li>En quant a les infraestructures, cal un eix vertebrador per articular la innovaci\u00f3 i posar a disposici\u00f3 serveis de forma distribu\u00efda. Cal considerar els aspectes de seguretat i privacitat.<\/li>\n<\/ul>\n<p>Per m\u00e9s informaci\u00f3 sobre els resultats de la jornada, podeu consultar l&#8217;informe en aquest enlla\u00e7:<\/p>\n<p style=\"text-align: center;\"><a href=\"https:\/\/ticsalutsocial.atoom.space\/wp-content\/uploads\/2018\/06\/i-sessio-indeep-informe-final.pdf\">1a Sessio InDeeP &#8211; Informe Final<\/a><\/p>\n<p>&nbsp;<\/p>\n","protected":false},"author":21,"featured_media":3275,"menu_order":0,"template":"","meta":{"_acf_changed":false,"inline_featured_image":false},"etiqueta":[],"tipus":[],"topic":[120],"class_list":["post-3278","noticia","type-noticia","status-publish","has-post-thumbnail","hentry","topic-dpo"],"acf":{"imatge":3276,"autor":"Jes\u00fas Berd\u00fan","textos_destacats":[{"texte":"Consulta l'informe de la 1a Sessi\u00f3 InDeeP en Imatge Digital, celebrada el passat 21 de Mar\u00e7 a la Fundaci\u00f3 TIC Salut Social"}]},"yoast_head":"<!-- This site is optimized with the Yoast SEO plugin v27.1.1 - https:\/\/yoast.com\/product\/yoast-seo-wordpress\/ -->\n<title>Informe de la 1a Sessi\u00f3 InDeeP en Imatge Digital - Fundaci\u00f3 TIC Salut i Social<\/title>\n<meta name=\"robots\" content=\"index, follow, max-snippet:-1, max-image-preview:large, max-video-preview:-1\" \/>\n<link rel=\"canonical\" href=\"https:\/\/ticsalutsocial.atoom.space\/en\/noticia\/informe-de-la-1a-sessio-indeep-en-imatge-digital\/\" \/>\n<meta property=\"og:locale\" content=\"en_US\" \/>\n<meta property=\"og:type\" content=\"article\" \/>\n<meta property=\"og:title\" content=\"Informe de la 1a Sessi\u00f3 InDeeP en Imatge Digital - Fundaci\u00f3 TIC Salut i Social\" \/>\n<meta property=\"og:description\" content=\"El passat 21 de Mar\u00e7 es va celebrar a la Fundaci\u00f3 TIC Salut Social la \u201cI Sessi\u00f3 InDeeP en Imatge Digital a Catalunya\u201d. Aquesta ha sigut una sessi\u00f3 de debat obert entorn la utilitzaci\u00f3 i la innovaci\u00f3 en Imatge Digital en salut. La jornada va tenir per objectiu promoure el di\u00e0leg entre actors del sector [&hellip;]\" \/>\n<meta property=\"og:url\" content=\"https:\/\/ticsalutsocial.atoom.space\/en\/noticia\/informe-de-la-1a-sessio-indeep-en-imatge-digital\/\" \/>\n<meta property=\"og:site_name\" content=\"Fundaci\u00f3 TIC Salut i Social\" \/>\n<meta property=\"article:modified_time\" content=\"2021-07-21T13:35:21+00:00\" \/>\n<meta property=\"og:image\" content=\"https:\/\/ticsalutsocial.atoom.space\/wp-content\/uploads\/2018\/06\/dsc_0172-scaled.jpg\" \/>\n\t<meta property=\"og:image:width\" content=\"2560\" \/>\n\t<meta property=\"og:image:height\" content=\"1702\" \/>\n\t<meta property=\"og:image:type\" content=\"image\/jpeg\" \/>\n<meta name=\"twitter:card\" content=\"summary_large_image\" \/>\n<meta name=\"twitter:label1\" content=\"Est. reading time\" \/>\n\t<meta name=\"twitter:data1\" content=\"2 minutes\" \/>\n<script type=\"application\/ld+json\" class=\"yoast-schema-graph\">{\"@context\":\"https:\/\/schema.org\",\"@graph\":[{\"@type\":\"WebPage\",\"@id\":\"https:\/\/ticsalutsocial.atoom.space\/en\/noticia\/informe-de-la-1a-sessio-indeep-en-imatge-digital\/\",\"url\":\"https:\/\/ticsalutsocial.atoom.space\/en\/noticia\/informe-de-la-1a-sessio-indeep-en-imatge-digital\/\",\"name\":\"Informe de la 1a Sessi\u00f3 InDeeP en Imatge Digital - Fundaci\u00f3 TIC Salut i Social\",\"isPartOf\":{\"@id\":\"https:\/\/ticsalutsocial.atoom.space\/en\/#website\"},\"primaryImageOfPage\":{\"@id\":\"https:\/\/ticsalutsocial.atoom.space\/en\/noticia\/informe-de-la-1a-sessio-indeep-en-imatge-digital\/#primaryimage\"},\"image\":{\"@id\":\"https:\/\/ticsalutsocial.atoom.space\/en\/noticia\/informe-de-la-1a-sessio-indeep-en-imatge-digital\/#primaryimage\"},\"thumbnailUrl\":\"https:\/\/ticsalutsocial.atoom.space\/wp-content\/uploads\/2018\/06\/dsc_0172-scaled.jpg\",\"datePublished\":\"2018-06-20T08:10:39+00:00\",\"dateModified\":\"2021-07-21T13:35:21+00:00\",\"breadcrumb\":{\"@id\":\"https:\/\/ticsalutsocial.atoom.space\/en\/noticia\/informe-de-la-1a-sessio-indeep-en-imatge-digital\/#breadcrumb\"},\"inLanguage\":\"en-US\",\"potentialAction\":[{\"@type\":\"ReadAction\",\"target\":[\"https:\/\/ticsalutsocial.atoom.space\/en\/noticia\/informe-de-la-1a-sessio-indeep-en-imatge-digital\/\"]}]},{\"@type\":\"ImageObject\",\"inLanguage\":\"en-US\",\"@id\":\"https:\/\/ticsalutsocial.atoom.space\/en\/noticia\/informe-de-la-1a-sessio-indeep-en-imatge-digital\/#primaryimage\",\"url\":\"https:\/\/ticsalutsocial.atoom.space\/wp-content\/uploads\/2018\/06\/dsc_0172-scaled.jpg\",\"contentUrl\":\"https:\/\/ticsalutsocial.atoom.space\/wp-content\/uploads\/2018\/06\/dsc_0172-scaled.jpg\",\"width\":2560,\"height\":1702},{\"@type\":\"BreadcrumbList\",\"@id\":\"https:\/\/ticsalutsocial.atoom.space\/en\/noticia\/informe-de-la-1a-sessio-indeep-en-imatge-digital\/#breadcrumb\",\"itemListElement\":[{\"@type\":\"ListItem\",\"position\":1,\"name\":\"Inici\",\"item\":\"https:\/\/ticsalutsocial.atoom.space\/en\/\"},{\"@type\":\"ListItem\",\"position\":2,\"name\":\"Informe de la 1a Sessi\u00f3 InDeeP en Imatge Digital\"}]},{\"@type\":\"WebSite\",\"@id\":\"https:\/\/ticsalutsocial.atoom.space\/en\/#website\",\"url\":\"https:\/\/ticsalutsocial.atoom.space\/en\/\",\"name\":\"Fundaci\u00f3 TIC Salut i Social\",\"description\":\"\",\"potentialAction\":[{\"@type\":\"SearchAction\",\"target\":{\"@type\":\"EntryPoint\",\"urlTemplate\":\"https:\/\/ticsalutsocial.atoom.space\/en\/?s={search_term_string}\"},\"query-input\":{\"@type\":\"PropertyValueSpecification\",\"valueRequired\":true,\"valueName\":\"search_term_string\"}}],\"inLanguage\":\"en-US\"}]}<\/script>\n<!-- \/ Yoast SEO plugin. -->","yoast_head_json":{"title":"Informe de la 1a Sessi\u00f3 InDeeP en Imatge Digital - Fundaci\u00f3 TIC Salut i Social","robots":{"index":"index","follow":"follow","max-snippet":"max-snippet:-1","max-image-preview":"max-image-preview:large","max-video-preview":"max-video-preview:-1"},"canonical":"https:\/\/ticsalutsocial.atoom.space\/en\/noticia\/informe-de-la-1a-sessio-indeep-en-imatge-digital\/","og_locale":"en_US","og_type":"article","og_title":"Informe de la 1a Sessi\u00f3 InDeeP en Imatge Digital - Fundaci\u00f3 TIC Salut i Social","og_description":"El passat 21 de Mar\u00e7 es va celebrar a la Fundaci\u00f3 TIC Salut Social la \u201cI Sessi\u00f3 InDeeP en Imatge Digital a Catalunya\u201d. Aquesta ha sigut una sessi\u00f3 de debat obert entorn la utilitzaci\u00f3 i la innovaci\u00f3 en Imatge Digital en salut. La jornada va tenir per objectiu promoure el di\u00e0leg entre actors del sector [&hellip;]","og_url":"https:\/\/ticsalutsocial.atoom.space\/en\/noticia\/informe-de-la-1a-sessio-indeep-en-imatge-digital\/","og_site_name":"Fundaci\u00f3 TIC Salut i Social","article_modified_time":"2021-07-21T13:35:21+00:00","og_image":[{"width":2560,"height":1702,"url":"https:\/\/ticsalutsocial.atoom.space\/wp-content\/uploads\/2018\/06\/dsc_0172-scaled.jpg","type":"image\/jpeg"}],"twitter_card":"summary_large_image","twitter_misc":{"Est. reading time":"2 minutes"},"schema":{"@context":"https:\/\/schema.org","@graph":[{"@type":"WebPage","@id":"https:\/\/ticsalutsocial.atoom.space\/en\/noticia\/informe-de-la-1a-sessio-indeep-en-imatge-digital\/","url":"https:\/\/ticsalutsocial.atoom.space\/en\/noticia\/informe-de-la-1a-sessio-indeep-en-imatge-digital\/","name":"Informe de la 1a Sessi\u00f3 InDeeP en Imatge Digital - Fundaci\u00f3 TIC Salut i Social","isPartOf":{"@id":"https:\/\/ticsalutsocial.atoom.space\/en\/#website"},"primaryImageOfPage":{"@id":"https:\/\/ticsalutsocial.atoom.space\/en\/noticia\/informe-de-la-1a-sessio-indeep-en-imatge-digital\/#primaryimage"},"image":{"@id":"https:\/\/ticsalutsocial.atoom.space\/en\/noticia\/informe-de-la-1a-sessio-indeep-en-imatge-digital\/#primaryimage"},"thumbnailUrl":"https:\/\/ticsalutsocial.atoom.space\/wp-content\/uploads\/2018\/06\/dsc_0172-scaled.jpg","datePublished":"2018-06-20T08:10:39+00:00","dateModified":"2021-07-21T13:35:21+00:00","breadcrumb":{"@id":"https:\/\/ticsalutsocial.atoom.space\/en\/noticia\/informe-de-la-1a-sessio-indeep-en-imatge-digital\/#breadcrumb"},"inLanguage":"en-US","potentialAction":[{"@type":"ReadAction","target":["https:\/\/ticsalutsocial.atoom.space\/en\/noticia\/informe-de-la-1a-sessio-indeep-en-imatge-digital\/"]}]},{"@type":"ImageObject","inLanguage":"en-US","@id":"https:\/\/ticsalutsocial.atoom.space\/en\/noticia\/informe-de-la-1a-sessio-indeep-en-imatge-digital\/#primaryimage","url":"https:\/\/ticsalutsocial.atoom.space\/wp-content\/uploads\/2018\/06\/dsc_0172-scaled.jpg","contentUrl":"https:\/\/ticsalutsocial.atoom.space\/wp-content\/uploads\/2018\/06\/dsc_0172-scaled.jpg","width":2560,"height":1702},{"@type":"BreadcrumbList","@id":"https:\/\/ticsalutsocial.atoom.space\/en\/noticia\/informe-de-la-1a-sessio-indeep-en-imatge-digital\/#breadcrumb","itemListElement":[{"@type":"ListItem","position":1,"name":"Inici","item":"https:\/\/ticsalutsocial.atoom.space\/en\/"},{"@type":"ListItem","position":2,"name":"Informe de la 1a Sessi\u00f3 InDeeP en Imatge Digital"}]},{"@type":"WebSite","@id":"https:\/\/ticsalutsocial.atoom.space\/en\/#website","url":"https:\/\/ticsalutsocial.atoom.space\/en\/","name":"Fundaci\u00f3 TIC Salut i Social","description":"","potentialAction":[{"@type":"SearchAction","target":{"@type":"EntryPoint","urlTemplate":"https:\/\/ticsalutsocial.atoom.space\/en\/?s={search_term_string}"},"query-input":{"@type":"PropertyValueSpecification","valueRequired":true,"valueName":"search_term_string"}}],"inLanguage":"en-US"}]}},"_links":{"self":[{"href":"https:\/\/ticsalutsocial.atoom.space\/en\/wp-json\/wp\/v2\/noticia\/3278","targetHints":{"allow":["GET"]}}],"collection":[{"href":"https:\/\/ticsalutsocial.atoom.space\/en\/wp-json\/wp\/v2\/noticia"}],"about":[{"href":"https:\/\/ticsalutsocial.atoom.space\/en\/wp-json\/wp\/v2\/types\/noticia"}],"author":[{"embeddable":true,"href":"https:\/\/ticsalutsocial.atoom.space\/en\/wp-json\/wp\/v2\/users\/21"}],"wp:featuredmedia":[{"embeddable":true,"href":"https:\/\/ticsalutsocial.atoom.space\/en\/wp-json\/wp\/v2\/media\/3275"}],"wp:attachment":[{"href":"https:\/\/ticsalutsocial.atoom.space\/en\/wp-json\/wp\/v2\/media?parent=3278"}],"wp:term":[{"taxonomy":"etiqueta","embeddable":true,"href":"https:\/\/ticsalutsocial.atoom.space\/en\/wp-json\/wp\/v2\/etiqueta?post=3278"},{"taxonomy":"tipus","embeddable":true,"href":"https:\/\/ticsalutsocial.atoom.space\/en\/wp-json\/wp\/v2\/tipus?post=3278"},{"taxonomy":"topic","embeddable":true,"href":"https:\/\/ticsalutsocial.atoom.space\/en\/wp-json\/wp\/v2\/topic?post=3278"}],"curies":[{"name":"wp","href":"https:\/\/api.w.org\/{rel}","templated":true}]}}