
{"id":33352,"date":"2025-09-08T13:16:08","date_gmt":"2025-09-08T11:16:08","guid":{"rendered":"https:\/\/ticsalutsocial.atoom.space\/noticia\/una-nova-edicio-del-wemind-international-forum-torna-el-proper-25-i-26-de-novembre\/"},"modified":"2025-09-08T13:31:33","modified_gmt":"2025-09-08T11:31:33","slug":"una-nova-edicio-del-wemind-international-forum-torna-el-proper-25-i-26-de-novembre","status":"publish","type":"noticia","link":"https:\/\/ticsalutsocial.atoom.space\/en\/noticia\/una-nova-edicio-del-wemind-international-forum-torna-el-proper-25-i-26-de-novembre\/","title":{"rendered":"A new edition of the WeMind International Forum returns on November 25 and 26"},"content":{"rendered":"<p data-start=\"3487\" data-end=\"3980\">From November 25 to 26, 2025, the <strong data-start=\"3521\" data-end=\"3553\">World Trade Center Barcelona<\/strong> will host the second edition of the <strong data-start=\"3590\" data-end=\"3620\">WeMind International Forum<\/strong>, a leading meeting point that brings together professionals, companies, organizations, technology and research centers, public administrations, and third sector entities driving innovation in personal autonomy, mental health, neuroscience, and longevity. A space designed to address the major challenges and opportunities of a sector in full transformation.<\/p>\n<h3 data-start=\"3982\" data-end=\"4057\">Six thematic areas in a unique space for innovation and collaboration<\/h3>\n<p data-start=\"4059\" data-end=\"4387\">This international debate and dialogue space has been conceived as an open and participatory environment where experts in mental health and longevity can exchange knowledge and generate new collaborations to foster sustainable and innovative solutions that improve people\u2019s quality of life and autonomy across all life stages.<\/p>\n<p data-start=\"4389\" data-end=\"4871\">Organized by <strong data-start=\"4402\" data-end=\"4420\">WeMind Cluster<\/strong>, and as members of its board of directors, the Foundation will take part in the round table on November 26, prior to the closing session, <em data-start=\"4559\" data-end=\"4602\">&#8220;Sectoral Data Spaces: Personal Autonomy&#8221;<\/em>, where <strong data-start=\"4610\" data-end=\"4627\">Anna Benavent<\/strong>, Director of Digital Strategy and Data (Corporaci\u00f3 Sanit\u00e0ria Parc Taul\u00ed) and Health Data Consultant at <strong data-start=\"4731\" data-end=\"4760\">Fundaci\u00f3 TIC Salut Social<\/strong>, will share insights on the use of health data in the current context of the <strong data-start=\"4838\" data-end=\"4868\">European Health Data Space<\/strong>.<\/p>\n<p data-start=\"4873\" data-end=\"5269\">This second edition will once again focus on the six key areas that reflect the sector\u2019s main challenges and opportunities: longevity, new housing models, business development, digital transformation, care and support, and social challenges. Through these themes, success stories, new technologies, innovative policies, and care models that place the individual at the center will be presented.<\/p>\n<p data-start=\"5271\" data-end=\"5414\">The program will feature keynote speeches by internationally renowned professionals providing strategic insights into the forum\u2019s key topics:<\/p>\n<ul data-start=\"5416\" data-end=\"5895\">\n<li data-start=\"5416\" data-end=\"5541\">\n<p data-start=\"5418\" data-end=\"5541\"><strong data-start=\"5418\" data-end=\"5439\">Kaisa Hartikainen<\/strong>, Digital Health Policy Advisor at WHO and expert in people-centered innovation (<em data-start=\"5520\" data-end=\"5537\">Opening Keynote<\/em>).<\/p>\n<\/li>\n<li data-start=\"5542\" data-end=\"5646\">\n<p data-start=\"5544\" data-end=\"5646\"><strong data-start=\"5544\" data-end=\"5561\">Eloy Van Haal<\/strong>, Innovation Director at Vilans, the Dutch institute for healthy aging (Longevity).<\/p>\n<\/li>\n<li data-start=\"5647\" data-end=\"5756\">\n<p data-start=\"5649\" data-end=\"5756\"><strong data-start=\"5649\" data-end=\"5683\">Ra\u00fal S\u00e1nchez Fern\u00e1ndez-Beltr\u00e1n<\/strong>, Coordinator of the European Anti-Poverty Network (Social Challenges).<\/p>\n<\/li>\n<li data-start=\"5757\" data-end=\"5895\">\n<p data-start=\"5759\" data-end=\"5895\"><strong data-start=\"5759\" data-end=\"5777\">Cleo Valentine<\/strong>, Founder of Keyhole, an intergenerational <em data-start=\"5820\" data-end=\"5831\">co-living<\/em> initiative with social impact in the UK (New Housing Models).<\/p>\n<\/li>\n<\/ul>\n<h3 data-start=\"5897\" data-end=\"5959\">The <strong data-start=\"5905\" data-end=\"5922\">WeMind Awards<\/strong>, celebrating talent and innovation<\/h3>\n<p data-start=\"5961\" data-end=\"6429\">After their launch in 2024, the <strong data-start=\"5993\" data-end=\"6010\">WeMind Awards<\/strong> return for their second edition, recognizing innovative and impactful projects in the fields of personal autonomy, neuroscience, mental health, and longevity. Categories are designed for the participation of <em data-start=\"6219\" data-end=\"6229\">startups<\/em>, collaborative projects from third-sector entities, and public administrations. The awards help highlight transformative initiatives and will be presented during the <strong data-start=\"6396\" data-end=\"6426\">WeMind International Forum<\/strong>.<\/p>\n<p data-start=\"6431\" data-end=\"6520\">To register for the congress, please complete the form available <a href=\"https:\/\/event.meetmaps.com\/wemindinternationalforum2025\/es\/registration\" target=\"_blank\" rel=\"noopener\">at the following link<\/a>.<\/p>\n<p data-start=\"6522\" data-end=\"6552\">Check the <a href=\"https:\/\/www.wemindforum.com\/en\/program\/\" target=\"_blank\" rel=\"noopener\">full agenda here<\/a>.<\/p>\n","protected":false},"author":3,"featured_media":33350,"menu_order":0,"template":"","meta":{"_acf_changed":false,"inline_featured_image":false},"etiqueta":[],"tipus":[1176],"topic":[116],"class_list":["post-33352","noticia","type-noticia","status-publish","has-post-thumbnail","hentry","tipus-actualitat-en","topic-events"],"acf":{"finalitzat":false,"tipus_plantilla":"objectius","template_objectius":{"cont_principal":"","imatge":false,"cont_seguent":{"titol":"","contingut":""},"seccio_llistat":{"titol":"","llistat":false},"objectius":{"titol":"","objectius":false},"documents":false},"autor":"","imatge":false,"textos_destacats":[{"texte":"Organized by WeMind Cluster and as members of the board of directors, the Foundation will take part in the round table \u201cSectoral Data Spaces: Personal Autonomy.\u201d"}],"documents":false},"yoast_head":"<!-- This site is optimized with the Yoast SEO plugin v27.1.1 - https:\/\/yoast.com\/product\/yoast-seo-wordpress\/ -->\n<title>A new edition of the WeMind International Forum returns on November 25 and 26 - Fundaci\u00f3 TIC Salut i Social<\/title>\n<meta name=\"robots\" content=\"index, follow, max-snippet:-1, max-image-preview:large, max-video-preview:-1\" \/>\n<link rel=\"canonical\" href=\"https:\/\/ticsalutsocial.atoom.space\/en\/noticia\/una-nova-edicio-del-wemind-international-forum-torna-el-proper-25-i-26-de-novembre\/\" \/>\n<meta property=\"og:locale\" content=\"en_US\" \/>\n<meta property=\"og:type\" content=\"article\" \/>\n<meta property=\"og:title\" content=\"A new edition of the WeMind International Forum returns on November 25 and 26 - Fundaci\u00f3 TIC Salut i Social\" \/>\n<meta property=\"og:description\" content=\"From November 25 to 26, 2025, the World Trade Center Barcelona will host the second edition of the WeMind International Forum, a leading meeting point that brings together professionals, companies, organizations, technology and research centers, public administrations, and third sector entities driving innovation in personal autonomy, mental health, neuroscience, and longevity. A space designed to [&hellip;]\" \/>\n<meta property=\"og:url\" content=\"https:\/\/ticsalutsocial.atoom.space\/en\/noticia\/una-nova-edicio-del-wemind-international-forum-torna-el-proper-25-i-26-de-novembre\/\" \/>\n<meta property=\"og:site_name\" content=\"Fundaci\u00f3 TIC Salut i Social\" \/>\n<meta property=\"article:modified_time\" content=\"2025-09-08T11:31:33+00:00\" \/>\n<meta property=\"og:image\" content=\"https:\/\/ticsalutsocial.atoom.space\/wp-content\/uploads\/2025\/09\/post-wemind-forum_hz_v2.jpg\" \/>\n\t<meta property=\"og:image:width\" content=\"1600\" \/>\n\t<meta property=\"og:image:height\" content=\"900\" \/>\n\t<meta property=\"og:image:type\" content=\"image\/jpeg\" \/>\n<meta name=\"twitter:card\" content=\"summary_large_image\" \/>\n<meta name=\"twitter:label1\" content=\"Est. reading time\" \/>\n\t<meta name=\"twitter:data1\" content=\"3 minutes\" \/>\n<script type=\"application\/ld+json\" class=\"yoast-schema-graph\">{\"@context\":\"https:\/\/schema.org\",\"@graph\":[{\"@type\":\"WebPage\",\"@id\":\"https:\/\/ticsalutsocial.atoom.space\/en\/noticia\/una-nova-edicio-del-wemind-international-forum-torna-el-proper-25-i-26-de-novembre\/\",\"url\":\"https:\/\/ticsalutsocial.atoom.space\/en\/noticia\/una-nova-edicio-del-wemind-international-forum-torna-el-proper-25-i-26-de-novembre\/\",\"name\":\"A new edition of the WeMind International Forum returns on November 25 and 26 - Fundaci\u00f3 TIC Salut i Social\",\"isPartOf\":{\"@id\":\"https:\/\/ticsalutsocial.atoom.space\/en\/#website\"},\"primaryImageOfPage\":{\"@id\":\"https:\/\/ticsalutsocial.atoom.space\/en\/noticia\/una-nova-edicio-del-wemind-international-forum-torna-el-proper-25-i-26-de-novembre\/#primaryimage\"},\"image\":{\"@id\":\"https:\/\/ticsalutsocial.atoom.space\/en\/noticia\/una-nova-edicio-del-wemind-international-forum-torna-el-proper-25-i-26-de-novembre\/#primaryimage\"},\"thumbnailUrl\":\"https:\/\/ticsalutsocial.atoom.space\/wp-content\/uploads\/2025\/09\/post-wemind-forum_hz_v2.jpg\",\"datePublished\":\"2025-09-08T11:16:08+00:00\",\"dateModified\":\"2025-09-08T11:31:33+00:00\",\"breadcrumb\":{\"@id\":\"https:\/\/ticsalutsocial.atoom.space\/en\/noticia\/una-nova-edicio-del-wemind-international-forum-torna-el-proper-25-i-26-de-novembre\/#breadcrumb\"},\"inLanguage\":\"en-US\",\"potentialAction\":[{\"@type\":\"ReadAction\",\"target\":[\"https:\/\/ticsalutsocial.atoom.space\/en\/noticia\/una-nova-edicio-del-wemind-international-forum-torna-el-proper-25-i-26-de-novembre\/\"]}]},{\"@type\":\"ImageObject\",\"inLanguage\":\"en-US\",\"@id\":\"https:\/\/ticsalutsocial.atoom.space\/en\/noticia\/una-nova-edicio-del-wemind-international-forum-torna-el-proper-25-i-26-de-novembre\/#primaryimage\",\"url\":\"https:\/\/ticsalutsocial.atoom.space\/wp-content\/uploads\/2025\/09\/post-wemind-forum_hz_v2.jpg\",\"contentUrl\":\"https:\/\/ticsalutsocial.atoom.space\/wp-content\/uploads\/2025\/09\/post-wemind-forum_hz_v2.jpg\",\"width\":1600,\"height\":900},{\"@type\":\"BreadcrumbList\",\"@id\":\"https:\/\/ticsalutsocial.atoom.space\/en\/noticia\/una-nova-edicio-del-wemind-international-forum-torna-el-proper-25-i-26-de-novembre\/#breadcrumb\",\"itemListElement\":[{\"@type\":\"ListItem\",\"position\":1,\"name\":\"Inici\",\"item\":\"https:\/\/ticsalutsocial.atoom.space\/en\/\"},{\"@type\":\"ListItem\",\"position\":2,\"name\":\"A new edition of the WeMind International Forum returns on November 25 and 26\"}]},{\"@type\":\"WebSite\",\"@id\":\"https:\/\/ticsalutsocial.atoom.space\/en\/#website\",\"url\":\"https:\/\/ticsalutsocial.atoom.space\/en\/\",\"name\":\"Fundaci\u00f3 TIC Salut i Social\",\"description\":\"\",\"potentialAction\":[{\"@type\":\"SearchAction\",\"target\":{\"@type\":\"EntryPoint\",\"urlTemplate\":\"https:\/\/ticsalutsocial.atoom.space\/en\/?s={search_term_string}\"},\"query-input\":{\"@type\":\"PropertyValueSpecification\",\"valueRequired\":true,\"valueName\":\"search_term_string\"}}],\"inLanguage\":\"en-US\"}]}<\/script>\n<!-- \/ Yoast SEO plugin. -->","yoast_head_json":{"title":"A new edition of the WeMind International Forum returns on November 25 and 26 - Fundaci\u00f3 TIC Salut i Social","robots":{"index":"index","follow":"follow","max-snippet":"max-snippet:-1","max-image-preview":"max-image-preview:large","max-video-preview":"max-video-preview:-1"},"canonical":"https:\/\/ticsalutsocial.atoom.space\/en\/noticia\/una-nova-edicio-del-wemind-international-forum-torna-el-proper-25-i-26-de-novembre\/","og_locale":"en_US","og_type":"article","og_title":"A new edition of the WeMind International Forum returns on November 25 and 26 - Fundaci\u00f3 TIC Salut i Social","og_description":"From November 25 to 26, 2025, the World Trade Center Barcelona will host the second edition of the WeMind International Forum, a leading meeting point that brings together professionals, companies, organizations, technology and research centers, public administrations, and third sector entities driving innovation in personal autonomy, mental health, neuroscience, and longevity. A space designed to [&hellip;]","og_url":"https:\/\/ticsalutsocial.atoom.space\/en\/noticia\/una-nova-edicio-del-wemind-international-forum-torna-el-proper-25-i-26-de-novembre\/","og_site_name":"Fundaci\u00f3 TIC Salut i Social","article_modified_time":"2025-09-08T11:31:33+00:00","og_image":[{"width":1600,"height":900,"url":"https:\/\/ticsalutsocial.atoom.space\/wp-content\/uploads\/2025\/09\/post-wemind-forum_hz_v2.jpg","type":"image\/jpeg"}],"twitter_card":"summary_large_image","twitter_misc":{"Est. reading time":"3 minutes"},"schema":{"@context":"https:\/\/schema.org","@graph":[{"@type":"WebPage","@id":"https:\/\/ticsalutsocial.atoom.space\/en\/noticia\/una-nova-edicio-del-wemind-international-forum-torna-el-proper-25-i-26-de-novembre\/","url":"https:\/\/ticsalutsocial.atoom.space\/en\/noticia\/una-nova-edicio-del-wemind-international-forum-torna-el-proper-25-i-26-de-novembre\/","name":"A new edition of the WeMind International Forum returns on November 25 and 26 - Fundaci\u00f3 TIC Salut i Social","isPartOf":{"@id":"https:\/\/ticsalutsocial.atoom.space\/en\/#website"},"primaryImageOfPage":{"@id":"https:\/\/ticsalutsocial.atoom.space\/en\/noticia\/una-nova-edicio-del-wemind-international-forum-torna-el-proper-25-i-26-de-novembre\/#primaryimage"},"image":{"@id":"https:\/\/ticsalutsocial.atoom.space\/en\/noticia\/una-nova-edicio-del-wemind-international-forum-torna-el-proper-25-i-26-de-novembre\/#primaryimage"},"thumbnailUrl":"https:\/\/ticsalutsocial.atoom.space\/wp-content\/uploads\/2025\/09\/post-wemind-forum_hz_v2.jpg","datePublished":"2025-09-08T11:16:08+00:00","dateModified":"2025-09-08T11:31:33+00:00","breadcrumb":{"@id":"https:\/\/ticsalutsocial.atoom.space\/en\/noticia\/una-nova-edicio-del-wemind-international-forum-torna-el-proper-25-i-26-de-novembre\/#breadcrumb"},"inLanguage":"en-US","potentialAction":[{"@type":"ReadAction","target":["https:\/\/ticsalutsocial.atoom.space\/en\/noticia\/una-nova-edicio-del-wemind-international-forum-torna-el-proper-25-i-26-de-novembre\/"]}]},{"@type":"ImageObject","inLanguage":"en-US","@id":"https:\/\/ticsalutsocial.atoom.space\/en\/noticia\/una-nova-edicio-del-wemind-international-forum-torna-el-proper-25-i-26-de-novembre\/#primaryimage","url":"https:\/\/ticsalutsocial.atoom.space\/wp-content\/uploads\/2025\/09\/post-wemind-forum_hz_v2.jpg","contentUrl":"https:\/\/ticsalutsocial.atoom.space\/wp-content\/uploads\/2025\/09\/post-wemind-forum_hz_v2.jpg","width":1600,"height":900},{"@type":"BreadcrumbList","@id":"https:\/\/ticsalutsocial.atoom.space\/en\/noticia\/una-nova-edicio-del-wemind-international-forum-torna-el-proper-25-i-26-de-novembre\/#breadcrumb","itemListElement":[{"@type":"ListItem","position":1,"name":"Inici","item":"https:\/\/ticsalutsocial.atoom.space\/en\/"},{"@type":"ListItem","position":2,"name":"A new edition of the WeMind International Forum returns on November 25 and 26"}]},{"@type":"WebSite","@id":"https:\/\/ticsalutsocial.atoom.space\/en\/#website","url":"https:\/\/ticsalutsocial.atoom.space\/en\/","name":"Fundaci\u00f3 TIC Salut i Social","description":"","potentialAction":[{"@type":"SearchAction","target":{"@type":"EntryPoint","urlTemplate":"https:\/\/ticsalutsocial.atoom.space\/en\/?s={search_term_string}"},"query-input":{"@type":"PropertyValueSpecification","valueRequired":true,"valueName":"search_term_string"}}],"inLanguage":"en-US"}]}},"_links":{"self":[{"href":"https:\/\/ticsalutsocial.atoom.space\/en\/wp-json\/wp\/v2\/noticia\/33352","targetHints":{"allow":["GET"]}}],"collection":[{"href":"https:\/\/ticsalutsocial.atoom.space\/en\/wp-json\/wp\/v2\/noticia"}],"about":[{"href":"https:\/\/ticsalutsocial.atoom.space\/en\/wp-json\/wp\/v2\/types\/noticia"}],"author":[{"embeddable":true,"href":"https:\/\/ticsalutsocial.atoom.space\/en\/wp-json\/wp\/v2\/users\/3"}],"wp:featuredmedia":[{"embeddable":true,"href":"https:\/\/ticsalutsocial.atoom.space\/en\/wp-json\/wp\/v2\/media\/33350"}],"wp:attachment":[{"href":"https:\/\/ticsalutsocial.atoom.space\/en\/wp-json\/wp\/v2\/media?parent=33352"}],"wp:term":[{"taxonomy":"etiqueta","embeddable":true,"href":"https:\/\/ticsalutsocial.atoom.space\/en\/wp-json\/wp\/v2\/etiqueta?post=33352"},{"taxonomy":"tipus","embeddable":true,"href":"https:\/\/ticsalutsocial.atoom.space\/en\/wp-json\/wp\/v2\/tipus?post=33352"},{"taxonomy":"topic","embeddable":true,"href":"https:\/\/ticsalutsocial.atoom.space\/en\/wp-json\/wp\/v2\/topic?post=33352"}],"curies":[{"name":"wp","href":"https:\/\/api.w.org\/{rel}","templated":true}]}}