
{"id":33688,"date":"2025-09-29T12:02:12","date_gmt":"2025-09-29T10:02:12","guid":{"rendered":"https:\/\/ticsalutsocial.atoom.space\/noticia\/exposa-la-teva-startup-al-4yfn-2026\/"},"modified":"2025-10-01T11:53:19","modified_gmt":"2025-10-01T09:53:19","slug":"exposa-la-teva-startup-al-4yfn-2026","status":"publish","type":"noticia","link":"https:\/\/ticsalutsocial.atoom.space\/en\/noticia\/exposa-la-teva-startup-al-4yfn-2026\/","title":{"rendered":"Exhibit your startup at 4YFN 2026"},"content":{"rendered":"\n<p>Do you have a technology startup? Would you like to showcase your company on the most global stage? The 4YFN 2026 congress, held as part of the Mobile World Congress Barcelona, is the epicentre of the most innovative ecosystem and the must-attend event to connect your company with investors and entrepreneurs from around the world.<\/p>\n\n\n\n<p>If your startup operates in the technology or digital sector in areas such as artificial intelligence, climate tech, cybersecurity, fintech, blockchain, virtual reality or IoT, among others, you now have the opportunity to present it and gain <strong>international visibility<\/strong> through your own space within the <strong>Catalonia Pavilion<\/strong> at 4YFN.<\/p>\n\n\n\n<p>What\u2019s more, if your startup works in the field of digital health, it will enjoy a special spotlight: you will be able to showcase your solutions at the <strong>Catalonia Health Innovation Pavilion<\/strong>, an exclusive space coordinated by <strong>ACCI\u00d3, Biocat<\/strong> and the <strong>TIC Salut i Social Foundation<\/strong>.<\/p>\n\n\n\n<p>Take advantage of this opportunity to grow in the most dynamic space of the Mobile World Congress. The call is open until <strong>14 October<\/strong> \u2013 don\u2019t miss out! <a href=\"https:\/\/formularis.accio.gencat.cat\/web\/formularis\/inscripcions\/-\/inscripcio\/2025\/09\/04\/AWyowx26_DA9nz_z85jUAA\/sollicitud-de-participacio-al-4yfn\/?lang=ca_ES&amp;portal=accio\" target=\"_blank\" rel=\"noreferrer noopener\">Complete the form, describe your startup, and apply for your booth at 4YFN 2026!<\/a><\/p>\n\n\n\n<p>Want to know more? <a href=\"https:\/\/www.accio.gencat.cat\/ca\/serveis\/banc-coneixement\/cercador\/BancConeixement\/ctg-cataleg-empreses-catalanes-pavello-catalonia-4yfn-2025\" target=\"_blank\" rel=\"noreferrer noopener\">Discover the Catalan startups that took part in the <strong>2025 edition<\/strong> of 4YFN<\/a>.<\/p>\n\n\n\n<p>[News article published by ACCI\u00d3]<\/p>\n\n\n\n<p><\/p>\n","protected":false},"author":12,"featured_media":33683,"menu_order":0,"template":"","meta":{"_acf_changed":true,"inline_featured_image":false},"etiqueta":[],"tipus":[1176],"topic":[116],"class_list":["post-33688","noticia","type-noticia","status-publish","has-post-thumbnail","hentry","tipus-actualitat-en","topic-events"],"acf":{"finalitzat":false,"tipus_plantilla":"objectius","template_objectius":{"cont_principal":"","imatge":false,"cont_seguent":{"titol":"","contingut":""},"seccio_llistat":{"titol":"","llistat":false},"objectius":{"titol":"","objectius":false},"documents":false},"autor":"","imatge":33683,"textos_destacats":[{"texte":"Gain international visibility at 4YFN 2026, at the Catalonia Health Innovation Pavilion coordinated by the TIC Salut i Social Foundation and Biocat."}],"documents":false},"yoast_head":"<!-- This site is optimized with the Yoast SEO plugin v27.1.1 - https:\/\/yoast.com\/product\/yoast-seo-wordpress\/ -->\n<title>Exhibit your startup at 4YFN 2026 - Fundaci\u00f3 TIC Salut i Social<\/title>\n<meta name=\"description\" content=\"El congr\u00e9s 4YFN 2026, en el marc del Mobile World Congress Barcelona, \u00e9s l\u2019epicentre de l\u2019ecosistema m\u00e9s innovador\" \/>\n<meta name=\"robots\" content=\"index, follow, max-snippet:-1, max-image-preview:large, max-video-preview:-1\" \/>\n<link rel=\"canonical\" href=\"https:\/\/ticsalutsocial.atoom.space\/en\/noticia\/exposa-la-teva-startup-al-4yfn-2026\/\" \/>\n<meta property=\"og:locale\" content=\"en_US\" \/>\n<meta property=\"og:type\" content=\"article\" \/>\n<meta property=\"og:title\" content=\"Exhibit your startup at 4YFN 2026 - Fundaci\u00f3 TIC Salut i Social\" \/>\n<meta property=\"og:description\" content=\"El congr\u00e9s 4YFN 2026, en el marc del Mobile World Congress Barcelona, \u00e9s l\u2019epicentre de l\u2019ecosistema m\u00e9s innovador\" \/>\n<meta property=\"og:url\" content=\"https:\/\/ticsalutsocial.atoom.space\/en\/noticia\/exposa-la-teva-startup-al-4yfn-2026\/\" \/>\n<meta property=\"og:site_name\" content=\"Fundaci\u00f3 TIC Salut i Social\" \/>\n<meta property=\"article:modified_time\" content=\"2025-10-01T09:53:19+00:00\" \/>\n<meta property=\"og:image\" content=\"https:\/\/ticsalutsocial.atoom.space\/wp-content\/uploads\/2025\/09\/4YFN-STARTUPS.png\" \/>\n\t<meta property=\"og:image:width\" content=\"1200\" \/>\n\t<meta property=\"og:image:height\" content=\"800\" \/>\n\t<meta property=\"og:image:type\" content=\"image\/png\" \/>\n<meta name=\"twitter:card\" content=\"summary_large_image\" \/>\n<meta name=\"twitter:label1\" content=\"Est. reading time\" \/>\n\t<meta name=\"twitter:data1\" content=\"2 minutes\" \/>\n<script type=\"application\/ld+json\" class=\"yoast-schema-graph\">{\"@context\":\"https:\/\/schema.org\",\"@graph\":[{\"@type\":\"WebPage\",\"@id\":\"https:\/\/ticsalutsocial.atoom.space\/en\/noticia\/exposa-la-teva-startup-al-4yfn-2026\/\",\"url\":\"https:\/\/ticsalutsocial.atoom.space\/en\/noticia\/exposa-la-teva-startup-al-4yfn-2026\/\",\"name\":\"Exhibit your startup at 4YFN 2026 - Fundaci\u00f3 TIC Salut i Social\",\"isPartOf\":{\"@id\":\"https:\/\/ticsalutsocial.atoom.space\/en\/#website\"},\"primaryImageOfPage\":{\"@id\":\"https:\/\/ticsalutsocial.atoom.space\/en\/noticia\/exposa-la-teva-startup-al-4yfn-2026\/#primaryimage\"},\"image\":{\"@id\":\"https:\/\/ticsalutsocial.atoom.space\/en\/noticia\/exposa-la-teva-startup-al-4yfn-2026\/#primaryimage\"},\"thumbnailUrl\":\"https:\/\/ticsalutsocial.atoom.space\/wp-content\/uploads\/2025\/09\/4YFN-STARTUPS.png\",\"datePublished\":\"2025-09-29T10:02:12+00:00\",\"dateModified\":\"2025-10-01T09:53:19+00:00\",\"description\":\"El congr\u00e9s 4YFN 2026, en el marc del Mobile World Congress Barcelona, \u00e9s l\u2019epicentre de l\u2019ecosistema m\u00e9s innovador\",\"breadcrumb\":{\"@id\":\"https:\/\/ticsalutsocial.atoom.space\/en\/noticia\/exposa-la-teva-startup-al-4yfn-2026\/#breadcrumb\"},\"inLanguage\":\"en-US\",\"potentialAction\":[{\"@type\":\"ReadAction\",\"target\":[\"https:\/\/ticsalutsocial.atoom.space\/en\/noticia\/exposa-la-teva-startup-al-4yfn-2026\/\"]}]},{\"@type\":\"ImageObject\",\"inLanguage\":\"en-US\",\"@id\":\"https:\/\/ticsalutsocial.atoom.space\/en\/noticia\/exposa-la-teva-startup-al-4yfn-2026\/#primaryimage\",\"url\":\"https:\/\/ticsalutsocial.atoom.space\/wp-content\/uploads\/2025\/09\/4YFN-STARTUPS.png\",\"contentUrl\":\"https:\/\/ticsalutsocial.atoom.space\/wp-content\/uploads\/2025\/09\/4YFN-STARTUPS.png\",\"width\":1200,\"height\":800,\"caption\":\"Startups durant el 4YFN 2026\"},{\"@type\":\"BreadcrumbList\",\"@id\":\"https:\/\/ticsalutsocial.atoom.space\/en\/noticia\/exposa-la-teva-startup-al-4yfn-2026\/#breadcrumb\",\"itemListElement\":[{\"@type\":\"ListItem\",\"position\":1,\"name\":\"Inici\",\"item\":\"https:\/\/ticsalutsocial.atoom.space\/en\/\"},{\"@type\":\"ListItem\",\"position\":2,\"name\":\"Exhibit your startup at 4YFN 2026\"}]},{\"@type\":\"WebSite\",\"@id\":\"https:\/\/ticsalutsocial.atoom.space\/en\/#website\",\"url\":\"https:\/\/ticsalutsocial.atoom.space\/en\/\",\"name\":\"Fundaci\u00f3 TIC Salut i Social\",\"description\":\"\",\"potentialAction\":[{\"@type\":\"SearchAction\",\"target\":{\"@type\":\"EntryPoint\",\"urlTemplate\":\"https:\/\/ticsalutsocial.atoom.space\/en\/?s={search_term_string}\"},\"query-input\":{\"@type\":\"PropertyValueSpecification\",\"valueRequired\":true,\"valueName\":\"search_term_string\"}}],\"inLanguage\":\"en-US\"}]}<\/script>\n<!-- \/ Yoast SEO plugin. -->","yoast_head_json":{"title":"Exhibit your startup at 4YFN 2026 - Fundaci\u00f3 TIC Salut i Social","description":"El congr\u00e9s 4YFN 2026, en el marc del Mobile World Congress Barcelona, \u00e9s l\u2019epicentre de l\u2019ecosistema m\u00e9s innovador","robots":{"index":"index","follow":"follow","max-snippet":"max-snippet:-1","max-image-preview":"max-image-preview:large","max-video-preview":"max-video-preview:-1"},"canonical":"https:\/\/ticsalutsocial.atoom.space\/en\/noticia\/exposa-la-teva-startup-al-4yfn-2026\/","og_locale":"en_US","og_type":"article","og_title":"Exhibit your startup at 4YFN 2026 - Fundaci\u00f3 TIC Salut i Social","og_description":"El congr\u00e9s 4YFN 2026, en el marc del Mobile World Congress Barcelona, \u00e9s l\u2019epicentre de l\u2019ecosistema m\u00e9s innovador","og_url":"https:\/\/ticsalutsocial.atoom.space\/en\/noticia\/exposa-la-teva-startup-al-4yfn-2026\/","og_site_name":"Fundaci\u00f3 TIC Salut i Social","article_modified_time":"2025-10-01T09:53:19+00:00","og_image":[{"width":1200,"height":800,"url":"https:\/\/ticsalutsocial.atoom.space\/wp-content\/uploads\/2025\/09\/4YFN-STARTUPS.png","type":"image\/png"}],"twitter_card":"summary_large_image","twitter_misc":{"Est. reading time":"2 minutes"},"schema":{"@context":"https:\/\/schema.org","@graph":[{"@type":"WebPage","@id":"https:\/\/ticsalutsocial.atoom.space\/en\/noticia\/exposa-la-teva-startup-al-4yfn-2026\/","url":"https:\/\/ticsalutsocial.atoom.space\/en\/noticia\/exposa-la-teva-startup-al-4yfn-2026\/","name":"Exhibit your startup at 4YFN 2026 - Fundaci\u00f3 TIC Salut i Social","isPartOf":{"@id":"https:\/\/ticsalutsocial.atoom.space\/en\/#website"},"primaryImageOfPage":{"@id":"https:\/\/ticsalutsocial.atoom.space\/en\/noticia\/exposa-la-teva-startup-al-4yfn-2026\/#primaryimage"},"image":{"@id":"https:\/\/ticsalutsocial.atoom.space\/en\/noticia\/exposa-la-teva-startup-al-4yfn-2026\/#primaryimage"},"thumbnailUrl":"https:\/\/ticsalutsocial.atoom.space\/wp-content\/uploads\/2025\/09\/4YFN-STARTUPS.png","datePublished":"2025-09-29T10:02:12+00:00","dateModified":"2025-10-01T09:53:19+00:00","description":"El congr\u00e9s 4YFN 2026, en el marc del Mobile World Congress Barcelona, \u00e9s l\u2019epicentre de l\u2019ecosistema m\u00e9s innovador","breadcrumb":{"@id":"https:\/\/ticsalutsocial.atoom.space\/en\/noticia\/exposa-la-teva-startup-al-4yfn-2026\/#breadcrumb"},"inLanguage":"en-US","potentialAction":[{"@type":"ReadAction","target":["https:\/\/ticsalutsocial.atoom.space\/en\/noticia\/exposa-la-teva-startup-al-4yfn-2026\/"]}]},{"@type":"ImageObject","inLanguage":"en-US","@id":"https:\/\/ticsalutsocial.atoom.space\/en\/noticia\/exposa-la-teva-startup-al-4yfn-2026\/#primaryimage","url":"https:\/\/ticsalutsocial.atoom.space\/wp-content\/uploads\/2025\/09\/4YFN-STARTUPS.png","contentUrl":"https:\/\/ticsalutsocial.atoom.space\/wp-content\/uploads\/2025\/09\/4YFN-STARTUPS.png","width":1200,"height":800,"caption":"Startups durant el 4YFN 2026"},{"@type":"BreadcrumbList","@id":"https:\/\/ticsalutsocial.atoom.space\/en\/noticia\/exposa-la-teva-startup-al-4yfn-2026\/#breadcrumb","itemListElement":[{"@type":"ListItem","position":1,"name":"Inici","item":"https:\/\/ticsalutsocial.atoom.space\/en\/"},{"@type":"ListItem","position":2,"name":"Exhibit your startup at 4YFN 2026"}]},{"@type":"WebSite","@id":"https:\/\/ticsalutsocial.atoom.space\/en\/#website","url":"https:\/\/ticsalutsocial.atoom.space\/en\/","name":"Fundaci\u00f3 TIC Salut i Social","description":"","potentialAction":[{"@type":"SearchAction","target":{"@type":"EntryPoint","urlTemplate":"https:\/\/ticsalutsocial.atoom.space\/en\/?s={search_term_string}"},"query-input":{"@type":"PropertyValueSpecification","valueRequired":true,"valueName":"search_term_string"}}],"inLanguage":"en-US"}]}},"_links":{"self":[{"href":"https:\/\/ticsalutsocial.atoom.space\/en\/wp-json\/wp\/v2\/noticia\/33688","targetHints":{"allow":["GET"]}}],"collection":[{"href":"https:\/\/ticsalutsocial.atoom.space\/en\/wp-json\/wp\/v2\/noticia"}],"about":[{"href":"https:\/\/ticsalutsocial.atoom.space\/en\/wp-json\/wp\/v2\/types\/noticia"}],"author":[{"embeddable":true,"href":"https:\/\/ticsalutsocial.atoom.space\/en\/wp-json\/wp\/v2\/users\/12"}],"wp:featuredmedia":[{"embeddable":true,"href":"https:\/\/ticsalutsocial.atoom.space\/en\/wp-json\/wp\/v2\/media\/33683"}],"wp:attachment":[{"href":"https:\/\/ticsalutsocial.atoom.space\/en\/wp-json\/wp\/v2\/media?parent=33688"}],"wp:term":[{"taxonomy":"etiqueta","embeddable":true,"href":"https:\/\/ticsalutsocial.atoom.space\/en\/wp-json\/wp\/v2\/etiqueta?post=33688"},{"taxonomy":"tipus","embeddable":true,"href":"https:\/\/ticsalutsocial.atoom.space\/en\/wp-json\/wp\/v2\/tipus?post=33688"},{"taxonomy":"topic","embeddable":true,"href":"https:\/\/ticsalutsocial.atoom.space\/en\/wp-json\/wp\/v2\/topic?post=33688"}],"curies":[{"name":"wp","href":"https:\/\/api.w.org\/{rel}","templated":true}]}}