
{"id":33793,"date":"2025-10-06T10:51:39","date_gmt":"2025-10-06T08:51:39","guid":{"rendered":"https:\/\/ticsalutsocial.atoom.space\/noticia\/suecia-visita-catalunya-per-coneixer-el-model-de-certificacio-i-validacio-dactius-digitals-de-la-fundacio-tic-salut-i-social\/"},"modified":"2025-10-08T11:14:33","modified_gmt":"2025-10-08T09:14:33","slug":"suecia-visita-catalunya-per-coneixer-el-model-de-certificacio-i-validacio-dactius-digitals-de-la-fundacio-tic-salut-i-social","status":"publish","type":"noticia","link":"https:\/\/ticsalutsocial.atoom.space\/en\/noticia\/suecia-visita-catalunya-per-coneixer-el-model-de-certificacio-i-validacio-dactius-digitals-de-la-fundacio-tic-salut-i-social\/","title":{"rendered":"Swedish delegation visits Catalonia to learn about the digital health certification model of the TIC Salut Social Foundation"},"content":{"rendered":"<p data-start=\"371\" data-end=\"907\">Las week, the <strong data-start=\"386\" data-end=\"417\">TIC Salut Social Foundation<\/strong> hosted a <strong data-start=\"427\" data-end=\"449\">Swedish delegation<\/strong> to share knowledge and best practices related to the <strong data-start=\"503\" data-end=\"549\">digital health asset certification service<\/strong>. The visit took place within the framework of the <strong data-start=\"600\" data-end=\"664\">European collaboration derived from the Label2Enable project<\/strong>, in which the Foundation has played an active role in the <strong data-start=\"723\" data-end=\"810\">creation and implementation of the common international standard CEN ISO\/TS 82304-2<\/strong>, dedicated to assessing the quality and reliability of digital health applications and assets.<\/p>\n<p data-start=\"909\" data-end=\"1393\">This standard, now fully <strong data-start=\"934\" data-end=\"1007\">integrated into the Foundation\u2019s digital health certification service<\/strong>, has attracted significant interest across Europe, as <strong data-start=\"1062\" data-end=\"1131\">Catalonia is one of the first regions to implement it effectively<\/strong>. In this context, Sweden expressed a strong interest in understanding <strong data-start=\"1202\" data-end=\"1346\">how to replicate the working methodology, governance model, and collaboration between industry, public administration, and service providers<\/strong> promoted by the TIC Salut Social Foundation.<\/p>\n<p data-start=\"1395\" data-end=\"1951\">The two-day visit brought together <strong data-start=\"1430\" data-end=\"1524\">twelve professionals and representatives from Sweden\u2019s digital health innovation ecosystem<\/strong>, including the <strong data-start=\"1540\" data-end=\"1582\">Compare Foundation \u2013 DigitalWell Arena<\/strong>, a counterpart to the TIC Salut Social Foundation; <strong data-start=\"1634\" data-end=\"1678\">professors from KTH Technical University<\/strong>; <strong data-start=\"1680\" data-end=\"1738\">healthcare planning officials from the V\u00e4rmland region<\/strong>; <strong data-start=\"1740\" data-end=\"1786\">experts from the Swedish Medical Authority<\/strong>; <strong data-start=\"1788\" data-end=\"1854\">representatives from the municipalities of Karlstad and Arvika<\/strong>; and members of <strong data-start=\"1871\" data-end=\"1895\">DigitalWell Ventures<\/strong>, an incubator specialized in digital health startups.<\/p>\n<p data-start=\"1953\" data-end=\"2426\">On the <strong data-start=\"1960\" data-end=\"1973\">first day<\/strong>, the delegation participated in <strong data-start=\"2006\" data-end=\"2044\">theoretical and practical sessions<\/strong> held at the Foundation\u2019s headquarters, led by <strong data-start=\"2091\" data-end=\"2112\">Carme Pratdep\u00e0dua<\/strong>, Head of Digital Assets for Citizens, along with team members <strong data-start=\"2175\" data-end=\"2192\">Mario Navarro<\/strong> and <strong data-start=\"2197\" data-end=\"2213\">Pau Gallinat<\/strong>. Representatives from the <strong data-start=\"2240\" data-end=\"2263\">Information Systems<\/strong> and <strong data-start=\"2268\" data-end=\"2304\">Citizenship, Innovation and User<\/strong> departments of the <strong data-start=\"2324\" data-end=\"2350\">Catalan Health Service<\/strong> also took part, sharing projects such as <strong data-start=\"2392\" data-end=\"2409\">La Meva Salut<\/strong> and <strong data-start=\"2414\" data-end=\"2423\">MAPES<\/strong>.<\/p>\n<p data-start=\"2428\" data-end=\"2653\">In addition, <strong data-start=\"2441\" data-end=\"2450\">AQuAS<\/strong> and <strong data-start=\"2455\" data-end=\"2505\">companies with certified digital health assets<\/strong>, such as <strong data-start=\"2515\" data-end=\"2529\">Doctomatic<\/strong>, <strong data-start=\"2531\" data-end=\"2550\">LactApp Medical<\/strong>, and <strong data-start=\"2556\" data-end=\"2566\">eSalut<\/strong>, contributed by sharing their experience in validation and implementation processes.<\/p>\n<p data-start=\"2655\" data-end=\"2947\">On the <strong data-start=\"2662\" data-end=\"2676\">second day<\/strong>, the group visited <strong data-start=\"2696\" data-end=\"2720\">Hospital de Sant Pau<\/strong> to learn about its <strong data-start=\"2740\" data-end=\"2767\">digital health strategy<\/strong>, the <strong data-start=\"2773\" data-end=\"2847\">Digital Health Validation Center<\/strong>, and the<strong data-start=\"2857\" data-end=\"2905\"> Barcelona Health Hub<\/strong>.<\/p>\n<p data-start=\"2949\" data-end=\"3250\">According to <strong data-start=\"2962\" data-end=\"2981\">Marie Granander<\/strong>, Project Manager at <strong data-start=\"3002\" data-end=\"3023\">DigitalWell Arena<\/strong>, <em data-start=\"3025\" data-end=\"3248\">\u201cthe pioneering role of the TIC Salut Social Foundation in the evaluation and validation of digital health assets is a benchmark for many European regions and countries that have yet to start along this much-needed path.\u201d<\/em><\/p>\n<p data-start=\"3252\" data-end=\"3530\">With this visit, the <strong data-start=\"3273\" data-end=\"3304\">TIC Salut Social Foundation<\/strong> strengthens the <strong data-start=\"3321\" data-end=\"3450\">Catalan Government\u2019s position as a European reference in the planning and implementation of technology-driven health policies<\/strong>, in alignment with <strong data-start=\"3470\" data-end=\"3529\">international innovation and interoperability standards<\/strong>.<\/p>\n","protected":false},"author":3,"featured_media":33790,"menu_order":0,"template":"","meta":{"_acf_changed":false,"inline_featured_image":false},"etiqueta":[],"tipus":[655],"topic":[],"class_list":["post-33793","noticia","type-noticia","status-publish","has-post-thumbnail","hentry","tipus-digital-assets"],"acf":{"finalitzat":false,"tipus_plantilla":"objectius","template_objectius":{"cont_principal":"","imatge":false,"cont_seguent":{"titol":"","contingut":""},"seccio_llistat":{"titol":"","llistat":false},"objectius":{"titol":"","objectius":false},"documents":false},"autor":"","imatge":false,"textos_destacats":[{"texte":"Catalonia is one of the first European regions to effectively implement a certification service like that of the TIC Salut Social Foundation"}],"documents":false},"yoast_head":"<!-- This site is optimized with the Yoast SEO plugin v27.1.1 - https:\/\/yoast.com\/product\/yoast-seo-wordpress\/ -->\n<title>Swedish delegation visits Catalonia to learn about the digital health certification model of the TIC Salut Social Foundation - Fundaci\u00f3 TIC Salut i Social<\/title>\n<meta name=\"robots\" content=\"index, follow, max-snippet:-1, max-image-preview:large, max-video-preview:-1\" \/>\n<link rel=\"canonical\" href=\"https:\/\/ticsalutsocial.atoom.space\/en\/noticia\/suecia-visita-catalunya-per-coneixer-el-model-de-certificacio-i-validacio-dactius-digitals-de-la-fundacio-tic-salut-i-social\/\" \/>\n<meta property=\"og:locale\" content=\"en_US\" \/>\n<meta property=\"og:type\" content=\"article\" \/>\n<meta property=\"og:title\" content=\"Swedish delegation visits Catalonia to learn about the digital health certification model of the TIC Salut Social Foundation - Fundaci\u00f3 TIC Salut i Social\" \/>\n<meta property=\"og:description\" content=\"Las week, the TIC Salut Social Foundation hosted a Swedish delegation to share knowledge and best practices related to the digital health asset certification service. The visit took place within the framework of the European collaboration derived from the Label2Enable project, in which the Foundation has played an active role in the creation and implementation [&hellip;]\" \/>\n<meta property=\"og:url\" content=\"https:\/\/ticsalutsocial.atoom.space\/en\/noticia\/suecia-visita-catalunya-per-coneixer-el-model-de-certificacio-i-validacio-dactius-digitals-de-la-fundacio-tic-salut-i-social\/\" \/>\n<meta property=\"og:site_name\" content=\"Fundaci\u00f3 TIC Salut i Social\" \/>\n<meta property=\"article:modified_time\" content=\"2025-10-08T09:14:33+00:00\" \/>\n<meta property=\"og:image\" content=\"https:\/\/ticsalutsocial.atoom.space\/wp-content\/uploads\/2025\/10\/20251001_103023-scaled.jpg\" \/>\n\t<meta property=\"og:image:width\" content=\"2560\" \/>\n\t<meta property=\"og:image:height\" content=\"1441\" \/>\n\t<meta property=\"og:image:type\" content=\"image\/jpeg\" \/>\n<meta name=\"twitter:card\" content=\"summary_large_image\" \/>\n<meta name=\"twitter:label1\" content=\"Est. reading time\" \/>\n\t<meta name=\"twitter:data1\" content=\"3 minutes\" \/>\n<script type=\"application\/ld+json\" class=\"yoast-schema-graph\">{\"@context\":\"https:\/\/schema.org\",\"@graph\":[{\"@type\":\"WebPage\",\"@id\":\"https:\/\/ticsalutsocial.atoom.space\/en\/noticia\/suecia-visita-catalunya-per-coneixer-el-model-de-certificacio-i-validacio-dactius-digitals-de-la-fundacio-tic-salut-i-social\/\",\"url\":\"https:\/\/ticsalutsocial.atoom.space\/en\/noticia\/suecia-visita-catalunya-per-coneixer-el-model-de-certificacio-i-validacio-dactius-digitals-de-la-fundacio-tic-salut-i-social\/\",\"name\":\"Swedish delegation visits Catalonia to learn about the digital health certification model of the TIC Salut Social Foundation - Fundaci\u00f3 TIC Salut i Social\",\"isPartOf\":{\"@id\":\"https:\/\/ticsalutsocial.atoom.space\/en\/#website\"},\"primaryImageOfPage\":{\"@id\":\"https:\/\/ticsalutsocial.atoom.space\/en\/noticia\/suecia-visita-catalunya-per-coneixer-el-model-de-certificacio-i-validacio-dactius-digitals-de-la-fundacio-tic-salut-i-social\/#primaryimage\"},\"image\":{\"@id\":\"https:\/\/ticsalutsocial.atoom.space\/en\/noticia\/suecia-visita-catalunya-per-coneixer-el-model-de-certificacio-i-validacio-dactius-digitals-de-la-fundacio-tic-salut-i-social\/#primaryimage\"},\"thumbnailUrl\":\"https:\/\/ticsalutsocial.atoom.space\/wp-content\/uploads\/2025\/10\/20251001_103023-scaled.jpg\",\"datePublished\":\"2025-10-06T08:51:39+00:00\",\"dateModified\":\"2025-10-08T09:14:33+00:00\",\"breadcrumb\":{\"@id\":\"https:\/\/ticsalutsocial.atoom.space\/en\/noticia\/suecia-visita-catalunya-per-coneixer-el-model-de-certificacio-i-validacio-dactius-digitals-de-la-fundacio-tic-salut-i-social\/#breadcrumb\"},\"inLanguage\":\"en-US\",\"potentialAction\":[{\"@type\":\"ReadAction\",\"target\":[\"https:\/\/ticsalutsocial.atoom.space\/en\/noticia\/suecia-visita-catalunya-per-coneixer-el-model-de-certificacio-i-validacio-dactius-digitals-de-la-fundacio-tic-salut-i-social\/\"]}]},{\"@type\":\"ImageObject\",\"inLanguage\":\"en-US\",\"@id\":\"https:\/\/ticsalutsocial.atoom.space\/en\/noticia\/suecia-visita-catalunya-per-coneixer-el-model-de-certificacio-i-validacio-dactius-digitals-de-la-fundacio-tic-salut-i-social\/#primaryimage\",\"url\":\"https:\/\/ticsalutsocial.atoom.space\/wp-content\/uploads\/2025\/10\/20251001_103023-scaled.jpg\",\"contentUrl\":\"https:\/\/ticsalutsocial.atoom.space\/wp-content\/uploads\/2025\/10\/20251001_103023-scaled.jpg\",\"width\":2560,\"height\":1441,\"caption\":\"Su\u00e8cia visita Catalunya per con\u00e8ixer el model de certificaci\u00f3 i validaci\u00f3 d\u2019actius digitals de la Fundaci\u00f3 TIC Salut i Social\"},{\"@type\":\"BreadcrumbList\",\"@id\":\"https:\/\/ticsalutsocial.atoom.space\/en\/noticia\/suecia-visita-catalunya-per-coneixer-el-model-de-certificacio-i-validacio-dactius-digitals-de-la-fundacio-tic-salut-i-social\/#breadcrumb\",\"itemListElement\":[{\"@type\":\"ListItem\",\"position\":1,\"name\":\"Inici\",\"item\":\"https:\/\/ticsalutsocial.atoom.space\/en\/\"},{\"@type\":\"ListItem\",\"position\":2,\"name\":\"Swedish delegation visits Catalonia to learn about the digital health certification model of the TIC Salut Social Foundation\"}]},{\"@type\":\"WebSite\",\"@id\":\"https:\/\/ticsalutsocial.atoom.space\/en\/#website\",\"url\":\"https:\/\/ticsalutsocial.atoom.space\/en\/\",\"name\":\"Fundaci\u00f3 TIC Salut i Social\",\"description\":\"\",\"potentialAction\":[{\"@type\":\"SearchAction\",\"target\":{\"@type\":\"EntryPoint\",\"urlTemplate\":\"https:\/\/ticsalutsocial.atoom.space\/en\/?s={search_term_string}\"},\"query-input\":{\"@type\":\"PropertyValueSpecification\",\"valueRequired\":true,\"valueName\":\"search_term_string\"}}],\"inLanguage\":\"en-US\"}]}<\/script>\n<!-- \/ Yoast SEO plugin. -->","yoast_head_json":{"title":"Swedish delegation visits Catalonia to learn about the digital health certification model of the TIC Salut Social Foundation - Fundaci\u00f3 TIC Salut i Social","robots":{"index":"index","follow":"follow","max-snippet":"max-snippet:-1","max-image-preview":"max-image-preview:large","max-video-preview":"max-video-preview:-1"},"canonical":"https:\/\/ticsalutsocial.atoom.space\/en\/noticia\/suecia-visita-catalunya-per-coneixer-el-model-de-certificacio-i-validacio-dactius-digitals-de-la-fundacio-tic-salut-i-social\/","og_locale":"en_US","og_type":"article","og_title":"Swedish delegation visits Catalonia to learn about the digital health certification model of the TIC Salut Social Foundation - Fundaci\u00f3 TIC Salut i Social","og_description":"Las week, the TIC Salut Social Foundation hosted a Swedish delegation to share knowledge and best practices related to the digital health asset certification service. The visit took place within the framework of the European collaboration derived from the Label2Enable project, in which the Foundation has played an active role in the creation and implementation [&hellip;]","og_url":"https:\/\/ticsalutsocial.atoom.space\/en\/noticia\/suecia-visita-catalunya-per-coneixer-el-model-de-certificacio-i-validacio-dactius-digitals-de-la-fundacio-tic-salut-i-social\/","og_site_name":"Fundaci\u00f3 TIC Salut i Social","article_modified_time":"2025-10-08T09:14:33+00:00","og_image":[{"width":2560,"height":1441,"url":"https:\/\/ticsalutsocial.atoom.space\/wp-content\/uploads\/2025\/10\/20251001_103023-scaled.jpg","type":"image\/jpeg"}],"twitter_card":"summary_large_image","twitter_misc":{"Est. reading time":"3 minutes"},"schema":{"@context":"https:\/\/schema.org","@graph":[{"@type":"WebPage","@id":"https:\/\/ticsalutsocial.atoom.space\/en\/noticia\/suecia-visita-catalunya-per-coneixer-el-model-de-certificacio-i-validacio-dactius-digitals-de-la-fundacio-tic-salut-i-social\/","url":"https:\/\/ticsalutsocial.atoom.space\/en\/noticia\/suecia-visita-catalunya-per-coneixer-el-model-de-certificacio-i-validacio-dactius-digitals-de-la-fundacio-tic-salut-i-social\/","name":"Swedish delegation visits Catalonia to learn about the digital health certification model of the TIC Salut Social Foundation - Fundaci\u00f3 TIC Salut i Social","isPartOf":{"@id":"https:\/\/ticsalutsocial.atoom.space\/en\/#website"},"primaryImageOfPage":{"@id":"https:\/\/ticsalutsocial.atoom.space\/en\/noticia\/suecia-visita-catalunya-per-coneixer-el-model-de-certificacio-i-validacio-dactius-digitals-de-la-fundacio-tic-salut-i-social\/#primaryimage"},"image":{"@id":"https:\/\/ticsalutsocial.atoom.space\/en\/noticia\/suecia-visita-catalunya-per-coneixer-el-model-de-certificacio-i-validacio-dactius-digitals-de-la-fundacio-tic-salut-i-social\/#primaryimage"},"thumbnailUrl":"https:\/\/ticsalutsocial.atoom.space\/wp-content\/uploads\/2025\/10\/20251001_103023-scaled.jpg","datePublished":"2025-10-06T08:51:39+00:00","dateModified":"2025-10-08T09:14:33+00:00","breadcrumb":{"@id":"https:\/\/ticsalutsocial.atoom.space\/en\/noticia\/suecia-visita-catalunya-per-coneixer-el-model-de-certificacio-i-validacio-dactius-digitals-de-la-fundacio-tic-salut-i-social\/#breadcrumb"},"inLanguage":"en-US","potentialAction":[{"@type":"ReadAction","target":["https:\/\/ticsalutsocial.atoom.space\/en\/noticia\/suecia-visita-catalunya-per-coneixer-el-model-de-certificacio-i-validacio-dactius-digitals-de-la-fundacio-tic-salut-i-social\/"]}]},{"@type":"ImageObject","inLanguage":"en-US","@id":"https:\/\/ticsalutsocial.atoom.space\/en\/noticia\/suecia-visita-catalunya-per-coneixer-el-model-de-certificacio-i-validacio-dactius-digitals-de-la-fundacio-tic-salut-i-social\/#primaryimage","url":"https:\/\/ticsalutsocial.atoom.space\/wp-content\/uploads\/2025\/10\/20251001_103023-scaled.jpg","contentUrl":"https:\/\/ticsalutsocial.atoom.space\/wp-content\/uploads\/2025\/10\/20251001_103023-scaled.jpg","width":2560,"height":1441,"caption":"Su\u00e8cia visita Catalunya per con\u00e8ixer el model de certificaci\u00f3 i validaci\u00f3 d\u2019actius digitals de la Fundaci\u00f3 TIC Salut i Social"},{"@type":"BreadcrumbList","@id":"https:\/\/ticsalutsocial.atoom.space\/en\/noticia\/suecia-visita-catalunya-per-coneixer-el-model-de-certificacio-i-validacio-dactius-digitals-de-la-fundacio-tic-salut-i-social\/#breadcrumb","itemListElement":[{"@type":"ListItem","position":1,"name":"Inici","item":"https:\/\/ticsalutsocial.atoom.space\/en\/"},{"@type":"ListItem","position":2,"name":"Swedish delegation visits Catalonia to learn about the digital health certification model of the TIC Salut Social Foundation"}]},{"@type":"WebSite","@id":"https:\/\/ticsalutsocial.atoom.space\/en\/#website","url":"https:\/\/ticsalutsocial.atoom.space\/en\/","name":"Fundaci\u00f3 TIC Salut i Social","description":"","potentialAction":[{"@type":"SearchAction","target":{"@type":"EntryPoint","urlTemplate":"https:\/\/ticsalutsocial.atoom.space\/en\/?s={search_term_string}"},"query-input":{"@type":"PropertyValueSpecification","valueRequired":true,"valueName":"search_term_string"}}],"inLanguage":"en-US"}]}},"_links":{"self":[{"href":"https:\/\/ticsalutsocial.atoom.space\/en\/wp-json\/wp\/v2\/noticia\/33793","targetHints":{"allow":["GET"]}}],"collection":[{"href":"https:\/\/ticsalutsocial.atoom.space\/en\/wp-json\/wp\/v2\/noticia"}],"about":[{"href":"https:\/\/ticsalutsocial.atoom.space\/en\/wp-json\/wp\/v2\/types\/noticia"}],"author":[{"embeddable":true,"href":"https:\/\/ticsalutsocial.atoom.space\/en\/wp-json\/wp\/v2\/users\/3"}],"wp:featuredmedia":[{"embeddable":true,"href":"https:\/\/ticsalutsocial.atoom.space\/en\/wp-json\/wp\/v2\/media\/33790"}],"wp:attachment":[{"href":"https:\/\/ticsalutsocial.atoom.space\/en\/wp-json\/wp\/v2\/media?parent=33793"}],"wp:term":[{"taxonomy":"etiqueta","embeddable":true,"href":"https:\/\/ticsalutsocial.atoom.space\/en\/wp-json\/wp\/v2\/etiqueta?post=33793"},{"taxonomy":"tipus","embeddable":true,"href":"https:\/\/ticsalutsocial.atoom.space\/en\/wp-json\/wp\/v2\/tipus?post=33793"},{"taxonomy":"topic","embeddable":true,"href":"https:\/\/ticsalutsocial.atoom.space\/en\/wp-json\/wp\/v2\/topic?post=33793"}],"curies":[{"name":"wp","href":"https:\/\/api.w.org\/{rel}","templated":true}]}}