
{"id":3398,"date":"2018-06-29T10:25:52","date_gmt":"2018-06-29T08:25:52","guid":{"rendered":"https:\/\/ticsalutsocial.atoom.space\/?post_type=noticia&#038;p=3398"},"modified":"2021-07-21T15:36:33","modified_gmt":"2021-07-21T13:36:33","slug":"informe-sobre-la-jornada-experiencies-en-sistemes-de-gestio-de-dosis-en-diagnostic-per-la-imatge","status":"publish","type":"noticia","link":"https:\/\/ticsalutsocial.atoom.space\/en\/noticia\/informe-sobre-la-jornada-experiencies-en-sistemes-de-gestio-de-dosis-en-diagnostic-per-la-imatge\/","title":{"rendered":"Informe sobre la Jornada \u2018Experi\u00e8ncies en sistemes de gesti\u00f3 de dosis en diagn\u00f2stic per la imatge"},"content":{"rendered":"<p>El passat dia 25 de Juny, a la <em>Sala d\u2019Actes de l\u2019Acad\u00e8mia de Ci\u00e8ncies M\u00e8diques i de la Salut de Catalunya i Balears<\/em>, a Barcelona, <strong>Radi\u00f2legs de Catalunya<\/strong> va celebrar la <strong>JORNADA \u2018EXPERI\u00c8NCIES EN SISTEMES DE GESTI\u00d3 DE DOSIS EN DIAGN\u00d2STIC PER LA IMATGE<\/strong>, amb un programa on s\u2019han explicat experi\u00e8ncies pr\u00e0ctiques sobre la gesti\u00f3 de la dosi de radiaci\u00f3 en Diagn\u00f2stic per la Imatge utilitzant diferents programes inform\u00e0tics. La direcci\u00f3 de la jornada va c\u00f3rrer a c\u00e0rrec del Dr. Salvador Pedraza i el Dr. Carles Mu\u00f1oz. El programa va comptar amb una taula rodona inicial per introduir la tem\u00e0tica de la gesti\u00f3 de la dosi de radiaci\u00f3 i la seva import\u00e0ncia en la pr\u00e0ctica cl\u00ednica, seguida de la presentaci\u00f3 de 5 experi\u00e8ncies de registre de dosi en diferents equips radiol\u00f2gics.<\/p>\n<p>La inauguraci\u00f3 de la Jornada va ser a c\u00e0rrec del Dr Josep Davins com Subdirector general d\u00b4Ordenaci\u00f3 i Qualitat Sanit\u00e0ries i Farmac\u00e8utiques del Departament de Salut, el Dr. Pere Vallribera com president de la societat Catalana de Gesti\u00f3 Sanitaria i la Dra. Teresa Maristany com presidenta de Radi\u00f2legs de Catalunya.<\/p>\n<p>A continuaci\u00f3 el Dr. Francesc Tous han presentat el \u201cManual d\u2019indicadors en un servei de radiologia\u201d, un recull d\u2019indicadors a mode de quadre de comandament de qualitat dels serveis de diagn\u00f2stic per la imatge. La finalitat d\u2019aquest informe \u00e9s facilitar la implementaci\u00f3 d\u2019un programa d\u2019indicadors per incrementar i consolidar la qualitat dels serveis, aix\u00ed com fer estudis comparatius que ajudin a avaluar la qualitat dels serveis de d\u2019Imatge dels diferents centres de Catalunya. Alguns dels indicadors que s\u2019han considerat m\u00e9s rellevants han sigut: la justificaci\u00f3 de proves que utilitzen radiacions ionitzants, la identificaci\u00f3 del pacient, el consentiment informat en procediments intervencionistes, les demores en la realitzaci\u00f3 d\u2019informes, i la transmissi\u00f3 d\u2019informaci\u00f3 de resultats cr\u00edtics<\/p>\n<h2><strong>Import\u00e0ncia de la gesti\u00f3 de la dosi<\/strong><\/h2>\n<p>En els \u00faltims anys s\u2019ha doblat la radiaci\u00f3 que reben els pacients per la realitzaci\u00f3 de proves radiol\u00f2giques. El marc de la nova normativa Europea Directiva <strong>2013\/59\/EURATOM<\/strong>, que va entrar en vigor el 6 de Febrer de 2018, obliga registrar la dosi radiada, aix\u00ed com estandarditzar, justificar i optimitzar la dosi. Cal revisar alguns dels aspectes m\u00e9s rellevants sobre com estem aplicant aquesta normativa en la pr\u00e0ctica cl\u00ednica dels professionals de radiologia. Algunes de les preguntes que es volen respondre son les seg\u00fcents:<\/p>\n<ul>\n<li>D\u2019on es recull la dosi? (PACS, modalitat)<\/li>\n<li>Estan tots els equips connectats?<\/li>\n<li>Hi ha un equip als centres encarregat de la gesti\u00f3 de la dosi?<\/li>\n<li>Quin percentatge de reducci\u00f3 de radiaci\u00f3 s\u2019ha assolit?<\/li>\n<li>Quins son els punts claus en la gesti\u00f3 de dosi?<\/li>\n<\/ul>\n<p>El Dr. Fernando Alava, cap del servei de Promoci\u00f3 de la Qualitat i la Bio\u00e8tica del Departament de la Salut ha recordat la import\u00e0ncia de tindre protocols espec\u00edfics per la poblaci\u00f3 pedi\u00e0trica. \u00a0A continuaci\u00f3 el Sr. Pol P\u00e9rez, coordinador de TC de Departament de Salut ha presentat el projecte de comptar dintre del SIMDCAT amb un gestor de la dosi en n\u00favol, que podria llegir la radiaci\u00f3 directament de les cap\u00e7aleres DICOM per\u00f2 \u00a0cal definir eines complement\u00e0ries per tenir en compte tota la radiaci\u00f3 rebuda.<\/p>\n<h2><strong>Presentaci\u00f3 d&#8217;experi\u00e8ncies\u00a0<\/strong><\/h2>\n<h3><strong>Experi\u00e8ncia GE, a l\u2019Hospital Universitari de Son Espases (Palma, Illes Balears)<\/strong><\/h3>\n<p>El Sr. Josep Font, cap de servei de F\u00edsica, ha explicat que es fa servir el programa DoseWatch, amb 12 aparells connectats al programa. Es fa \u00e8mfasi a la correcta calibraci\u00f3 i validaci\u00f3 de que les dosis informades siguin les correctes. Tamb\u00e9 s\u2019explica la import\u00e0ncia de la constituci\u00f3 d\u2019un Comit\u00e8 de Dosi multi-disciplinar per garantir la correcta recol\u00b7lecci\u00f3 i gesti\u00f3 de la dosi radiada. En els casos en que algun malalt presenti alertes relacionades amb la dosi rebuda, es pot fer un seguiment espec\u00edfic del pacient. De moment encara no s\u2019informa el valor de la dosi en l\u2019informe del radi\u00f2leg. En el cas de l\u2019Hospital de Son Espases, els nivells de dosi estan per sota dels nivells de refer\u00e8ncia.<\/p>\n<h3><strong>Experi\u00e8ncia BAYER, servei de F\u00edsica de POVISA (Vigo, Pontevedra) <\/strong><\/h3>\n<p>El Sr. Juan Garcia P\u00e9rez de Schofield fa servir el programa RADIMETRICS des de finals del 2016. Les dosis de radiaci\u00f3 s\u2019extrauen directament del PACS. L\u2019acc\u00e9s a RADIMETRICS es fa a trav\u00e9s de navegador web, i BAYER fa una monitoritzaci\u00f3 remota del programa mitjan\u00e7ant el talla-focs de l\u2019hospital. S\u2019expliquen les diferents funcionalitats de l\u2019eina RADIMETRICS com control de dosi, alertes, filtrat de dades, cerca de pacients amb un determinat perfil i establiment de dosis de refer\u00e8ncia, entre d\u2019altres.<\/p>\n<h3><strong>Experi\u00e8ncia GUERBERT, Fran\u00e7a<\/strong><\/h3>\n<p>El Sr. Florent Jault, expert de Guerbet, explica l\u2019experi\u00e8ncia amb el programa DoseCare. Aquest programa pot connectar diferents modalitats i recollir dades de les mateixes. L\u2019objectiu de l\u2019aplicaci\u00f3 \u00e9s recollir, controla, analitzar i optimitzar les dosis proporcionades als pacients. Cal remarcar els aspectes de usabilitat i el nivell de rendiment del sistema. La nova normativa demana que es proporcioni o demani informaci\u00f3 sobre BMI (pes, altura), raons de sobreexposici\u00f3 i procediments correctes. Tamb\u00e9 permet la programaci\u00f3 d\u2019alertes i altres funcionalitats de mesura, i la creaci\u00f3 de diferents rols d\u2019utilitzaci\u00f3.<\/p>\n<h3><strong>Experi\u00e8ncia PHILIPS, Holanda<\/strong><\/h3>\n<p>El Sr. Sjirk Boon, expert de Philips presenta el programa DoseWise. El portal es agn\u00f2stic al fabricant i permet prendre decisions en funci\u00f3 de les dades recollides. La soluci\u00f3 es connecta als sistemes de l\u2019hospital i a les modalitats. Una de les principals caracter\u00edstiques a considerar \u00e9s la usabilitat de l\u2019eina, i l\u2019enfocament capa presa de decisions informada. El programa ofereix: nivells de refer\u00e8ncia, hist\u00f2ric acumulatiu de dosi per pacient, informes i reports adaptables a les necessitats i integraci\u00f3 amb PACS, entre d\u2019altres funcionalitats.<\/p>\n<h3><strong>Experi\u00e8ncia de QAELUM, B\u00e8lgica<\/strong><\/h3>\n<p>La Sra. Nicky Fitousi, expert de QAELUM explica l\u00b4experi\u00e8ncia amb el programa DOSE. Aquesta eina\u00a0 permet acc\u00e9s a diferents nivells dels estudis, mostrant detalls sobre els pacients i les dosis rebudes. Es poden seleccionar protocols determinats a les modalitats i dispositius, visualitzant an\u00e0lisis avan\u00e7ats sobre les dades de dosi. Tamb\u00e9 mostra compliment de nivells de refer\u00e8ncia, diagrames i estad\u00edstiques d\u2019\u00fas dels equips connectats, o un \u201cpassaport de dosi pel pacient\u201d.<\/p>\n<h2><strong>Conclusions<\/strong><\/h2>\n<p>Aquesta jornada posa de relleu la import\u00e0ncia de comptar amb un gestor de dosi de radiaci\u00f3. D&#8217;aquest forma, s&#8217;evita la sobreexposici\u00f3 innecess\u00e0ria, i es t\u00e9 en compte aspectes com l\u2019edat o altres aspectes cr\u00edtics que poden afectar la salut del pacient a llarg termini. En el marc de la nova normativa EURATOM, cal definir, desenvolupar i implementar eines que ens permetin una correcta mesura de la quantitat de radiaci\u00f3 rebuda per part del pacient. Tamb\u00e9 cal tenir en compte les diferents casu\u00edstiques de connexi\u00f3 entre modalitats i infraestructura als centres i hospitals. L\u2019organitzaci\u00f3 dels centres sanitaris i la creaci\u00f3 de comit\u00e8s de gesti\u00f3 de dosi son fonamentals per garantir que els procediments de mesura i control funcionen correctament. En aquest sentit, els diferents programes de gesti\u00f3 de dosis presentats ens donen una visi\u00f3 sobre diferents exemples d\u2019\u00fas en diferents contexts, que es poden estendre a d\u2019altres centres del territori.<\/p>\n","protected":false},"author":21,"featured_media":3395,"menu_order":0,"template":"","meta":{"_acf_changed":false,"inline_featured_image":false},"etiqueta":[],"tipus":[],"topic":[120],"class_list":["post-3398","noticia","type-noticia","status-publish","has-post-thumbnail","hentry","topic-dpo"],"acf":{"imatge":3396,"autor":"Jes\u00fas Berd\u00fan"},"yoast_head":"<!-- This site is optimized with the Yoast SEO plugin v27.1.1 - https:\/\/yoast.com\/product\/yoast-seo-wordpress\/ -->\n<title>Informe sobre la Jornada \u2018Experi\u00e8ncies en sistemes de gesti\u00f3 de dosis en diagn\u00f2stic per la imatge - Fundaci\u00f3 TIC Salut i Social<\/title>\n<meta name=\"robots\" content=\"index, follow, max-snippet:-1, max-image-preview:large, max-video-preview:-1\" \/>\n<link rel=\"canonical\" href=\"https:\/\/ticsalutsocial.atoom.space\/en\/noticia\/informe-sobre-la-jornada-experiencies-en-sistemes-de-gestio-de-dosis-en-diagnostic-per-la-imatge\/\" \/>\n<meta property=\"og:locale\" content=\"en_US\" \/>\n<meta property=\"og:type\" content=\"article\" \/>\n<meta property=\"og:title\" content=\"Informe sobre la Jornada \u2018Experi\u00e8ncies en sistemes de gesti\u00f3 de dosis en diagn\u00f2stic per la imatge - Fundaci\u00f3 TIC Salut i Social\" \/>\n<meta property=\"og:description\" content=\"El passat dia 25 de Juny, a la Sala d\u2019Actes de l\u2019Acad\u00e8mia de Ci\u00e8ncies M\u00e8diques i de la Salut de Catalunya i Balears, a Barcelona, Radi\u00f2legs de Catalunya va celebrar la JORNADA \u2018EXPERI\u00c8NCIES EN SISTEMES DE GESTI\u00d3 DE DOSIS EN DIAGN\u00d2STIC PER LA IMATGE, amb un programa on s\u2019han explicat experi\u00e8ncies pr\u00e0ctiques sobre la gesti\u00f3 [&hellip;]\" \/>\n<meta property=\"og:url\" content=\"https:\/\/ticsalutsocial.atoom.space\/en\/noticia\/informe-sobre-la-jornada-experiencies-en-sistemes-de-gestio-de-dosis-en-diagnostic-per-la-imatge\/\" \/>\n<meta property=\"og:site_name\" content=\"Fundaci\u00f3 TIC Salut i Social\" \/>\n<meta property=\"article:modified_time\" content=\"2021-07-21T13:36:33+00:00\" \/>\n<meta property=\"og:image\" content=\"https:\/\/ticsalutsocial.atoom.space\/wp-content\/uploads\/2018\/06\/img_20180625_101752033_hdr-scaled.jpg\" \/>\n\t<meta property=\"og:image:width\" content=\"2560\" \/>\n\t<meta property=\"og:image:height\" content=\"1920\" \/>\n\t<meta property=\"og:image:type\" content=\"image\/jpeg\" \/>\n<meta name=\"twitter:card\" content=\"summary_large_image\" \/>\n<meta name=\"twitter:label1\" content=\"Est. reading time\" \/>\n\t<meta name=\"twitter:data1\" content=\"6 minutes\" \/>\n<script type=\"application\/ld+json\" class=\"yoast-schema-graph\">{\"@context\":\"https:\/\/schema.org\",\"@graph\":[{\"@type\":\"WebPage\",\"@id\":\"https:\/\/ticsalutsocial.atoom.space\/en\/noticia\/informe-sobre-la-jornada-experiencies-en-sistemes-de-gestio-de-dosis-en-diagnostic-per-la-imatge\/\",\"url\":\"https:\/\/ticsalutsocial.atoom.space\/en\/noticia\/informe-sobre-la-jornada-experiencies-en-sistemes-de-gestio-de-dosis-en-diagnostic-per-la-imatge\/\",\"name\":\"Informe sobre la Jornada \u2018Experi\u00e8ncies en sistemes de gesti\u00f3 de dosis en diagn\u00f2stic per la imatge - Fundaci\u00f3 TIC Salut i Social\",\"isPartOf\":{\"@id\":\"https:\/\/ticsalutsocial.atoom.space\/en\/#website\"},\"primaryImageOfPage\":{\"@id\":\"https:\/\/ticsalutsocial.atoom.space\/en\/noticia\/informe-sobre-la-jornada-experiencies-en-sistemes-de-gestio-de-dosis-en-diagnostic-per-la-imatge\/#primaryimage\"},\"image\":{\"@id\":\"https:\/\/ticsalutsocial.atoom.space\/en\/noticia\/informe-sobre-la-jornada-experiencies-en-sistemes-de-gestio-de-dosis-en-diagnostic-per-la-imatge\/#primaryimage\"},\"thumbnailUrl\":\"https:\/\/ticsalutsocial.atoom.space\/wp-content\/uploads\/2018\/06\/img_20180625_101752033_hdr-scaled.jpg\",\"datePublished\":\"2018-06-29T08:25:52+00:00\",\"dateModified\":\"2021-07-21T13:36:33+00:00\",\"breadcrumb\":{\"@id\":\"https:\/\/ticsalutsocial.atoom.space\/en\/noticia\/informe-sobre-la-jornada-experiencies-en-sistemes-de-gestio-de-dosis-en-diagnostic-per-la-imatge\/#breadcrumb\"},\"inLanguage\":\"en-US\",\"potentialAction\":[{\"@type\":\"ReadAction\",\"target\":[\"https:\/\/ticsalutsocial.atoom.space\/en\/noticia\/informe-sobre-la-jornada-experiencies-en-sistemes-de-gestio-de-dosis-en-diagnostic-per-la-imatge\/\"]}]},{\"@type\":\"ImageObject\",\"inLanguage\":\"en-US\",\"@id\":\"https:\/\/ticsalutsocial.atoom.space\/en\/noticia\/informe-sobre-la-jornada-experiencies-en-sistemes-de-gestio-de-dosis-en-diagnostic-per-la-imatge\/#primaryimage\",\"url\":\"https:\/\/ticsalutsocial.atoom.space\/wp-content\/uploads\/2018\/06\/img_20180625_101752033_hdr-scaled.jpg\",\"contentUrl\":\"https:\/\/ticsalutsocial.atoom.space\/wp-content\/uploads\/2018\/06\/img_20180625_101752033_hdr-scaled.jpg\",\"width\":2560,\"height\":1920},{\"@type\":\"BreadcrumbList\",\"@id\":\"https:\/\/ticsalutsocial.atoom.space\/en\/noticia\/informe-sobre-la-jornada-experiencies-en-sistemes-de-gestio-de-dosis-en-diagnostic-per-la-imatge\/#breadcrumb\",\"itemListElement\":[{\"@type\":\"ListItem\",\"position\":1,\"name\":\"Inici\",\"item\":\"https:\/\/ticsalutsocial.atoom.space\/en\/\"},{\"@type\":\"ListItem\",\"position\":2,\"name\":\"Informe sobre la Jornada \u2018Experi\u00e8ncies en sistemes de gesti\u00f3 de dosis en diagn\u00f2stic per la imatge\"}]},{\"@type\":\"WebSite\",\"@id\":\"https:\/\/ticsalutsocial.atoom.space\/en\/#website\",\"url\":\"https:\/\/ticsalutsocial.atoom.space\/en\/\",\"name\":\"Fundaci\u00f3 TIC Salut i Social\",\"description\":\"\",\"potentialAction\":[{\"@type\":\"SearchAction\",\"target\":{\"@type\":\"EntryPoint\",\"urlTemplate\":\"https:\/\/ticsalutsocial.atoom.space\/en\/?s={search_term_string}\"},\"query-input\":{\"@type\":\"PropertyValueSpecification\",\"valueRequired\":true,\"valueName\":\"search_term_string\"}}],\"inLanguage\":\"en-US\"}]}<\/script>\n<!-- \/ Yoast SEO plugin. -->","yoast_head_json":{"title":"Informe sobre la Jornada \u2018Experi\u00e8ncies en sistemes de gesti\u00f3 de dosis en diagn\u00f2stic per la imatge - Fundaci\u00f3 TIC Salut i Social","robots":{"index":"index","follow":"follow","max-snippet":"max-snippet:-1","max-image-preview":"max-image-preview:large","max-video-preview":"max-video-preview:-1"},"canonical":"https:\/\/ticsalutsocial.atoom.space\/en\/noticia\/informe-sobre-la-jornada-experiencies-en-sistemes-de-gestio-de-dosis-en-diagnostic-per-la-imatge\/","og_locale":"en_US","og_type":"article","og_title":"Informe sobre la Jornada \u2018Experi\u00e8ncies en sistemes de gesti\u00f3 de dosis en diagn\u00f2stic per la imatge - Fundaci\u00f3 TIC Salut i Social","og_description":"El passat dia 25 de Juny, a la Sala d\u2019Actes de l\u2019Acad\u00e8mia de Ci\u00e8ncies M\u00e8diques i de la Salut de Catalunya i Balears, a Barcelona, Radi\u00f2legs de Catalunya va celebrar la JORNADA \u2018EXPERI\u00c8NCIES EN SISTEMES DE GESTI\u00d3 DE DOSIS EN DIAGN\u00d2STIC PER LA IMATGE, amb un programa on s\u2019han explicat experi\u00e8ncies pr\u00e0ctiques sobre la gesti\u00f3 [&hellip;]","og_url":"https:\/\/ticsalutsocial.atoom.space\/en\/noticia\/informe-sobre-la-jornada-experiencies-en-sistemes-de-gestio-de-dosis-en-diagnostic-per-la-imatge\/","og_site_name":"Fundaci\u00f3 TIC Salut i Social","article_modified_time":"2021-07-21T13:36:33+00:00","og_image":[{"width":2560,"height":1920,"url":"https:\/\/ticsalutsocial.atoom.space\/wp-content\/uploads\/2018\/06\/img_20180625_101752033_hdr-scaled.jpg","type":"image\/jpeg"}],"twitter_card":"summary_large_image","twitter_misc":{"Est. reading time":"6 minutes"},"schema":{"@context":"https:\/\/schema.org","@graph":[{"@type":"WebPage","@id":"https:\/\/ticsalutsocial.atoom.space\/en\/noticia\/informe-sobre-la-jornada-experiencies-en-sistemes-de-gestio-de-dosis-en-diagnostic-per-la-imatge\/","url":"https:\/\/ticsalutsocial.atoom.space\/en\/noticia\/informe-sobre-la-jornada-experiencies-en-sistemes-de-gestio-de-dosis-en-diagnostic-per-la-imatge\/","name":"Informe sobre la Jornada \u2018Experi\u00e8ncies en sistemes de gesti\u00f3 de dosis en diagn\u00f2stic per la imatge - Fundaci\u00f3 TIC Salut i Social","isPartOf":{"@id":"https:\/\/ticsalutsocial.atoom.space\/en\/#website"},"primaryImageOfPage":{"@id":"https:\/\/ticsalutsocial.atoom.space\/en\/noticia\/informe-sobre-la-jornada-experiencies-en-sistemes-de-gestio-de-dosis-en-diagnostic-per-la-imatge\/#primaryimage"},"image":{"@id":"https:\/\/ticsalutsocial.atoom.space\/en\/noticia\/informe-sobre-la-jornada-experiencies-en-sistemes-de-gestio-de-dosis-en-diagnostic-per-la-imatge\/#primaryimage"},"thumbnailUrl":"https:\/\/ticsalutsocial.atoom.space\/wp-content\/uploads\/2018\/06\/img_20180625_101752033_hdr-scaled.jpg","datePublished":"2018-06-29T08:25:52+00:00","dateModified":"2021-07-21T13:36:33+00:00","breadcrumb":{"@id":"https:\/\/ticsalutsocial.atoom.space\/en\/noticia\/informe-sobre-la-jornada-experiencies-en-sistemes-de-gestio-de-dosis-en-diagnostic-per-la-imatge\/#breadcrumb"},"inLanguage":"en-US","potentialAction":[{"@type":"ReadAction","target":["https:\/\/ticsalutsocial.atoom.space\/en\/noticia\/informe-sobre-la-jornada-experiencies-en-sistemes-de-gestio-de-dosis-en-diagnostic-per-la-imatge\/"]}]},{"@type":"ImageObject","inLanguage":"en-US","@id":"https:\/\/ticsalutsocial.atoom.space\/en\/noticia\/informe-sobre-la-jornada-experiencies-en-sistemes-de-gestio-de-dosis-en-diagnostic-per-la-imatge\/#primaryimage","url":"https:\/\/ticsalutsocial.atoom.space\/wp-content\/uploads\/2018\/06\/img_20180625_101752033_hdr-scaled.jpg","contentUrl":"https:\/\/ticsalutsocial.atoom.space\/wp-content\/uploads\/2018\/06\/img_20180625_101752033_hdr-scaled.jpg","width":2560,"height":1920},{"@type":"BreadcrumbList","@id":"https:\/\/ticsalutsocial.atoom.space\/en\/noticia\/informe-sobre-la-jornada-experiencies-en-sistemes-de-gestio-de-dosis-en-diagnostic-per-la-imatge\/#breadcrumb","itemListElement":[{"@type":"ListItem","position":1,"name":"Inici","item":"https:\/\/ticsalutsocial.atoom.space\/en\/"},{"@type":"ListItem","position":2,"name":"Informe sobre la Jornada \u2018Experi\u00e8ncies en sistemes de gesti\u00f3 de dosis en diagn\u00f2stic per la imatge"}]},{"@type":"WebSite","@id":"https:\/\/ticsalutsocial.atoom.space\/en\/#website","url":"https:\/\/ticsalutsocial.atoom.space\/en\/","name":"Fundaci\u00f3 TIC Salut i Social","description":"","potentialAction":[{"@type":"SearchAction","target":{"@type":"EntryPoint","urlTemplate":"https:\/\/ticsalutsocial.atoom.space\/en\/?s={search_term_string}"},"query-input":{"@type":"PropertyValueSpecification","valueRequired":true,"valueName":"search_term_string"}}],"inLanguage":"en-US"}]}},"_links":{"self":[{"href":"https:\/\/ticsalutsocial.atoom.space\/en\/wp-json\/wp\/v2\/noticia\/3398","targetHints":{"allow":["GET"]}}],"collection":[{"href":"https:\/\/ticsalutsocial.atoom.space\/en\/wp-json\/wp\/v2\/noticia"}],"about":[{"href":"https:\/\/ticsalutsocial.atoom.space\/en\/wp-json\/wp\/v2\/types\/noticia"}],"author":[{"embeddable":true,"href":"https:\/\/ticsalutsocial.atoom.space\/en\/wp-json\/wp\/v2\/users\/21"}],"wp:featuredmedia":[{"embeddable":true,"href":"https:\/\/ticsalutsocial.atoom.space\/en\/wp-json\/wp\/v2\/media\/3395"}],"wp:attachment":[{"href":"https:\/\/ticsalutsocial.atoom.space\/en\/wp-json\/wp\/v2\/media?parent=3398"}],"wp:term":[{"taxonomy":"etiqueta","embeddable":true,"href":"https:\/\/ticsalutsocial.atoom.space\/en\/wp-json\/wp\/v2\/etiqueta?post=3398"},{"taxonomy":"tipus","embeddable":true,"href":"https:\/\/ticsalutsocial.atoom.space\/en\/wp-json\/wp\/v2\/tipus?post=3398"},{"taxonomy":"topic","embeddable":true,"href":"https:\/\/ticsalutsocial.atoom.space\/en\/wp-json\/wp\/v2\/topic?post=3398"}],"curies":[{"name":"wp","href":"https:\/\/api.w.org\/{rel}","templated":true}]}}