
{"id":3405,"date":"2018-07-04T13:15:35","date_gmt":"2018-07-04T11:15:35","guid":{"rendered":"https:\/\/ticsalutsocial.atoom.space\/?post_type=noticia&#038;p=3405"},"modified":"2021-07-21T15:36:37","modified_gmt":"2021-07-21T13:36:37","slug":"el-model-de-nonaka-i-takeuchi","status":"publish","type":"noticia","link":"https:\/\/ticsalutsocial.atoom.space\/en\/noticia\/el-model-de-nonaka-i-takeuchi\/","title":{"rendered":"El model de Nonaka i Takeuchi"},"content":{"rendered":"<p><iframe loading=\"lazy\" title=\"Nonakas knowledge model\" width=\"500\" height=\"375\" src=\"https:\/\/www.youtube.com\/embed\/p_FcJaknptY?feature=oembed\" frameborder=\"0\" allow=\"accelerometer; autoplay; clipboard-write; encrypted-media; gyroscope; picture-in-picture; web-share\" referrerpolicy=\"strict-origin-when-cross-origin\" allowfullscreen><\/iframe><\/p>\n<p><span style=\"font-weight: 400\">En el seu llibre de 1995 titulat \u201cThe Knowledge-Creating Company\u201d, Nonaka i Takeuchi van proposar una teoria per explicar el fenomen de la creaci\u00f3 del coneixement organitzatiu. La creaci\u00f3 de coneixement organitzatiu es va definir com &#8220;&#8230; la capacitat d&#8217;una empresa per crear nous coneixements, difondre\u2019ls a tota l&#8217;organitzaci\u00f3 i transformar-los en productes, serveis i sistemes\u201d. Nonaka i Takeuchi van argumentar que el coneixement \u00e9s inicialment creat per individus i que el coneixement creat pels individus es converteix en coneixement organitzatiu a trav\u00e9s d&#8217;un proc\u00e9s de desenvolupament en espiral. Els autors assenyalen que hi ha dos tipus de coneixement: el coneixement expl\u00edcit, contingut en manuals i procediments, i el coneixement t\u00e0cit, nom\u00e9s apr\u00e8s per l&#8217;experi\u00e8ncia, i que es comunica nom\u00e9s de manera indirecta, a trav\u00e9s de la met\u00e0fora i l&#8217;analogia. Els directius dels EUA se centren en el coneixement expl\u00edcit. Els japonesos, en canvi, se centren en el coneixement t\u00e0cit. I aix\u00f2, argumenten els autors, \u00e9s la clau del seu \u00e8xit: els japonesos han apr\u00e8s a transformar el t\u00e0cit en coneixement expl\u00edcit, tal com es mostra en la representaci\u00f3 gr\u00e0fica del v\u00eddeo.<\/span><\/p>\n<p>&nbsp;<\/p>\n","protected":false},"author":21,"featured_media":3401,"menu_order":0,"template":"","meta":{"_acf_changed":false,"inline_featured_image":false},"etiqueta":[],"tipus":[],"topic":[118],"class_list":["post-3405","noticia","type-noticia","status-publish","has-post-thumbnail","hentry","topic-innovation"],"acf":{"imatge":3402,"autor":"Marc De San Pedro","textos_destacats":[{"texte":"Una representaci\u00f3 gr\u00e0fica de model de gesti\u00f3 del coneixement"}]},"yoast_head":"<!-- This site is optimized with the Yoast SEO plugin v27.1.1 - https:\/\/yoast.com\/product\/yoast-seo-wordpress\/ -->\n<title>El model de Nonaka i Takeuchi - Fundaci\u00f3 TIC Salut i Social<\/title>\n<meta name=\"robots\" content=\"index, follow, max-snippet:-1, max-image-preview:large, max-video-preview:-1\" \/>\n<link rel=\"canonical\" href=\"https:\/\/ticsalutsocial.atoom.space\/en\/noticia\/el-model-de-nonaka-i-takeuchi\/\" \/>\n<meta property=\"og:locale\" content=\"en_US\" \/>\n<meta property=\"og:type\" content=\"article\" \/>\n<meta property=\"og:title\" content=\"El model de Nonaka i Takeuchi - Fundaci\u00f3 TIC Salut i Social\" \/>\n<meta property=\"og:description\" content=\"En el seu llibre de 1995 titulat \u201cThe Knowledge-Creating Company\u201d, Nonaka i Takeuchi van proposar una teoria per explicar el fenomen de la creaci\u00f3 del coneixement organitzatiu. La creaci\u00f3 de coneixement organitzatiu es va definir com &#8220;&#8230; la capacitat d&#8217;una empresa per crear nous coneixements, difondre\u2019ls a tota l&#8217;organitzaci\u00f3 i transformar-los en productes, serveis i [&hellip;]\" \/>\n<meta property=\"og:url\" content=\"https:\/\/ticsalutsocial.atoom.space\/en\/noticia\/el-model-de-nonaka-i-takeuchi\/\" \/>\n<meta property=\"og:site_name\" content=\"Fundaci\u00f3 TIC Salut i Social\" \/>\n<meta property=\"article:modified_time\" content=\"2021-07-21T13:36:37+00:00\" \/>\n<meta property=\"og:image\" content=\"https:\/\/ticsalutsocial.atoom.space\/wp-content\/uploads\/2018\/07\/ntakeuchi.jpg\" \/>\n\t<meta property=\"og:image:width\" content=\"628\" \/>\n\t<meta property=\"og:image:height\" content=\"642\" \/>\n\t<meta property=\"og:image:type\" content=\"image\/jpeg\" \/>\n<meta name=\"twitter:card\" content=\"summary_large_image\" \/>\n<meta name=\"twitter:label1\" content=\"Est. reading time\" \/>\n\t<meta name=\"twitter:data1\" content=\"1 minute\" \/>\n<script type=\"application\/ld+json\" class=\"yoast-schema-graph\">{\"@context\":\"https:\/\/schema.org\",\"@graph\":[{\"@type\":\"WebPage\",\"@id\":\"https:\/\/ticsalutsocial.atoom.space\/en\/noticia\/el-model-de-nonaka-i-takeuchi\/\",\"url\":\"https:\/\/ticsalutsocial.atoom.space\/en\/noticia\/el-model-de-nonaka-i-takeuchi\/\",\"name\":\"El model de Nonaka i Takeuchi - Fundaci\u00f3 TIC Salut i Social\",\"isPartOf\":{\"@id\":\"https:\/\/ticsalutsocial.atoom.space\/en\/#website\"},\"primaryImageOfPage\":{\"@id\":\"https:\/\/ticsalutsocial.atoom.space\/en\/noticia\/el-model-de-nonaka-i-takeuchi\/#primaryimage\"},\"image\":{\"@id\":\"https:\/\/ticsalutsocial.atoom.space\/en\/noticia\/el-model-de-nonaka-i-takeuchi\/#primaryimage\"},\"thumbnailUrl\":\"https:\/\/ticsalutsocial.atoom.space\/wp-content\/uploads\/2018\/07\/ntakeuchi.jpg\",\"datePublished\":\"2018-07-04T11:15:35+00:00\",\"dateModified\":\"2021-07-21T13:36:37+00:00\",\"breadcrumb\":{\"@id\":\"https:\/\/ticsalutsocial.atoom.space\/en\/noticia\/el-model-de-nonaka-i-takeuchi\/#breadcrumb\"},\"inLanguage\":\"en-US\",\"potentialAction\":[{\"@type\":\"ReadAction\",\"target\":[\"https:\/\/ticsalutsocial.atoom.space\/en\/noticia\/el-model-de-nonaka-i-takeuchi\/\"]}]},{\"@type\":\"ImageObject\",\"inLanguage\":\"en-US\",\"@id\":\"https:\/\/ticsalutsocial.atoom.space\/en\/noticia\/el-model-de-nonaka-i-takeuchi\/#primaryimage\",\"url\":\"https:\/\/ticsalutsocial.atoom.space\/wp-content\/uploads\/2018\/07\/ntakeuchi.jpg\",\"contentUrl\":\"https:\/\/ticsalutsocial.atoom.space\/wp-content\/uploads\/2018\/07\/ntakeuchi.jpg\",\"width\":628,\"height\":642},{\"@type\":\"BreadcrumbList\",\"@id\":\"https:\/\/ticsalutsocial.atoom.space\/en\/noticia\/el-model-de-nonaka-i-takeuchi\/#breadcrumb\",\"itemListElement\":[{\"@type\":\"ListItem\",\"position\":1,\"name\":\"Inici\",\"item\":\"https:\/\/ticsalutsocial.atoom.space\/en\/\"},{\"@type\":\"ListItem\",\"position\":2,\"name\":\"El model de Nonaka i Takeuchi\"}]},{\"@type\":\"WebSite\",\"@id\":\"https:\/\/ticsalutsocial.atoom.space\/en\/#website\",\"url\":\"https:\/\/ticsalutsocial.atoom.space\/en\/\",\"name\":\"Fundaci\u00f3 TIC Salut i Social\",\"description\":\"\",\"potentialAction\":[{\"@type\":\"SearchAction\",\"target\":{\"@type\":\"EntryPoint\",\"urlTemplate\":\"https:\/\/ticsalutsocial.atoom.space\/en\/?s={search_term_string}\"},\"query-input\":{\"@type\":\"PropertyValueSpecification\",\"valueRequired\":true,\"valueName\":\"search_term_string\"}}],\"inLanguage\":\"en-US\"}]}<\/script>\n<!-- \/ Yoast SEO plugin. -->","yoast_head_json":{"title":"El model de Nonaka i Takeuchi - Fundaci\u00f3 TIC Salut i Social","robots":{"index":"index","follow":"follow","max-snippet":"max-snippet:-1","max-image-preview":"max-image-preview:large","max-video-preview":"max-video-preview:-1"},"canonical":"https:\/\/ticsalutsocial.atoom.space\/en\/noticia\/el-model-de-nonaka-i-takeuchi\/","og_locale":"en_US","og_type":"article","og_title":"El model de Nonaka i Takeuchi - Fundaci\u00f3 TIC Salut i Social","og_description":"En el seu llibre de 1995 titulat \u201cThe Knowledge-Creating Company\u201d, Nonaka i Takeuchi van proposar una teoria per explicar el fenomen de la creaci\u00f3 del coneixement organitzatiu. La creaci\u00f3 de coneixement organitzatiu es va definir com &#8220;&#8230; la capacitat d&#8217;una empresa per crear nous coneixements, difondre\u2019ls a tota l&#8217;organitzaci\u00f3 i transformar-los en productes, serveis i [&hellip;]","og_url":"https:\/\/ticsalutsocial.atoom.space\/en\/noticia\/el-model-de-nonaka-i-takeuchi\/","og_site_name":"Fundaci\u00f3 TIC Salut i Social","article_modified_time":"2021-07-21T13:36:37+00:00","og_image":[{"width":628,"height":642,"url":"https:\/\/ticsalutsocial.atoom.space\/wp-content\/uploads\/2018\/07\/ntakeuchi.jpg","type":"image\/jpeg"}],"twitter_card":"summary_large_image","twitter_misc":{"Est. reading time":"1 minute"},"schema":{"@context":"https:\/\/schema.org","@graph":[{"@type":"WebPage","@id":"https:\/\/ticsalutsocial.atoom.space\/en\/noticia\/el-model-de-nonaka-i-takeuchi\/","url":"https:\/\/ticsalutsocial.atoom.space\/en\/noticia\/el-model-de-nonaka-i-takeuchi\/","name":"El model de Nonaka i Takeuchi - Fundaci\u00f3 TIC Salut i Social","isPartOf":{"@id":"https:\/\/ticsalutsocial.atoom.space\/en\/#website"},"primaryImageOfPage":{"@id":"https:\/\/ticsalutsocial.atoom.space\/en\/noticia\/el-model-de-nonaka-i-takeuchi\/#primaryimage"},"image":{"@id":"https:\/\/ticsalutsocial.atoom.space\/en\/noticia\/el-model-de-nonaka-i-takeuchi\/#primaryimage"},"thumbnailUrl":"https:\/\/ticsalutsocial.atoom.space\/wp-content\/uploads\/2018\/07\/ntakeuchi.jpg","datePublished":"2018-07-04T11:15:35+00:00","dateModified":"2021-07-21T13:36:37+00:00","breadcrumb":{"@id":"https:\/\/ticsalutsocial.atoom.space\/en\/noticia\/el-model-de-nonaka-i-takeuchi\/#breadcrumb"},"inLanguage":"en-US","potentialAction":[{"@type":"ReadAction","target":["https:\/\/ticsalutsocial.atoom.space\/en\/noticia\/el-model-de-nonaka-i-takeuchi\/"]}]},{"@type":"ImageObject","inLanguage":"en-US","@id":"https:\/\/ticsalutsocial.atoom.space\/en\/noticia\/el-model-de-nonaka-i-takeuchi\/#primaryimage","url":"https:\/\/ticsalutsocial.atoom.space\/wp-content\/uploads\/2018\/07\/ntakeuchi.jpg","contentUrl":"https:\/\/ticsalutsocial.atoom.space\/wp-content\/uploads\/2018\/07\/ntakeuchi.jpg","width":628,"height":642},{"@type":"BreadcrumbList","@id":"https:\/\/ticsalutsocial.atoom.space\/en\/noticia\/el-model-de-nonaka-i-takeuchi\/#breadcrumb","itemListElement":[{"@type":"ListItem","position":1,"name":"Inici","item":"https:\/\/ticsalutsocial.atoom.space\/en\/"},{"@type":"ListItem","position":2,"name":"El model de Nonaka i Takeuchi"}]},{"@type":"WebSite","@id":"https:\/\/ticsalutsocial.atoom.space\/en\/#website","url":"https:\/\/ticsalutsocial.atoom.space\/en\/","name":"Fundaci\u00f3 TIC Salut i Social","description":"","potentialAction":[{"@type":"SearchAction","target":{"@type":"EntryPoint","urlTemplate":"https:\/\/ticsalutsocial.atoom.space\/en\/?s={search_term_string}"},"query-input":{"@type":"PropertyValueSpecification","valueRequired":true,"valueName":"search_term_string"}}],"inLanguage":"en-US"}]}},"_links":{"self":[{"href":"https:\/\/ticsalutsocial.atoom.space\/en\/wp-json\/wp\/v2\/noticia\/3405","targetHints":{"allow":["GET"]}}],"collection":[{"href":"https:\/\/ticsalutsocial.atoom.space\/en\/wp-json\/wp\/v2\/noticia"}],"about":[{"href":"https:\/\/ticsalutsocial.atoom.space\/en\/wp-json\/wp\/v2\/types\/noticia"}],"author":[{"embeddable":true,"href":"https:\/\/ticsalutsocial.atoom.space\/en\/wp-json\/wp\/v2\/users\/21"}],"wp:featuredmedia":[{"embeddable":true,"href":"https:\/\/ticsalutsocial.atoom.space\/en\/wp-json\/wp\/v2\/media\/3401"}],"wp:attachment":[{"href":"https:\/\/ticsalutsocial.atoom.space\/en\/wp-json\/wp\/v2\/media?parent=3405"}],"wp:term":[{"taxonomy":"etiqueta","embeddable":true,"href":"https:\/\/ticsalutsocial.atoom.space\/en\/wp-json\/wp\/v2\/etiqueta?post=3405"},{"taxonomy":"tipus","embeddable":true,"href":"https:\/\/ticsalutsocial.atoom.space\/en\/wp-json\/wp\/v2\/tipus?post=3405"},{"taxonomy":"topic","embeddable":true,"href":"https:\/\/ticsalutsocial.atoom.space\/en\/wp-json\/wp\/v2\/topic?post=3405"}],"curies":[{"name":"wp","href":"https:\/\/api.w.org\/{rel}","templated":true}]}}