
{"id":34115,"date":"2025-10-29T15:59:38","date_gmt":"2025-10-29T13:59:38","guid":{"rendered":"https:\/\/ticsalutsocial.atoom.space\/noticia\/reconeixement-de-lhospital-josep-trueta-al-projecte-dus-de-drons-en-neurorehabilitacio\/"},"modified":"2025-10-30T12:45:32","modified_gmt":"2025-10-30T10:45:32","slug":"reconeixement-de-lhospital-josep-trueta-al-projecte-dus-de-drons-en-neurorehabilitacio","status":"publish","type":"noticia","link":"https:\/\/ticsalutsocial.atoom.space\/en\/noticia\/reconeixement-de-lhospital-josep-trueta-al-projecte-dus-de-drons-en-neurorehabilitacio\/","title":{"rendered":"Josep Trueta Hospital recognises the project using drones in neurorehabilitation with a Stroke Unit Award"},"content":{"rendered":"\n<p>The pilot study on the use of drones in the neurorehabilitation of patients with vascular brain injury and frontal dysfunction, led by the Fundaci\u00f3 Hospital d\u2019Olot i Comarcal de la Garrotxa and the TIC Salut i Social Foundation, in collaboration with UPC, has been awarded one of the 2025 Stroke Unit Prizes by the Josep Trueta University Hospital in Girona. The awards were presented yesterday during a prevention day event organised to mark World Stroke Day.<\/p>\n\n\n\n<p>The award-winning project, still in its pilot phase, aims to <strong>improve rehabilitation processes for patients with neurological conditions<\/strong> through exercises using small drones, enabling therapies to be tailored to each individual\u2019s needs. The drones, designed for indoor use, can serve as motivational tools in rehabilitation processes, as their flight and control dynamics stimulate both the motor and cognitive systems.<\/p>\n\n\n\n<p>The award was collected by <strong>Marta Linares<\/strong> and <strong>Neus Dom\u00e8nech<\/strong> on behalf of the Fundaci\u00f3 Hospital d\u2019Olot i Comarcal de la Garrotxa, and by <strong>Pau Gallinat<\/strong>, a member of the Personalised Digital Care team at the TIC Salut i Social Foundation.<\/p>\n\n\n\n<p>The Stroke Unit also recognised the project \u201cReconnecting after Stroke: Emotional Support and Guidance for Patients and Families\u201d, which focuses on emotional and community support for people who have experienced a stroke.<\/p>\n\n\n\n<p>More information: <a href=\"https:\/\/icsgirona.cat\/ca\/actualitat\/lhospital-trueta-commemora-el-dia-mundial-de-lictus-amb-una-jornada-centrada-en-la\" target=\"_blank\" rel=\"noreferrer noopener\">press release from the Josep Trueta University Hospital<\/a>.<\/p>\n\n\n\n<p><\/p>\n","protected":false},"author":12,"featured_media":34113,"menu_order":0,"template":"","meta":{"_acf_changed":false,"inline_featured_image":false},"etiqueta":[],"tipus":[1185],"topic":[128],"class_list":["post-34115","noticia","type-noticia","status-publish","has-post-thumbnail","hentry","tipus-ehealth-en-2","topic-projects"],"acf":{"finalitzat":false,"tipus_plantilla":"objectius","template_objectius":{"cont_principal":"","imatge":false,"cont_seguent":{"titol":"","contingut":""},"seccio_llistat":{"titol":"","llistat":false},"objectius":{"titol":"","objectius":false},"documents":false},"autor":"","imatge":34113,"textos_destacats":[{"texte":"The Fundaci\u00f3 Hospital d\u2019Olot i Comarcal de la Garrotxa and the TIC Salut i Social Foundation have received one of the 2025 Stroke Unit Awards."}],"documents":false},"yoast_head":"<!-- This site is optimized with the Yoast SEO plugin v27.1.1 - https:\/\/yoast.com\/product\/yoast-seo-wordpress\/ -->\n<title>Josep Trueta Hospital recognises the project using drones in neurorehabilitation with a Stroke Unit Award - Fundaci\u00f3 TIC Salut i Social<\/title>\n<meta name=\"description\" content=\"La prova pilot sobre l\u2019\u00fas de drons en neurorehabilitaci\u00f3 de pacients amb dany cerebral vascular i disfunci\u00f3 frontal ha rebut un dels Premis Unitat d\u2019Ictus 2025\" \/>\n<meta name=\"robots\" content=\"index, follow, max-snippet:-1, max-image-preview:large, max-video-preview:-1\" \/>\n<link rel=\"canonical\" href=\"https:\/\/ticsalutsocial.atoom.space\/en\/noticia\/reconeixement-de-lhospital-josep-trueta-al-projecte-dus-de-drons-en-neurorehabilitacio\/\" \/>\n<meta property=\"og:locale\" content=\"en_US\" \/>\n<meta property=\"og:type\" content=\"article\" \/>\n<meta property=\"og:title\" content=\"Josep Trueta Hospital recognises the project using drones in neurorehabilitation with a Stroke Unit Award - Fundaci\u00f3 TIC Salut i Social\" \/>\n<meta property=\"og:description\" content=\"La prova pilot sobre l\u2019\u00fas de drons en neurorehabilitaci\u00f3 de pacients amb dany cerebral vascular i disfunci\u00f3 frontal ha rebut un dels Premis Unitat d\u2019Ictus 2025\" \/>\n<meta property=\"og:url\" content=\"https:\/\/ticsalutsocial.atoom.space\/en\/noticia\/reconeixement-de-lhospital-josep-trueta-al-projecte-dus-de-drons-en-neurorehabilitacio\/\" \/>\n<meta property=\"og:site_name\" content=\"Fundaci\u00f3 TIC Salut i Social\" \/>\n<meta property=\"article:modified_time\" content=\"2025-10-30T10:45:32+00:00\" \/>\n<meta property=\"og:image\" content=\"https:\/\/ticsalutsocial.atoom.space\/wp-content\/uploads\/2025\/10\/Premis-Unitat-Ictus-equip-drons.png\" \/>\n\t<meta property=\"og:image:width\" content=\"1280\" \/>\n\t<meta property=\"og:image:height\" content=\"960\" \/>\n\t<meta property=\"og:image:type\" content=\"image\/png\" \/>\n<meta name=\"twitter:card\" content=\"summary_large_image\" \/>\n<meta name=\"twitter:label1\" content=\"Est. reading time\" \/>\n\t<meta name=\"twitter:data1\" content=\"2 minutes\" \/>\n<script type=\"application\/ld+json\" class=\"yoast-schema-graph\">{\"@context\":\"https:\/\/schema.org\",\"@graph\":[{\"@type\":\"WebPage\",\"@id\":\"https:\/\/ticsalutsocial.atoom.space\/en\/noticia\/reconeixement-de-lhospital-josep-trueta-al-projecte-dus-de-drons-en-neurorehabilitacio\/\",\"url\":\"https:\/\/ticsalutsocial.atoom.space\/en\/noticia\/reconeixement-de-lhospital-josep-trueta-al-projecte-dus-de-drons-en-neurorehabilitacio\/\",\"name\":\"Josep Trueta Hospital recognises the project using drones in neurorehabilitation with a Stroke Unit Award - Fundaci\u00f3 TIC Salut i Social\",\"isPartOf\":{\"@id\":\"https:\/\/ticsalutsocial.atoom.space\/en\/#website\"},\"primaryImageOfPage\":{\"@id\":\"https:\/\/ticsalutsocial.atoom.space\/en\/noticia\/reconeixement-de-lhospital-josep-trueta-al-projecte-dus-de-drons-en-neurorehabilitacio\/#primaryimage\"},\"image\":{\"@id\":\"https:\/\/ticsalutsocial.atoom.space\/en\/noticia\/reconeixement-de-lhospital-josep-trueta-al-projecte-dus-de-drons-en-neurorehabilitacio\/#primaryimage\"},\"thumbnailUrl\":\"https:\/\/ticsalutsocial.atoom.space\/wp-content\/uploads\/2025\/10\/Premis-Unitat-Ictus-equip-drons.png\",\"datePublished\":\"2025-10-29T13:59:38+00:00\",\"dateModified\":\"2025-10-30T10:45:32+00:00\",\"description\":\"La prova pilot sobre l\u2019\u00fas de drons en neurorehabilitaci\u00f3 de pacients amb dany cerebral vascular i disfunci\u00f3 frontal ha rebut un dels Premis Unitat d\u2019Ictus 2025\",\"breadcrumb\":{\"@id\":\"https:\/\/ticsalutsocial.atoom.space\/en\/noticia\/reconeixement-de-lhospital-josep-trueta-al-projecte-dus-de-drons-en-neurorehabilitacio\/#breadcrumb\"},\"inLanguage\":\"en-US\",\"potentialAction\":[{\"@type\":\"ReadAction\",\"target\":[\"https:\/\/ticsalutsocial.atoom.space\/en\/noticia\/reconeixement-de-lhospital-josep-trueta-al-projecte-dus-de-drons-en-neurorehabilitacio\/\"]}]},{\"@type\":\"ImageObject\",\"inLanguage\":\"en-US\",\"@id\":\"https:\/\/ticsalutsocial.atoom.space\/en\/noticia\/reconeixement-de-lhospital-josep-trueta-al-projecte-dus-de-drons-en-neurorehabilitacio\/#primaryimage\",\"url\":\"https:\/\/ticsalutsocial.atoom.space\/wp-content\/uploads\/2025\/10\/Premis-Unitat-Ictus-equip-drons.png\",\"contentUrl\":\"https:\/\/ticsalutsocial.atoom.space\/wp-content\/uploads\/2025\/10\/Premis-Unitat-Ictus-equip-drons.png\",\"width\":1280,\"height\":960,\"caption\":\"Drons en neurorehabilitaci\u00f3\"},{\"@type\":\"BreadcrumbList\",\"@id\":\"https:\/\/ticsalutsocial.atoom.space\/en\/noticia\/reconeixement-de-lhospital-josep-trueta-al-projecte-dus-de-drons-en-neurorehabilitacio\/#breadcrumb\",\"itemListElement\":[{\"@type\":\"ListItem\",\"position\":1,\"name\":\"Inici\",\"item\":\"https:\/\/ticsalutsocial.atoom.space\/en\/\"},{\"@type\":\"ListItem\",\"position\":2,\"name\":\"Josep Trueta Hospital recognises the project using drones in neurorehabilitation with a Stroke Unit Award\"}]},{\"@type\":\"WebSite\",\"@id\":\"https:\/\/ticsalutsocial.atoom.space\/en\/#website\",\"url\":\"https:\/\/ticsalutsocial.atoom.space\/en\/\",\"name\":\"Fundaci\u00f3 TIC Salut i Social\",\"description\":\"\",\"potentialAction\":[{\"@type\":\"SearchAction\",\"target\":{\"@type\":\"EntryPoint\",\"urlTemplate\":\"https:\/\/ticsalutsocial.atoom.space\/en\/?s={search_term_string}\"},\"query-input\":{\"@type\":\"PropertyValueSpecification\",\"valueRequired\":true,\"valueName\":\"search_term_string\"}}],\"inLanguage\":\"en-US\"}]}<\/script>\n<!-- \/ Yoast SEO plugin. -->","yoast_head_json":{"title":"Josep Trueta Hospital recognises the project using drones in neurorehabilitation with a Stroke Unit Award - Fundaci\u00f3 TIC Salut i Social","description":"La prova pilot sobre l\u2019\u00fas de drons en neurorehabilitaci\u00f3 de pacients amb dany cerebral vascular i disfunci\u00f3 frontal ha rebut un dels Premis Unitat d\u2019Ictus 2025","robots":{"index":"index","follow":"follow","max-snippet":"max-snippet:-1","max-image-preview":"max-image-preview:large","max-video-preview":"max-video-preview:-1"},"canonical":"https:\/\/ticsalutsocial.atoom.space\/en\/noticia\/reconeixement-de-lhospital-josep-trueta-al-projecte-dus-de-drons-en-neurorehabilitacio\/","og_locale":"en_US","og_type":"article","og_title":"Josep Trueta Hospital recognises the project using drones in neurorehabilitation with a Stroke Unit Award - Fundaci\u00f3 TIC Salut i Social","og_description":"La prova pilot sobre l\u2019\u00fas de drons en neurorehabilitaci\u00f3 de pacients amb dany cerebral vascular i disfunci\u00f3 frontal ha rebut un dels Premis Unitat d\u2019Ictus 2025","og_url":"https:\/\/ticsalutsocial.atoom.space\/en\/noticia\/reconeixement-de-lhospital-josep-trueta-al-projecte-dus-de-drons-en-neurorehabilitacio\/","og_site_name":"Fundaci\u00f3 TIC Salut i Social","article_modified_time":"2025-10-30T10:45:32+00:00","og_image":[{"width":1280,"height":960,"url":"https:\/\/ticsalutsocial.atoom.space\/wp-content\/uploads\/2025\/10\/Premis-Unitat-Ictus-equip-drons.png","type":"image\/png"}],"twitter_card":"summary_large_image","twitter_misc":{"Est. reading time":"2 minutes"},"schema":{"@context":"https:\/\/schema.org","@graph":[{"@type":"WebPage","@id":"https:\/\/ticsalutsocial.atoom.space\/en\/noticia\/reconeixement-de-lhospital-josep-trueta-al-projecte-dus-de-drons-en-neurorehabilitacio\/","url":"https:\/\/ticsalutsocial.atoom.space\/en\/noticia\/reconeixement-de-lhospital-josep-trueta-al-projecte-dus-de-drons-en-neurorehabilitacio\/","name":"Josep Trueta Hospital recognises the project using drones in neurorehabilitation with a Stroke Unit Award - Fundaci\u00f3 TIC Salut i Social","isPartOf":{"@id":"https:\/\/ticsalutsocial.atoom.space\/en\/#website"},"primaryImageOfPage":{"@id":"https:\/\/ticsalutsocial.atoom.space\/en\/noticia\/reconeixement-de-lhospital-josep-trueta-al-projecte-dus-de-drons-en-neurorehabilitacio\/#primaryimage"},"image":{"@id":"https:\/\/ticsalutsocial.atoom.space\/en\/noticia\/reconeixement-de-lhospital-josep-trueta-al-projecte-dus-de-drons-en-neurorehabilitacio\/#primaryimage"},"thumbnailUrl":"https:\/\/ticsalutsocial.atoom.space\/wp-content\/uploads\/2025\/10\/Premis-Unitat-Ictus-equip-drons.png","datePublished":"2025-10-29T13:59:38+00:00","dateModified":"2025-10-30T10:45:32+00:00","description":"La prova pilot sobre l\u2019\u00fas de drons en neurorehabilitaci\u00f3 de pacients amb dany cerebral vascular i disfunci\u00f3 frontal ha rebut un dels Premis Unitat d\u2019Ictus 2025","breadcrumb":{"@id":"https:\/\/ticsalutsocial.atoom.space\/en\/noticia\/reconeixement-de-lhospital-josep-trueta-al-projecte-dus-de-drons-en-neurorehabilitacio\/#breadcrumb"},"inLanguage":"en-US","potentialAction":[{"@type":"ReadAction","target":["https:\/\/ticsalutsocial.atoom.space\/en\/noticia\/reconeixement-de-lhospital-josep-trueta-al-projecte-dus-de-drons-en-neurorehabilitacio\/"]}]},{"@type":"ImageObject","inLanguage":"en-US","@id":"https:\/\/ticsalutsocial.atoom.space\/en\/noticia\/reconeixement-de-lhospital-josep-trueta-al-projecte-dus-de-drons-en-neurorehabilitacio\/#primaryimage","url":"https:\/\/ticsalutsocial.atoom.space\/wp-content\/uploads\/2025\/10\/Premis-Unitat-Ictus-equip-drons.png","contentUrl":"https:\/\/ticsalutsocial.atoom.space\/wp-content\/uploads\/2025\/10\/Premis-Unitat-Ictus-equip-drons.png","width":1280,"height":960,"caption":"Drons en neurorehabilitaci\u00f3"},{"@type":"BreadcrumbList","@id":"https:\/\/ticsalutsocial.atoom.space\/en\/noticia\/reconeixement-de-lhospital-josep-trueta-al-projecte-dus-de-drons-en-neurorehabilitacio\/#breadcrumb","itemListElement":[{"@type":"ListItem","position":1,"name":"Inici","item":"https:\/\/ticsalutsocial.atoom.space\/en\/"},{"@type":"ListItem","position":2,"name":"Josep Trueta Hospital recognises the project using drones in neurorehabilitation with a Stroke Unit Award"}]},{"@type":"WebSite","@id":"https:\/\/ticsalutsocial.atoom.space\/en\/#website","url":"https:\/\/ticsalutsocial.atoom.space\/en\/","name":"Fundaci\u00f3 TIC Salut i Social","description":"","potentialAction":[{"@type":"SearchAction","target":{"@type":"EntryPoint","urlTemplate":"https:\/\/ticsalutsocial.atoom.space\/en\/?s={search_term_string}"},"query-input":{"@type":"PropertyValueSpecification","valueRequired":true,"valueName":"search_term_string"}}],"inLanguage":"en-US"}]}},"_links":{"self":[{"href":"https:\/\/ticsalutsocial.atoom.space\/en\/wp-json\/wp\/v2\/noticia\/34115","targetHints":{"allow":["GET"]}}],"collection":[{"href":"https:\/\/ticsalutsocial.atoom.space\/en\/wp-json\/wp\/v2\/noticia"}],"about":[{"href":"https:\/\/ticsalutsocial.atoom.space\/en\/wp-json\/wp\/v2\/types\/noticia"}],"author":[{"embeddable":true,"href":"https:\/\/ticsalutsocial.atoom.space\/en\/wp-json\/wp\/v2\/users\/12"}],"wp:featuredmedia":[{"embeddable":true,"href":"https:\/\/ticsalutsocial.atoom.space\/en\/wp-json\/wp\/v2\/media\/34113"}],"wp:attachment":[{"href":"https:\/\/ticsalutsocial.atoom.space\/en\/wp-json\/wp\/v2\/media?parent=34115"}],"wp:term":[{"taxonomy":"etiqueta","embeddable":true,"href":"https:\/\/ticsalutsocial.atoom.space\/en\/wp-json\/wp\/v2\/etiqueta?post=34115"},{"taxonomy":"tipus","embeddable":true,"href":"https:\/\/ticsalutsocial.atoom.space\/en\/wp-json\/wp\/v2\/tipus?post=34115"},{"taxonomy":"topic","embeddable":true,"href":"https:\/\/ticsalutsocial.atoom.space\/en\/wp-json\/wp\/v2\/topic?post=34115"}],"curies":[{"name":"wp","href":"https:\/\/api.w.org\/{rel}","templated":true}]}}