
{"id":3414,"date":"2018-07-23T17:49:05","date_gmt":"2018-07-23T15:49:05","guid":{"rendered":"https:\/\/ticsalutsocial.atoom.space\/?post_type=noticia&#038;p=3414"},"modified":"2021-07-21T15:36:44","modified_gmt":"2021-07-21T13:36:44","slug":"transhumanisme-a-cavall-entre-lhumanisme-i-el-posthumanisme","status":"publish","type":"noticia","link":"https:\/\/ticsalutsocial.atoom.space\/en\/noticia\/transhumanisme-a-cavall-entre-lhumanisme-i-el-posthumanisme\/","title":{"rendered":"Transhumanisme, a cavall entre l\u2019humanisme i el posthumanisme"},"content":{"rendered":"<p><img decoding=\"async\" class=\"alignnone size-full wp-image-8623\" src=\"https:\/\/ticsalutsocial.atoom.space\/wp-content\/uploads\/2018\/07\/homodeus.jpg\" alt=\"\" \/><\/p>\n<p><i><span style=\"font-weight: 400\">Els dies 27 i 28 de setembre de 2018 celebrem a Vic les <\/span><\/i><a href=\"http:\/\/jornadesrdi.cat\/\"><i><span style=\"font-weight: 400\">8es Jornades R+D+I TIC Salut i Social <\/span><\/i><\/a><i><span style=\"font-weight: 400\">amb el lema que porta per t\u00edtol: \u201cTecnologia i humanisme: Ter\u00e0pies digitals\u201d. L\u2019ocasi\u00f3 sembla adient per explorar aspectes filos\u00f2fics que relacionen la condici\u00f3 humana amb l\u2019\u00fas avan\u00e7at de les noves tecnologies. Humanisme, transhumanisme, posthumanisme\u2026 s\u00f3n conceptes que ara tamb\u00e9 prendran relleu donat que de forma pr\u00e8via a l\u2019event es presentar\u00e0 i debatr\u00e0 el llibre de Yuval Noah Harari, Homo Deus.<\/span><\/i><\/p>\n<p><span style=\"font-weight: 400\">Alguns conceptes clau:<\/span><\/p>\n<p><b>Humanisme<\/b><\/p>\n<p><span style=\"font-weight: 400\">Considerant que l&#8217;home est\u00e0 en possessi\u00f3 de capacitats intel\u00b7lectuals potencialment il\u00b7limitades, els humanistes consideraven la recerca del saber i el domini de diverses disciplines com a condici\u00f3 necess\u00e0ria per al bon \u00fas d&#8217;aquestes facultats. Ent\u00e8s aix\u00ed, l&#8217;humanisme tracta d&#8217;exposar i difondre amb m\u00e9s claredat el patrimoni cultural. L&#8217;individu, correctament instru\u00eft, roman lliure i plenament responsable dels seus actes en la creen\u00e7a de la seva capacitat d&#8217;elecci\u00f3. En resum, es tracta de donar valor a l&#8217;home i l&#8217;estudi de les humanitats.<\/span><\/p>\n<p><b>Transhumanisme<\/b><\/p>\n<p><span style=\"font-weight: 400\">El 1990, el fil\u00f2sof More, va crear la seva pr\u00f2pia doctrina transhumanista, que va adoptar la forma dels \u201cPrincipis d&#8217;Extropia\u201d, i va establir el fonament del transhumanisme modern, donant-li una nova definici\u00f3: \u201cEl transhumanisme \u00e9s un tipus de filosofies que intenten guiar-nos cap a una condici\u00f3 posthumana. El transhumanisme comparteix molts elements de l&#8217;humanisme, incl\u00f2s un respecte per la ra\u00f3 i la ci\u00e8ncia, un comprom\u00eds amb el progr\u00e9s i una valoraci\u00f3 de l&#8217;exist\u00e8ncia humana (o transhumana) en aquesta vida\u201d. El transhumanisme es diferencia de l&#8217;humanisme en el reconeixement i l\u2019anticipaci\u00f3 de les alteracions radicals de la naturalesa i les possibilitats de les nostres vides derivades de diverses ci\u00e8ncies i tecnologies.<\/span><\/p>\n<p><em>L\u2019Extropianisme, un l\u00ednia filos\u00f2fica dins el transhumanisme<\/em><\/p>\n<p><span style=\"font-weight: 400\">L\u2019extropia, tamb\u00e9 coneguda com a filosofia de l\u2019extropia, \u00e9s un marc de valors i normes transhumanistes per a la millora cont\u00ednua de la condici\u00f3 humana; la seva fita \u00e9s millorar la condici\u00f3 humana tant a nivel f\u00edsic como psicol\u00f2gic o intelectual. Els extropians creuen que els aven\u00e7os en la ci\u00e8ncia i la tecnologia algun dia aconseguiran que la gent visqui de manera indefinida i que els \u00e9ssers humans d\u2019avui tinguin una bona oportunitat de veure aquest dia. L\u2019extropia \u00e9s guiada per un enfocament pragm\u00e0tic i din\u00e0mic sobre l&#8217;evoluci\u00f3 humana i el progr\u00e9s. L\u2019extropia \u00e9s el corrent de pensament transhumanista m\u00e9s primerenc, i es va originar incloent el concepte d&#8217;ordre espontani, oposat, de forma metaf\u00f2rica, al que \u00e9s el concepte f\u00edsic d\u2019entropia.<\/span><\/p>\n<p><em>FM-2030, un fil\u00f2sof transhumanista<\/em><\/p>\n<p><span style=\"font-weight: 400\">FM-2030 va ser el nom adoptat pel fil\u00f2sof i futur\u00f2leg transhumanista Fereidoun M. Estefandiary, qui afirmava sentir una profunda nostalgia pel futur. El 1989 va escriure una de les obres fonamentals del transhumanisme: \u201cEts un transhum\u00e0?: Monitoritzant i estimulant el teu rati personal de creixement en un m\u00f3n r\u00e0pidament canviant. Tamb\u00e9 va escriure una s\u00e8rie d\u2019obres de ficci\u00f3 de tem\u00e0tica realista que va signar amb el seu nom de naixement F.M. Esfandiary. Aquest fil\u00f2sof va escollir el seu nou nom com a s\u00edmbol de la seva esperan\u00e7a d\u2019arribar a centenari l\u2019any 2030, una data en la que, suposava, la tecnologia hauria avan\u00e7at prou com per permetre una longevitat indefinida.<\/span><\/p>\n<p><em>Cyborgs: noves identitats del transhumanisme<\/em><\/p>\n<p><span style=\"font-weight: 400\">Moltes, encara que no totes les definicions de diccionari actuals de \u201ccyborg\u201d fan refer\u00e8ncia a la millora. El diccionari d&#8217;Oxford defineix un cyborg com &#8220;Una persona fict\u00edcia o hipot\u00e8tica, les habilitats f\u00edsiques de la qual s&#8217;estenen m\u00e9s enll\u00e0 de les limitacions humanes normals per elements mec\u00e0nics incorporats al cos&#8221;. El Diccionari d&#8217;Am\u00e8rica del Nord defineix un cyborg com: &#8220;Un organisme, sovint un hum\u00e0, que t\u00e9 certs processos fisiol\u00f2gics millorats o controlats per dispositius mec\u00e0nics o electr\u00f2nics, especialment quan estan integrats amb el sistema nervi\u00f3s.<\/span><\/p>\n<p><b>Posthumanisme<\/b><\/p>\n<p><span style=\"font-weight: 400\">Posthum\u00e0 o post-hum\u00e0 \u00e9s un concepte b\u00e0sicament originat en els camps de la ci\u00e8ncia ficci\u00f3, la futurologia, l\u2019art contemporani, i la filosofia. Aquests m\u00faltiples or\u00edgens interactuant han contribu\u00eft a una profunda confusi\u00f3 al voltant de les similituds i difer\u00e8ncies entre els conceptes posthum\u00e0 del &#8220;postmodernisme&#8221; i el posthum\u00e0 del &#8220;transhumanisme&#8221;. El posthumanisme i la tecnologia han anat avan\u00e7ant de la m\u00e0 ja que actualment \u00e9s una forma de poder accedir al coneixement: xarxes socials, tel\u00e8fons intel\u00b7ligents i altres s\u00f3n instruments que ens faciliten l&#8217;acc\u00e9s a aquest coneixement. El transhumanisme prediu que es produir\u00e0 la fusi\u00f3 entre tecnologia i intel\u00b7lig\u00e8ncia humana, donant lloc a una era en que s\u2019imposar\u00e0 la intel\u00b7lig\u00e8ncia no biol\u00f2gica dels posthumans.<\/span><\/p>\n","protected":false},"author":21,"featured_media":0,"menu_order":0,"template":"","meta":{"_acf_changed":false,"inline_featured_image":false},"etiqueta":[],"tipus":[],"topic":[120],"class_list":["post-3414","noticia","type-noticia","status-publish","hentry","topic-dpo"],"acf":{"autor":"Marc De San Pedro","textos_destacats":[{"texte":"A prop\u00f2sit de la presentaci\u00f3 del llibre de Yuval Hoah Harari, Homo Deus a les #JornadesRDI"}]},"yoast_head":"<!-- This site is optimized with the Yoast SEO plugin v27.1.1 - https:\/\/yoast.com\/product\/yoast-seo-wordpress\/ -->\n<title>Transhumanisme, a cavall entre l\u2019humanisme i el posthumanisme - Fundaci\u00f3 TIC Salut i Social<\/title>\n<meta name=\"robots\" content=\"index, follow, max-snippet:-1, max-image-preview:large, max-video-preview:-1\" \/>\n<link rel=\"canonical\" href=\"https:\/\/ticsalutsocial.atoom.space\/en\/noticia\/transhumanisme-a-cavall-entre-lhumanisme-i-el-posthumanisme\/\" \/>\n<meta property=\"og:locale\" content=\"en_US\" \/>\n<meta property=\"og:type\" content=\"article\" \/>\n<meta property=\"og:title\" content=\"Transhumanisme, a cavall entre l\u2019humanisme i el posthumanisme - Fundaci\u00f3 TIC Salut i Social\" \/>\n<meta property=\"og:description\" content=\"Els dies 27 i 28 de setembre de 2018 celebrem a Vic les 8es Jornades R+D+I TIC Salut i Social amb el lema que porta per t\u00edtol: \u201cTecnologia i humanisme: Ter\u00e0pies digitals\u201d. L\u2019ocasi\u00f3 sembla adient per explorar aspectes filos\u00f2fics que relacionen la condici\u00f3 humana amb l\u2019\u00fas avan\u00e7at de les noves tecnologies. Humanisme, transhumanisme, posthumanisme\u2026 s\u00f3n [&hellip;]\" \/>\n<meta property=\"og:url\" content=\"https:\/\/ticsalutsocial.atoom.space\/en\/noticia\/transhumanisme-a-cavall-entre-lhumanisme-i-el-posthumanisme\/\" \/>\n<meta property=\"og:site_name\" content=\"Fundaci\u00f3 TIC Salut i Social\" \/>\n<meta property=\"article:modified_time\" content=\"2021-07-21T13:36:44+00:00\" \/>\n<meta property=\"og:image\" content=\"https:\/\/ticsalutsocial.atoom.space\/wp-content\/uploads\/2018\/07\/homodeus.jpg\" \/>\n<meta name=\"twitter:card\" content=\"summary_large_image\" \/>\n<meta name=\"twitter:label1\" content=\"Est. reading time\" \/>\n\t<meta name=\"twitter:data1\" content=\"4 minutes\" \/>\n<script type=\"application\/ld+json\" class=\"yoast-schema-graph\">{\"@context\":\"https:\/\/schema.org\",\"@graph\":[{\"@type\":\"WebPage\",\"@id\":\"https:\/\/ticsalutsocial.atoom.space\/en\/noticia\/transhumanisme-a-cavall-entre-lhumanisme-i-el-posthumanisme\/\",\"url\":\"https:\/\/ticsalutsocial.atoom.space\/en\/noticia\/transhumanisme-a-cavall-entre-lhumanisme-i-el-posthumanisme\/\",\"name\":\"Transhumanisme, a cavall entre l\u2019humanisme i el posthumanisme - Fundaci\u00f3 TIC Salut i Social\",\"isPartOf\":{\"@id\":\"https:\/\/ticsalutsocial.atoom.space\/en\/#website\"},\"primaryImageOfPage\":{\"@id\":\"https:\/\/ticsalutsocial.atoom.space\/en\/noticia\/transhumanisme-a-cavall-entre-lhumanisme-i-el-posthumanisme\/#primaryimage\"},\"image\":{\"@id\":\"https:\/\/ticsalutsocial.atoom.space\/en\/noticia\/transhumanisme-a-cavall-entre-lhumanisme-i-el-posthumanisme\/#primaryimage\"},\"thumbnailUrl\":\"https:\/\/ticsalutsocial.atoom.space\/wp-content\/uploads\/2018\/07\/homodeus.jpg\",\"datePublished\":\"2018-07-23T15:49:05+00:00\",\"dateModified\":\"2021-07-21T13:36:44+00:00\",\"breadcrumb\":{\"@id\":\"https:\/\/ticsalutsocial.atoom.space\/en\/noticia\/transhumanisme-a-cavall-entre-lhumanisme-i-el-posthumanisme\/#breadcrumb\"},\"inLanguage\":\"en-US\",\"potentialAction\":[{\"@type\":\"ReadAction\",\"target\":[\"https:\/\/ticsalutsocial.atoom.space\/en\/noticia\/transhumanisme-a-cavall-entre-lhumanisme-i-el-posthumanisme\/\"]}]},{\"@type\":\"ImageObject\",\"inLanguage\":\"en-US\",\"@id\":\"https:\/\/ticsalutsocial.atoom.space\/en\/noticia\/transhumanisme-a-cavall-entre-lhumanisme-i-el-posthumanisme\/#primaryimage\",\"url\":\"https:\/\/ticsalutsocial.atoom.space\/wp-content\/uploads\/2018\/07\/homodeus.jpg\",\"contentUrl\":\"https:\/\/ticsalutsocial.atoom.space\/wp-content\/uploads\/2018\/07\/homodeus.jpg\"},{\"@type\":\"BreadcrumbList\",\"@id\":\"https:\/\/ticsalutsocial.atoom.space\/en\/noticia\/transhumanisme-a-cavall-entre-lhumanisme-i-el-posthumanisme\/#breadcrumb\",\"itemListElement\":[{\"@type\":\"ListItem\",\"position\":1,\"name\":\"Inici\",\"item\":\"https:\/\/ticsalutsocial.atoom.space\/en\/\"},{\"@type\":\"ListItem\",\"position\":2,\"name\":\"Transhumanisme, a cavall entre l\u2019humanisme i el posthumanisme\"}]},{\"@type\":\"WebSite\",\"@id\":\"https:\/\/ticsalutsocial.atoom.space\/en\/#website\",\"url\":\"https:\/\/ticsalutsocial.atoom.space\/en\/\",\"name\":\"Fundaci\u00f3 TIC Salut i Social\",\"description\":\"\",\"potentialAction\":[{\"@type\":\"SearchAction\",\"target\":{\"@type\":\"EntryPoint\",\"urlTemplate\":\"https:\/\/ticsalutsocial.atoom.space\/en\/?s={search_term_string}\"},\"query-input\":{\"@type\":\"PropertyValueSpecification\",\"valueRequired\":true,\"valueName\":\"search_term_string\"}}],\"inLanguage\":\"en-US\"}]}<\/script>\n<!-- \/ Yoast SEO plugin. -->","yoast_head_json":{"title":"Transhumanisme, a cavall entre l\u2019humanisme i el posthumanisme - Fundaci\u00f3 TIC Salut i Social","robots":{"index":"index","follow":"follow","max-snippet":"max-snippet:-1","max-image-preview":"max-image-preview:large","max-video-preview":"max-video-preview:-1"},"canonical":"https:\/\/ticsalutsocial.atoom.space\/en\/noticia\/transhumanisme-a-cavall-entre-lhumanisme-i-el-posthumanisme\/","og_locale":"en_US","og_type":"article","og_title":"Transhumanisme, a cavall entre l\u2019humanisme i el posthumanisme - Fundaci\u00f3 TIC Salut i Social","og_description":"Els dies 27 i 28 de setembre de 2018 celebrem a Vic les 8es Jornades R+D+I TIC Salut i Social amb el lema que porta per t\u00edtol: \u201cTecnologia i humanisme: Ter\u00e0pies digitals\u201d. L\u2019ocasi\u00f3 sembla adient per explorar aspectes filos\u00f2fics que relacionen la condici\u00f3 humana amb l\u2019\u00fas avan\u00e7at de les noves tecnologies. Humanisme, transhumanisme, posthumanisme\u2026 s\u00f3n [&hellip;]","og_url":"https:\/\/ticsalutsocial.atoom.space\/en\/noticia\/transhumanisme-a-cavall-entre-lhumanisme-i-el-posthumanisme\/","og_site_name":"Fundaci\u00f3 TIC Salut i Social","article_modified_time":"2021-07-21T13:36:44+00:00","og_image":[{"url":"https:\/\/ticsalutsocial.atoom.space\/wp-content\/uploads\/2018\/07\/homodeus.jpg","type":"","width":"","height":""}],"twitter_card":"summary_large_image","twitter_misc":{"Est. reading time":"4 minutes"},"schema":{"@context":"https:\/\/schema.org","@graph":[{"@type":"WebPage","@id":"https:\/\/ticsalutsocial.atoom.space\/en\/noticia\/transhumanisme-a-cavall-entre-lhumanisme-i-el-posthumanisme\/","url":"https:\/\/ticsalutsocial.atoom.space\/en\/noticia\/transhumanisme-a-cavall-entre-lhumanisme-i-el-posthumanisme\/","name":"Transhumanisme, a cavall entre l\u2019humanisme i el posthumanisme - Fundaci\u00f3 TIC Salut i Social","isPartOf":{"@id":"https:\/\/ticsalutsocial.atoom.space\/en\/#website"},"primaryImageOfPage":{"@id":"https:\/\/ticsalutsocial.atoom.space\/en\/noticia\/transhumanisme-a-cavall-entre-lhumanisme-i-el-posthumanisme\/#primaryimage"},"image":{"@id":"https:\/\/ticsalutsocial.atoom.space\/en\/noticia\/transhumanisme-a-cavall-entre-lhumanisme-i-el-posthumanisme\/#primaryimage"},"thumbnailUrl":"https:\/\/ticsalutsocial.atoom.space\/wp-content\/uploads\/2018\/07\/homodeus.jpg","datePublished":"2018-07-23T15:49:05+00:00","dateModified":"2021-07-21T13:36:44+00:00","breadcrumb":{"@id":"https:\/\/ticsalutsocial.atoom.space\/en\/noticia\/transhumanisme-a-cavall-entre-lhumanisme-i-el-posthumanisme\/#breadcrumb"},"inLanguage":"en-US","potentialAction":[{"@type":"ReadAction","target":["https:\/\/ticsalutsocial.atoom.space\/en\/noticia\/transhumanisme-a-cavall-entre-lhumanisme-i-el-posthumanisme\/"]}]},{"@type":"ImageObject","inLanguage":"en-US","@id":"https:\/\/ticsalutsocial.atoom.space\/en\/noticia\/transhumanisme-a-cavall-entre-lhumanisme-i-el-posthumanisme\/#primaryimage","url":"https:\/\/ticsalutsocial.atoom.space\/wp-content\/uploads\/2018\/07\/homodeus.jpg","contentUrl":"https:\/\/ticsalutsocial.atoom.space\/wp-content\/uploads\/2018\/07\/homodeus.jpg"},{"@type":"BreadcrumbList","@id":"https:\/\/ticsalutsocial.atoom.space\/en\/noticia\/transhumanisme-a-cavall-entre-lhumanisme-i-el-posthumanisme\/#breadcrumb","itemListElement":[{"@type":"ListItem","position":1,"name":"Inici","item":"https:\/\/ticsalutsocial.atoom.space\/en\/"},{"@type":"ListItem","position":2,"name":"Transhumanisme, a cavall entre l\u2019humanisme i el posthumanisme"}]},{"@type":"WebSite","@id":"https:\/\/ticsalutsocial.atoom.space\/en\/#website","url":"https:\/\/ticsalutsocial.atoom.space\/en\/","name":"Fundaci\u00f3 TIC Salut i Social","description":"","potentialAction":[{"@type":"SearchAction","target":{"@type":"EntryPoint","urlTemplate":"https:\/\/ticsalutsocial.atoom.space\/en\/?s={search_term_string}"},"query-input":{"@type":"PropertyValueSpecification","valueRequired":true,"valueName":"search_term_string"}}],"inLanguage":"en-US"}]}},"_links":{"self":[{"href":"https:\/\/ticsalutsocial.atoom.space\/en\/wp-json\/wp\/v2\/noticia\/3414","targetHints":{"allow":["GET"]}}],"collection":[{"href":"https:\/\/ticsalutsocial.atoom.space\/en\/wp-json\/wp\/v2\/noticia"}],"about":[{"href":"https:\/\/ticsalutsocial.atoom.space\/en\/wp-json\/wp\/v2\/types\/noticia"}],"author":[{"embeddable":true,"href":"https:\/\/ticsalutsocial.atoom.space\/en\/wp-json\/wp\/v2\/users\/21"}],"wp:attachment":[{"href":"https:\/\/ticsalutsocial.atoom.space\/en\/wp-json\/wp\/v2\/media?parent=3414"}],"wp:term":[{"taxonomy":"etiqueta","embeddable":true,"href":"https:\/\/ticsalutsocial.atoom.space\/en\/wp-json\/wp\/v2\/etiqueta?post=3414"},{"taxonomy":"tipus","embeddable":true,"href":"https:\/\/ticsalutsocial.atoom.space\/en\/wp-json\/wp\/v2\/tipus?post=3414"},{"taxonomy":"topic","embeddable":true,"href":"https:\/\/ticsalutsocial.atoom.space\/en\/wp-json\/wp\/v2\/topic?post=3414"}],"curies":[{"name":"wp","href":"https:\/\/api.w.org\/{rel}","templated":true}]}}