
{"id":3420,"date":"2018-06-26T10:53:31","date_gmt":"2018-06-26T08:53:31","guid":{"rendered":"https:\/\/ticsalutsocial.atoom.space\/?post_type=noticia&#038;p=3420"},"modified":"2021-07-21T15:36:49","modified_gmt":"2021-07-21T13:36:49","slug":"prescripcio-daplicacions-mobils-en-equips-datencio-primaria-experiencia-pilot-a-catalunya","status":"publish","type":"noticia","link":"https:\/\/ticsalutsocial.atoom.space\/en\/noticia\/prescripcio-daplicacions-mobils-en-equips-datencio-primaria-experiencia-pilot-a-catalunya\/","title":{"rendered":"Prescripci\u00f3 d\u2019aplicacions m\u00f2bils en Equips d\u2019Atenci\u00f3 Prim\u00e0ria: experi\u00e8ncia pilot a Catalunya"},"content":{"rendered":"<p><em>Easy to get, easy to use and insanely cheap, <\/em>l\u2019\u00fas de les aplicacions m\u00f2bils per a la gesti\u00f3 de la salut ha estat promogut tant des de revisions independents com d\u2019iniciatives p\u00fabliques. La Fundaci\u00f3 TIC Salut Social \u00e9s pionera en l&#8217;impuls d&#8217;aquesta tecnologia en l&#8217;\u00e0mbit p\u00fablic.<\/p>\n<p>El Portal AppSalut \u00e9s un aparador d\u2019aplicacions m\u00f2bils de l\u2018\u00e0mbit de la salut i els serveis socials que t\u00e9 com a principal objectiu fomentar que la ciutadania tingui cura de la seva salut. Totes les aplicacions que s\u2019hi contenen, disponibles tant per a dispositius iOS com Android gratu\u00eftament en els mercats de refer\u00e8ncia, han d\u2019haver superat un proc\u00e9s d\u2019acreditaci\u00f3 de qualitat promogut per la mateixa Fundaci\u00f3 que estableix un entorn segur i de confian\u00e7a en el seu \u00fas. Aquestes aplicacions poden ser recomanades pels professionals als seus ciutadans a trav\u00e9s de la seva estaci\u00f3 de treball, complementant el seguiment de la patologia del ciutad\u00e0 mitjan\u00e7ant la monitoritzaci\u00f3 de les dades generades, que poden ser visualitzades pels professionals i integrades a la hist\u00f2ria cl\u00ednica sempre que el ciutad\u00e0 aix\u00ed ho permeti.<\/p>\n<p>Aquest informaci\u00f3 queda recollida a un<a href=\"https:\/\/asset.jmir.pub\/assets\/2bb5bd72630d0520f420b931f5d3cea5.pdf\"> article publicat a la prestigiosa\u00a0JMIR-Journal of Medical Internet Research<\/a>.\u00a0Descriu la intervenci\u00f3 i mostra els principals resultats derivats dels 5 mesos d\u2019experi\u00e8ncia pilot amb professionals i ciutadans reals de 4 Equips d\u2019Atenci\u00f3 Prim\u00e0ria de la prov\u00edncia de Barcelona, que demostren la factibilitat de la intervenci\u00f3 i identifiquen els punts de millora, tant tecnol\u00f2gics com organitzacionals, en vistes a la seva possible escalabilitat, generant una evid\u00e8ncia\u00a0 pionera en la integraci\u00f3 de les tecnologies mHealth amb els sistemes d\u2019Atenci\u00f3 Prim\u00e0ria.<\/p>\n<p>Agraim molt sincerament la implicaci\u00f3 dels ciutadans i professionals de l&#8217;EAP Vinyets (Sant Boi de Llobregat), EAP Sant Andreu de la Barca, EAP Cubelles \u2013 Cunit i EAP Sant Ildefons (Cornell\u00e0 del Llobregat), de la Direcci\u00f3 Territorial Metropolitana Sud de l&#8217;ICS, que ho han fet possible.<\/p>\n<p><img decoding=\"async\" class=\"alignnone size-medium wp-image-8636\" src=\"https:\/\/ticsalutsocial.atoom.space\/wp-content\/uploads\/2018\/06\/grafic-300x142-1.png\" alt=\"\" \/><\/p>\n<p>&nbsp;<\/p>\n<p>&nbsp;<\/p>\n","protected":false},"author":21,"featured_media":3416,"menu_order":0,"template":"","meta":{"_acf_changed":false,"inline_featured_image":false},"etiqueta":[],"tipus":[655],"topic":[122,124],"class_list":["post-3420","noticia","type-noticia","status-publish","has-post-thumbnail","hentry","tipus-digital-assets","topic-hot-news","topic-hub"],"acf":{"imatge":3417,"autor":"Francesc L\u00f3pez Segui","textos_destacats":[{"texte":"Easy to get, easy to use and insanely cheap"}]},"yoast_head":"<!-- This site is optimized with the Yoast SEO plugin v27.1.1 - https:\/\/yoast.com\/product\/yoast-seo-wordpress\/ -->\n<title>Prescripci\u00f3 d\u2019aplicacions m\u00f2bils en Equips d\u2019Atenci\u00f3 Prim\u00e0ria: experi\u00e8ncia pilot a Catalunya - Fundaci\u00f3 TIC Salut i Social<\/title>\n<meta name=\"robots\" content=\"index, follow, max-snippet:-1, max-image-preview:large, max-video-preview:-1\" \/>\n<link rel=\"canonical\" href=\"https:\/\/ticsalutsocial.atoom.space\/en\/noticia\/prescripcio-daplicacions-mobils-en-equips-datencio-primaria-experiencia-pilot-a-catalunya\/\" \/>\n<meta property=\"og:locale\" content=\"en_US\" \/>\n<meta property=\"og:type\" content=\"article\" \/>\n<meta property=\"og:title\" content=\"Prescripci\u00f3 d\u2019aplicacions m\u00f2bils en Equips d\u2019Atenci\u00f3 Prim\u00e0ria: experi\u00e8ncia pilot a Catalunya - Fundaci\u00f3 TIC Salut i Social\" \/>\n<meta property=\"og:description\" content=\"Easy to get, easy to use and insanely cheap, l\u2019\u00fas de les aplicacions m\u00f2bils per a la gesti\u00f3 de la salut ha estat promogut tant des de revisions independents com d\u2019iniciatives p\u00fabliques. La Fundaci\u00f3 TIC Salut Social \u00e9s pionera en l&#8217;impuls d&#8217;aquesta tecnologia en l&#8217;\u00e0mbit p\u00fablic. El Portal AppSalut \u00e9s un aparador d\u2019aplicacions m\u00f2bils de [&hellip;]\" \/>\n<meta property=\"og:url\" content=\"https:\/\/ticsalutsocial.atoom.space\/en\/noticia\/prescripcio-daplicacions-mobils-en-equips-datencio-primaria-experiencia-pilot-a-catalunya\/\" \/>\n<meta property=\"og:site_name\" content=\"Fundaci\u00f3 TIC Salut i Social\" \/>\n<meta property=\"article:modified_time\" content=\"2021-07-21T13:36:49+00:00\" \/>\n<meta property=\"og:image\" content=\"https:\/\/ticsalutsocial.atoom.space\/wp-content\/uploads\/2018\/06\/dsc_0092-scaled.jpg\" \/>\n\t<meta property=\"og:image:width\" content=\"2560\" \/>\n\t<meta property=\"og:image:height\" content=\"1702\" \/>\n\t<meta property=\"og:image:type\" content=\"image\/jpeg\" \/>\n<meta name=\"twitter:card\" content=\"summary_large_image\" \/>\n<meta name=\"twitter:label1\" content=\"Est. reading time\" \/>\n\t<meta name=\"twitter:data1\" content=\"2 minutes\" \/>\n<script type=\"application\/ld+json\" class=\"yoast-schema-graph\">{\"@context\":\"https:\/\/schema.org\",\"@graph\":[{\"@type\":\"WebPage\",\"@id\":\"https:\/\/ticsalutsocial.atoom.space\/en\/noticia\/prescripcio-daplicacions-mobils-en-equips-datencio-primaria-experiencia-pilot-a-catalunya\/\",\"url\":\"https:\/\/ticsalutsocial.atoom.space\/en\/noticia\/prescripcio-daplicacions-mobils-en-equips-datencio-primaria-experiencia-pilot-a-catalunya\/\",\"name\":\"Prescripci\u00f3 d\u2019aplicacions m\u00f2bils en Equips d\u2019Atenci\u00f3 Prim\u00e0ria: experi\u00e8ncia pilot a Catalunya - Fundaci\u00f3 TIC Salut i Social\",\"isPartOf\":{\"@id\":\"https:\/\/ticsalutsocial.atoom.space\/en\/#website\"},\"primaryImageOfPage\":{\"@id\":\"https:\/\/ticsalutsocial.atoom.space\/en\/noticia\/prescripcio-daplicacions-mobils-en-equips-datencio-primaria-experiencia-pilot-a-catalunya\/#primaryimage\"},\"image\":{\"@id\":\"https:\/\/ticsalutsocial.atoom.space\/en\/noticia\/prescripcio-daplicacions-mobils-en-equips-datencio-primaria-experiencia-pilot-a-catalunya\/#primaryimage\"},\"thumbnailUrl\":\"https:\/\/ticsalutsocial.atoom.space\/wp-content\/uploads\/2018\/06\/dsc_0092-scaled.jpg\",\"datePublished\":\"2018-06-26T08:53:31+00:00\",\"dateModified\":\"2021-07-21T13:36:49+00:00\",\"breadcrumb\":{\"@id\":\"https:\/\/ticsalutsocial.atoom.space\/en\/noticia\/prescripcio-daplicacions-mobils-en-equips-datencio-primaria-experiencia-pilot-a-catalunya\/#breadcrumb\"},\"inLanguage\":\"en-US\",\"potentialAction\":[{\"@type\":\"ReadAction\",\"target\":[\"https:\/\/ticsalutsocial.atoom.space\/en\/noticia\/prescripcio-daplicacions-mobils-en-equips-datencio-primaria-experiencia-pilot-a-catalunya\/\"]}]},{\"@type\":\"ImageObject\",\"inLanguage\":\"en-US\",\"@id\":\"https:\/\/ticsalutsocial.atoom.space\/en\/noticia\/prescripcio-daplicacions-mobils-en-equips-datencio-primaria-experiencia-pilot-a-catalunya\/#primaryimage\",\"url\":\"https:\/\/ticsalutsocial.atoom.space\/wp-content\/uploads\/2018\/06\/dsc_0092-scaled.jpg\",\"contentUrl\":\"https:\/\/ticsalutsocial.atoom.space\/wp-content\/uploads\/2018\/06\/dsc_0092-scaled.jpg\",\"width\":2560,\"height\":1702},{\"@type\":\"BreadcrumbList\",\"@id\":\"https:\/\/ticsalutsocial.atoom.space\/en\/noticia\/prescripcio-daplicacions-mobils-en-equips-datencio-primaria-experiencia-pilot-a-catalunya\/#breadcrumb\",\"itemListElement\":[{\"@type\":\"ListItem\",\"position\":1,\"name\":\"Inici\",\"item\":\"https:\/\/ticsalutsocial.atoom.space\/en\/\"},{\"@type\":\"ListItem\",\"position\":2,\"name\":\"Prescripci\u00f3 d\u2019aplicacions m\u00f2bils en Equips d\u2019Atenci\u00f3 Prim\u00e0ria: experi\u00e8ncia pilot a Catalunya\"}]},{\"@type\":\"WebSite\",\"@id\":\"https:\/\/ticsalutsocial.atoom.space\/en\/#website\",\"url\":\"https:\/\/ticsalutsocial.atoom.space\/en\/\",\"name\":\"Fundaci\u00f3 TIC Salut i Social\",\"description\":\"\",\"potentialAction\":[{\"@type\":\"SearchAction\",\"target\":{\"@type\":\"EntryPoint\",\"urlTemplate\":\"https:\/\/ticsalutsocial.atoom.space\/en\/?s={search_term_string}\"},\"query-input\":{\"@type\":\"PropertyValueSpecification\",\"valueRequired\":true,\"valueName\":\"search_term_string\"}}],\"inLanguage\":\"en-US\"}]}<\/script>\n<!-- \/ Yoast SEO plugin. -->","yoast_head_json":{"title":"Prescripci\u00f3 d\u2019aplicacions m\u00f2bils en Equips d\u2019Atenci\u00f3 Prim\u00e0ria: experi\u00e8ncia pilot a Catalunya - Fundaci\u00f3 TIC Salut i Social","robots":{"index":"index","follow":"follow","max-snippet":"max-snippet:-1","max-image-preview":"max-image-preview:large","max-video-preview":"max-video-preview:-1"},"canonical":"https:\/\/ticsalutsocial.atoom.space\/en\/noticia\/prescripcio-daplicacions-mobils-en-equips-datencio-primaria-experiencia-pilot-a-catalunya\/","og_locale":"en_US","og_type":"article","og_title":"Prescripci\u00f3 d\u2019aplicacions m\u00f2bils en Equips d\u2019Atenci\u00f3 Prim\u00e0ria: experi\u00e8ncia pilot a Catalunya - Fundaci\u00f3 TIC Salut i Social","og_description":"Easy to get, easy to use and insanely cheap, l\u2019\u00fas de les aplicacions m\u00f2bils per a la gesti\u00f3 de la salut ha estat promogut tant des de revisions independents com d\u2019iniciatives p\u00fabliques. La Fundaci\u00f3 TIC Salut Social \u00e9s pionera en l&#8217;impuls d&#8217;aquesta tecnologia en l&#8217;\u00e0mbit p\u00fablic. El Portal AppSalut \u00e9s un aparador d\u2019aplicacions m\u00f2bils de [&hellip;]","og_url":"https:\/\/ticsalutsocial.atoom.space\/en\/noticia\/prescripcio-daplicacions-mobils-en-equips-datencio-primaria-experiencia-pilot-a-catalunya\/","og_site_name":"Fundaci\u00f3 TIC Salut i Social","article_modified_time":"2021-07-21T13:36:49+00:00","og_image":[{"width":2560,"height":1702,"url":"https:\/\/ticsalutsocial.atoom.space\/wp-content\/uploads\/2018\/06\/dsc_0092-scaled.jpg","type":"image\/jpeg"}],"twitter_card":"summary_large_image","twitter_misc":{"Est. reading time":"2 minutes"},"schema":{"@context":"https:\/\/schema.org","@graph":[{"@type":"WebPage","@id":"https:\/\/ticsalutsocial.atoom.space\/en\/noticia\/prescripcio-daplicacions-mobils-en-equips-datencio-primaria-experiencia-pilot-a-catalunya\/","url":"https:\/\/ticsalutsocial.atoom.space\/en\/noticia\/prescripcio-daplicacions-mobils-en-equips-datencio-primaria-experiencia-pilot-a-catalunya\/","name":"Prescripci\u00f3 d\u2019aplicacions m\u00f2bils en Equips d\u2019Atenci\u00f3 Prim\u00e0ria: experi\u00e8ncia pilot a Catalunya - Fundaci\u00f3 TIC Salut i Social","isPartOf":{"@id":"https:\/\/ticsalutsocial.atoom.space\/en\/#website"},"primaryImageOfPage":{"@id":"https:\/\/ticsalutsocial.atoom.space\/en\/noticia\/prescripcio-daplicacions-mobils-en-equips-datencio-primaria-experiencia-pilot-a-catalunya\/#primaryimage"},"image":{"@id":"https:\/\/ticsalutsocial.atoom.space\/en\/noticia\/prescripcio-daplicacions-mobils-en-equips-datencio-primaria-experiencia-pilot-a-catalunya\/#primaryimage"},"thumbnailUrl":"https:\/\/ticsalutsocial.atoom.space\/wp-content\/uploads\/2018\/06\/dsc_0092-scaled.jpg","datePublished":"2018-06-26T08:53:31+00:00","dateModified":"2021-07-21T13:36:49+00:00","breadcrumb":{"@id":"https:\/\/ticsalutsocial.atoom.space\/en\/noticia\/prescripcio-daplicacions-mobils-en-equips-datencio-primaria-experiencia-pilot-a-catalunya\/#breadcrumb"},"inLanguage":"en-US","potentialAction":[{"@type":"ReadAction","target":["https:\/\/ticsalutsocial.atoom.space\/en\/noticia\/prescripcio-daplicacions-mobils-en-equips-datencio-primaria-experiencia-pilot-a-catalunya\/"]}]},{"@type":"ImageObject","inLanguage":"en-US","@id":"https:\/\/ticsalutsocial.atoom.space\/en\/noticia\/prescripcio-daplicacions-mobils-en-equips-datencio-primaria-experiencia-pilot-a-catalunya\/#primaryimage","url":"https:\/\/ticsalutsocial.atoom.space\/wp-content\/uploads\/2018\/06\/dsc_0092-scaled.jpg","contentUrl":"https:\/\/ticsalutsocial.atoom.space\/wp-content\/uploads\/2018\/06\/dsc_0092-scaled.jpg","width":2560,"height":1702},{"@type":"BreadcrumbList","@id":"https:\/\/ticsalutsocial.atoom.space\/en\/noticia\/prescripcio-daplicacions-mobils-en-equips-datencio-primaria-experiencia-pilot-a-catalunya\/#breadcrumb","itemListElement":[{"@type":"ListItem","position":1,"name":"Inici","item":"https:\/\/ticsalutsocial.atoom.space\/en\/"},{"@type":"ListItem","position":2,"name":"Prescripci\u00f3 d\u2019aplicacions m\u00f2bils en Equips d\u2019Atenci\u00f3 Prim\u00e0ria: experi\u00e8ncia pilot a Catalunya"}]},{"@type":"WebSite","@id":"https:\/\/ticsalutsocial.atoom.space\/en\/#website","url":"https:\/\/ticsalutsocial.atoom.space\/en\/","name":"Fundaci\u00f3 TIC Salut i Social","description":"","potentialAction":[{"@type":"SearchAction","target":{"@type":"EntryPoint","urlTemplate":"https:\/\/ticsalutsocial.atoom.space\/en\/?s={search_term_string}"},"query-input":{"@type":"PropertyValueSpecification","valueRequired":true,"valueName":"search_term_string"}}],"inLanguage":"en-US"}]}},"_links":{"self":[{"href":"https:\/\/ticsalutsocial.atoom.space\/en\/wp-json\/wp\/v2\/noticia\/3420","targetHints":{"allow":["GET"]}}],"collection":[{"href":"https:\/\/ticsalutsocial.atoom.space\/en\/wp-json\/wp\/v2\/noticia"}],"about":[{"href":"https:\/\/ticsalutsocial.atoom.space\/en\/wp-json\/wp\/v2\/types\/noticia"}],"author":[{"embeddable":true,"href":"https:\/\/ticsalutsocial.atoom.space\/en\/wp-json\/wp\/v2\/users\/21"}],"wp:featuredmedia":[{"embeddable":true,"href":"https:\/\/ticsalutsocial.atoom.space\/en\/wp-json\/wp\/v2\/media\/3416"}],"wp:attachment":[{"href":"https:\/\/ticsalutsocial.atoom.space\/en\/wp-json\/wp\/v2\/media?parent=3420"}],"wp:term":[{"taxonomy":"etiqueta","embeddable":true,"href":"https:\/\/ticsalutsocial.atoom.space\/en\/wp-json\/wp\/v2\/etiqueta?post=3420"},{"taxonomy":"tipus","embeddable":true,"href":"https:\/\/ticsalutsocial.atoom.space\/en\/wp-json\/wp\/v2\/tipus?post=3420"},{"taxonomy":"topic","embeddable":true,"href":"https:\/\/ticsalutsocial.atoom.space\/en\/wp-json\/wp\/v2\/topic?post=3420"}],"curies":[{"name":"wp","href":"https:\/\/api.w.org\/{rel}","templated":true}]}}