
{"id":3438,"date":"2018-07-05T10:58:39","date_gmt":"2018-07-05T08:58:39","guid":{"rendered":"https:\/\/ticsalutsocial.atoom.space\/?post_type=noticia&#038;p=3438"},"modified":"2021-07-21T15:36:59","modified_gmt":"2021-07-21T13:36:59","slug":"les-8es-jornades-internacionals-rdi-tic-salut-i-social-presentaran-els-darrers-avancos-en-terapies-digitals-a-vic","status":"publish","type":"noticia","link":"https:\/\/ticsalutsocial.atoom.space\/en\/noticia\/les-8es-jornades-internacionals-rdi-tic-salut-i-social-presentaran-els-darrers-avancos-en-terapies-digitals-a-vic\/","title":{"rendered":"Les 8es jornades internacionals R+D+I TIC Salut i Social presentaran els darrers avan\u00e7os en ter\u00e0pies digitals a Vic"},"content":{"rendered":"<p>Les vuitenes <a href=\"http:\/\/jornadesrdi.cat\/\">jornades R+D+I TIC Salut i Social<\/a> se celebraran els dies 27 i 28 de setembre a l\u2019edifici El Sucre de Vic, en una edici\u00f3 en qu\u00e8 la organitzaci\u00f3 t\u00e9 previst arribar als 400 professionals inscrits, una xifra que consolida les jornades com unes de les de major ress\u00f2 internacional de la ciutat i d\u2019Osona. Articulades al voltant de dues confer\u00e8ncies marc, tres taules rodones, diverses pon\u00e8ncies breus i exposicions a c\u00e0rrec de professionals i personalitats, les jornades se centraran en les ter\u00e0pies digitals i tindran com a objectiu potenciar la visibilitat dels agents clau del sector de les TIC aplicades als \u00e0mbits de la Salut i del Benestar Social.<\/p>\n<p>Les jornades R+D+I TIC Salut i Social s\u2019erigeixen com una plataforma de refer\u00e8ncia per a la transfer\u00e8ncia de coneixement, que contribueix a alinear el m\u00f3n de la recerca, l\u2019empresa i l\u2019assist\u00e8ncia. La seva voluntat \u00e9s convergir en solucions de m\u00e9s alt valor afegit, que afavoreixin la integraci\u00f3 social i sanit\u00e0ria centrada en la persona i en la comunitat. El termini de la <a href=\"http:\/\/mon.uvic.cat\/jornadesrdi\/call-for-participations-2018\/\"><em>Call of Participations<\/em><\/a>, que l\u2019any passat va registrar 167 comunicacions, s\u2019ha ampliat fins al proper 19 de juliol.<\/p>\n<p><strong>Ter\u00e0pies digitals en neuroci\u00e8ncies i la humanitzaci\u00f3 de les organitzacions<\/strong><\/p>\n<p>La primera jornada, el dijous 27 de setembre, tindr\u00e0 el Dr. Mateo Valero, director del Centre de Supercomputaci\u00f3 de Barcelona, com un dels principals ponents del programa (9:30h). A continuaci\u00f3, estan previstes dues taules rodones. La primera (11h) se centrar\u00e0 en l\u2019\u00fas de les ter\u00e0pies digitals en neuroci\u00e8ncies, i en com les t\u00e8cniques i metodologies amb les quals treballen permeten alliberar emocions, sensacions corporals i el malestar dels pacients de forma r\u00e0pida i efectiva, a partir d\u2019aven\u00e7os cient\u00edfics com la realitat virtual o la intel\u00b7lig\u00e8ncia artificial. La taula comptar\u00e0 entre d\u2019altres amb la Dra. Luz Rello, fundadora i CEO de Change Dyslexia, Systems Scientist, la Dra. Maite Garolera, del Consorci Sanitari de Terrassa, el Dr. Antonio Marqu\u00e9s, vicerector del Politecnico de Porto, o Ariadna Torres, psic\u00f2loga experta en realitat virtual i membre del Grup de Psiquiatria, Salut Mental i Addiccions del Vall d\u2019Hebron Institut de Reserca (VHIR), i estar\u00e0 moderada pel Dr. Miquel Casas.<\/p>\n<p>La segona taula (12:30h) versar\u00e0 sobre la humanitzaci\u00f3 de les organitzacions a trav\u00e9s de les tecnologies. Hi intervindran ponents com ara Daniel Moreno, de l\u2019Innovation Forum Manchester, Adolf D\u00edaz, coordinador de Creu Roja Catalunya, Sol Mu\u00f1oz, directora d\u2019IDIC-COIB, i Jaume P\u00e9rez Payarols, director d\u2019innovaci\u00f3 d\u2019HSJD, i comptar\u00e0 amb el Dr. Jordi Varela com a moderador.<\/p>\n<p><strong>Avaluaci\u00f3 d\u2019experi\u00e8ncies tecnol\u00f2giques i presentaci\u00f3 de projectes<\/strong><\/p>\n<p>La segona jornada arrencar\u00e0 amb una altra confer\u00e8ncia marc, aquesta del Dr. Samuel S\u00e0nchez, de l\u2019Institute for Bioengineering of Catalonia (IBEC). La tercera taula rodona, moderada pel Dr. Toni Ded\u00e9u, convidar\u00e0 els ponents a reflexionar sobre l\u2019avaluaci\u00f3 d\u2019experi\u00e8ncies tecnol\u00f2giques, per assegurar que les tecnologies que surten al mercat estiguin validades pels experts i les entitats acreditadores i siguin cl\u00ednicament efectives. Hi participaran, entre d\u2019altres, Mar Entrambasaguas, directora de desenvolupament estrat\u00e8gic de negoci de Tunsal Televida, C\u00e9sar Velasco, director d\u2019innovaci\u00f3 i dades del Campus Vall d\u2019Hebron, Miquel Gallofr\u00e9, director del Pla Director de malaltia vascular cerebral del Departament de Salut de la Generalitat, i David Reifs, cap d\u2019Innovaci\u00f3 Tecnol\u00f2gica de Seidor.<\/p>\n<p>El programa el completaran nombroses activitats complement\u00e0ries, com dues sessions de c\u00e0psules de comunicaci\u00f3 per a presentar projectes, exposicions i demostracions a l\u2019Speaker\u2019s Corner, una sessi\u00f3 de treball de l\u2019Euroregi\u00f3 Pirineus-Mediterr\u00e0nia o el lliurament de premis als millors projectes exposats. Tamb\u00e9 tindran lloc actes paral\u00b7lels, com una taula rodona sobre el llibre <em>Homo Deus <\/em>de Y.N. Harari o una hackaton sobre TIC Salut i Social.<\/p>\n<p>El programa s\u2019adre\u00e7a a professionals i investigadors de diferents disciplines (salut, social, tecnologia, empresa&#8230;) motivats pels \u00e0mbits de les TIC, Salut i Social, a emprenedors i a empreses d\u2019aquests mateixos sectors, a CEOs i t\u00e8cnics d\u2019entitats assistencials i a estudiants, tant universitaris com de Batxillerat i cicles formatius. Les jornades estan coorganitzades per la Universitat de Vic &#8211; Universitat Central de Catalunya a trav\u00e9s de la C\u00e0tedra TIC Salut i la C\u00e0tedra Serveis Socials, la Fundaci\u00f3 TIC Salut Social, el Consorci Hospitalari de Vic, l\u2019Institut Catal\u00e0 de la Salut, la Fundaci\u00f3 Hospital de la Santa Creu de Vic, l\u2019EBA Vic, l\u2019EBA Centelles i la Fundaci\u00f3 Althaia. A m\u00e9s, compten amb l\u2019Ajuntament de Vic, l\u2019Euroregi\u00f3 Pirineus-Mediterr\u00e0nia, la Diputaci\u00f3 de Barcelona, Acci\u00f3, l\u2019Innovation FORUM, el COPLEFC, M4SOCIAL i la taula d\u2019entitats del Tercer Sector Social a Catalunya com a partners estrat\u00e8gics.<\/p>\n","protected":false},"author":21,"featured_media":3434,"menu_order":0,"template":"","meta":{"_acf_changed":false,"inline_featured_image":false},"etiqueta":[],"tipus":[],"topic":[120],"class_list":["post-3438","noticia","type-noticia","status-publish","has-post-thumbnail","hentry","topic-dpo"],"acf":{"imatge":3435,"autor":"Adri\u00e0 G.Font","textos_destacats":[{"texte":"Les jornades s\u00f3n una refer\u00e8ncia per a la transfer\u00e8ncia de coneixement, i contribueixen a alinear el m\u00f3n de la recerca, l\u2019empresa i l\u2019assist\u00e8ncia sanit\u00e0ria i social"}]},"yoast_head":"<!-- This site is optimized with the Yoast SEO plugin v27.1.1 - https:\/\/yoast.com\/product\/yoast-seo-wordpress\/ -->\n<title>Les 8es jornades internacionals R+D+I TIC Salut i Social presentaran els darrers avan\u00e7os en ter\u00e0pies digitals a Vic - Fundaci\u00f3 TIC Salut i Social<\/title>\n<meta name=\"robots\" content=\"index, follow, max-snippet:-1, max-image-preview:large, max-video-preview:-1\" \/>\n<link rel=\"canonical\" href=\"https:\/\/ticsalutsocial.atoom.space\/en\/noticia\/les-8es-jornades-internacionals-rdi-tic-salut-i-social-presentaran-els-darrers-avancos-en-terapies-digitals-a-vic\/\" \/>\n<meta property=\"og:locale\" content=\"en_US\" \/>\n<meta property=\"og:type\" content=\"article\" \/>\n<meta property=\"og:title\" content=\"Les 8es jornades internacionals R+D+I TIC Salut i Social presentaran els darrers avan\u00e7os en ter\u00e0pies digitals a Vic - Fundaci\u00f3 TIC Salut i Social\" \/>\n<meta property=\"og:description\" content=\"Les vuitenes jornades R+D+I TIC Salut i Social se celebraran els dies 27 i 28 de setembre a l\u2019edifici El Sucre de Vic, en una edici\u00f3 en qu\u00e8 la organitzaci\u00f3 t\u00e9 previst arribar als 400 professionals inscrits, una xifra que consolida les jornades com unes de les de major ress\u00f2 internacional de la ciutat i [&hellip;]\" \/>\n<meta property=\"og:url\" content=\"https:\/\/ticsalutsocial.atoom.space\/en\/noticia\/les-8es-jornades-internacionals-rdi-tic-salut-i-social-presentaran-els-darrers-avancos-en-terapies-digitals-a-vic\/\" \/>\n<meta property=\"og:site_name\" content=\"Fundaci\u00f3 TIC Salut i Social\" \/>\n<meta property=\"article:modified_time\" content=\"2021-07-21T13:36:59+00:00\" \/>\n<meta property=\"og:image\" content=\"https:\/\/ticsalutsocial.atoom.space\/wp-content\/uploads\/2018\/07\/banner_web_cat.png\" \/>\n\t<meta property=\"og:image:width\" content=\"1201\" \/>\n\t<meta property=\"og:image:height\" content=\"209\" \/>\n\t<meta property=\"og:image:type\" content=\"image\/png\" \/>\n<meta name=\"twitter:card\" content=\"summary_large_image\" \/>\n<meta name=\"twitter:label1\" content=\"Est. reading time\" \/>\n\t<meta name=\"twitter:data1\" content=\"4 minutes\" \/>\n<script type=\"application\/ld+json\" class=\"yoast-schema-graph\">{\"@context\":\"https:\/\/schema.org\",\"@graph\":[{\"@type\":\"WebPage\",\"@id\":\"https:\/\/ticsalutsocial.atoom.space\/en\/noticia\/les-8es-jornades-internacionals-rdi-tic-salut-i-social-presentaran-els-darrers-avancos-en-terapies-digitals-a-vic\/\",\"url\":\"https:\/\/ticsalutsocial.atoom.space\/en\/noticia\/les-8es-jornades-internacionals-rdi-tic-salut-i-social-presentaran-els-darrers-avancos-en-terapies-digitals-a-vic\/\",\"name\":\"Les 8es jornades internacionals R+D+I TIC Salut i Social presentaran els darrers avan\u00e7os en ter\u00e0pies digitals a Vic - Fundaci\u00f3 TIC Salut i Social\",\"isPartOf\":{\"@id\":\"https:\/\/ticsalutsocial.atoom.space\/en\/#website\"},\"primaryImageOfPage\":{\"@id\":\"https:\/\/ticsalutsocial.atoom.space\/en\/noticia\/les-8es-jornades-internacionals-rdi-tic-salut-i-social-presentaran-els-darrers-avancos-en-terapies-digitals-a-vic\/#primaryimage\"},\"image\":{\"@id\":\"https:\/\/ticsalutsocial.atoom.space\/en\/noticia\/les-8es-jornades-internacionals-rdi-tic-salut-i-social-presentaran-els-darrers-avancos-en-terapies-digitals-a-vic\/#primaryimage\"},\"thumbnailUrl\":\"https:\/\/ticsalutsocial.atoom.space\/wp-content\/uploads\/2018\/07\/banner_web_cat.png\",\"datePublished\":\"2018-07-05T08:58:39+00:00\",\"dateModified\":\"2021-07-21T13:36:59+00:00\",\"breadcrumb\":{\"@id\":\"https:\/\/ticsalutsocial.atoom.space\/en\/noticia\/les-8es-jornades-internacionals-rdi-tic-salut-i-social-presentaran-els-darrers-avancos-en-terapies-digitals-a-vic\/#breadcrumb\"},\"inLanguage\":\"en-US\",\"potentialAction\":[{\"@type\":\"ReadAction\",\"target\":[\"https:\/\/ticsalutsocial.atoom.space\/en\/noticia\/les-8es-jornades-internacionals-rdi-tic-salut-i-social-presentaran-els-darrers-avancos-en-terapies-digitals-a-vic\/\"]}]},{\"@type\":\"ImageObject\",\"inLanguage\":\"en-US\",\"@id\":\"https:\/\/ticsalutsocial.atoom.space\/en\/noticia\/les-8es-jornades-internacionals-rdi-tic-salut-i-social-presentaran-els-darrers-avancos-en-terapies-digitals-a-vic\/#primaryimage\",\"url\":\"https:\/\/ticsalutsocial.atoom.space\/wp-content\/uploads\/2018\/07\/banner_web_cat.png\",\"contentUrl\":\"https:\/\/ticsalutsocial.atoom.space\/wp-content\/uploads\/2018\/07\/banner_web_cat.png\",\"width\":1201,\"height\":209},{\"@type\":\"BreadcrumbList\",\"@id\":\"https:\/\/ticsalutsocial.atoom.space\/en\/noticia\/les-8es-jornades-internacionals-rdi-tic-salut-i-social-presentaran-els-darrers-avancos-en-terapies-digitals-a-vic\/#breadcrumb\",\"itemListElement\":[{\"@type\":\"ListItem\",\"position\":1,\"name\":\"Inici\",\"item\":\"https:\/\/ticsalutsocial.atoom.space\/en\/\"},{\"@type\":\"ListItem\",\"position\":2,\"name\":\"Les 8es jornades internacionals R+D+I TIC Salut i Social presentaran els darrers avan\u00e7os en ter\u00e0pies digitals a Vic\"}]},{\"@type\":\"WebSite\",\"@id\":\"https:\/\/ticsalutsocial.atoom.space\/en\/#website\",\"url\":\"https:\/\/ticsalutsocial.atoom.space\/en\/\",\"name\":\"Fundaci\u00f3 TIC Salut i Social\",\"description\":\"\",\"potentialAction\":[{\"@type\":\"SearchAction\",\"target\":{\"@type\":\"EntryPoint\",\"urlTemplate\":\"https:\/\/ticsalutsocial.atoom.space\/en\/?s={search_term_string}\"},\"query-input\":{\"@type\":\"PropertyValueSpecification\",\"valueRequired\":true,\"valueName\":\"search_term_string\"}}],\"inLanguage\":\"en-US\"}]}<\/script>\n<!-- \/ Yoast SEO plugin. -->","yoast_head_json":{"title":"Les 8es jornades internacionals R+D+I TIC Salut i Social presentaran els darrers avan\u00e7os en ter\u00e0pies digitals a Vic - Fundaci\u00f3 TIC Salut i Social","robots":{"index":"index","follow":"follow","max-snippet":"max-snippet:-1","max-image-preview":"max-image-preview:large","max-video-preview":"max-video-preview:-1"},"canonical":"https:\/\/ticsalutsocial.atoom.space\/en\/noticia\/les-8es-jornades-internacionals-rdi-tic-salut-i-social-presentaran-els-darrers-avancos-en-terapies-digitals-a-vic\/","og_locale":"en_US","og_type":"article","og_title":"Les 8es jornades internacionals R+D+I TIC Salut i Social presentaran els darrers avan\u00e7os en ter\u00e0pies digitals a Vic - Fundaci\u00f3 TIC Salut i Social","og_description":"Les vuitenes jornades R+D+I TIC Salut i Social se celebraran els dies 27 i 28 de setembre a l\u2019edifici El Sucre de Vic, en una edici\u00f3 en qu\u00e8 la organitzaci\u00f3 t\u00e9 previst arribar als 400 professionals inscrits, una xifra que consolida les jornades com unes de les de major ress\u00f2 internacional de la ciutat i [&hellip;]","og_url":"https:\/\/ticsalutsocial.atoom.space\/en\/noticia\/les-8es-jornades-internacionals-rdi-tic-salut-i-social-presentaran-els-darrers-avancos-en-terapies-digitals-a-vic\/","og_site_name":"Fundaci\u00f3 TIC Salut i Social","article_modified_time":"2021-07-21T13:36:59+00:00","og_image":[{"width":1201,"height":209,"url":"https:\/\/ticsalutsocial.atoom.space\/wp-content\/uploads\/2018\/07\/banner_web_cat.png","type":"image\/png"}],"twitter_card":"summary_large_image","twitter_misc":{"Est. reading time":"4 minutes"},"schema":{"@context":"https:\/\/schema.org","@graph":[{"@type":"WebPage","@id":"https:\/\/ticsalutsocial.atoom.space\/en\/noticia\/les-8es-jornades-internacionals-rdi-tic-salut-i-social-presentaran-els-darrers-avancos-en-terapies-digitals-a-vic\/","url":"https:\/\/ticsalutsocial.atoom.space\/en\/noticia\/les-8es-jornades-internacionals-rdi-tic-salut-i-social-presentaran-els-darrers-avancos-en-terapies-digitals-a-vic\/","name":"Les 8es jornades internacionals R+D+I TIC Salut i Social presentaran els darrers avan\u00e7os en ter\u00e0pies digitals a Vic - Fundaci\u00f3 TIC Salut i Social","isPartOf":{"@id":"https:\/\/ticsalutsocial.atoom.space\/en\/#website"},"primaryImageOfPage":{"@id":"https:\/\/ticsalutsocial.atoom.space\/en\/noticia\/les-8es-jornades-internacionals-rdi-tic-salut-i-social-presentaran-els-darrers-avancos-en-terapies-digitals-a-vic\/#primaryimage"},"image":{"@id":"https:\/\/ticsalutsocial.atoom.space\/en\/noticia\/les-8es-jornades-internacionals-rdi-tic-salut-i-social-presentaran-els-darrers-avancos-en-terapies-digitals-a-vic\/#primaryimage"},"thumbnailUrl":"https:\/\/ticsalutsocial.atoom.space\/wp-content\/uploads\/2018\/07\/banner_web_cat.png","datePublished":"2018-07-05T08:58:39+00:00","dateModified":"2021-07-21T13:36:59+00:00","breadcrumb":{"@id":"https:\/\/ticsalutsocial.atoom.space\/en\/noticia\/les-8es-jornades-internacionals-rdi-tic-salut-i-social-presentaran-els-darrers-avancos-en-terapies-digitals-a-vic\/#breadcrumb"},"inLanguage":"en-US","potentialAction":[{"@type":"ReadAction","target":["https:\/\/ticsalutsocial.atoom.space\/en\/noticia\/les-8es-jornades-internacionals-rdi-tic-salut-i-social-presentaran-els-darrers-avancos-en-terapies-digitals-a-vic\/"]}]},{"@type":"ImageObject","inLanguage":"en-US","@id":"https:\/\/ticsalutsocial.atoom.space\/en\/noticia\/les-8es-jornades-internacionals-rdi-tic-salut-i-social-presentaran-els-darrers-avancos-en-terapies-digitals-a-vic\/#primaryimage","url":"https:\/\/ticsalutsocial.atoom.space\/wp-content\/uploads\/2018\/07\/banner_web_cat.png","contentUrl":"https:\/\/ticsalutsocial.atoom.space\/wp-content\/uploads\/2018\/07\/banner_web_cat.png","width":1201,"height":209},{"@type":"BreadcrumbList","@id":"https:\/\/ticsalutsocial.atoom.space\/en\/noticia\/les-8es-jornades-internacionals-rdi-tic-salut-i-social-presentaran-els-darrers-avancos-en-terapies-digitals-a-vic\/#breadcrumb","itemListElement":[{"@type":"ListItem","position":1,"name":"Inici","item":"https:\/\/ticsalutsocial.atoom.space\/en\/"},{"@type":"ListItem","position":2,"name":"Les 8es jornades internacionals R+D+I TIC Salut i Social presentaran els darrers avan\u00e7os en ter\u00e0pies digitals a Vic"}]},{"@type":"WebSite","@id":"https:\/\/ticsalutsocial.atoom.space\/en\/#website","url":"https:\/\/ticsalutsocial.atoom.space\/en\/","name":"Fundaci\u00f3 TIC Salut i Social","description":"","potentialAction":[{"@type":"SearchAction","target":{"@type":"EntryPoint","urlTemplate":"https:\/\/ticsalutsocial.atoom.space\/en\/?s={search_term_string}"},"query-input":{"@type":"PropertyValueSpecification","valueRequired":true,"valueName":"search_term_string"}}],"inLanguage":"en-US"}]}},"_links":{"self":[{"href":"https:\/\/ticsalutsocial.atoom.space\/en\/wp-json\/wp\/v2\/noticia\/3438","targetHints":{"allow":["GET"]}}],"collection":[{"href":"https:\/\/ticsalutsocial.atoom.space\/en\/wp-json\/wp\/v2\/noticia"}],"about":[{"href":"https:\/\/ticsalutsocial.atoom.space\/en\/wp-json\/wp\/v2\/types\/noticia"}],"author":[{"embeddable":true,"href":"https:\/\/ticsalutsocial.atoom.space\/en\/wp-json\/wp\/v2\/users\/21"}],"wp:featuredmedia":[{"embeddable":true,"href":"https:\/\/ticsalutsocial.atoom.space\/en\/wp-json\/wp\/v2\/media\/3434"}],"wp:attachment":[{"href":"https:\/\/ticsalutsocial.atoom.space\/en\/wp-json\/wp\/v2\/media?parent=3438"}],"wp:term":[{"taxonomy":"etiqueta","embeddable":true,"href":"https:\/\/ticsalutsocial.atoom.space\/en\/wp-json\/wp\/v2\/etiqueta?post=3438"},{"taxonomy":"tipus","embeddable":true,"href":"https:\/\/ticsalutsocial.atoom.space\/en\/wp-json\/wp\/v2\/tipus?post=3438"},{"taxonomy":"topic","embeddable":true,"href":"https:\/\/ticsalutsocial.atoom.space\/en\/wp-json\/wp\/v2\/topic?post=3438"}],"curies":[{"name":"wp","href":"https:\/\/api.w.org\/{rel}","templated":true}]}}