
{"id":3476,"date":"2018-07-30T11:30:47","date_gmt":"2018-07-30T09:30:47","guid":{"rendered":"https:\/\/ticsalutsocial.atoom.space\/?post_type=noticia&#038;p=3476"},"modified":"2021-07-21T15:37:34","modified_gmt":"2021-07-21T13:37:34","slug":"sobre-el-concepte-apomediacio","status":"publish","type":"noticia","link":"https:\/\/ticsalutsocial.atoom.space\/en\/noticia\/sobre-el-concepte-apomediacio\/","title":{"rendered":"Sobre el concepte Apomediaci\u00f3"},"content":{"rendered":"<p><span style=\"font-weight: 400\">El terme &#8220;Apomediaci\u00f3&#8221; va ser creat pel Dr. Gunther Eysenbach. Eysenbach \u00e9s professor de Pol\u00edtica Sanit\u00e0ria i eHealth a la Universitat de Toronto (Canad\u00e0). Ell va analitzar qu\u00e8 estava passant quan la gent tenia acc\u00e9s directe a la informaci\u00f3 m\u00e8dica a Internet. Va veure que els intermediaris estaven sent eliminats, i que aix\u00f2 deixava un buit que es podia ocupar per altres fonts d&#8217;informaci\u00f3 fiables. El professor ha publicat escrits acad\u00e8mics sobre el tema, primer descrivint aquest fen\u00f2men el 2007 i despr\u00e9s el 2008 en dues revistes.<\/span><\/p>\n<p><span style=\"font-weight: 400\">Segons Gunther Eysenbach(1), Apomediaci\u00f3 \u00e9s un nou terme acad\u00e8mic socio-tecnol\u00f2gic que caracteritza el proc\u00e9s de desintermediaci\u00f3 (els intermediaris s\u00f3n &#8220;guardians de la porta&#8221;, per exemple professionals de la salut donant informaci\u00f3 &#8220;relevant&#8221; al pacient, i la desintermediaci\u00f3 significa fer un &#8220;bypass&#8221;) on els antics intermediaris s\u00f3n funcionalment reempla\u00e7ats per apomediaris, per exemple: xarxes socials, grups, processos de filtratge col\u00b7laboratiu. <\/span><\/p>\n<p><span style=\"font-weight: 400\">No nom\u00e9s els pacients utilitzen l\u2019apomediaci\u00f3, els professionals de la salut tamb\u00e9 fan \u00fas dels apomedaris. Fa un temps s\u2019anava a consultar un bibliotecari per a fer cerques a Pubmed per exemple, tanmateix els metges m\u00e9s tard van comen\u00e7ar a usar Pubmed directament. Actualment, els professionals de la salut tamb\u00e9 utilitzen &#8220;apomedaris&#8221;, per exemple, eines de marcadors compartits com CiteULike o WebCite, on les persones reben indicadors sobre literatura cient\u00edfica pertinent publicada recentment, d&#8217;acord amb el que altres amb els seus mateixos interessos o un perfil similar han citat o marcat. Apomediaci\u00f3 \u00e9s un concepte relatiu a la Medicina 2.0.<\/span><\/p>\n<ol>\n<li style=\"font-weight: 400\"><span style=\"font-weight: 400\">Gunther Eysenbach (2008). Medicine 2.0: Social Networking, Collaboration, Participation, Apomediation, and Openness Journal of Medical Internet Research, 10 (3) DOI: <\/span><a href=\"http:\/\/dx.doi.org\/10.2196\/jmir.1030\"><span style=\"font-weight: 400\">10.2196\/jmir.1030<\/span><\/a><\/li>\n<\/ol>\n","protected":false},"author":21,"featured_media":3472,"menu_order":0,"template":"","meta":{"_acf_changed":false,"inline_featured_image":false},"etiqueta":[],"tipus":[],"topic":[],"class_list":["post-3476","noticia","type-noticia","status-publish","has-post-thumbnail","hentry"],"acf":{"imatge":3473,"autor":"Marc De San Pedro","textos_destacats":[{"texte":"De la intermediaci\u00f3 a la desintermediaci\u00f3 de la informaci\u00f3 en salut"}]},"yoast_head":"<!-- This site is optimized with the Yoast SEO plugin v27.1.1 - https:\/\/yoast.com\/product\/yoast-seo-wordpress\/ -->\n<title>Sobre el concepte Apomediaci\u00f3 - Fundaci\u00f3 TIC Salut i Social<\/title>\n<meta name=\"robots\" content=\"index, follow, max-snippet:-1, max-image-preview:large, max-video-preview:-1\" \/>\n<link rel=\"canonical\" href=\"https:\/\/ticsalutsocial.atoom.space\/en\/noticia\/sobre-el-concepte-apomediacio\/\" \/>\n<meta property=\"og:locale\" content=\"en_US\" \/>\n<meta property=\"og:type\" content=\"article\" \/>\n<meta property=\"og:title\" content=\"Sobre el concepte Apomediaci\u00f3 - Fundaci\u00f3 TIC Salut i Social\" \/>\n<meta property=\"og:description\" content=\"El terme &#8220;Apomediaci\u00f3&#8221; va ser creat pel Dr. Gunther Eysenbach. Eysenbach \u00e9s professor de Pol\u00edtica Sanit\u00e0ria i eHealth a la Universitat de Toronto (Canad\u00e0). Ell va analitzar qu\u00e8 estava passant quan la gent tenia acc\u00e9s directe a la informaci\u00f3 m\u00e8dica a Internet. Va veure que els intermediaris estaven sent eliminats, i que aix\u00f2 deixava un [&hellip;]\" \/>\n<meta property=\"og:url\" content=\"https:\/\/ticsalutsocial.atoom.space\/en\/noticia\/sobre-el-concepte-apomediacio\/\" \/>\n<meta property=\"og:site_name\" content=\"Fundaci\u00f3 TIC Salut i Social\" \/>\n<meta property=\"article:modified_time\" content=\"2021-07-21T13:37:34+00:00\" \/>\n<meta property=\"og:image\" content=\"https:\/\/ticsalutsocial.atoom.space\/wp-content\/uploads\/2018\/07\/colors.jpg\" \/>\n\t<meta property=\"og:image:width\" content=\"2560\" \/>\n\t<meta property=\"og:image:height\" content=\"1600\" \/>\n\t<meta property=\"og:image:type\" content=\"image\/jpeg\" \/>\n<meta name=\"twitter:card\" content=\"summary_large_image\" \/>\n<meta name=\"twitter:label1\" content=\"Est. reading time\" \/>\n\t<meta name=\"twitter:data1\" content=\"1 minute\" \/>\n<script type=\"application\/ld+json\" class=\"yoast-schema-graph\">{\"@context\":\"https:\/\/schema.org\",\"@graph\":[{\"@type\":\"WebPage\",\"@id\":\"https:\/\/ticsalutsocial.atoom.space\/en\/noticia\/sobre-el-concepte-apomediacio\/\",\"url\":\"https:\/\/ticsalutsocial.atoom.space\/en\/noticia\/sobre-el-concepte-apomediacio\/\",\"name\":\"Sobre el concepte Apomediaci\u00f3 - Fundaci\u00f3 TIC Salut i Social\",\"isPartOf\":{\"@id\":\"https:\/\/ticsalutsocial.atoom.space\/en\/#website\"},\"primaryImageOfPage\":{\"@id\":\"https:\/\/ticsalutsocial.atoom.space\/en\/noticia\/sobre-el-concepte-apomediacio\/#primaryimage\"},\"image\":{\"@id\":\"https:\/\/ticsalutsocial.atoom.space\/en\/noticia\/sobre-el-concepte-apomediacio\/#primaryimage\"},\"thumbnailUrl\":\"https:\/\/ticsalutsocial.atoom.space\/wp-content\/uploads\/2018\/07\/colors.jpg\",\"datePublished\":\"2018-07-30T09:30:47+00:00\",\"dateModified\":\"2021-07-21T13:37:34+00:00\",\"breadcrumb\":{\"@id\":\"https:\/\/ticsalutsocial.atoom.space\/en\/noticia\/sobre-el-concepte-apomediacio\/#breadcrumb\"},\"inLanguage\":\"en-US\",\"potentialAction\":[{\"@type\":\"ReadAction\",\"target\":[\"https:\/\/ticsalutsocial.atoom.space\/en\/noticia\/sobre-el-concepte-apomediacio\/\"]}]},{\"@type\":\"ImageObject\",\"inLanguage\":\"en-US\",\"@id\":\"https:\/\/ticsalutsocial.atoom.space\/en\/noticia\/sobre-el-concepte-apomediacio\/#primaryimage\",\"url\":\"https:\/\/ticsalutsocial.atoom.space\/wp-content\/uploads\/2018\/07\/colors.jpg\",\"contentUrl\":\"https:\/\/ticsalutsocial.atoom.space\/wp-content\/uploads\/2018\/07\/colors.jpg\",\"width\":2560,\"height\":1600},{\"@type\":\"BreadcrumbList\",\"@id\":\"https:\/\/ticsalutsocial.atoom.space\/en\/noticia\/sobre-el-concepte-apomediacio\/#breadcrumb\",\"itemListElement\":[{\"@type\":\"ListItem\",\"position\":1,\"name\":\"Inici\",\"item\":\"https:\/\/ticsalutsocial.atoom.space\/en\/\"},{\"@type\":\"ListItem\",\"position\":2,\"name\":\"Sobre el concepte Apomediaci\u00f3\"}]},{\"@type\":\"WebSite\",\"@id\":\"https:\/\/ticsalutsocial.atoom.space\/en\/#website\",\"url\":\"https:\/\/ticsalutsocial.atoom.space\/en\/\",\"name\":\"Fundaci\u00f3 TIC Salut i Social\",\"description\":\"\",\"potentialAction\":[{\"@type\":\"SearchAction\",\"target\":{\"@type\":\"EntryPoint\",\"urlTemplate\":\"https:\/\/ticsalutsocial.atoom.space\/en\/?s={search_term_string}\"},\"query-input\":{\"@type\":\"PropertyValueSpecification\",\"valueRequired\":true,\"valueName\":\"search_term_string\"}}],\"inLanguage\":\"en-US\"}]}<\/script>\n<!-- \/ Yoast SEO plugin. -->","yoast_head_json":{"title":"Sobre el concepte Apomediaci\u00f3 - Fundaci\u00f3 TIC Salut i Social","robots":{"index":"index","follow":"follow","max-snippet":"max-snippet:-1","max-image-preview":"max-image-preview:large","max-video-preview":"max-video-preview:-1"},"canonical":"https:\/\/ticsalutsocial.atoom.space\/en\/noticia\/sobre-el-concepte-apomediacio\/","og_locale":"en_US","og_type":"article","og_title":"Sobre el concepte Apomediaci\u00f3 - Fundaci\u00f3 TIC Salut i Social","og_description":"El terme &#8220;Apomediaci\u00f3&#8221; va ser creat pel Dr. Gunther Eysenbach. Eysenbach \u00e9s professor de Pol\u00edtica Sanit\u00e0ria i eHealth a la Universitat de Toronto (Canad\u00e0). Ell va analitzar qu\u00e8 estava passant quan la gent tenia acc\u00e9s directe a la informaci\u00f3 m\u00e8dica a Internet. Va veure que els intermediaris estaven sent eliminats, i que aix\u00f2 deixava un [&hellip;]","og_url":"https:\/\/ticsalutsocial.atoom.space\/en\/noticia\/sobre-el-concepte-apomediacio\/","og_site_name":"Fundaci\u00f3 TIC Salut i Social","article_modified_time":"2021-07-21T13:37:34+00:00","og_image":[{"width":2560,"height":1600,"url":"https:\/\/ticsalutsocial.atoom.space\/wp-content\/uploads\/2018\/07\/colors.jpg","type":"image\/jpeg"}],"twitter_card":"summary_large_image","twitter_misc":{"Est. reading time":"1 minute"},"schema":{"@context":"https:\/\/schema.org","@graph":[{"@type":"WebPage","@id":"https:\/\/ticsalutsocial.atoom.space\/en\/noticia\/sobre-el-concepte-apomediacio\/","url":"https:\/\/ticsalutsocial.atoom.space\/en\/noticia\/sobre-el-concepte-apomediacio\/","name":"Sobre el concepte Apomediaci\u00f3 - Fundaci\u00f3 TIC Salut i Social","isPartOf":{"@id":"https:\/\/ticsalutsocial.atoom.space\/en\/#website"},"primaryImageOfPage":{"@id":"https:\/\/ticsalutsocial.atoom.space\/en\/noticia\/sobre-el-concepte-apomediacio\/#primaryimage"},"image":{"@id":"https:\/\/ticsalutsocial.atoom.space\/en\/noticia\/sobre-el-concepte-apomediacio\/#primaryimage"},"thumbnailUrl":"https:\/\/ticsalutsocial.atoom.space\/wp-content\/uploads\/2018\/07\/colors.jpg","datePublished":"2018-07-30T09:30:47+00:00","dateModified":"2021-07-21T13:37:34+00:00","breadcrumb":{"@id":"https:\/\/ticsalutsocial.atoom.space\/en\/noticia\/sobre-el-concepte-apomediacio\/#breadcrumb"},"inLanguage":"en-US","potentialAction":[{"@type":"ReadAction","target":["https:\/\/ticsalutsocial.atoom.space\/en\/noticia\/sobre-el-concepte-apomediacio\/"]}]},{"@type":"ImageObject","inLanguage":"en-US","@id":"https:\/\/ticsalutsocial.atoom.space\/en\/noticia\/sobre-el-concepte-apomediacio\/#primaryimage","url":"https:\/\/ticsalutsocial.atoom.space\/wp-content\/uploads\/2018\/07\/colors.jpg","contentUrl":"https:\/\/ticsalutsocial.atoom.space\/wp-content\/uploads\/2018\/07\/colors.jpg","width":2560,"height":1600},{"@type":"BreadcrumbList","@id":"https:\/\/ticsalutsocial.atoom.space\/en\/noticia\/sobre-el-concepte-apomediacio\/#breadcrumb","itemListElement":[{"@type":"ListItem","position":1,"name":"Inici","item":"https:\/\/ticsalutsocial.atoom.space\/en\/"},{"@type":"ListItem","position":2,"name":"Sobre el concepte Apomediaci\u00f3"}]},{"@type":"WebSite","@id":"https:\/\/ticsalutsocial.atoom.space\/en\/#website","url":"https:\/\/ticsalutsocial.atoom.space\/en\/","name":"Fundaci\u00f3 TIC Salut i Social","description":"","potentialAction":[{"@type":"SearchAction","target":{"@type":"EntryPoint","urlTemplate":"https:\/\/ticsalutsocial.atoom.space\/en\/?s={search_term_string}"},"query-input":{"@type":"PropertyValueSpecification","valueRequired":true,"valueName":"search_term_string"}}],"inLanguage":"en-US"}]}},"_links":{"self":[{"href":"https:\/\/ticsalutsocial.atoom.space\/en\/wp-json\/wp\/v2\/noticia\/3476","targetHints":{"allow":["GET"]}}],"collection":[{"href":"https:\/\/ticsalutsocial.atoom.space\/en\/wp-json\/wp\/v2\/noticia"}],"about":[{"href":"https:\/\/ticsalutsocial.atoom.space\/en\/wp-json\/wp\/v2\/types\/noticia"}],"author":[{"embeddable":true,"href":"https:\/\/ticsalutsocial.atoom.space\/en\/wp-json\/wp\/v2\/users\/21"}],"wp:featuredmedia":[{"embeddable":true,"href":"https:\/\/ticsalutsocial.atoom.space\/en\/wp-json\/wp\/v2\/media\/3472"}],"wp:attachment":[{"href":"https:\/\/ticsalutsocial.atoom.space\/en\/wp-json\/wp\/v2\/media?parent=3476"}],"wp:term":[{"taxonomy":"etiqueta","embeddable":true,"href":"https:\/\/ticsalutsocial.atoom.space\/en\/wp-json\/wp\/v2\/etiqueta?post=3476"},{"taxonomy":"tipus","embeddable":true,"href":"https:\/\/ticsalutsocial.atoom.space\/en\/wp-json\/wp\/v2\/tipus?post=3476"},{"taxonomy":"topic","embeddable":true,"href":"https:\/\/ticsalutsocial.atoom.space\/en\/wp-json\/wp\/v2\/topic?post=3476"}],"curies":[{"name":"wp","href":"https:\/\/api.w.org\/{rel}","templated":true}]}}