
{"id":3497,"date":"2018-09-03T09:51:05","date_gmt":"2018-09-03T07:51:05","guid":{"rendered":"https:\/\/ticsalutsocial.atoom.space\/?post_type=noticia&#038;p=3497"},"modified":"2021-07-21T15:37:50","modified_gmt":"2021-07-21T13:37:50","slug":"la-fabrica-social-dinternet","status":"publish","type":"noticia","link":"https:\/\/ticsalutsocial.atoom.space\/en\/noticia\/la-fabrica-social-dinternet\/","title":{"rendered":"La f\u00e0brica social d&#8217;Internet"},"content":{"rendered":"<p><span style=\"font-weight: 400\">Qu\u00e8 \u00e9s una Comunitat de Pr\u00e0ctica (CoP)? Una CoP \u00e9s un grup de persones que comparteixen una habilitat o una professi\u00f3. Aquest concepte va ser proposat inicialment per l\u2019antrop\u00f2leg Jean Leave i pel te\u00f2ric de l\u2019educaci\u00f3 Etienne Wenger el 1991. Alhora, Wenger va expandir significativament aquest concepte el 1998 amb el seu llibre \u201cComunitats de Pr\u00e0ctica\u201d. Aix\u00ed doncs, la creaci\u00f3 del terme \u201cCoP\u201d \u00e9s relativament recent, malgrat el fenomen a que es refereix sigui antic. La vig\u00e8ncia del fenomen s\u2019observa pel creixent nombre de persones i organitzacions que en varis sectors s\u2019estan actualment focalitzant en les \u201cCoP\u201d com una de les claus per millorar els seus resultats. <\/span><\/p>\n<p><span style=\"font-weight: 400\">Tres s\u00f3n els components b\u00e0sics d\u2019una CoP: <\/span><\/p>\n<p><span style=\"font-weight: 400\">-El Domini: El terreny com\u00fa que inspira els membres a unir-se, dirigeix les seves activitats d\u2019aprenentatge i d\u00f3na prop\u00f2sit i significat a les seves activitats.<\/span><\/p>\n<p><span style=\"font-weight: 400\">-La Comunitat: Permet crear la \u201cf\u00e0brica social\u201d de l\u2019aprenentatge<\/span><\/p>\n<p><span style=\"font-weight: 400\">-La Pr\u00e0ctica: La component pr\u00e0ctica d\u2019una \u201cCoP\u201d \u00e9s el punt d\u2019acci\u00f3 al voltant del qual la comunitat es desenvolupa, comparteix i mant\u00e9 el seu coneixement.<\/span><\/p>\n<p><span style=\"font-weight: 400\">Amb tot, semblaria interessant plantejar com disminuir les barreres estructurals, culturals i pol\u00edtiques que existeixen vers les CoP mentre mantenim el nostre dia a dia a les entitats, garantint que tot funcioni adequadament. Una soluci\u00f3 a mig termini pot ser fent \u00fas d\u2019Internet, de facto la m\u00e9s gran \u201cCoP virtual\u201d que ens uneix globalment, on hi trobem quantitats ingents d\u2019informaci\u00f3 compartida, multitud d\u2019usuaris en xarxa amb els que poder parlar d\u2019interessos comuns, i la possibilitat d\u2019identificar potencials \u00e0rees de treball a les que hauria estat pr\u00e0cticament impossible d\u2019accedir si no exist\u00eds aquest espai com\u00fa que ens facilita la tecnologia. Possiblement, aquest propi \u00fas d\u2019Internet esdevingui un dels majors acceleradors cap a la transformaci\u00f3 digital de les persones en la nova societat en qu\u00e8 vivim.<\/span><\/p>\n","protected":false},"author":21,"featured_media":3493,"menu_order":0,"template":"","meta":{"_acf_changed":false,"inline_featured_image":false},"etiqueta":[],"tipus":[],"topic":[118],"class_list":["post-3497","noticia","type-noticia","status-publish","has-post-thumbnail","hentry","topic-innovation"],"acf":{"imatge":3494,"autor":"Marc De San Pedro","textos_destacats":[{"texte":"Possiblement una de les m\u00e9s grans Comunitats de Pr\u00e0ctica"}]},"yoast_head":"<!-- This site is optimized with the Yoast SEO plugin v27.1.1 - https:\/\/yoast.com\/product\/yoast-seo-wordpress\/ -->\n<title>La f\u00e0brica social d&#039;Internet - Fundaci\u00f3 TIC Salut i Social<\/title>\n<meta name=\"robots\" content=\"index, follow, max-snippet:-1, max-image-preview:large, max-video-preview:-1\" \/>\n<link rel=\"canonical\" href=\"https:\/\/ticsalutsocial.atoom.space\/en\/noticia\/la-fabrica-social-dinternet\/\" \/>\n<meta property=\"og:locale\" content=\"en_US\" \/>\n<meta property=\"og:type\" content=\"article\" \/>\n<meta property=\"og:title\" content=\"La f\u00e0brica social d&#039;Internet - Fundaci\u00f3 TIC Salut i Social\" \/>\n<meta property=\"og:description\" content=\"Qu\u00e8 \u00e9s una Comunitat de Pr\u00e0ctica (CoP)? Una CoP \u00e9s un grup de persones que comparteixen una habilitat o una professi\u00f3. Aquest concepte va ser proposat inicialment per l\u2019antrop\u00f2leg Jean Leave i pel te\u00f2ric de l\u2019educaci\u00f3 Etienne Wenger el 1991. Alhora, Wenger va expandir significativament aquest concepte el 1998 amb el seu llibre \u201cComunitats de [&hellip;]\" \/>\n<meta property=\"og:url\" content=\"https:\/\/ticsalutsocial.atoom.space\/en\/noticia\/la-fabrica-social-dinternet\/\" \/>\n<meta property=\"og:site_name\" content=\"Fundaci\u00f3 TIC Salut i Social\" \/>\n<meta property=\"article:modified_time\" content=\"2021-07-21T13:37:50+00:00\" \/>\n<meta property=\"og:image\" content=\"https:\/\/ticsalutsocial.atoom.space\/wp-content\/uploads\/2018\/09\/fotolia_218831590_subscription_monthly_m.jpg\" \/>\n\t<meta property=\"og:image:width\" content=\"1578\" \/>\n\t<meta property=\"og:image:height\" content=\"1204\" \/>\n\t<meta property=\"og:image:type\" content=\"image\/jpeg\" \/>\n<meta name=\"twitter:card\" content=\"summary_large_image\" \/>\n<meta name=\"twitter:label1\" content=\"Est. reading time\" \/>\n\t<meta name=\"twitter:data1\" content=\"2 minutes\" \/>\n<script type=\"application\/ld+json\" class=\"yoast-schema-graph\">{\"@context\":\"https:\/\/schema.org\",\"@graph\":[{\"@type\":\"WebPage\",\"@id\":\"https:\/\/ticsalutsocial.atoom.space\/en\/noticia\/la-fabrica-social-dinternet\/\",\"url\":\"https:\/\/ticsalutsocial.atoom.space\/en\/noticia\/la-fabrica-social-dinternet\/\",\"name\":\"La f\u00e0brica social d'Internet - Fundaci\u00f3 TIC Salut i Social\",\"isPartOf\":{\"@id\":\"https:\/\/ticsalutsocial.atoom.space\/en\/#website\"},\"primaryImageOfPage\":{\"@id\":\"https:\/\/ticsalutsocial.atoom.space\/en\/noticia\/la-fabrica-social-dinternet\/#primaryimage\"},\"image\":{\"@id\":\"https:\/\/ticsalutsocial.atoom.space\/en\/noticia\/la-fabrica-social-dinternet\/#primaryimage\"},\"thumbnailUrl\":\"https:\/\/ticsalutsocial.atoom.space\/wp-content\/uploads\/2018\/09\/fotolia_218831590_subscription_monthly_m.jpg\",\"datePublished\":\"2018-09-03T07:51:05+00:00\",\"dateModified\":\"2021-07-21T13:37:50+00:00\",\"breadcrumb\":{\"@id\":\"https:\/\/ticsalutsocial.atoom.space\/en\/noticia\/la-fabrica-social-dinternet\/#breadcrumb\"},\"inLanguage\":\"en-US\",\"potentialAction\":[{\"@type\":\"ReadAction\",\"target\":[\"https:\/\/ticsalutsocial.atoom.space\/en\/noticia\/la-fabrica-social-dinternet\/\"]}]},{\"@type\":\"ImageObject\",\"inLanguage\":\"en-US\",\"@id\":\"https:\/\/ticsalutsocial.atoom.space\/en\/noticia\/la-fabrica-social-dinternet\/#primaryimage\",\"url\":\"https:\/\/ticsalutsocial.atoom.space\/wp-content\/uploads\/2018\/09\/fotolia_218831590_subscription_monthly_m.jpg\",\"contentUrl\":\"https:\/\/ticsalutsocial.atoom.space\/wp-content\/uploads\/2018\/09\/fotolia_218831590_subscription_monthly_m.jpg\",\"width\":1578,\"height\":1204},{\"@type\":\"BreadcrumbList\",\"@id\":\"https:\/\/ticsalutsocial.atoom.space\/en\/noticia\/la-fabrica-social-dinternet\/#breadcrumb\",\"itemListElement\":[{\"@type\":\"ListItem\",\"position\":1,\"name\":\"Inici\",\"item\":\"https:\/\/ticsalutsocial.atoom.space\/en\/\"},{\"@type\":\"ListItem\",\"position\":2,\"name\":\"La f\u00e0brica social d&#8217;Internet\"}]},{\"@type\":\"WebSite\",\"@id\":\"https:\/\/ticsalutsocial.atoom.space\/en\/#website\",\"url\":\"https:\/\/ticsalutsocial.atoom.space\/en\/\",\"name\":\"Fundaci\u00f3 TIC Salut i Social\",\"description\":\"\",\"potentialAction\":[{\"@type\":\"SearchAction\",\"target\":{\"@type\":\"EntryPoint\",\"urlTemplate\":\"https:\/\/ticsalutsocial.atoom.space\/en\/?s={search_term_string}\"},\"query-input\":{\"@type\":\"PropertyValueSpecification\",\"valueRequired\":true,\"valueName\":\"search_term_string\"}}],\"inLanguage\":\"en-US\"}]}<\/script>\n<!-- \/ Yoast SEO plugin. -->","yoast_head_json":{"title":"La f\u00e0brica social d'Internet - Fundaci\u00f3 TIC Salut i Social","robots":{"index":"index","follow":"follow","max-snippet":"max-snippet:-1","max-image-preview":"max-image-preview:large","max-video-preview":"max-video-preview:-1"},"canonical":"https:\/\/ticsalutsocial.atoom.space\/en\/noticia\/la-fabrica-social-dinternet\/","og_locale":"en_US","og_type":"article","og_title":"La f\u00e0brica social d'Internet - Fundaci\u00f3 TIC Salut i Social","og_description":"Qu\u00e8 \u00e9s una Comunitat de Pr\u00e0ctica (CoP)? Una CoP \u00e9s un grup de persones que comparteixen una habilitat o una professi\u00f3. Aquest concepte va ser proposat inicialment per l\u2019antrop\u00f2leg Jean Leave i pel te\u00f2ric de l\u2019educaci\u00f3 Etienne Wenger el 1991. Alhora, Wenger va expandir significativament aquest concepte el 1998 amb el seu llibre \u201cComunitats de [&hellip;]","og_url":"https:\/\/ticsalutsocial.atoom.space\/en\/noticia\/la-fabrica-social-dinternet\/","og_site_name":"Fundaci\u00f3 TIC Salut i Social","article_modified_time":"2021-07-21T13:37:50+00:00","og_image":[{"width":1578,"height":1204,"url":"https:\/\/ticsalutsocial.atoom.space\/wp-content\/uploads\/2018\/09\/fotolia_218831590_subscription_monthly_m.jpg","type":"image\/jpeg"}],"twitter_card":"summary_large_image","twitter_misc":{"Est. reading time":"2 minutes"},"schema":{"@context":"https:\/\/schema.org","@graph":[{"@type":"WebPage","@id":"https:\/\/ticsalutsocial.atoom.space\/en\/noticia\/la-fabrica-social-dinternet\/","url":"https:\/\/ticsalutsocial.atoom.space\/en\/noticia\/la-fabrica-social-dinternet\/","name":"La f\u00e0brica social d'Internet - Fundaci\u00f3 TIC Salut i Social","isPartOf":{"@id":"https:\/\/ticsalutsocial.atoom.space\/en\/#website"},"primaryImageOfPage":{"@id":"https:\/\/ticsalutsocial.atoom.space\/en\/noticia\/la-fabrica-social-dinternet\/#primaryimage"},"image":{"@id":"https:\/\/ticsalutsocial.atoom.space\/en\/noticia\/la-fabrica-social-dinternet\/#primaryimage"},"thumbnailUrl":"https:\/\/ticsalutsocial.atoom.space\/wp-content\/uploads\/2018\/09\/fotolia_218831590_subscription_monthly_m.jpg","datePublished":"2018-09-03T07:51:05+00:00","dateModified":"2021-07-21T13:37:50+00:00","breadcrumb":{"@id":"https:\/\/ticsalutsocial.atoom.space\/en\/noticia\/la-fabrica-social-dinternet\/#breadcrumb"},"inLanguage":"en-US","potentialAction":[{"@type":"ReadAction","target":["https:\/\/ticsalutsocial.atoom.space\/en\/noticia\/la-fabrica-social-dinternet\/"]}]},{"@type":"ImageObject","inLanguage":"en-US","@id":"https:\/\/ticsalutsocial.atoom.space\/en\/noticia\/la-fabrica-social-dinternet\/#primaryimage","url":"https:\/\/ticsalutsocial.atoom.space\/wp-content\/uploads\/2018\/09\/fotolia_218831590_subscription_monthly_m.jpg","contentUrl":"https:\/\/ticsalutsocial.atoom.space\/wp-content\/uploads\/2018\/09\/fotolia_218831590_subscription_monthly_m.jpg","width":1578,"height":1204},{"@type":"BreadcrumbList","@id":"https:\/\/ticsalutsocial.atoom.space\/en\/noticia\/la-fabrica-social-dinternet\/#breadcrumb","itemListElement":[{"@type":"ListItem","position":1,"name":"Inici","item":"https:\/\/ticsalutsocial.atoom.space\/en\/"},{"@type":"ListItem","position":2,"name":"La f\u00e0brica social d&#8217;Internet"}]},{"@type":"WebSite","@id":"https:\/\/ticsalutsocial.atoom.space\/en\/#website","url":"https:\/\/ticsalutsocial.atoom.space\/en\/","name":"Fundaci\u00f3 TIC Salut i Social","description":"","potentialAction":[{"@type":"SearchAction","target":{"@type":"EntryPoint","urlTemplate":"https:\/\/ticsalutsocial.atoom.space\/en\/?s={search_term_string}"},"query-input":{"@type":"PropertyValueSpecification","valueRequired":true,"valueName":"search_term_string"}}],"inLanguage":"en-US"}]}},"_links":{"self":[{"href":"https:\/\/ticsalutsocial.atoom.space\/en\/wp-json\/wp\/v2\/noticia\/3497","targetHints":{"allow":["GET"]}}],"collection":[{"href":"https:\/\/ticsalutsocial.atoom.space\/en\/wp-json\/wp\/v2\/noticia"}],"about":[{"href":"https:\/\/ticsalutsocial.atoom.space\/en\/wp-json\/wp\/v2\/types\/noticia"}],"author":[{"embeddable":true,"href":"https:\/\/ticsalutsocial.atoom.space\/en\/wp-json\/wp\/v2\/users\/21"}],"wp:featuredmedia":[{"embeddable":true,"href":"https:\/\/ticsalutsocial.atoom.space\/en\/wp-json\/wp\/v2\/media\/3493"}],"wp:attachment":[{"href":"https:\/\/ticsalutsocial.atoom.space\/en\/wp-json\/wp\/v2\/media?parent=3497"}],"wp:term":[{"taxonomy":"etiqueta","embeddable":true,"href":"https:\/\/ticsalutsocial.atoom.space\/en\/wp-json\/wp\/v2\/etiqueta?post=3497"},{"taxonomy":"tipus","embeddable":true,"href":"https:\/\/ticsalutsocial.atoom.space\/en\/wp-json\/wp\/v2\/tipus?post=3497"},{"taxonomy":"topic","embeddable":true,"href":"https:\/\/ticsalutsocial.atoom.space\/en\/wp-json\/wp\/v2\/topic?post=3497"}],"curies":[{"name":"wp","href":"https:\/\/api.w.org\/{rel}","templated":true}]}}