
{"id":3514,"date":"2018-09-10T15:32:01","date_gmt":"2018-09-10T13:32:01","guid":{"rendered":"https:\/\/ticsalutsocial.atoom.space\/?post_type=noticia&#038;p=3514"},"modified":"2021-07-21T15:37:58","modified_gmt":"2021-07-21T13:37:58","slug":"entrevista-setembre-2018-dra-marina-geli-coordinadora-del-centre-destudis-sanitaris-i-socials-cess","status":"publish","type":"noticia","link":"https:\/\/ticsalutsocial.atoom.space\/en\/noticia\/entrevista-setembre-2018-dra-marina-geli-coordinadora-del-centre-destudis-sanitaris-i-socials-cess\/","title":{"rendered":"Entrevista Setembre 2018: Dra. Marina Geli, Coordinadora del Centre d&#8217;Estudis Sanitaris i Socials (CESS)"},"content":{"rendered":"<p><strong>Amb l&#8217;inici del nou curs escalfem motors per a la vuitena edici\u00f3 de les Jornades RDI en TIC Salut i Social que enguany es celebren durant els dies 27 i 28 de setembre a Vic. Hem volgut conversar amb la Dra. Marina Geli,\u00a0Coordinadora del Centre d&#8217;Estudis Sanitaris i Socials (CESS) i membre del comit\u00e8 directiu i cient\u00edfic de les jornades perqu\u00e8 ens avanci part dels continguts que trobarem i quin ser\u00e0 el rol de la tecnologia en els sectors que ens ocupen:<\/strong><\/p>\n<ul>\n<li><strong>Les Jornades RDI en TIC Salut i Social arriben a la 8a edici\u00f3, la 3a a Vic. Qu\u00e8 pot esperar el sector a l\u2019edici\u00f3 d\u2019enguany?<\/strong><\/li>\n<\/ul>\n<p>La 8\u00aa edici\u00f3 de les Jornades TIC Salut i Social pot aportar la mirada de l\u2019\u00fas de les TIC, tecnologia en la millora de la vida de la gent. Molt sovint associem TIC i tecnologia al concepte de deshumanitzaci\u00f3, addicci\u00f3, p\u00e8rdua d&#8217;intimitat, tr\u00e0fic de dades,&#8230; Enguany, al contrari d&#8217;aquest imaginari, compartirem coneixement sobre com aquestes poden millorar la qualitat de vida de les persones i de la comunitat, amb una mirada social i de salut.<\/p>\n<ul>\n<li><strong>Perqu\u00e8 Ter\u00e0pies Digitals?<\/strong><\/li>\n<\/ul>\n<p>Les TIC i la tecnologia han d\u2019esdevenir, igual que la prescripci\u00f3 dels medicaments, un proc\u00e9s normalitzat amb els seus avaluadors pre, durant i post prescripci\u00f3. On es tinguin en compte la recomanaci\u00f3 i els efectes secundaris.<\/p>\n<ul>\n<li><strong>Entre les personalitats m\u00e9s destacades, tenim la pres\u00e8ncia de Luz Rello, el Dr. Mateo Valero o el Dr. Samuel S\u00e1nchez, 3 taules rodones, espais B2B, c\u00e0psules de comunicaci\u00f3&#8230; Ser\u00e0 una jornada d\u2019alt contingut te\u00f2ric per\u00f2 a l\u2019hora pr\u00e0ctic?<\/strong><\/li>\n<\/ul>\n<p>La voluntat de les jornades \u00e9s la de compartir coneixement, pr\u00e0ctica d\u2019alt impacte, est\u00e0 clar, de present i futur. Disl\u00e8xia, an\u00e0lisi de dades, <em>big data<\/em>, intel\u00b7lig\u00e8ncia artificial en \u00e0mbits com salut i social, ter\u00e0pies digitals en salut mental, en organitzacions i en \u00e0rees com la nano-medicina, per exemple.<\/p>\n<ul>\n<li><strong>Quin paper tenen reservat les empreses en aquestes jornades?<\/strong><\/li>\n<\/ul>\n<p>Les empreses s\u00f3n part del mecenatge, de l&#8217;intercanvi entre els projectes, nous o consolidats, i alhora tenen la possibilitat de presentar les seves experi\u00e8ncies.<\/p>\n<ul>\n<li><strong>El comit\u00e8 cient\u00edfic ha rebut m\u00e9s de 100 projectes i s\u2019entregaran 9 premis. Podem dir que els sector gaudeix de bona salut?<\/strong><\/li>\n<\/ul>\n<p>El sector gaudeix de molt bona salut i cal orientar-lo cap a la innovaci\u00f3 efectiva, aplicable, escalable i reprodu\u00efble.<\/p>\n<ul>\n<li><strong>Finalment, quina recomanaci\u00f3 faries a alg\u00fa que s\u2019est\u00e0 plantejant participar-hi per\u00f2 encara no s\u2019ha decidit?<\/strong><\/li>\n<\/ul>\n<p>La Jornada \u00e9s un f\u00f2rum tranquil i d\u2019escolta, d&#8217;intercanvi i amb possibilitat de compartir amb actors diversos: empresarials, funcionals, organitzacions, entitats i corporacions entre d&#8217;altres.<\/p>\n","protected":false},"author":21,"featured_media":3510,"menu_order":0,"template":"","meta":{"_acf_changed":false,"inline_featured_image":false},"etiqueta":[],"tipus":[],"topic":[120],"class_list":["post-3514","noticia","type-noticia","status-publish","has-post-thumbnail","hentry","topic-dpo"],"acf":{"imatge":3511,"autor":"Adri\u00e0 G.Font","textos_destacats":[{"texte":"8a edici\u00f3 de les Jornades RDI en TIC Salut i Social"}]},"yoast_head":"<!-- This site is optimized with the Yoast SEO plugin v27.1.1 - https:\/\/yoast.com\/product\/yoast-seo-wordpress\/ -->\n<title>Entrevista Setembre 2018: Dra. Marina Geli, Coordinadora del Centre d&#039;Estudis Sanitaris i Socials (CESS) - Fundaci\u00f3 TIC Salut i Social<\/title>\n<meta name=\"robots\" content=\"index, follow, max-snippet:-1, max-image-preview:large, max-video-preview:-1\" \/>\n<link rel=\"canonical\" href=\"https:\/\/ticsalutsocial.atoom.space\/en\/noticia\/entrevista-setembre-2018-dra-marina-geli-coordinadora-del-centre-destudis-sanitaris-i-socials-cess\/\" \/>\n<meta property=\"og:locale\" content=\"en_US\" \/>\n<meta property=\"og:type\" content=\"article\" \/>\n<meta property=\"og:title\" content=\"Entrevista Setembre 2018: Dra. Marina Geli, Coordinadora del Centre d&#039;Estudis Sanitaris i Socials (CESS) - Fundaci\u00f3 TIC Salut i Social\" \/>\n<meta property=\"og:description\" content=\"Amb l&#8217;inici del nou curs escalfem motors per a la vuitena edici\u00f3 de les Jornades RDI en TIC Salut i Social que enguany es celebren durant els dies 27 i 28 de setembre a Vic. Hem volgut conversar amb la Dra. Marina Geli,\u00a0Coordinadora del Centre d&#8217;Estudis Sanitaris i Socials (CESS) i membre del comit\u00e8 directiu [&hellip;]\" \/>\n<meta property=\"og:url\" content=\"https:\/\/ticsalutsocial.atoom.space\/en\/noticia\/entrevista-setembre-2018-dra-marina-geli-coordinadora-del-centre-destudis-sanitaris-i-socials-cess\/\" \/>\n<meta property=\"og:site_name\" content=\"Fundaci\u00f3 TIC Salut i Social\" \/>\n<meta property=\"article:modified_time\" content=\"2021-07-21T13:37:58+00:00\" \/>\n<meta property=\"og:image\" content=\"https:\/\/ticsalutsocial.atoom.space\/wp-content\/uploads\/2018\/09\/captura-1.png\" \/>\n\t<meta property=\"og:image:width\" content=\"856\" \/>\n\t<meta property=\"og:image:height\" content=\"575\" \/>\n\t<meta property=\"og:image:type\" content=\"image\/png\" \/>\n<meta name=\"twitter:card\" content=\"summary_large_image\" \/>\n<meta name=\"twitter:label1\" content=\"Est. reading time\" \/>\n\t<meta name=\"twitter:data1\" content=\"2 minutes\" \/>\n<script type=\"application\/ld+json\" class=\"yoast-schema-graph\">{\"@context\":\"https:\/\/schema.org\",\"@graph\":[{\"@type\":\"WebPage\",\"@id\":\"https:\/\/ticsalutsocial.atoom.space\/en\/noticia\/entrevista-setembre-2018-dra-marina-geli-coordinadora-del-centre-destudis-sanitaris-i-socials-cess\/\",\"url\":\"https:\/\/ticsalutsocial.atoom.space\/en\/noticia\/entrevista-setembre-2018-dra-marina-geli-coordinadora-del-centre-destudis-sanitaris-i-socials-cess\/\",\"name\":\"Entrevista Setembre 2018: Dra. Marina Geli, Coordinadora del Centre d'Estudis Sanitaris i Socials (CESS) - Fundaci\u00f3 TIC Salut i Social\",\"isPartOf\":{\"@id\":\"https:\/\/ticsalutsocial.atoom.space\/en\/#website\"},\"primaryImageOfPage\":{\"@id\":\"https:\/\/ticsalutsocial.atoom.space\/en\/noticia\/entrevista-setembre-2018-dra-marina-geli-coordinadora-del-centre-destudis-sanitaris-i-socials-cess\/#primaryimage\"},\"image\":{\"@id\":\"https:\/\/ticsalutsocial.atoom.space\/en\/noticia\/entrevista-setembre-2018-dra-marina-geli-coordinadora-del-centre-destudis-sanitaris-i-socials-cess\/#primaryimage\"},\"thumbnailUrl\":\"https:\/\/ticsalutsocial.atoom.space\/wp-content\/uploads\/2018\/09\/captura-1.png\",\"datePublished\":\"2018-09-10T13:32:01+00:00\",\"dateModified\":\"2021-07-21T13:37:58+00:00\",\"breadcrumb\":{\"@id\":\"https:\/\/ticsalutsocial.atoom.space\/en\/noticia\/entrevista-setembre-2018-dra-marina-geli-coordinadora-del-centre-destudis-sanitaris-i-socials-cess\/#breadcrumb\"},\"inLanguage\":\"en-US\",\"potentialAction\":[{\"@type\":\"ReadAction\",\"target\":[\"https:\/\/ticsalutsocial.atoom.space\/en\/noticia\/entrevista-setembre-2018-dra-marina-geli-coordinadora-del-centre-destudis-sanitaris-i-socials-cess\/\"]}]},{\"@type\":\"ImageObject\",\"inLanguage\":\"en-US\",\"@id\":\"https:\/\/ticsalutsocial.atoom.space\/en\/noticia\/entrevista-setembre-2018-dra-marina-geli-coordinadora-del-centre-destudis-sanitaris-i-socials-cess\/#primaryimage\",\"url\":\"https:\/\/ticsalutsocial.atoom.space\/wp-content\/uploads\/2018\/09\/captura-1.png\",\"contentUrl\":\"https:\/\/ticsalutsocial.atoom.space\/wp-content\/uploads\/2018\/09\/captura-1.png\",\"width\":856,\"height\":575},{\"@type\":\"BreadcrumbList\",\"@id\":\"https:\/\/ticsalutsocial.atoom.space\/en\/noticia\/entrevista-setembre-2018-dra-marina-geli-coordinadora-del-centre-destudis-sanitaris-i-socials-cess\/#breadcrumb\",\"itemListElement\":[{\"@type\":\"ListItem\",\"position\":1,\"name\":\"Inici\",\"item\":\"https:\/\/ticsalutsocial.atoom.space\/en\/\"},{\"@type\":\"ListItem\",\"position\":2,\"name\":\"Entrevista Setembre 2018: Dra. Marina Geli, Coordinadora del Centre d&#8217;Estudis Sanitaris i Socials (CESS)\"}]},{\"@type\":\"WebSite\",\"@id\":\"https:\/\/ticsalutsocial.atoom.space\/en\/#website\",\"url\":\"https:\/\/ticsalutsocial.atoom.space\/en\/\",\"name\":\"Fundaci\u00f3 TIC Salut i Social\",\"description\":\"\",\"potentialAction\":[{\"@type\":\"SearchAction\",\"target\":{\"@type\":\"EntryPoint\",\"urlTemplate\":\"https:\/\/ticsalutsocial.atoom.space\/en\/?s={search_term_string}\"},\"query-input\":{\"@type\":\"PropertyValueSpecification\",\"valueRequired\":true,\"valueName\":\"search_term_string\"}}],\"inLanguage\":\"en-US\"}]}<\/script>\n<!-- \/ Yoast SEO plugin. -->","yoast_head_json":{"title":"Entrevista Setembre 2018: Dra. Marina Geli, Coordinadora del Centre d'Estudis Sanitaris i Socials (CESS) - Fundaci\u00f3 TIC Salut i Social","robots":{"index":"index","follow":"follow","max-snippet":"max-snippet:-1","max-image-preview":"max-image-preview:large","max-video-preview":"max-video-preview:-1"},"canonical":"https:\/\/ticsalutsocial.atoom.space\/en\/noticia\/entrevista-setembre-2018-dra-marina-geli-coordinadora-del-centre-destudis-sanitaris-i-socials-cess\/","og_locale":"en_US","og_type":"article","og_title":"Entrevista Setembre 2018: Dra. Marina Geli, Coordinadora del Centre d'Estudis Sanitaris i Socials (CESS) - Fundaci\u00f3 TIC Salut i Social","og_description":"Amb l&#8217;inici del nou curs escalfem motors per a la vuitena edici\u00f3 de les Jornades RDI en TIC Salut i Social que enguany es celebren durant els dies 27 i 28 de setembre a Vic. Hem volgut conversar amb la Dra. Marina Geli,\u00a0Coordinadora del Centre d&#8217;Estudis Sanitaris i Socials (CESS) i membre del comit\u00e8 directiu [&hellip;]","og_url":"https:\/\/ticsalutsocial.atoom.space\/en\/noticia\/entrevista-setembre-2018-dra-marina-geli-coordinadora-del-centre-destudis-sanitaris-i-socials-cess\/","og_site_name":"Fundaci\u00f3 TIC Salut i Social","article_modified_time":"2021-07-21T13:37:58+00:00","og_image":[{"width":856,"height":575,"url":"https:\/\/ticsalutsocial.atoom.space\/wp-content\/uploads\/2018\/09\/captura-1.png","type":"image\/png"}],"twitter_card":"summary_large_image","twitter_misc":{"Est. reading time":"2 minutes"},"schema":{"@context":"https:\/\/schema.org","@graph":[{"@type":"WebPage","@id":"https:\/\/ticsalutsocial.atoom.space\/en\/noticia\/entrevista-setembre-2018-dra-marina-geli-coordinadora-del-centre-destudis-sanitaris-i-socials-cess\/","url":"https:\/\/ticsalutsocial.atoom.space\/en\/noticia\/entrevista-setembre-2018-dra-marina-geli-coordinadora-del-centre-destudis-sanitaris-i-socials-cess\/","name":"Entrevista Setembre 2018: Dra. Marina Geli, Coordinadora del Centre d'Estudis Sanitaris i Socials (CESS) - Fundaci\u00f3 TIC Salut i Social","isPartOf":{"@id":"https:\/\/ticsalutsocial.atoom.space\/en\/#website"},"primaryImageOfPage":{"@id":"https:\/\/ticsalutsocial.atoom.space\/en\/noticia\/entrevista-setembre-2018-dra-marina-geli-coordinadora-del-centre-destudis-sanitaris-i-socials-cess\/#primaryimage"},"image":{"@id":"https:\/\/ticsalutsocial.atoom.space\/en\/noticia\/entrevista-setembre-2018-dra-marina-geli-coordinadora-del-centre-destudis-sanitaris-i-socials-cess\/#primaryimage"},"thumbnailUrl":"https:\/\/ticsalutsocial.atoom.space\/wp-content\/uploads\/2018\/09\/captura-1.png","datePublished":"2018-09-10T13:32:01+00:00","dateModified":"2021-07-21T13:37:58+00:00","breadcrumb":{"@id":"https:\/\/ticsalutsocial.atoom.space\/en\/noticia\/entrevista-setembre-2018-dra-marina-geli-coordinadora-del-centre-destudis-sanitaris-i-socials-cess\/#breadcrumb"},"inLanguage":"en-US","potentialAction":[{"@type":"ReadAction","target":["https:\/\/ticsalutsocial.atoom.space\/en\/noticia\/entrevista-setembre-2018-dra-marina-geli-coordinadora-del-centre-destudis-sanitaris-i-socials-cess\/"]}]},{"@type":"ImageObject","inLanguage":"en-US","@id":"https:\/\/ticsalutsocial.atoom.space\/en\/noticia\/entrevista-setembre-2018-dra-marina-geli-coordinadora-del-centre-destudis-sanitaris-i-socials-cess\/#primaryimage","url":"https:\/\/ticsalutsocial.atoom.space\/wp-content\/uploads\/2018\/09\/captura-1.png","contentUrl":"https:\/\/ticsalutsocial.atoom.space\/wp-content\/uploads\/2018\/09\/captura-1.png","width":856,"height":575},{"@type":"BreadcrumbList","@id":"https:\/\/ticsalutsocial.atoom.space\/en\/noticia\/entrevista-setembre-2018-dra-marina-geli-coordinadora-del-centre-destudis-sanitaris-i-socials-cess\/#breadcrumb","itemListElement":[{"@type":"ListItem","position":1,"name":"Inici","item":"https:\/\/ticsalutsocial.atoom.space\/en\/"},{"@type":"ListItem","position":2,"name":"Entrevista Setembre 2018: Dra. Marina Geli, Coordinadora del Centre d&#8217;Estudis Sanitaris i Socials (CESS)"}]},{"@type":"WebSite","@id":"https:\/\/ticsalutsocial.atoom.space\/en\/#website","url":"https:\/\/ticsalutsocial.atoom.space\/en\/","name":"Fundaci\u00f3 TIC Salut i Social","description":"","potentialAction":[{"@type":"SearchAction","target":{"@type":"EntryPoint","urlTemplate":"https:\/\/ticsalutsocial.atoom.space\/en\/?s={search_term_string}"},"query-input":{"@type":"PropertyValueSpecification","valueRequired":true,"valueName":"search_term_string"}}],"inLanguage":"en-US"}]}},"_links":{"self":[{"href":"https:\/\/ticsalutsocial.atoom.space\/en\/wp-json\/wp\/v2\/noticia\/3514","targetHints":{"allow":["GET"]}}],"collection":[{"href":"https:\/\/ticsalutsocial.atoom.space\/en\/wp-json\/wp\/v2\/noticia"}],"about":[{"href":"https:\/\/ticsalutsocial.atoom.space\/en\/wp-json\/wp\/v2\/types\/noticia"}],"author":[{"embeddable":true,"href":"https:\/\/ticsalutsocial.atoom.space\/en\/wp-json\/wp\/v2\/users\/21"}],"wp:featuredmedia":[{"embeddable":true,"href":"https:\/\/ticsalutsocial.atoom.space\/en\/wp-json\/wp\/v2\/media\/3510"}],"wp:attachment":[{"href":"https:\/\/ticsalutsocial.atoom.space\/en\/wp-json\/wp\/v2\/media?parent=3514"}],"wp:term":[{"taxonomy":"etiqueta","embeddable":true,"href":"https:\/\/ticsalutsocial.atoom.space\/en\/wp-json\/wp\/v2\/etiqueta?post=3514"},{"taxonomy":"tipus","embeddable":true,"href":"https:\/\/ticsalutsocial.atoom.space\/en\/wp-json\/wp\/v2\/tipus?post=3514"},{"taxonomy":"topic","embeddable":true,"href":"https:\/\/ticsalutsocial.atoom.space\/en\/wp-json\/wp\/v2\/topic?post=3514"}],"curies":[{"name":"wp","href":"https:\/\/api.w.org\/{rel}","templated":true}]}}