
{"id":3531,"date":"2018-09-17T12:25:26","date_gmt":"2018-09-17T10:25:26","guid":{"rendered":"https:\/\/ticsalutsocial.atoom.space\/?post_type=noticia&#038;p=3531"},"modified":"2021-07-21T15:38:05","modified_gmt":"2021-07-21T13:38:05","slug":"els-serious-games-debuten-a-catalunya","status":"publish","type":"noticia","link":"https:\/\/ticsalutsocial.atoom.space\/en\/noticia\/els-serious-games-debuten-a-catalunya\/","title":{"rendered":"Els serious games debuten a Catalunya"},"content":{"rendered":"<p>Arriba a Terrassa el Serious Games Camp, el primer esdeveniment a Espanya dedicat als serious games i les noves tecnologies de realitat virtual i realitat augmentada. Un esdeveniment de dos dies on podr\u00e0s con\u00e8ixer com els videojocs i les tecnologies de realitat virtual i realitat augmentada estan transformant l&#8217;educaci\u00f3, la formaci\u00f3 i la salut.<\/p>\n<p>APR\u00c8N<br \/>\n\u00c9s un punt de trobada on con\u00e8ixer i reflexionar sobre les tend\u00e8ncies en l&#8217;entorn dels serious games (videojocs els objectius principals no s\u00f3n l&#8217;oci), tecnologies, educaci\u00f3, formaci\u00f3 i salut. Un espai on els majors referents del sector compartiran els seus coneixements, experi\u00e8ncies i visi\u00f3 amb tots els assistents.<\/p>\n<p>INSPIRA&#8217;T<br \/>\nConeixer\u00e0s els projectes emprenedors sorgits d&#8217;estudiants de cicles formatius i graus universitaris que s&#8217;han presentat a la convocat\u00f2ria del I Serious Games Camp Terrassa.<\/p>\n<p>PROVA<br \/>\nEspai d&#8217;exposici\u00f3 on les empreses mostraran els seus productes m\u00e9s innovadors. Podr\u00e0s provar l&#8217;\u00faltim en serious games i tecnologies com a realitat virtual, realitat augmentada i realitat mixta.<\/p>\n<p>COMPARTEIX<br \/>\nEl Serious Games Camp \u00e9s un punt de trobada entre diferents professionals de diferents \u00e0mbits. Un lloc ideal per compartir amb l&#8217;objectiu de crear sinergies de col\u00b7laboraci\u00f3.<\/p>\n<p>Esdeveniment gratu\u00eft.<\/p>\n<p>Consulta el programa del <a href=\"http:\/\/seriousgamescamp.es\/i-sgc-terrassa-2018-2\/#programa\">primer dia<\/a><\/p>\n<p>Consulta el programa del <a href=\"http:\/\/seriousgamescamp.es\/i-sgc-terrassa-2018-2\/#programa\">segon dia<\/a><\/p>\n<p><a href=\"https:\/\/www.eventbrite.es\/e\/entradas-i-serious-games-camp-terrassa-43227326096?aff=eac2\">Inscripcions<\/a><\/p>\n<p>Ubicaci\u00f3: Vapor Universitari de Terrassa<br \/>\nCarrer de Colom 114 (Terrassa)<\/p>\n","protected":false},"author":21,"featured_media":3527,"menu_order":0,"template":"","meta":{"_acf_changed":false,"inline_featured_image":false},"etiqueta":[],"tipus":[],"topic":[120],"class_list":["post-3531","noticia","type-noticia","status-publish","has-post-thumbnail","hentry","topic-dpo"],"acf":{"imatge":3528,"autor":"Adri\u00e0 G.Font","textos_destacats":[{"texte":"Se celebra a Terrassa la 1a edici\u00f3 dedicada a serious games, realitat virtual i augmentada"}]},"yoast_head":"<!-- This site is optimized with the Yoast SEO plugin v27.1.1 - https:\/\/yoast.com\/product\/yoast-seo-wordpress\/ -->\n<title>Els serious games debuten a Catalunya - Fundaci\u00f3 TIC Salut i Social<\/title>\n<meta name=\"robots\" content=\"index, follow, max-snippet:-1, max-image-preview:large, max-video-preview:-1\" \/>\n<link rel=\"canonical\" href=\"https:\/\/ticsalutsocial.atoom.space\/en\/noticia\/els-serious-games-debuten-a-catalunya\/\" \/>\n<meta property=\"og:locale\" content=\"en_US\" \/>\n<meta property=\"og:type\" content=\"article\" \/>\n<meta property=\"og:title\" content=\"Els serious games debuten a Catalunya - Fundaci\u00f3 TIC Salut i Social\" \/>\n<meta property=\"og:description\" content=\"Arriba a Terrassa el Serious Games Camp, el primer esdeveniment a Espanya dedicat als serious games i les noves tecnologies de realitat virtual i realitat augmentada. Un esdeveniment de dos dies on podr\u00e0s con\u00e8ixer com els videojocs i les tecnologies de realitat virtual i realitat augmentada estan transformant l&#8217;educaci\u00f3, la formaci\u00f3 i la salut. APR\u00c8N [&hellip;]\" \/>\n<meta property=\"og:url\" content=\"https:\/\/ticsalutsocial.atoom.space\/en\/noticia\/els-serious-games-debuten-a-catalunya\/\" \/>\n<meta property=\"og:site_name\" content=\"Fundaci\u00f3 TIC Salut i Social\" \/>\n<meta property=\"article:modified_time\" content=\"2021-07-21T13:38:05+00:00\" \/>\n<meta property=\"og:image\" content=\"https:\/\/ticsalutsocial.atoom.space\/wp-content\/uploads\/2018\/09\/captura.jpg\" \/>\n\t<meta property=\"og:image:width\" content=\"911\" \/>\n\t<meta property=\"og:image:height\" content=\"445\" \/>\n\t<meta property=\"og:image:type\" content=\"image\/jpeg\" \/>\n<meta name=\"twitter:card\" content=\"summary_large_image\" \/>\n<meta name=\"twitter:label1\" content=\"Est. reading time\" \/>\n\t<meta name=\"twitter:data1\" content=\"1 minute\" \/>\n<script type=\"application\/ld+json\" class=\"yoast-schema-graph\">{\"@context\":\"https:\/\/schema.org\",\"@graph\":[{\"@type\":\"WebPage\",\"@id\":\"https:\/\/ticsalutsocial.atoom.space\/en\/noticia\/els-serious-games-debuten-a-catalunya\/\",\"url\":\"https:\/\/ticsalutsocial.atoom.space\/en\/noticia\/els-serious-games-debuten-a-catalunya\/\",\"name\":\"Els serious games debuten a Catalunya - Fundaci\u00f3 TIC Salut i Social\",\"isPartOf\":{\"@id\":\"https:\/\/ticsalutsocial.atoom.space\/en\/#website\"},\"primaryImageOfPage\":{\"@id\":\"https:\/\/ticsalutsocial.atoom.space\/en\/noticia\/els-serious-games-debuten-a-catalunya\/#primaryimage\"},\"image\":{\"@id\":\"https:\/\/ticsalutsocial.atoom.space\/en\/noticia\/els-serious-games-debuten-a-catalunya\/#primaryimage\"},\"thumbnailUrl\":\"https:\/\/ticsalutsocial.atoom.space\/wp-content\/uploads\/2018\/09\/captura.jpg\",\"datePublished\":\"2018-09-17T10:25:26+00:00\",\"dateModified\":\"2021-07-21T13:38:05+00:00\",\"breadcrumb\":{\"@id\":\"https:\/\/ticsalutsocial.atoom.space\/en\/noticia\/els-serious-games-debuten-a-catalunya\/#breadcrumb\"},\"inLanguage\":\"en-US\",\"potentialAction\":[{\"@type\":\"ReadAction\",\"target\":[\"https:\/\/ticsalutsocial.atoom.space\/en\/noticia\/els-serious-games-debuten-a-catalunya\/\"]}]},{\"@type\":\"ImageObject\",\"inLanguage\":\"en-US\",\"@id\":\"https:\/\/ticsalutsocial.atoom.space\/en\/noticia\/els-serious-games-debuten-a-catalunya\/#primaryimage\",\"url\":\"https:\/\/ticsalutsocial.atoom.space\/wp-content\/uploads\/2018\/09\/captura.jpg\",\"contentUrl\":\"https:\/\/ticsalutsocial.atoom.space\/wp-content\/uploads\/2018\/09\/captura.jpg\",\"width\":911,\"height\":445},{\"@type\":\"BreadcrumbList\",\"@id\":\"https:\/\/ticsalutsocial.atoom.space\/en\/noticia\/els-serious-games-debuten-a-catalunya\/#breadcrumb\",\"itemListElement\":[{\"@type\":\"ListItem\",\"position\":1,\"name\":\"Inici\",\"item\":\"https:\/\/ticsalutsocial.atoom.space\/en\/\"},{\"@type\":\"ListItem\",\"position\":2,\"name\":\"Els serious games debuten a Catalunya\"}]},{\"@type\":\"WebSite\",\"@id\":\"https:\/\/ticsalutsocial.atoom.space\/en\/#website\",\"url\":\"https:\/\/ticsalutsocial.atoom.space\/en\/\",\"name\":\"Fundaci\u00f3 TIC Salut i Social\",\"description\":\"\",\"potentialAction\":[{\"@type\":\"SearchAction\",\"target\":{\"@type\":\"EntryPoint\",\"urlTemplate\":\"https:\/\/ticsalutsocial.atoom.space\/en\/?s={search_term_string}\"},\"query-input\":{\"@type\":\"PropertyValueSpecification\",\"valueRequired\":true,\"valueName\":\"search_term_string\"}}],\"inLanguage\":\"en-US\"}]}<\/script>\n<!-- \/ Yoast SEO plugin. -->","yoast_head_json":{"title":"Els serious games debuten a Catalunya - Fundaci\u00f3 TIC Salut i Social","robots":{"index":"index","follow":"follow","max-snippet":"max-snippet:-1","max-image-preview":"max-image-preview:large","max-video-preview":"max-video-preview:-1"},"canonical":"https:\/\/ticsalutsocial.atoom.space\/en\/noticia\/els-serious-games-debuten-a-catalunya\/","og_locale":"en_US","og_type":"article","og_title":"Els serious games debuten a Catalunya - Fundaci\u00f3 TIC Salut i Social","og_description":"Arriba a Terrassa el Serious Games Camp, el primer esdeveniment a Espanya dedicat als serious games i les noves tecnologies de realitat virtual i realitat augmentada. Un esdeveniment de dos dies on podr\u00e0s con\u00e8ixer com els videojocs i les tecnologies de realitat virtual i realitat augmentada estan transformant l&#8217;educaci\u00f3, la formaci\u00f3 i la salut. APR\u00c8N [&hellip;]","og_url":"https:\/\/ticsalutsocial.atoom.space\/en\/noticia\/els-serious-games-debuten-a-catalunya\/","og_site_name":"Fundaci\u00f3 TIC Salut i Social","article_modified_time":"2021-07-21T13:38:05+00:00","og_image":[{"width":911,"height":445,"url":"https:\/\/ticsalutsocial.atoom.space\/wp-content\/uploads\/2018\/09\/captura.jpg","type":"image\/jpeg"}],"twitter_card":"summary_large_image","twitter_misc":{"Est. reading time":"1 minute"},"schema":{"@context":"https:\/\/schema.org","@graph":[{"@type":"WebPage","@id":"https:\/\/ticsalutsocial.atoom.space\/en\/noticia\/els-serious-games-debuten-a-catalunya\/","url":"https:\/\/ticsalutsocial.atoom.space\/en\/noticia\/els-serious-games-debuten-a-catalunya\/","name":"Els serious games debuten a Catalunya - Fundaci\u00f3 TIC Salut i Social","isPartOf":{"@id":"https:\/\/ticsalutsocial.atoom.space\/en\/#website"},"primaryImageOfPage":{"@id":"https:\/\/ticsalutsocial.atoom.space\/en\/noticia\/els-serious-games-debuten-a-catalunya\/#primaryimage"},"image":{"@id":"https:\/\/ticsalutsocial.atoom.space\/en\/noticia\/els-serious-games-debuten-a-catalunya\/#primaryimage"},"thumbnailUrl":"https:\/\/ticsalutsocial.atoom.space\/wp-content\/uploads\/2018\/09\/captura.jpg","datePublished":"2018-09-17T10:25:26+00:00","dateModified":"2021-07-21T13:38:05+00:00","breadcrumb":{"@id":"https:\/\/ticsalutsocial.atoom.space\/en\/noticia\/els-serious-games-debuten-a-catalunya\/#breadcrumb"},"inLanguage":"en-US","potentialAction":[{"@type":"ReadAction","target":["https:\/\/ticsalutsocial.atoom.space\/en\/noticia\/els-serious-games-debuten-a-catalunya\/"]}]},{"@type":"ImageObject","inLanguage":"en-US","@id":"https:\/\/ticsalutsocial.atoom.space\/en\/noticia\/els-serious-games-debuten-a-catalunya\/#primaryimage","url":"https:\/\/ticsalutsocial.atoom.space\/wp-content\/uploads\/2018\/09\/captura.jpg","contentUrl":"https:\/\/ticsalutsocial.atoom.space\/wp-content\/uploads\/2018\/09\/captura.jpg","width":911,"height":445},{"@type":"BreadcrumbList","@id":"https:\/\/ticsalutsocial.atoom.space\/en\/noticia\/els-serious-games-debuten-a-catalunya\/#breadcrumb","itemListElement":[{"@type":"ListItem","position":1,"name":"Inici","item":"https:\/\/ticsalutsocial.atoom.space\/en\/"},{"@type":"ListItem","position":2,"name":"Els serious games debuten a Catalunya"}]},{"@type":"WebSite","@id":"https:\/\/ticsalutsocial.atoom.space\/en\/#website","url":"https:\/\/ticsalutsocial.atoom.space\/en\/","name":"Fundaci\u00f3 TIC Salut i Social","description":"","potentialAction":[{"@type":"SearchAction","target":{"@type":"EntryPoint","urlTemplate":"https:\/\/ticsalutsocial.atoom.space\/en\/?s={search_term_string}"},"query-input":{"@type":"PropertyValueSpecification","valueRequired":true,"valueName":"search_term_string"}}],"inLanguage":"en-US"}]}},"_links":{"self":[{"href":"https:\/\/ticsalutsocial.atoom.space\/en\/wp-json\/wp\/v2\/noticia\/3531","targetHints":{"allow":["GET"]}}],"collection":[{"href":"https:\/\/ticsalutsocial.atoom.space\/en\/wp-json\/wp\/v2\/noticia"}],"about":[{"href":"https:\/\/ticsalutsocial.atoom.space\/en\/wp-json\/wp\/v2\/types\/noticia"}],"author":[{"embeddable":true,"href":"https:\/\/ticsalutsocial.atoom.space\/en\/wp-json\/wp\/v2\/users\/21"}],"wp:featuredmedia":[{"embeddable":true,"href":"https:\/\/ticsalutsocial.atoom.space\/en\/wp-json\/wp\/v2\/media\/3527"}],"wp:attachment":[{"href":"https:\/\/ticsalutsocial.atoom.space\/en\/wp-json\/wp\/v2\/media?parent=3531"}],"wp:term":[{"taxonomy":"etiqueta","embeddable":true,"href":"https:\/\/ticsalutsocial.atoom.space\/en\/wp-json\/wp\/v2\/etiqueta?post=3531"},{"taxonomy":"tipus","embeddable":true,"href":"https:\/\/ticsalutsocial.atoom.space\/en\/wp-json\/wp\/v2\/tipus?post=3531"},{"taxonomy":"topic","embeddable":true,"href":"https:\/\/ticsalutsocial.atoom.space\/en\/wp-json\/wp\/v2\/topic?post=3531"}],"curies":[{"name":"wp","href":"https:\/\/api.w.org\/{rel}","templated":true}]}}