
{"id":35474,"date":"2026-01-26T15:22:24","date_gmt":"2026-01-26T13:22:24","guid":{"rendered":"https:\/\/ticsalutsocial.atoom.space\/noticia\/nou-curs-sobre-intelligencia-artificial-gestio-de-dades-i-bioinformatica-en-lambit-de-la-salut\/"},"modified":"2026-01-27T12:08:08","modified_gmt":"2026-01-27T10:08:08","slug":"nou-curs-sobre-intelligencia-artificial-gestio-de-dades-i-bioinformatica-en-lambit-de-la-salut","status":"publish","type":"noticia","link":"https:\/\/ticsalutsocial.atoom.space\/en\/noticia\/nou-curs-sobre-intelligencia-artificial-gestio-de-dades-i-bioinformatica-en-lambit-de-la-salut\/","title":{"rendered":"New course on artificial intelligence, data management and bioinformatics in healthcare"},"content":{"rendered":"\n<p>On 4 February, the course <em><a href=\"https:\/\/www.il3.ub.edu\/ca\/microcredencials-intelligencia-artificial-gestio-dades-i-bioinformatica-en-lambit-salut\" target=\"_blank\" rel=\"noreferrer noopener\">Artificial Intelligence, Data Management and Bioinformatics in the Health Sector<\/a><\/em> will begin. It is promoted by Bioinformatics Barcelona and the Institute of Continuing Education IL3, with the support of the TIC Salut i Social Foundation, the Catalan Society for Digital Health, the Catalan Union of Hospitals, and the Health and Social Care Consortium of Catalonia. <strong>The programme is aimed at healthcare professionals<\/strong> who wish to incorporate artificial intelligence AI in a trustworthy way.<\/p>\n\n\n\n<p>The course provides a solid and practical foundation in artificial intelligence, clinical data management, ethics, model validation, and integration into care workflows. Among its objectives, it aims to enable professionals to identify opportunities to incorporate AI based solutions into healthcare processes and to collaborate with multidisciplinary teams on healthcare innovation projects.<\/p>\n\n\n\n<p>The teaching team includes <strong>Maria Bretones<\/strong> and <strong>Vaneza G\u00f3mez<\/strong>, project managers from the AI Area of the TIC Salut i Social Foundation, and <strong>M\u00edriam M\u00e9ndez<\/strong>, a member of the team at the Office of the Health Data Protection Officer. Maria Bretones and Vaneza G\u00f3mez will take part in the sessions on AI fundamentals and on the evaluation and interpretation of AI models, the latter in collaboration with the Agency for Health Quality and Assessment of Catalonia AQuAS. M\u00edriam M\u00e9ndez will lead the session on ethical and legal aspects of AI in health.<\/p>\n\n\n\n<p>The course is delivered online, lasts six weeks, and is worth 2 ECTS credits.<\/p>\n\n\n\n<p><\/p>\n\n\n\n<p><\/p>\n\n\n\n<figure class=\"wp-block-image size-large is-resized\"><img loading=\"lazy\" decoding=\"async\" width=\"1024\" height=\"53\" src=\"https:\/\/ticsalutsocial.atoom.space\/wp-content\/uploads\/2026\/01\/harmonitzacioLogosProjectesEuropeus-MTDFP-1024x53.png\" alt=\"\" class=\"wp-image-35478\" style=\"aspect-ratio:19.324227174694464;width:657px;height:auto\" srcset=\"https:\/\/ticsalutsocial.atoom.space\/wp-content\/uploads\/2026\/01\/harmonitzacioLogosProjectesEuropeus-MTDFP-1024x53.png 1024w, https:\/\/ticsalutsocial.atoom.space\/wp-content\/uploads\/2026\/01\/harmonitzacioLogosProjectesEuropeus-MTDFP-300x15.png 300w, https:\/\/ticsalutsocial.atoom.space\/wp-content\/uploads\/2026\/01\/harmonitzacioLogosProjectesEuropeus-MTDFP-768x40.png 768w, https:\/\/ticsalutsocial.atoom.space\/wp-content\/uploads\/2026\/01\/harmonitzacioLogosProjectesEuropeus-MTDFP-1536x79.png 1536w, https:\/\/ticsalutsocial.atoom.space\/wp-content\/uploads\/2026\/01\/harmonitzacioLogosProjectesEuropeus-MTDFP-2048x106.png 2048w\" sizes=\"auto, (max-width: 1024px) 100vw, 1024px\" \/><\/figure>\n\n\n\n<p><\/p>\n\n\n\n<p><\/p>\n","protected":false},"author":12,"featured_media":35472,"menu_order":0,"template":"","meta":{"_acf_changed":false,"inline_featured_image":false},"etiqueta":[],"tipus":[719],"topic":[122],"class_list":["post-35474","noticia","type-noticia","status-publish","has-post-thumbnail","hentry","tipus-artificial-intelligence","topic-hot-news"],"acf":{"finalitzat":false,"tipus_plantilla":"objectius","template_objectius":{"cont_principal":"","imatge":false,"cont_seguent":{"titol":"","contingut":""},"seccio_llistat":{"titol":"","llistat":false},"objectius":{"titol":"","objectius":false},"documents":false},"autor":"","imatge":35472,"textos_destacats":[{"texte":"The training is aimed at healthcare professionals who want to incorporate artificial intelligence in a trustworthy way."}],"documents":false},"yoast_head":"<!-- This site is optimized with the Yoast SEO plugin v27.1.1 - https:\/\/yoast.com\/product\/yoast-seo-wordpress\/ -->\n<title>New course on artificial intelligence, data management and bioinformatics in healthcare - Fundaci\u00f3 TIC Salut i Social<\/title>\n<meta name=\"robots\" content=\"index, follow, max-snippet:-1, max-image-preview:large, max-video-preview:-1\" \/>\n<link rel=\"canonical\" href=\"https:\/\/ticsalutsocial.atoom.space\/en\/noticia\/nou-curs-sobre-intelligencia-artificial-gestio-de-dades-i-bioinformatica-en-lambit-de-la-salut\/\" \/>\n<meta property=\"og:locale\" content=\"en_US\" \/>\n<meta property=\"og:type\" content=\"article\" \/>\n<meta property=\"og:title\" content=\"New course on artificial intelligence, data management and bioinformatics in healthcare - Fundaci\u00f3 TIC Salut i Social\" \/>\n<meta property=\"og:description\" content=\"On 4 February, the course Artificial Intelligence, Data Management and Bioinformatics in the Health Sector will begin. It is promoted by Bioinformatics Barcelona and the Institute of Continuing Education IL3, with the support of the TIC Salut i Social Foundation, the Catalan Society for Digital Health, the Catalan Union of Hospitals, and the Health and [&hellip;]\" \/>\n<meta property=\"og:url\" content=\"https:\/\/ticsalutsocial.atoom.space\/en\/noticia\/nou-curs-sobre-intelligencia-artificial-gestio-de-dades-i-bioinformatica-en-lambit-de-la-salut\/\" \/>\n<meta property=\"og:site_name\" content=\"Fundaci\u00f3 TIC Salut i Social\" \/>\n<meta property=\"article:modified_time\" content=\"2026-01-27T10:08:08+00:00\" \/>\n<meta property=\"og:image\" content=\"https:\/\/ticsalutsocial.atoom.space\/wp-content\/uploads\/2026\/01\/curs-sobre-intelligencia-artificial-gestio-de-dades-i-bioinformatica.png\" \/>\n\t<meta property=\"og:image:width\" content=\"1280\" \/>\n\t<meta property=\"og:image:height\" content=\"960\" \/>\n\t<meta property=\"og:image:type\" content=\"image\/png\" \/>\n<meta name=\"twitter:card\" content=\"summary_large_image\" \/>\n<meta name=\"twitter:label1\" content=\"Est. reading time\" \/>\n\t<meta name=\"twitter:data1\" content=\"1 minute\" \/>\n<script type=\"application\/ld+json\" class=\"yoast-schema-graph\">{\"@context\":\"https:\/\/schema.org\",\"@graph\":[{\"@type\":\"WebPage\",\"@id\":\"https:\/\/ticsalutsocial.atoom.space\/en\/noticia\/nou-curs-sobre-intelligencia-artificial-gestio-de-dades-i-bioinformatica-en-lambit-de-la-salut\/\",\"url\":\"https:\/\/ticsalutsocial.atoom.space\/en\/noticia\/nou-curs-sobre-intelligencia-artificial-gestio-de-dades-i-bioinformatica-en-lambit-de-la-salut\/\",\"name\":\"New course on artificial intelligence, data management and bioinformatics in healthcare - Fundaci\u00f3 TIC Salut i Social\",\"isPartOf\":{\"@id\":\"https:\/\/ticsalutsocial.atoom.space\/en\/#website\"},\"primaryImageOfPage\":{\"@id\":\"https:\/\/ticsalutsocial.atoom.space\/en\/noticia\/nou-curs-sobre-intelligencia-artificial-gestio-de-dades-i-bioinformatica-en-lambit-de-la-salut\/#primaryimage\"},\"image\":{\"@id\":\"https:\/\/ticsalutsocial.atoom.space\/en\/noticia\/nou-curs-sobre-intelligencia-artificial-gestio-de-dades-i-bioinformatica-en-lambit-de-la-salut\/#primaryimage\"},\"thumbnailUrl\":\"https:\/\/ticsalutsocial.atoom.space\/wp-content\/uploads\/2026\/01\/curs-sobre-intelligencia-artificial-gestio-de-dades-i-bioinformatica.png\",\"datePublished\":\"2026-01-26T13:22:24+00:00\",\"dateModified\":\"2026-01-27T10:08:08+00:00\",\"breadcrumb\":{\"@id\":\"https:\/\/ticsalutsocial.atoom.space\/en\/noticia\/nou-curs-sobre-intelligencia-artificial-gestio-de-dades-i-bioinformatica-en-lambit-de-la-salut\/#breadcrumb\"},\"inLanguage\":\"en-US\",\"potentialAction\":[{\"@type\":\"ReadAction\",\"target\":[\"https:\/\/ticsalutsocial.atoom.space\/en\/noticia\/nou-curs-sobre-intelligencia-artificial-gestio-de-dades-i-bioinformatica-en-lambit-de-la-salut\/\"]}]},{\"@type\":\"ImageObject\",\"inLanguage\":\"en-US\",\"@id\":\"https:\/\/ticsalutsocial.atoom.space\/en\/noticia\/nou-curs-sobre-intelligencia-artificial-gestio-de-dades-i-bioinformatica-en-lambit-de-la-salut\/#primaryimage\",\"url\":\"https:\/\/ticsalutsocial.atoom.space\/wp-content\/uploads\/2026\/01\/curs-sobre-intelligencia-artificial-gestio-de-dades-i-bioinformatica.png\",\"contentUrl\":\"https:\/\/ticsalutsocial.atoom.space\/wp-content\/uploads\/2026\/01\/curs-sobre-intelligencia-artificial-gestio-de-dades-i-bioinformatica.png\",\"width\":1280,\"height\":960,\"caption\":\"curs sobre intel\u00b7lig\u00e8ncia artificial, gesti\u00f3 de dades i bioinform\u00e0tica\"},{\"@type\":\"BreadcrumbList\",\"@id\":\"https:\/\/ticsalutsocial.atoom.space\/en\/noticia\/nou-curs-sobre-intelligencia-artificial-gestio-de-dades-i-bioinformatica-en-lambit-de-la-salut\/#breadcrumb\",\"itemListElement\":[{\"@type\":\"ListItem\",\"position\":1,\"name\":\"Inici\",\"item\":\"https:\/\/ticsalutsocial.atoom.space\/en\/\"},{\"@type\":\"ListItem\",\"position\":2,\"name\":\"New course on artificial intelligence, data management and bioinformatics in healthcare\"}]},{\"@type\":\"WebSite\",\"@id\":\"https:\/\/ticsalutsocial.atoom.space\/en\/#website\",\"url\":\"https:\/\/ticsalutsocial.atoom.space\/en\/\",\"name\":\"Fundaci\u00f3 TIC Salut i Social\",\"description\":\"\",\"potentialAction\":[{\"@type\":\"SearchAction\",\"target\":{\"@type\":\"EntryPoint\",\"urlTemplate\":\"https:\/\/ticsalutsocial.atoom.space\/en\/?s={search_term_string}\"},\"query-input\":{\"@type\":\"PropertyValueSpecification\",\"valueRequired\":true,\"valueName\":\"search_term_string\"}}],\"inLanguage\":\"en-US\"}]}<\/script>\n<!-- \/ Yoast SEO plugin. -->","yoast_head_json":{"title":"New course on artificial intelligence, data management and bioinformatics in healthcare - Fundaci\u00f3 TIC Salut i Social","robots":{"index":"index","follow":"follow","max-snippet":"max-snippet:-1","max-image-preview":"max-image-preview:large","max-video-preview":"max-video-preview:-1"},"canonical":"https:\/\/ticsalutsocial.atoom.space\/en\/noticia\/nou-curs-sobre-intelligencia-artificial-gestio-de-dades-i-bioinformatica-en-lambit-de-la-salut\/","og_locale":"en_US","og_type":"article","og_title":"New course on artificial intelligence, data management and bioinformatics in healthcare - Fundaci\u00f3 TIC Salut i Social","og_description":"On 4 February, the course Artificial Intelligence, Data Management and Bioinformatics in the Health Sector will begin. It is promoted by Bioinformatics Barcelona and the Institute of Continuing Education IL3, with the support of the TIC Salut i Social Foundation, the Catalan Society for Digital Health, the Catalan Union of Hospitals, and the Health and [&hellip;]","og_url":"https:\/\/ticsalutsocial.atoom.space\/en\/noticia\/nou-curs-sobre-intelligencia-artificial-gestio-de-dades-i-bioinformatica-en-lambit-de-la-salut\/","og_site_name":"Fundaci\u00f3 TIC Salut i Social","article_modified_time":"2026-01-27T10:08:08+00:00","og_image":[{"width":1280,"height":960,"url":"https:\/\/ticsalutsocial.atoom.space\/wp-content\/uploads\/2026\/01\/curs-sobre-intelligencia-artificial-gestio-de-dades-i-bioinformatica.png","type":"image\/png"}],"twitter_card":"summary_large_image","twitter_misc":{"Est. reading time":"1 minute"},"schema":{"@context":"https:\/\/schema.org","@graph":[{"@type":"WebPage","@id":"https:\/\/ticsalutsocial.atoom.space\/en\/noticia\/nou-curs-sobre-intelligencia-artificial-gestio-de-dades-i-bioinformatica-en-lambit-de-la-salut\/","url":"https:\/\/ticsalutsocial.atoom.space\/en\/noticia\/nou-curs-sobre-intelligencia-artificial-gestio-de-dades-i-bioinformatica-en-lambit-de-la-salut\/","name":"New course on artificial intelligence, data management and bioinformatics in healthcare - Fundaci\u00f3 TIC Salut i Social","isPartOf":{"@id":"https:\/\/ticsalutsocial.atoom.space\/en\/#website"},"primaryImageOfPage":{"@id":"https:\/\/ticsalutsocial.atoom.space\/en\/noticia\/nou-curs-sobre-intelligencia-artificial-gestio-de-dades-i-bioinformatica-en-lambit-de-la-salut\/#primaryimage"},"image":{"@id":"https:\/\/ticsalutsocial.atoom.space\/en\/noticia\/nou-curs-sobre-intelligencia-artificial-gestio-de-dades-i-bioinformatica-en-lambit-de-la-salut\/#primaryimage"},"thumbnailUrl":"https:\/\/ticsalutsocial.atoom.space\/wp-content\/uploads\/2026\/01\/curs-sobre-intelligencia-artificial-gestio-de-dades-i-bioinformatica.png","datePublished":"2026-01-26T13:22:24+00:00","dateModified":"2026-01-27T10:08:08+00:00","breadcrumb":{"@id":"https:\/\/ticsalutsocial.atoom.space\/en\/noticia\/nou-curs-sobre-intelligencia-artificial-gestio-de-dades-i-bioinformatica-en-lambit-de-la-salut\/#breadcrumb"},"inLanguage":"en-US","potentialAction":[{"@type":"ReadAction","target":["https:\/\/ticsalutsocial.atoom.space\/en\/noticia\/nou-curs-sobre-intelligencia-artificial-gestio-de-dades-i-bioinformatica-en-lambit-de-la-salut\/"]}]},{"@type":"ImageObject","inLanguage":"en-US","@id":"https:\/\/ticsalutsocial.atoom.space\/en\/noticia\/nou-curs-sobre-intelligencia-artificial-gestio-de-dades-i-bioinformatica-en-lambit-de-la-salut\/#primaryimage","url":"https:\/\/ticsalutsocial.atoom.space\/wp-content\/uploads\/2026\/01\/curs-sobre-intelligencia-artificial-gestio-de-dades-i-bioinformatica.png","contentUrl":"https:\/\/ticsalutsocial.atoom.space\/wp-content\/uploads\/2026\/01\/curs-sobre-intelligencia-artificial-gestio-de-dades-i-bioinformatica.png","width":1280,"height":960,"caption":"curs sobre intel\u00b7lig\u00e8ncia artificial, gesti\u00f3 de dades i bioinform\u00e0tica"},{"@type":"BreadcrumbList","@id":"https:\/\/ticsalutsocial.atoom.space\/en\/noticia\/nou-curs-sobre-intelligencia-artificial-gestio-de-dades-i-bioinformatica-en-lambit-de-la-salut\/#breadcrumb","itemListElement":[{"@type":"ListItem","position":1,"name":"Inici","item":"https:\/\/ticsalutsocial.atoom.space\/en\/"},{"@type":"ListItem","position":2,"name":"New course on artificial intelligence, data management and bioinformatics in healthcare"}]},{"@type":"WebSite","@id":"https:\/\/ticsalutsocial.atoom.space\/en\/#website","url":"https:\/\/ticsalutsocial.atoom.space\/en\/","name":"Fundaci\u00f3 TIC Salut i Social","description":"","potentialAction":[{"@type":"SearchAction","target":{"@type":"EntryPoint","urlTemplate":"https:\/\/ticsalutsocial.atoom.space\/en\/?s={search_term_string}"},"query-input":{"@type":"PropertyValueSpecification","valueRequired":true,"valueName":"search_term_string"}}],"inLanguage":"en-US"}]}},"_links":{"self":[{"href":"https:\/\/ticsalutsocial.atoom.space\/en\/wp-json\/wp\/v2\/noticia\/35474","targetHints":{"allow":["GET"]}}],"collection":[{"href":"https:\/\/ticsalutsocial.atoom.space\/en\/wp-json\/wp\/v2\/noticia"}],"about":[{"href":"https:\/\/ticsalutsocial.atoom.space\/en\/wp-json\/wp\/v2\/types\/noticia"}],"author":[{"embeddable":true,"href":"https:\/\/ticsalutsocial.atoom.space\/en\/wp-json\/wp\/v2\/users\/12"}],"wp:featuredmedia":[{"embeddable":true,"href":"https:\/\/ticsalutsocial.atoom.space\/en\/wp-json\/wp\/v2\/media\/35472"}],"wp:attachment":[{"href":"https:\/\/ticsalutsocial.atoom.space\/en\/wp-json\/wp\/v2\/media?parent=35474"}],"wp:term":[{"taxonomy":"etiqueta","embeddable":true,"href":"https:\/\/ticsalutsocial.atoom.space\/en\/wp-json\/wp\/v2\/etiqueta?post=35474"},{"taxonomy":"tipus","embeddable":true,"href":"https:\/\/ticsalutsocial.atoom.space\/en\/wp-json\/wp\/v2\/tipus?post=35474"},{"taxonomy":"topic","embeddable":true,"href":"https:\/\/ticsalutsocial.atoom.space\/en\/wp-json\/wp\/v2\/topic?post=35474"}],"curies":[{"name":"wp","href":"https:\/\/api.w.org\/{rel}","templated":true}]}}