
{"id":3626,"date":"2018-11-12T17:01:06","date_gmt":"2018-11-12T15:01:06","guid":{"rendered":"https:\/\/ticsalutsocial.atoom.space\/?post_type=noticia&#038;p=3626"},"modified":"2021-07-21T15:38:59","modified_gmt":"2021-07-21T13:38:59","slug":"signing-of-a-new-collaboration-agreement-with-the-scepce","status":"publish","type":"noticia","link":"https:\/\/ticsalutsocial.atoom.space\/en\/noticia\/signing-of-a-new-collaboration-agreement-with-the-scepce\/","title":{"rendered":"Signing of a new collaboration agreement with the SCEPCE"},"content":{"rendered":"<p>November 12 saw the signing of a Collaboration Framework Agreement between the <em>Fundaci\u00f3 TIC Salut Social<\/em> and the <em>Societat Catalana d\u2019Especialistes en Psicologia Cl\u00ednica<\/em> (SCPEC) regarding the accreditation of contents of the AppSalut Portal.<\/p>\n<p>The <em>Fundaci\u00f3 TIC Salut Social<\/em> was represented by its Director Josu\u00e9 Sallent, while SCEPC was represented by its President, Maite Garolera Freixa.<\/p>\n<p>This new collaboration is a means of improving the <em>Fundaci\u00f3 TIC Salut<\/em>\u2019s accreditation process for mobile apps by adding to the group of experts from different backgrounds.<\/p>\n","protected":false},"author":21,"featured_media":6904,"menu_order":0,"template":"","meta":{"_acf_changed":false,"inline_featured_image":false},"etiqueta":[221],"tipus":[655],"topic":[124],"class_list":["post-3626","noticia","type-noticia","status-publish","has-post-thumbnail","hentry","etiqueta-app-en","tipus-digital-assets","topic-hub"],"acf":{"imatge":6905,"autor":"Adri\u00e0 G.Font"},"yoast_head":"<!-- This site is optimized with the Yoast SEO plugin v27.1.1 - https:\/\/yoast.com\/product\/yoast-seo-wordpress\/ -->\n<title>Signing of a new collaboration agreement with the SCEPCE - Fundaci\u00f3 TIC Salut i Social<\/title>\n<meta name=\"robots\" content=\"index, follow, max-snippet:-1, max-image-preview:large, max-video-preview:-1\" \/>\n<link rel=\"canonical\" href=\"https:\/\/ticsalutsocial.atoom.space\/en\/noticia\/signing-of-a-new-collaboration-agreement-with-the-scepce\/\" \/>\n<meta property=\"og:locale\" content=\"en_US\" \/>\n<meta property=\"og:type\" content=\"article\" \/>\n<meta property=\"og:title\" content=\"Signing of a new collaboration agreement with the SCEPCE - Fundaci\u00f3 TIC Salut i Social\" \/>\n<meta property=\"og:description\" content=\"November 12 saw the signing of a Collaboration Framework Agreement between the Fundaci\u00f3 TIC Salut Social and the Societat Catalana d\u2019Especialistes en Psicologia Cl\u00ednica (SCPEC) regarding the accreditation of contents of the AppSalut Portal. The Fundaci\u00f3 TIC Salut Social was represented by its Director Josu\u00e9 Sallent, while SCEPC was represented by its President, Maite Garolera [&hellip;]\" \/>\n<meta property=\"og:url\" content=\"https:\/\/ticsalutsocial.atoom.space\/en\/noticia\/signing-of-a-new-collaboration-agreement-with-the-scepce\/\" \/>\n<meta property=\"og:site_name\" content=\"Fundaci\u00f3 TIC Salut i Social\" \/>\n<meta property=\"article:modified_time\" content=\"2021-07-21T13:38:59+00:00\" \/>\n<meta property=\"og:image\" content=\"https:\/\/ticsalutsocial.atoom.space\/wp-content\/uploads\/2018\/11\/2-scaled.jpg\" \/>\n\t<meta property=\"og:image:width\" content=\"2560\" \/>\n\t<meta property=\"og:image:height\" content=\"1920\" \/>\n\t<meta property=\"og:image:type\" content=\"image\/jpeg\" \/>\n<meta name=\"twitter:card\" content=\"summary_large_image\" \/>\n<script type=\"application\/ld+json\" class=\"yoast-schema-graph\">{\"@context\":\"https:\/\/schema.org\",\"@graph\":[{\"@type\":\"WebPage\",\"@id\":\"https:\/\/ticsalutsocial.atoom.space\/en\/noticia\/signing-of-a-new-collaboration-agreement-with-the-scepce\/\",\"url\":\"https:\/\/ticsalutsocial.atoom.space\/en\/noticia\/signing-of-a-new-collaboration-agreement-with-the-scepce\/\",\"name\":\"Signing of a new collaboration agreement with the SCEPCE - Fundaci\u00f3 TIC Salut i Social\",\"isPartOf\":{\"@id\":\"https:\/\/ticsalutsocial.atoom.space\/en\/#website\"},\"primaryImageOfPage\":{\"@id\":\"https:\/\/ticsalutsocial.atoom.space\/en\/noticia\/signing-of-a-new-collaboration-agreement-with-the-scepce\/#primaryimage\"},\"image\":{\"@id\":\"https:\/\/ticsalutsocial.atoom.space\/en\/noticia\/signing-of-a-new-collaboration-agreement-with-the-scepce\/#primaryimage\"},\"thumbnailUrl\":\"https:\/\/ticsalutsocial.atoom.space\/wp-content\/uploads\/2018\/11\/2-scaled.jpg\",\"datePublished\":\"2018-11-12T15:01:06+00:00\",\"dateModified\":\"2021-07-21T13:38:59+00:00\",\"breadcrumb\":{\"@id\":\"https:\/\/ticsalutsocial.atoom.space\/en\/noticia\/signing-of-a-new-collaboration-agreement-with-the-scepce\/#breadcrumb\"},\"inLanguage\":\"en-US\",\"potentialAction\":[{\"@type\":\"ReadAction\",\"target\":[\"https:\/\/ticsalutsocial.atoom.space\/en\/noticia\/signing-of-a-new-collaboration-agreement-with-the-scepce\/\"]}]},{\"@type\":\"ImageObject\",\"inLanguage\":\"en-US\",\"@id\":\"https:\/\/ticsalutsocial.atoom.space\/en\/noticia\/signing-of-a-new-collaboration-agreement-with-the-scepce\/#primaryimage\",\"url\":\"https:\/\/ticsalutsocial.atoom.space\/wp-content\/uploads\/2018\/11\/2-scaled.jpg\",\"contentUrl\":\"https:\/\/ticsalutsocial.atoom.space\/wp-content\/uploads\/2018\/11\/2-scaled.jpg\",\"width\":2560,\"height\":1920},{\"@type\":\"BreadcrumbList\",\"@id\":\"https:\/\/ticsalutsocial.atoom.space\/en\/noticia\/signing-of-a-new-collaboration-agreement-with-the-scepce\/#breadcrumb\",\"itemListElement\":[{\"@type\":\"ListItem\",\"position\":1,\"name\":\"Inici\",\"item\":\"https:\/\/ticsalutsocial.atoom.space\/en\/\"},{\"@type\":\"ListItem\",\"position\":2,\"name\":\"Signing of a new collaboration agreement with the SCEPCE\"}]},{\"@type\":\"WebSite\",\"@id\":\"https:\/\/ticsalutsocial.atoom.space\/en\/#website\",\"url\":\"https:\/\/ticsalutsocial.atoom.space\/en\/\",\"name\":\"Fundaci\u00f3 TIC Salut i Social\",\"description\":\"\",\"potentialAction\":[{\"@type\":\"SearchAction\",\"target\":{\"@type\":\"EntryPoint\",\"urlTemplate\":\"https:\/\/ticsalutsocial.atoom.space\/en\/?s={search_term_string}\"},\"query-input\":{\"@type\":\"PropertyValueSpecification\",\"valueRequired\":true,\"valueName\":\"search_term_string\"}}],\"inLanguage\":\"en-US\"}]}<\/script>\n<!-- \/ Yoast SEO plugin. -->","yoast_head_json":{"title":"Signing of a new collaboration agreement with the SCEPCE - Fundaci\u00f3 TIC Salut i Social","robots":{"index":"index","follow":"follow","max-snippet":"max-snippet:-1","max-image-preview":"max-image-preview:large","max-video-preview":"max-video-preview:-1"},"canonical":"https:\/\/ticsalutsocial.atoom.space\/en\/noticia\/signing-of-a-new-collaboration-agreement-with-the-scepce\/","og_locale":"en_US","og_type":"article","og_title":"Signing of a new collaboration agreement with the SCEPCE - Fundaci\u00f3 TIC Salut i Social","og_description":"November 12 saw the signing of a Collaboration Framework Agreement between the Fundaci\u00f3 TIC Salut Social and the Societat Catalana d\u2019Especialistes en Psicologia Cl\u00ednica (SCPEC) regarding the accreditation of contents of the AppSalut Portal. The Fundaci\u00f3 TIC Salut Social was represented by its Director Josu\u00e9 Sallent, while SCEPC was represented by its President, Maite Garolera [&hellip;]","og_url":"https:\/\/ticsalutsocial.atoom.space\/en\/noticia\/signing-of-a-new-collaboration-agreement-with-the-scepce\/","og_site_name":"Fundaci\u00f3 TIC Salut i Social","article_modified_time":"2021-07-21T13:38:59+00:00","og_image":[{"width":2560,"height":1920,"url":"https:\/\/ticsalutsocial.atoom.space\/wp-content\/uploads\/2018\/11\/2-scaled.jpg","type":"image\/jpeg"}],"twitter_card":"summary_large_image","schema":{"@context":"https:\/\/schema.org","@graph":[{"@type":"WebPage","@id":"https:\/\/ticsalutsocial.atoom.space\/en\/noticia\/signing-of-a-new-collaboration-agreement-with-the-scepce\/","url":"https:\/\/ticsalutsocial.atoom.space\/en\/noticia\/signing-of-a-new-collaboration-agreement-with-the-scepce\/","name":"Signing of a new collaboration agreement with the SCEPCE - Fundaci\u00f3 TIC Salut i Social","isPartOf":{"@id":"https:\/\/ticsalutsocial.atoom.space\/en\/#website"},"primaryImageOfPage":{"@id":"https:\/\/ticsalutsocial.atoom.space\/en\/noticia\/signing-of-a-new-collaboration-agreement-with-the-scepce\/#primaryimage"},"image":{"@id":"https:\/\/ticsalutsocial.atoom.space\/en\/noticia\/signing-of-a-new-collaboration-agreement-with-the-scepce\/#primaryimage"},"thumbnailUrl":"https:\/\/ticsalutsocial.atoom.space\/wp-content\/uploads\/2018\/11\/2-scaled.jpg","datePublished":"2018-11-12T15:01:06+00:00","dateModified":"2021-07-21T13:38:59+00:00","breadcrumb":{"@id":"https:\/\/ticsalutsocial.atoom.space\/en\/noticia\/signing-of-a-new-collaboration-agreement-with-the-scepce\/#breadcrumb"},"inLanguage":"en-US","potentialAction":[{"@type":"ReadAction","target":["https:\/\/ticsalutsocial.atoom.space\/en\/noticia\/signing-of-a-new-collaboration-agreement-with-the-scepce\/"]}]},{"@type":"ImageObject","inLanguage":"en-US","@id":"https:\/\/ticsalutsocial.atoom.space\/en\/noticia\/signing-of-a-new-collaboration-agreement-with-the-scepce\/#primaryimage","url":"https:\/\/ticsalutsocial.atoom.space\/wp-content\/uploads\/2018\/11\/2-scaled.jpg","contentUrl":"https:\/\/ticsalutsocial.atoom.space\/wp-content\/uploads\/2018\/11\/2-scaled.jpg","width":2560,"height":1920},{"@type":"BreadcrumbList","@id":"https:\/\/ticsalutsocial.atoom.space\/en\/noticia\/signing-of-a-new-collaboration-agreement-with-the-scepce\/#breadcrumb","itemListElement":[{"@type":"ListItem","position":1,"name":"Inici","item":"https:\/\/ticsalutsocial.atoom.space\/en\/"},{"@type":"ListItem","position":2,"name":"Signing of a new collaboration agreement with the SCEPCE"}]},{"@type":"WebSite","@id":"https:\/\/ticsalutsocial.atoom.space\/en\/#website","url":"https:\/\/ticsalutsocial.atoom.space\/en\/","name":"Fundaci\u00f3 TIC Salut i Social","description":"","potentialAction":[{"@type":"SearchAction","target":{"@type":"EntryPoint","urlTemplate":"https:\/\/ticsalutsocial.atoom.space\/en\/?s={search_term_string}"},"query-input":{"@type":"PropertyValueSpecification","valueRequired":true,"valueName":"search_term_string"}}],"inLanguage":"en-US"}]}},"_links":{"self":[{"href":"https:\/\/ticsalutsocial.atoom.space\/en\/wp-json\/wp\/v2\/noticia\/3626","targetHints":{"allow":["GET"]}}],"collection":[{"href":"https:\/\/ticsalutsocial.atoom.space\/en\/wp-json\/wp\/v2\/noticia"}],"about":[{"href":"https:\/\/ticsalutsocial.atoom.space\/en\/wp-json\/wp\/v2\/types\/noticia"}],"author":[{"embeddable":true,"href":"https:\/\/ticsalutsocial.atoom.space\/en\/wp-json\/wp\/v2\/users\/21"}],"wp:featuredmedia":[{"embeddable":true,"href":"https:\/\/ticsalutsocial.atoom.space\/en\/wp-json\/wp\/v2\/media\/6904"}],"wp:attachment":[{"href":"https:\/\/ticsalutsocial.atoom.space\/en\/wp-json\/wp\/v2\/media?parent=3626"}],"wp:term":[{"taxonomy":"etiqueta","embeddable":true,"href":"https:\/\/ticsalutsocial.atoom.space\/en\/wp-json\/wp\/v2\/etiqueta?post=3626"},{"taxonomy":"tipus","embeddable":true,"href":"https:\/\/ticsalutsocial.atoom.space\/en\/wp-json\/wp\/v2\/tipus?post=3626"},{"taxonomy":"topic","embeddable":true,"href":"https:\/\/ticsalutsocial.atoom.space\/en\/wp-json\/wp\/v2\/topic?post=3626"}],"curies":[{"name":"wp","href":"https:\/\/api.w.org\/{rel}","templated":true}]}}