
{"id":3770,"date":"2019-03-07T14:34:41","date_gmt":"2019-03-07T12:34:41","guid":{"rendered":"https:\/\/ticsalutsocial.atoom.space\/?post_type=noticia&#038;p=3770"},"modified":"2021-07-21T15:40:19","modified_gmt":"2021-07-21T13:40:19","slug":"synergies-for-the-future-of-documentation","status":"publish","type":"noticia","link":"https:\/\/ticsalutsocial.atoom.space\/en\/noticia\/synergies-for-the-future-of-documentation\/","title":{"rendered":"Synergies for the future of documentation"},"content":{"rendered":"<p>On the morning of Friday, 22 February 2019, the Interoperability Area of the <em>Fundaci\u00f3 TIC Salut Social<\/em> attended the seminar <strong><em>Synergies for the future of documentation<\/em><\/strong>, organized by the <em>Acad\u00e8mia de Ci\u00e8ncies M\u00e8diques i de la Salut de Catalunya i de Balears<\/em>.<\/p>\n<p>The day began with the inaugural speech by the President of the <em>Societat Catalana de Documentaci\u00f3 M\u00e8dica<\/em>, Dr Llu\u00eds Vilardell.<\/p>\n<p>The first round-table featured experts on education giving their views on Higher Education degrees in Documentation and Healthcare Administration. The panel of speakers, including Dr Rafael Peral, all shared the Ministry of Education\u2019s point of view. Dr Montse Argerich spoke of the typical student profile, and Dr M\u00aa Angeles Castellote spoke about the relationships between schools and practice centres. The first debate concluded with Dr Marta Sorribas speaking about job opportunities for graduates.<\/p>\n<p>The day concluded with the second debate, which centred round the views of healthcare professionals and students\u2019 personal experience. First to speak was Dr Gemma Gelabert, who spoke of her career in Clinical Documentation. She was followed by Antonio Gonz\u00e1lez who spoke of his experiences in an Admissions Systems service. Daniel P\u00e9rez then spoke of his career in an IT Systems service. The second debate concluded with the experiences of a student of a Degree in Health Documentation and Administration, Joan Marc Parera.<\/p>\n<p>&nbsp;<\/p>\n","protected":false},"author":21,"featured_media":3766,"menu_order":0,"template":"","meta":{"_acf_changed":false,"inline_featured_image":false},"etiqueta":[],"tipus":[83],"topic":[116,120],"class_list":["post-3770","noticia","type-noticia","status-publish","has-post-thumbnail","hentry","tipus-interoperability","topic-events","topic-dpo"],"acf":{"imatge":3767,"autor":"Adri\u00e0 G.Font"},"yoast_head":"<!-- This site is optimized with the Yoast SEO plugin v27.1.1 - https:\/\/yoast.com\/product\/yoast-seo-wordpress\/ -->\n<title>Synergies for the future of documentation - Fundaci\u00f3 TIC Salut i Social<\/title>\n<meta name=\"robots\" content=\"index, follow, max-snippet:-1, max-image-preview:large, max-video-preview:-1\" \/>\n<link rel=\"canonical\" href=\"https:\/\/ticsalutsocial.atoom.space\/en\/noticia\/synergies-for-the-future-of-documentation\/\" \/>\n<meta property=\"og:locale\" content=\"en_US\" \/>\n<meta property=\"og:type\" content=\"article\" \/>\n<meta property=\"og:title\" content=\"Synergies for the future of documentation - Fundaci\u00f3 TIC Salut i Social\" \/>\n<meta property=\"og:description\" content=\"On the morning of Friday, 22 February 2019, the Interoperability Area of the Fundaci\u00f3 TIC Salut Social attended the seminar Synergies for the future of documentation, organized by the Acad\u00e8mia de Ci\u00e8ncies M\u00e8diques i de la Salut de Catalunya i de Balears. The day began with the inaugural speech by the President of the Societat [&hellip;]\" \/>\n<meta property=\"og:url\" content=\"https:\/\/ticsalutsocial.atoom.space\/en\/noticia\/synergies-for-the-future-of-documentation\/\" \/>\n<meta property=\"og:site_name\" content=\"Fundaci\u00f3 TIC Salut i Social\" \/>\n<meta property=\"article:modified_time\" content=\"2021-07-21T13:40:19+00:00\" \/>\n<meta property=\"og:image\" content=\"https:\/\/ticsalutsocial.atoom.space\/wp-content\/uploads\/2019\/03\/fotolia_101756036_subscription_monthly_m.jpg\" \/>\n\t<meta property=\"og:image:width\" content=\"1688\" \/>\n\t<meta property=\"og:image:height\" content=\"1125\" \/>\n\t<meta property=\"og:image:type\" content=\"image\/jpeg\" \/>\n<meta name=\"twitter:card\" content=\"summary_large_image\" \/>\n<meta name=\"twitter:label1\" content=\"Est. reading time\" \/>\n\t<meta name=\"twitter:data1\" content=\"1 minute\" \/>\n<script type=\"application\/ld+json\" class=\"yoast-schema-graph\">{\"@context\":\"https:\/\/schema.org\",\"@graph\":[{\"@type\":\"WebPage\",\"@id\":\"https:\/\/ticsalutsocial.atoom.space\/en\/noticia\/synergies-for-the-future-of-documentation\/\",\"url\":\"https:\/\/ticsalutsocial.atoom.space\/en\/noticia\/synergies-for-the-future-of-documentation\/\",\"name\":\"Synergies for the future of documentation - Fundaci\u00f3 TIC Salut i Social\",\"isPartOf\":{\"@id\":\"https:\/\/ticsalutsocial.atoom.space\/en\/#website\"},\"primaryImageOfPage\":{\"@id\":\"https:\/\/ticsalutsocial.atoom.space\/en\/noticia\/synergies-for-the-future-of-documentation\/#primaryimage\"},\"image\":{\"@id\":\"https:\/\/ticsalutsocial.atoom.space\/en\/noticia\/synergies-for-the-future-of-documentation\/#primaryimage\"},\"thumbnailUrl\":\"https:\/\/ticsalutsocial.atoom.space\/wp-content\/uploads\/2019\/03\/fotolia_101756036_subscription_monthly_m.jpg\",\"datePublished\":\"2019-03-07T12:34:41+00:00\",\"dateModified\":\"2021-07-21T13:40:19+00:00\",\"breadcrumb\":{\"@id\":\"https:\/\/ticsalutsocial.atoom.space\/en\/noticia\/synergies-for-the-future-of-documentation\/#breadcrumb\"},\"inLanguage\":\"en-US\",\"potentialAction\":[{\"@type\":\"ReadAction\",\"target\":[\"https:\/\/ticsalutsocial.atoom.space\/en\/noticia\/synergies-for-the-future-of-documentation\/\"]}]},{\"@type\":\"ImageObject\",\"inLanguage\":\"en-US\",\"@id\":\"https:\/\/ticsalutsocial.atoom.space\/en\/noticia\/synergies-for-the-future-of-documentation\/#primaryimage\",\"url\":\"https:\/\/ticsalutsocial.atoom.space\/wp-content\/uploads\/2019\/03\/fotolia_101756036_subscription_monthly_m.jpg\",\"contentUrl\":\"https:\/\/ticsalutsocial.atoom.space\/wp-content\/uploads\/2019\/03\/fotolia_101756036_subscription_monthly_m.jpg\",\"width\":1688,\"height\":1125},{\"@type\":\"BreadcrumbList\",\"@id\":\"https:\/\/ticsalutsocial.atoom.space\/en\/noticia\/synergies-for-the-future-of-documentation\/#breadcrumb\",\"itemListElement\":[{\"@type\":\"ListItem\",\"position\":1,\"name\":\"Inici\",\"item\":\"https:\/\/ticsalutsocial.atoom.space\/en\/\"},{\"@type\":\"ListItem\",\"position\":2,\"name\":\"Synergies for the future of documentation\"}]},{\"@type\":\"WebSite\",\"@id\":\"https:\/\/ticsalutsocial.atoom.space\/en\/#website\",\"url\":\"https:\/\/ticsalutsocial.atoom.space\/en\/\",\"name\":\"Fundaci\u00f3 TIC Salut i Social\",\"description\":\"\",\"potentialAction\":[{\"@type\":\"SearchAction\",\"target\":{\"@type\":\"EntryPoint\",\"urlTemplate\":\"https:\/\/ticsalutsocial.atoom.space\/en\/?s={search_term_string}\"},\"query-input\":{\"@type\":\"PropertyValueSpecification\",\"valueRequired\":true,\"valueName\":\"search_term_string\"}}],\"inLanguage\":\"en-US\"}]}<\/script>\n<!-- \/ Yoast SEO plugin. -->","yoast_head_json":{"title":"Synergies for the future of documentation - Fundaci\u00f3 TIC Salut i Social","robots":{"index":"index","follow":"follow","max-snippet":"max-snippet:-1","max-image-preview":"max-image-preview:large","max-video-preview":"max-video-preview:-1"},"canonical":"https:\/\/ticsalutsocial.atoom.space\/en\/noticia\/synergies-for-the-future-of-documentation\/","og_locale":"en_US","og_type":"article","og_title":"Synergies for the future of documentation - Fundaci\u00f3 TIC Salut i Social","og_description":"On the morning of Friday, 22 February 2019, the Interoperability Area of the Fundaci\u00f3 TIC Salut Social attended the seminar Synergies for the future of documentation, organized by the Acad\u00e8mia de Ci\u00e8ncies M\u00e8diques i de la Salut de Catalunya i de Balears. The day began with the inaugural speech by the President of the Societat [&hellip;]","og_url":"https:\/\/ticsalutsocial.atoom.space\/en\/noticia\/synergies-for-the-future-of-documentation\/","og_site_name":"Fundaci\u00f3 TIC Salut i Social","article_modified_time":"2021-07-21T13:40:19+00:00","og_image":[{"width":1688,"height":1125,"url":"https:\/\/ticsalutsocial.atoom.space\/wp-content\/uploads\/2019\/03\/fotolia_101756036_subscription_monthly_m.jpg","type":"image\/jpeg"}],"twitter_card":"summary_large_image","twitter_misc":{"Est. reading time":"1 minute"},"schema":{"@context":"https:\/\/schema.org","@graph":[{"@type":"WebPage","@id":"https:\/\/ticsalutsocial.atoom.space\/en\/noticia\/synergies-for-the-future-of-documentation\/","url":"https:\/\/ticsalutsocial.atoom.space\/en\/noticia\/synergies-for-the-future-of-documentation\/","name":"Synergies for the future of documentation - Fundaci\u00f3 TIC Salut i Social","isPartOf":{"@id":"https:\/\/ticsalutsocial.atoom.space\/en\/#website"},"primaryImageOfPage":{"@id":"https:\/\/ticsalutsocial.atoom.space\/en\/noticia\/synergies-for-the-future-of-documentation\/#primaryimage"},"image":{"@id":"https:\/\/ticsalutsocial.atoom.space\/en\/noticia\/synergies-for-the-future-of-documentation\/#primaryimage"},"thumbnailUrl":"https:\/\/ticsalutsocial.atoom.space\/wp-content\/uploads\/2019\/03\/fotolia_101756036_subscription_monthly_m.jpg","datePublished":"2019-03-07T12:34:41+00:00","dateModified":"2021-07-21T13:40:19+00:00","breadcrumb":{"@id":"https:\/\/ticsalutsocial.atoom.space\/en\/noticia\/synergies-for-the-future-of-documentation\/#breadcrumb"},"inLanguage":"en-US","potentialAction":[{"@type":"ReadAction","target":["https:\/\/ticsalutsocial.atoom.space\/en\/noticia\/synergies-for-the-future-of-documentation\/"]}]},{"@type":"ImageObject","inLanguage":"en-US","@id":"https:\/\/ticsalutsocial.atoom.space\/en\/noticia\/synergies-for-the-future-of-documentation\/#primaryimage","url":"https:\/\/ticsalutsocial.atoom.space\/wp-content\/uploads\/2019\/03\/fotolia_101756036_subscription_monthly_m.jpg","contentUrl":"https:\/\/ticsalutsocial.atoom.space\/wp-content\/uploads\/2019\/03\/fotolia_101756036_subscription_monthly_m.jpg","width":1688,"height":1125},{"@type":"BreadcrumbList","@id":"https:\/\/ticsalutsocial.atoom.space\/en\/noticia\/synergies-for-the-future-of-documentation\/#breadcrumb","itemListElement":[{"@type":"ListItem","position":1,"name":"Inici","item":"https:\/\/ticsalutsocial.atoom.space\/en\/"},{"@type":"ListItem","position":2,"name":"Synergies for the future of documentation"}]},{"@type":"WebSite","@id":"https:\/\/ticsalutsocial.atoom.space\/en\/#website","url":"https:\/\/ticsalutsocial.atoom.space\/en\/","name":"Fundaci\u00f3 TIC Salut i Social","description":"","potentialAction":[{"@type":"SearchAction","target":{"@type":"EntryPoint","urlTemplate":"https:\/\/ticsalutsocial.atoom.space\/en\/?s={search_term_string}"},"query-input":{"@type":"PropertyValueSpecification","valueRequired":true,"valueName":"search_term_string"}}],"inLanguage":"en-US"}]}},"_links":{"self":[{"href":"https:\/\/ticsalutsocial.atoom.space\/en\/wp-json\/wp\/v2\/noticia\/3770","targetHints":{"allow":["GET"]}}],"collection":[{"href":"https:\/\/ticsalutsocial.atoom.space\/en\/wp-json\/wp\/v2\/noticia"}],"about":[{"href":"https:\/\/ticsalutsocial.atoom.space\/en\/wp-json\/wp\/v2\/types\/noticia"}],"author":[{"embeddable":true,"href":"https:\/\/ticsalutsocial.atoom.space\/en\/wp-json\/wp\/v2\/users\/21"}],"wp:featuredmedia":[{"embeddable":true,"href":"https:\/\/ticsalutsocial.atoom.space\/en\/wp-json\/wp\/v2\/media\/3766"}],"wp:attachment":[{"href":"https:\/\/ticsalutsocial.atoom.space\/en\/wp-json\/wp\/v2\/media?parent=3770"}],"wp:term":[{"taxonomy":"etiqueta","embeddable":true,"href":"https:\/\/ticsalutsocial.atoom.space\/en\/wp-json\/wp\/v2\/etiqueta?post=3770"},{"taxonomy":"tipus","embeddable":true,"href":"https:\/\/ticsalutsocial.atoom.space\/en\/wp-json\/wp\/v2\/tipus?post=3770"},{"taxonomy":"topic","embeddable":true,"href":"https:\/\/ticsalutsocial.atoom.space\/en\/wp-json\/wp\/v2\/topic?post=3770"}],"curies":[{"name":"wp","href":"https:\/\/api.w.org\/{rel}","templated":true}]}}