
{"id":3801,"date":"2019-04-04T16:08:12","date_gmt":"2019-04-04T14:08:12","guid":{"rendered":"https:\/\/ticsalutsocial.atoom.space\/?post_type=noticia&#038;p=3801"},"modified":"2021-07-21T15:40:37","modified_gmt":"2021-07-21T13:40:37","slug":"2019-international-congress-on-integrated-care","status":"publish","type":"noticia","link":"https:\/\/ticsalutsocial.atoom.space\/en\/noticia\/2019-international-congress-on-integrated-care\/","title":{"rendered":"2019 International Congress on Integrated Care"},"content":{"rendered":"<p>The concept of integrated healthcare is becoming increasingly important when defining integrated health and social services which meet the needs of the public. The <strong><em>19<sup>th<\/sup> edition of the International Conference on Integrated Care<\/em><\/strong> was held in San Sebastian on 1-3 April. It is one of the leading events on integrated care at the international level.<\/p>\n<p>With a three-day program and 11 concurrent themes on integrated care, the congress was a perfect opportunity for the exchange of experiences across the whole sector. Digital health was also on the agenda at the congress, along with talks on new healthcare models, establishing evaluation mechanisms, the empowerment of the individual and the formulation of health policies, among others.<\/p>\n<p>During the congress\u2019 opening plenary, several key figures from the sector stressed the need for socio-health coordination between the different levels of care, as being fundamental to providing healthcare aimed at the individual. For this reason the congress chose a <em>trainera <\/em>as its symbol, a Basque rowing boat which symbolizes a collective, coordinated effort. The effect on health, continuity of care, improvements in the user&#8217;s experience, and the coordination between primary care and hospital teams are some of the key issues which were dealt with during the different sessions and talks.<\/p>\n<p>The <strong>CONNECARE<\/strong> and <strong>SUSTAIN<\/strong> (H2020 program) projects were of particular interest on the first day of the congress. The former, coordinated by the <strong>EURECAT<\/strong> technological centre, aims to provide tools to define a therapeutic and consensual monitoring plan involving primary and hospital care. It is aimed at chronic patients who are entering a stage in which their health is deteriorating or who are scheduled for treatment; The latter is aimed at improving the provision of services for the elderly, with a focus on multiple social and health needs. Catalan health centres and professional bodies participate in both projects. These include: <strong>Ag\u00e8ncia de Qualitat i Avaluaci\u00f3 Sanit\u00e0ries de Catalunya (AQUAS), <\/strong>the <strong>Hospital Universitari de Santa Maria <\/strong>and<strong> Hospital Universitari Arnau de Vilanova, <\/strong>and the <strong>Hospital Santa Creu de Vic &#8211; Osona<\/strong>. Representatives of the <strong>Programa de Prevenci\u00f3 i Atenci\u00f3 a la Cronicitat de Catalunya (PPAC) <\/strong>and the<strong> Pla Interdepartamental d&#8217;Atenci\u00f3 i Interacci\u00f3 Social i Sanit\u00e0ria (PIAISS)<\/strong> also participated in the presentations.<\/p>\n<p>The second day began with a session on <strong>real world data<\/strong>, presenting experiences which compare the knowledge and protocols included in clinical handbooks with what happens in real life. In the case of protocols to be followed when dealing with stroke patients, a graphical comparison was made of various care pathways relating to the different methods and time used in many real cases. These show how the reality can be very different from the protocols, thus providing highly valuable information on how to improve responses and the resources required. A presentation was also given on the <strong>SCIROCCO<\/strong> project, showing results regarding the implementation of eHealth-based services in Europe; another presentation dealt with the <strong>ATC @ Scale<\/strong> project, which seeks to identify, transfer and scale up best practices on the coordination of services and telehealth throughout Europe, presenting initiatives in Scotland and Catalonia, led by the <strong>Hospital Cl\u00ednic de Barcelona<\/strong> and <strong>AQUAS<\/strong>.<\/p>\n<p>The final day of the congress placed a special emphasis on digital health issues, a theme which was supported by <strong>Tunstall<\/strong> during the three days the congress lasted. Speakers from Belgium presented the<strong> INTEGREO<\/strong> project which focuses on health via the shared creation and design of a digital platform through which to exchange data. The <strong><em>Hospital Cl\u00ednico San Carlos<\/em><\/strong> in Madrid presented a range of tools for improving results in integrated healthcare through architectures for the generation of large datasets based on evidence and process mining to monitor patient flows within the system.<\/p>\n<p>Once again a meeting involving professionals from the integrated care sector has facilitated the exchange of knowledge which will prove invaluable in the future. Coordination between participants, the formulation of policies which integrate social and healthcare services, a holistic approach to treating patients and the integration of IT systems are some of the key aspects which are needed to achieve a truly integrated healthcare model.<\/p>\n<p>Our thanks once again to the <strong>International Foundation for Integrated Care<\/strong> for providing us with such a valuable program featuring such a wide range of speakers and content. More information on the presentations can be found at the following <a href=\"https:\/\/integratedcarefoundation.org\/events\/icic19-19th-international-conference-on-integrated-care-san-sebastian-basque-country\" target=\"_blank\" rel=\"noopener\"><em>link<\/em><\/a>.<\/p>\n<p>We look forward to seeing you at the 20<sup>th<\/sup> edition of the ICIC, in \u0160ibenik (Croatia), from 27-29 April 2020!<\/p>\n","protected":false},"author":21,"featured_media":6913,"menu_order":0,"template":"","meta":{"_acf_changed":false,"inline_featured_image":false},"etiqueta":[],"tipus":[95],"topic":[120,122],"class_list":["post-3801","noticia","type-noticia","status-publish","has-post-thumbnail","hentry","tipus-integrated-care","topic-dpo","topic-hot-news"],"acf":{"imatge":6914,"autor":"Jes\u00fas Berd\u00fan","textos_destacats":[{"texte":"New healthcare models, establishing evaluation mechanisms, healthcare in the home environment, the empowerment of the individual and the formulation of health policies"}]},"yoast_head":"<!-- This site is optimized with the Yoast SEO plugin v27.1.1 - https:\/\/yoast.com\/product\/yoast-seo-wordpress\/ -->\n<title>2019 International Congress on Integrated Care - Fundaci\u00f3 TIC Salut i Social<\/title>\n<meta name=\"robots\" content=\"index, follow, max-snippet:-1, max-image-preview:large, max-video-preview:-1\" \/>\n<link rel=\"canonical\" href=\"https:\/\/ticsalutsocial.atoom.space\/en\/noticia\/2019-international-congress-on-integrated-care\/\" \/>\n<meta property=\"og:locale\" content=\"en_US\" \/>\n<meta property=\"og:type\" content=\"article\" \/>\n<meta property=\"og:title\" content=\"2019 International Congress on Integrated Care - Fundaci\u00f3 TIC Salut i Social\" \/>\n<meta property=\"og:description\" content=\"The concept of integrated healthcare is becoming increasingly important when defining integrated health and social services which meet the needs of the public. The 19th edition of the International Conference on Integrated Care was held in San Sebastian on 1-3 April. It is one of the leading events on integrated care at the international level. [&hellip;]\" \/>\n<meta property=\"og:url\" content=\"https:\/\/ticsalutsocial.atoom.space\/en\/noticia\/2019-international-congress-on-integrated-care\/\" \/>\n<meta property=\"og:site_name\" content=\"Fundaci\u00f3 TIC Salut i Social\" \/>\n<meta property=\"article:modified_time\" content=\"2021-07-21T13:40:37+00:00\" \/>\n<meta property=\"og:image\" content=\"https:\/\/ticsalutsocial.atoom.space\/wp-content\/uploads\/2019\/04\/icic.jpg\" \/>\n\t<meta property=\"og:image:width\" content=\"1584\" \/>\n\t<meta property=\"og:image:height\" content=\"891\" \/>\n\t<meta property=\"og:image:type\" content=\"image\/jpeg\" \/>\n<meta name=\"twitter:card\" content=\"summary_large_image\" \/>\n<meta name=\"twitter:label1\" content=\"Est. reading time\" \/>\n\t<meta name=\"twitter:data1\" content=\"4 minutes\" \/>\n<script type=\"application\/ld+json\" class=\"yoast-schema-graph\">{\"@context\":\"https:\/\/schema.org\",\"@graph\":[{\"@type\":\"WebPage\",\"@id\":\"https:\/\/ticsalutsocial.atoom.space\/en\/noticia\/2019-international-congress-on-integrated-care\/\",\"url\":\"https:\/\/ticsalutsocial.atoom.space\/en\/noticia\/2019-international-congress-on-integrated-care\/\",\"name\":\"2019 International Congress on Integrated Care - Fundaci\u00f3 TIC Salut i Social\",\"isPartOf\":{\"@id\":\"https:\/\/ticsalutsocial.atoom.space\/en\/#website\"},\"primaryImageOfPage\":{\"@id\":\"https:\/\/ticsalutsocial.atoom.space\/en\/noticia\/2019-international-congress-on-integrated-care\/#primaryimage\"},\"image\":{\"@id\":\"https:\/\/ticsalutsocial.atoom.space\/en\/noticia\/2019-international-congress-on-integrated-care\/#primaryimage\"},\"thumbnailUrl\":\"https:\/\/ticsalutsocial.atoom.space\/wp-content\/uploads\/2019\/04\/icic.jpg\",\"datePublished\":\"2019-04-04T14:08:12+00:00\",\"dateModified\":\"2021-07-21T13:40:37+00:00\",\"breadcrumb\":{\"@id\":\"https:\/\/ticsalutsocial.atoom.space\/en\/noticia\/2019-international-congress-on-integrated-care\/#breadcrumb\"},\"inLanguage\":\"en-US\",\"potentialAction\":[{\"@type\":\"ReadAction\",\"target\":[\"https:\/\/ticsalutsocial.atoom.space\/en\/noticia\/2019-international-congress-on-integrated-care\/\"]}]},{\"@type\":\"ImageObject\",\"inLanguage\":\"en-US\",\"@id\":\"https:\/\/ticsalutsocial.atoom.space\/en\/noticia\/2019-international-congress-on-integrated-care\/#primaryimage\",\"url\":\"https:\/\/ticsalutsocial.atoom.space\/wp-content\/uploads\/2019\/04\/icic.jpg\",\"contentUrl\":\"https:\/\/ticsalutsocial.atoom.space\/wp-content\/uploads\/2019\/04\/icic.jpg\",\"width\":1584,\"height\":891},{\"@type\":\"BreadcrumbList\",\"@id\":\"https:\/\/ticsalutsocial.atoom.space\/en\/noticia\/2019-international-congress-on-integrated-care\/#breadcrumb\",\"itemListElement\":[{\"@type\":\"ListItem\",\"position\":1,\"name\":\"Inici\",\"item\":\"https:\/\/ticsalutsocial.atoom.space\/en\/\"},{\"@type\":\"ListItem\",\"position\":2,\"name\":\"2019 International Congress on Integrated Care\"}]},{\"@type\":\"WebSite\",\"@id\":\"https:\/\/ticsalutsocial.atoom.space\/en\/#website\",\"url\":\"https:\/\/ticsalutsocial.atoom.space\/en\/\",\"name\":\"Fundaci\u00f3 TIC Salut i Social\",\"description\":\"\",\"potentialAction\":[{\"@type\":\"SearchAction\",\"target\":{\"@type\":\"EntryPoint\",\"urlTemplate\":\"https:\/\/ticsalutsocial.atoom.space\/en\/?s={search_term_string}\"},\"query-input\":{\"@type\":\"PropertyValueSpecification\",\"valueRequired\":true,\"valueName\":\"search_term_string\"}}],\"inLanguage\":\"en-US\"}]}<\/script>\n<!-- \/ Yoast SEO plugin. -->","yoast_head_json":{"title":"2019 International Congress on Integrated Care - Fundaci\u00f3 TIC Salut i Social","robots":{"index":"index","follow":"follow","max-snippet":"max-snippet:-1","max-image-preview":"max-image-preview:large","max-video-preview":"max-video-preview:-1"},"canonical":"https:\/\/ticsalutsocial.atoom.space\/en\/noticia\/2019-international-congress-on-integrated-care\/","og_locale":"en_US","og_type":"article","og_title":"2019 International Congress on Integrated Care - Fundaci\u00f3 TIC Salut i Social","og_description":"The concept of integrated healthcare is becoming increasingly important when defining integrated health and social services which meet the needs of the public. The 19th edition of the International Conference on Integrated Care was held in San Sebastian on 1-3 April. It is one of the leading events on integrated care at the international level. [&hellip;]","og_url":"https:\/\/ticsalutsocial.atoom.space\/en\/noticia\/2019-international-congress-on-integrated-care\/","og_site_name":"Fundaci\u00f3 TIC Salut i Social","article_modified_time":"2021-07-21T13:40:37+00:00","og_image":[{"width":1584,"height":891,"url":"https:\/\/ticsalutsocial.atoom.space\/wp-content\/uploads\/2019\/04\/icic.jpg","type":"image\/jpeg"}],"twitter_card":"summary_large_image","twitter_misc":{"Est. reading time":"4 minutes"},"schema":{"@context":"https:\/\/schema.org","@graph":[{"@type":"WebPage","@id":"https:\/\/ticsalutsocial.atoom.space\/en\/noticia\/2019-international-congress-on-integrated-care\/","url":"https:\/\/ticsalutsocial.atoom.space\/en\/noticia\/2019-international-congress-on-integrated-care\/","name":"2019 International Congress on Integrated Care - Fundaci\u00f3 TIC Salut i Social","isPartOf":{"@id":"https:\/\/ticsalutsocial.atoom.space\/en\/#website"},"primaryImageOfPage":{"@id":"https:\/\/ticsalutsocial.atoom.space\/en\/noticia\/2019-international-congress-on-integrated-care\/#primaryimage"},"image":{"@id":"https:\/\/ticsalutsocial.atoom.space\/en\/noticia\/2019-international-congress-on-integrated-care\/#primaryimage"},"thumbnailUrl":"https:\/\/ticsalutsocial.atoom.space\/wp-content\/uploads\/2019\/04\/icic.jpg","datePublished":"2019-04-04T14:08:12+00:00","dateModified":"2021-07-21T13:40:37+00:00","breadcrumb":{"@id":"https:\/\/ticsalutsocial.atoom.space\/en\/noticia\/2019-international-congress-on-integrated-care\/#breadcrumb"},"inLanguage":"en-US","potentialAction":[{"@type":"ReadAction","target":["https:\/\/ticsalutsocial.atoom.space\/en\/noticia\/2019-international-congress-on-integrated-care\/"]}]},{"@type":"ImageObject","inLanguage":"en-US","@id":"https:\/\/ticsalutsocial.atoom.space\/en\/noticia\/2019-international-congress-on-integrated-care\/#primaryimage","url":"https:\/\/ticsalutsocial.atoom.space\/wp-content\/uploads\/2019\/04\/icic.jpg","contentUrl":"https:\/\/ticsalutsocial.atoom.space\/wp-content\/uploads\/2019\/04\/icic.jpg","width":1584,"height":891},{"@type":"BreadcrumbList","@id":"https:\/\/ticsalutsocial.atoom.space\/en\/noticia\/2019-international-congress-on-integrated-care\/#breadcrumb","itemListElement":[{"@type":"ListItem","position":1,"name":"Inici","item":"https:\/\/ticsalutsocial.atoom.space\/en\/"},{"@type":"ListItem","position":2,"name":"2019 International Congress on Integrated Care"}]},{"@type":"WebSite","@id":"https:\/\/ticsalutsocial.atoom.space\/en\/#website","url":"https:\/\/ticsalutsocial.atoom.space\/en\/","name":"Fundaci\u00f3 TIC Salut i Social","description":"","potentialAction":[{"@type":"SearchAction","target":{"@type":"EntryPoint","urlTemplate":"https:\/\/ticsalutsocial.atoom.space\/en\/?s={search_term_string}"},"query-input":{"@type":"PropertyValueSpecification","valueRequired":true,"valueName":"search_term_string"}}],"inLanguage":"en-US"}]}},"_links":{"self":[{"href":"https:\/\/ticsalutsocial.atoom.space\/en\/wp-json\/wp\/v2\/noticia\/3801","targetHints":{"allow":["GET"]}}],"collection":[{"href":"https:\/\/ticsalutsocial.atoom.space\/en\/wp-json\/wp\/v2\/noticia"}],"about":[{"href":"https:\/\/ticsalutsocial.atoom.space\/en\/wp-json\/wp\/v2\/types\/noticia"}],"author":[{"embeddable":true,"href":"https:\/\/ticsalutsocial.atoom.space\/en\/wp-json\/wp\/v2\/users\/21"}],"wp:featuredmedia":[{"embeddable":true,"href":"https:\/\/ticsalutsocial.atoom.space\/en\/wp-json\/wp\/v2\/media\/6913"}],"wp:attachment":[{"href":"https:\/\/ticsalutsocial.atoom.space\/en\/wp-json\/wp\/v2\/media?parent=3801"}],"wp:term":[{"taxonomy":"etiqueta","embeddable":true,"href":"https:\/\/ticsalutsocial.atoom.space\/en\/wp-json\/wp\/v2\/etiqueta?post=3801"},{"taxonomy":"tipus","embeddable":true,"href":"https:\/\/ticsalutsocial.atoom.space\/en\/wp-json\/wp\/v2\/tipus?post=3801"},{"taxonomy":"topic","embeddable":true,"href":"https:\/\/ticsalutsocial.atoom.space\/en\/wp-json\/wp\/v2\/topic?post=3801"}],"curies":[{"name":"wp","href":"https:\/\/api.w.org\/{rel}","templated":true}]}}