
{"id":3913,"date":"2019-06-12T15:16:47","date_gmt":"2019-06-12T13:16:47","guid":{"rendered":"https:\/\/ticsalutsocial.atoom.space\/?post_type=noticia&#038;p=3913"},"modified":"2021-07-21T15:41:38","modified_gmt":"2021-07-21T13:41:38","slug":"the-2nd-edition-of-the-barcelona-clinic-summer-school-this-july","status":"publish","type":"noticia","link":"https:\/\/ticsalutsocial.atoom.space\/en\/noticia\/the-2nd-edition-of-the-barcelona-clinic-summer-school-this-july\/","title":{"rendered":"The 2nd edition of the Barcelona Cl\u00ednic Summer School this July"},"content":{"rendered":"<p>The <a href=\"https:\/\/clinicbarcelonasummerschool.com\/\" target=\"_blank\" rel=\"noopener\"><strong><em>Barcelona Cl\u00ednic Summer School<\/em><\/strong><\/a> is the Hospital Cl\u00ednic de Barcelona\u2019s summer school. It runs \u200b\u200bfrom 1-12 July. This year is its second edition. It is a space in which professionals from the Campus Cl\u00ednic (Hospital Cl\u00ednic-IDIBAPS) can share their knowledge with the public, with the slogan: Science and Culture. Collaborators include the Vila Casas Foundation.<\/p>\n<p>&nbsp;<\/p>\n<p>The objective of the summer school is to discuss a range of topics with the scientific rigor which the Hospital Cl\u00ednic is accustomed to using, but from a different angle, ground-breaking in some cases.<\/p>\n<p>&nbsp;<\/p>\n<p>Some twenty topics will be discussed over 10 days, by more than 170 speakers<\/p>\n<p>&nbsp;<\/p>\n<p>Here is the programme of activities for each day&gt;<\/p>\n<p>&nbsp;<\/p>\n<ul>\n<li>Day 1 Workshop 1 <strong>Digital Transformation (TXD): Cl\u00ednic Health Tech<\/strong>. Presentation of trends in the digitalization sector. Success stories from several start-ups, in the afternoon will be making an elevator pitch in front of a table of experts and potential investors at the Royal Academy of Medicine<\/li>\n<li>Day 1 Workshop 2 <strong>Technology, Humanization and Nursing Care<\/strong>. We will present some patient-monitoring apps, with all the improvements in efficiency, comfort and security which they bring.<\/li>\n<li>Day 1 Workshop 3 <strong>Science and Culture<\/strong>. Round Table discussion on medicine and Art<\/li>\n<li>Day 2 Workshop 4 <strong>Adherence to prescription medication<\/strong><\/li>\n<li>Day 2 Workshop 5 <strong>Legal aspects of research and innovation<\/strong><\/li>\n<li>Day 2 Workshop 6 <strong><em>Healthy Habits<\/em><\/strong>.<em> A look at physical exercise, nutrition, allergies &amp; so on<\/em><\/li>\n<li>Day 3 Workshop 7 <strong>Emotional Ecology<\/strong><\/li>\n<li>Day 3 Workshop 8 <strong>Women\u2019s Space<\/strong> (women at different ages \/ endometriosis \/ pelvic floor \/ breast examination workshops \/ cancer and diet \/ the menopause \/ sex workshops)<\/li>\n<li>Day 4 Workshop 9 <strong>Children\u2019s addiction to technology: use and abuse <\/strong>(primarily aimed at schools and the problem these addictions create in the classroom)<\/li>\n<li>Day 4 Workshop 10 <strong>Right Care. Bringing more value to clinical practice<\/strong><\/li>\n<li>Day 4 Workshop 11 <strong><em>Transferring science to medical practice at the Cl\u00ednic Barcelona: Deep-sea fishing, gizmos and other gadgets <\/em><\/strong>(face-to-face and streaming)\n<ul>\n<li><strong><em>Artificial Intelligence in Imaging<\/em><\/strong><\/li>\n<li><strong><em>From minimally-invasive surgery to intervention therapy:<\/em><\/strong> the thin red line (Dr Chamorro \/ Dr Lacy \/ Dr Gratac\u00f3s \/ Dr Alacraz)<\/li>\n<li><strong><em>Synthetic biology: novel cutting-edge approaches<\/em><\/strong> (Dr Prat \/ Dr Elias Campo)<\/li>\n<li><strong>Real World Data Biomedical Research<\/strong> (Dr Pastor \/ Dr Dipak Kalra)<\/li>\n<li><strong>From pre-womb to tomb: early origins of chronic adult diseases<\/strong> (Dr Agust\u00ed)<\/li>\n<\/ul>\n<\/li>\n<li>Day 8 Workshop 12 <strong>Infections in primary care<\/strong><\/li>\n<li>Day 8 Workshop 13 <strong>Stigma and illness: fighting against stigma in the field of health<\/strong><\/li>\n<li>Day 9 Workshop 14 <strong>Patient experiences in the real world<\/strong><\/li>\n<li>Day 9 Workshop 15 <strong>Headache: what a pain<\/strong><\/li>\n<li>Day 10 Workshop 16 <strong>Culinary medicine: Culinary skills to improve our patients\u2019 health and quality of life <\/strong>(With the Alicia Foundation)<\/li>\n<li>Day 10 Workshop 17 <strong>Journalism and Health <\/strong>(with the participation of the public relations officers from all of Barcelona\u2019s hospitals)<\/li>\n<li>Day 11 Workshop 18 <strong>Health and Women<\/strong><\/li>\n<li>Day 12 Workshop 19 <strong>Arts &amp; Health<\/strong> (how art can be used therapeutically to help deal with anxiety and stress)<\/li>\n<\/ul>\n<p>More information about the speakers, the program and how to sign up for a workshop can be found at:<\/p>\n<p><a href=\"https:\/\/clinicbarcelonasummerschool.com\/\" target=\"_blank\" rel=\"noopener\">https:\/\/clinicbarcelonasummerschool.com\/<\/a><\/p>\n<p>&nbsp;<\/p>\n","protected":false},"author":21,"featured_media":3909,"menu_order":0,"template":"","meta":{"_acf_changed":false,"inline_featured_image":false},"etiqueta":[],"tipus":[],"topic":[118],"class_list":["post-3913","noticia","type-noticia","status-publish","has-post-thumbnail","hentry","topic-innovation"],"acf":{"imatge":3910,"autor":"Adri\u00e0 G.Font","textos_destacats":[{"texte":"For 10 days, some twenty topics will be discussed by over 170 speakers"}]},"yoast_head":"<!-- This site is optimized with the Yoast SEO plugin v27.1.1 - https:\/\/yoast.com\/product\/yoast-seo-wordpress\/ -->\n<title>The 2nd edition of the Barcelona Cl\u00ednic Summer School this July - Fundaci\u00f3 TIC Salut i Social<\/title>\n<meta name=\"robots\" content=\"index, follow, max-snippet:-1, max-image-preview:large, max-video-preview:-1\" \/>\n<link rel=\"canonical\" href=\"https:\/\/ticsalutsocial.atoom.space\/en\/noticia\/the-2nd-edition-of-the-barcelona-clinic-summer-school-this-july\/\" \/>\n<meta property=\"og:locale\" content=\"en_US\" \/>\n<meta property=\"og:type\" content=\"article\" \/>\n<meta property=\"og:title\" content=\"The 2nd edition of the Barcelona Cl\u00ednic Summer School this July - Fundaci\u00f3 TIC Salut i Social\" \/>\n<meta property=\"og:description\" content=\"The Barcelona Cl\u00ednic Summer School is the Hospital Cl\u00ednic de Barcelona\u2019s summer school. It runs \u200b\u200bfrom 1-12 July. This year is its second edition. It is a space in which professionals from the Campus Cl\u00ednic (Hospital Cl\u00ednic-IDIBAPS) can share their knowledge with the public, with the slogan: Science and Culture. Collaborators include the Vila Casas [&hellip;]\" \/>\n<meta property=\"og:url\" content=\"https:\/\/ticsalutsocial.atoom.space\/en\/noticia\/the-2nd-edition-of-the-barcelona-clinic-summer-school-this-july\/\" \/>\n<meta property=\"og:site_name\" content=\"Fundaci\u00f3 TIC Salut i Social\" \/>\n<meta property=\"article:modified_time\" content=\"2021-07-21T13:41:38+00:00\" \/>\n<meta property=\"og:image\" content=\"https:\/\/ticsalutsocial.atoom.space\/wp-content\/uploads\/2019\/06\/hotel-cerca-hospital-clinic-barcelona.jpg\" \/>\n\t<meta property=\"og:image:width\" content=\"1500\" \/>\n\t<meta property=\"og:image:height\" content=\"998\" \/>\n\t<meta property=\"og:image:type\" content=\"image\/jpeg\" \/>\n<meta name=\"twitter:card\" content=\"summary_large_image\" \/>\n<meta name=\"twitter:label1\" content=\"Est. reading time\" \/>\n\t<meta name=\"twitter:data1\" content=\"2 minutes\" \/>\n<script type=\"application\/ld+json\" class=\"yoast-schema-graph\">{\"@context\":\"https:\/\/schema.org\",\"@graph\":[{\"@type\":\"WebPage\",\"@id\":\"https:\/\/ticsalutsocial.atoom.space\/en\/noticia\/the-2nd-edition-of-the-barcelona-clinic-summer-school-this-july\/\",\"url\":\"https:\/\/ticsalutsocial.atoom.space\/en\/noticia\/the-2nd-edition-of-the-barcelona-clinic-summer-school-this-july\/\",\"name\":\"The 2nd edition of the Barcelona Cl\u00ednic Summer School this July - Fundaci\u00f3 TIC Salut i Social\",\"isPartOf\":{\"@id\":\"https:\/\/ticsalutsocial.atoom.space\/en\/#website\"},\"primaryImageOfPage\":{\"@id\":\"https:\/\/ticsalutsocial.atoom.space\/en\/noticia\/the-2nd-edition-of-the-barcelona-clinic-summer-school-this-july\/#primaryimage\"},\"image\":{\"@id\":\"https:\/\/ticsalutsocial.atoom.space\/en\/noticia\/the-2nd-edition-of-the-barcelona-clinic-summer-school-this-july\/#primaryimage\"},\"thumbnailUrl\":\"https:\/\/ticsalutsocial.atoom.space\/wp-content\/uploads\/2019\/06\/hotel-cerca-hospital-clinic-barcelona.jpg\",\"datePublished\":\"2019-06-12T13:16:47+00:00\",\"dateModified\":\"2021-07-21T13:41:38+00:00\",\"breadcrumb\":{\"@id\":\"https:\/\/ticsalutsocial.atoom.space\/en\/noticia\/the-2nd-edition-of-the-barcelona-clinic-summer-school-this-july\/#breadcrumb\"},\"inLanguage\":\"en-US\",\"potentialAction\":[{\"@type\":\"ReadAction\",\"target\":[\"https:\/\/ticsalutsocial.atoom.space\/en\/noticia\/the-2nd-edition-of-the-barcelona-clinic-summer-school-this-july\/\"]}]},{\"@type\":\"ImageObject\",\"inLanguage\":\"en-US\",\"@id\":\"https:\/\/ticsalutsocial.atoom.space\/en\/noticia\/the-2nd-edition-of-the-barcelona-clinic-summer-school-this-july\/#primaryimage\",\"url\":\"https:\/\/ticsalutsocial.atoom.space\/wp-content\/uploads\/2019\/06\/hotel-cerca-hospital-clinic-barcelona.jpg\",\"contentUrl\":\"https:\/\/ticsalutsocial.atoom.space\/wp-content\/uploads\/2019\/06\/hotel-cerca-hospital-clinic-barcelona.jpg\",\"width\":1500,\"height\":998},{\"@type\":\"BreadcrumbList\",\"@id\":\"https:\/\/ticsalutsocial.atoom.space\/en\/noticia\/the-2nd-edition-of-the-barcelona-clinic-summer-school-this-july\/#breadcrumb\",\"itemListElement\":[{\"@type\":\"ListItem\",\"position\":1,\"name\":\"Inici\",\"item\":\"https:\/\/ticsalutsocial.atoom.space\/en\/\"},{\"@type\":\"ListItem\",\"position\":2,\"name\":\"The 2nd edition of the Barcelona Cl\u00ednic Summer School this July\"}]},{\"@type\":\"WebSite\",\"@id\":\"https:\/\/ticsalutsocial.atoom.space\/en\/#website\",\"url\":\"https:\/\/ticsalutsocial.atoom.space\/en\/\",\"name\":\"Fundaci\u00f3 TIC Salut i Social\",\"description\":\"\",\"potentialAction\":[{\"@type\":\"SearchAction\",\"target\":{\"@type\":\"EntryPoint\",\"urlTemplate\":\"https:\/\/ticsalutsocial.atoom.space\/en\/?s={search_term_string}\"},\"query-input\":{\"@type\":\"PropertyValueSpecification\",\"valueRequired\":true,\"valueName\":\"search_term_string\"}}],\"inLanguage\":\"en-US\"}]}<\/script>\n<!-- \/ Yoast SEO plugin. -->","yoast_head_json":{"title":"The 2nd edition of the Barcelona Cl\u00ednic Summer School this July - Fundaci\u00f3 TIC Salut i Social","robots":{"index":"index","follow":"follow","max-snippet":"max-snippet:-1","max-image-preview":"max-image-preview:large","max-video-preview":"max-video-preview:-1"},"canonical":"https:\/\/ticsalutsocial.atoom.space\/en\/noticia\/the-2nd-edition-of-the-barcelona-clinic-summer-school-this-july\/","og_locale":"en_US","og_type":"article","og_title":"The 2nd edition of the Barcelona Cl\u00ednic Summer School this July - Fundaci\u00f3 TIC Salut i Social","og_description":"The Barcelona Cl\u00ednic Summer School is the Hospital Cl\u00ednic de Barcelona\u2019s summer school. It runs \u200b\u200bfrom 1-12 July. This year is its second edition. It is a space in which professionals from the Campus Cl\u00ednic (Hospital Cl\u00ednic-IDIBAPS) can share their knowledge with the public, with the slogan: Science and Culture. Collaborators include the Vila Casas [&hellip;]","og_url":"https:\/\/ticsalutsocial.atoom.space\/en\/noticia\/the-2nd-edition-of-the-barcelona-clinic-summer-school-this-july\/","og_site_name":"Fundaci\u00f3 TIC Salut i Social","article_modified_time":"2021-07-21T13:41:38+00:00","og_image":[{"width":1500,"height":998,"url":"https:\/\/ticsalutsocial.atoom.space\/wp-content\/uploads\/2019\/06\/hotel-cerca-hospital-clinic-barcelona.jpg","type":"image\/jpeg"}],"twitter_card":"summary_large_image","twitter_misc":{"Est. reading time":"2 minutes"},"schema":{"@context":"https:\/\/schema.org","@graph":[{"@type":"WebPage","@id":"https:\/\/ticsalutsocial.atoom.space\/en\/noticia\/the-2nd-edition-of-the-barcelona-clinic-summer-school-this-july\/","url":"https:\/\/ticsalutsocial.atoom.space\/en\/noticia\/the-2nd-edition-of-the-barcelona-clinic-summer-school-this-july\/","name":"The 2nd edition of the Barcelona Cl\u00ednic Summer School this July - Fundaci\u00f3 TIC Salut i Social","isPartOf":{"@id":"https:\/\/ticsalutsocial.atoom.space\/en\/#website"},"primaryImageOfPage":{"@id":"https:\/\/ticsalutsocial.atoom.space\/en\/noticia\/the-2nd-edition-of-the-barcelona-clinic-summer-school-this-july\/#primaryimage"},"image":{"@id":"https:\/\/ticsalutsocial.atoom.space\/en\/noticia\/the-2nd-edition-of-the-barcelona-clinic-summer-school-this-july\/#primaryimage"},"thumbnailUrl":"https:\/\/ticsalutsocial.atoom.space\/wp-content\/uploads\/2019\/06\/hotel-cerca-hospital-clinic-barcelona.jpg","datePublished":"2019-06-12T13:16:47+00:00","dateModified":"2021-07-21T13:41:38+00:00","breadcrumb":{"@id":"https:\/\/ticsalutsocial.atoom.space\/en\/noticia\/the-2nd-edition-of-the-barcelona-clinic-summer-school-this-july\/#breadcrumb"},"inLanguage":"en-US","potentialAction":[{"@type":"ReadAction","target":["https:\/\/ticsalutsocial.atoom.space\/en\/noticia\/the-2nd-edition-of-the-barcelona-clinic-summer-school-this-july\/"]}]},{"@type":"ImageObject","inLanguage":"en-US","@id":"https:\/\/ticsalutsocial.atoom.space\/en\/noticia\/the-2nd-edition-of-the-barcelona-clinic-summer-school-this-july\/#primaryimage","url":"https:\/\/ticsalutsocial.atoom.space\/wp-content\/uploads\/2019\/06\/hotel-cerca-hospital-clinic-barcelona.jpg","contentUrl":"https:\/\/ticsalutsocial.atoom.space\/wp-content\/uploads\/2019\/06\/hotel-cerca-hospital-clinic-barcelona.jpg","width":1500,"height":998},{"@type":"BreadcrumbList","@id":"https:\/\/ticsalutsocial.atoom.space\/en\/noticia\/the-2nd-edition-of-the-barcelona-clinic-summer-school-this-july\/#breadcrumb","itemListElement":[{"@type":"ListItem","position":1,"name":"Inici","item":"https:\/\/ticsalutsocial.atoom.space\/en\/"},{"@type":"ListItem","position":2,"name":"The 2nd edition of the Barcelona Cl\u00ednic Summer School this July"}]},{"@type":"WebSite","@id":"https:\/\/ticsalutsocial.atoom.space\/en\/#website","url":"https:\/\/ticsalutsocial.atoom.space\/en\/","name":"Fundaci\u00f3 TIC Salut i Social","description":"","potentialAction":[{"@type":"SearchAction","target":{"@type":"EntryPoint","urlTemplate":"https:\/\/ticsalutsocial.atoom.space\/en\/?s={search_term_string}"},"query-input":{"@type":"PropertyValueSpecification","valueRequired":true,"valueName":"search_term_string"}}],"inLanguage":"en-US"}]}},"_links":{"self":[{"href":"https:\/\/ticsalutsocial.atoom.space\/en\/wp-json\/wp\/v2\/noticia\/3913","targetHints":{"allow":["GET"]}}],"collection":[{"href":"https:\/\/ticsalutsocial.atoom.space\/en\/wp-json\/wp\/v2\/noticia"}],"about":[{"href":"https:\/\/ticsalutsocial.atoom.space\/en\/wp-json\/wp\/v2\/types\/noticia"}],"author":[{"embeddable":true,"href":"https:\/\/ticsalutsocial.atoom.space\/en\/wp-json\/wp\/v2\/users\/21"}],"wp:featuredmedia":[{"embeddable":true,"href":"https:\/\/ticsalutsocial.atoom.space\/en\/wp-json\/wp\/v2\/media\/3909"}],"wp:attachment":[{"href":"https:\/\/ticsalutsocial.atoom.space\/en\/wp-json\/wp\/v2\/media?parent=3913"}],"wp:term":[{"taxonomy":"etiqueta","embeddable":true,"href":"https:\/\/ticsalutsocial.atoom.space\/en\/wp-json\/wp\/v2\/etiqueta?post=3913"},{"taxonomy":"tipus","embeddable":true,"href":"https:\/\/ticsalutsocial.atoom.space\/en\/wp-json\/wp\/v2\/tipus?post=3913"},{"taxonomy":"topic","embeddable":true,"href":"https:\/\/ticsalutsocial.atoom.space\/en\/wp-json\/wp\/v2\/topic?post=3913"}],"curies":[{"name":"wp","href":"https:\/\/api.w.org\/{rel}","templated":true}]}}