
{"id":3919,"date":"2019-06-14T13:49:35","date_gmt":"2019-06-14T11:49:35","guid":{"rendered":"https:\/\/ticsalutsocial.atoom.space\/?post_type=noticia&#038;p=3919"},"modified":"2021-07-21T15:41:41","modified_gmt":"2021-07-21T13:41:41","slug":"josue-sallent-the-new-director-of-the-uvic-uccs-health-and-social-ict-chair","status":"publish","type":"noticia","link":"https:\/\/ticsalutsocial.atoom.space\/en\/noticia\/josue-sallent-the-new-director-of-the-uvic-uccs-health-and-social-ict-chair\/","title":{"rendered":"Josu\u00e8 Sallent, the new director of the UVic-UCC\u2019s Health and Social ICT Chair"},"content":{"rendered":"<p>On Wednesday 12<sup>th<\/sup> the Executive Committee of the Fundaci\u00f3n Universitaria Balmes (FUB) passed a proposal to appoint <strong>Josu\u00e9 Sallent<\/strong> as the new director of the <a href=\"https:\/\/www.uvic.cat\/catedra-tic-salut\" target=\"_blank\" rel=\"noopener\">Health and Social ICT<\/a><u> Chair<\/u> which until now has been directed by Dr Francesc Garc\u00eda Cuy\u00e0s, together with the change of name of the Chair, which now includes the word &#8220;social&#8221;. Sallent holds a PhD in physics from the University of Barcelona and is the current director of the <em>Fundaci\u00f3 TIC Salut Social<\/em>, the partner with whom the UVic-UCC created the Chair.<\/p>\n<p>&nbsp;<\/p>\n<p>The Chair\u2019s mission is to generate, disseminate and transfer knowledge on the use of ICT in the field of health and social services, initially in terms of three major areas, to which others may subsequently be added:<\/p>\n<p>&nbsp;<\/p>\n<ul>\n<li>To promote the use of ICT within the health and social sector by identifying innovation and research projects.<\/li>\n<li>The definition of a framework of professional competences in the field of ICT, health and social care.<\/li>\n<li>The rational use of telemedicine to improve a non-attendance healthcare model.<\/li>\n<\/ul>\n","protected":false},"author":21,"featured_media":3915,"menu_order":0,"template":"","meta":{"_acf_changed":false,"inline_featured_image":false},"etiqueta":[],"tipus":[95],"topic":[122,128],"class_list":["post-3919","noticia","type-noticia","status-publish","has-post-thumbnail","hentry","tipus-integrated-care","topic-hot-news","topic-projects"],"acf":{"imatge":3916,"autor":"Adri\u00e0 G.Font"},"yoast_head":"<!-- This site is optimized with the Yoast SEO plugin v27.1.1 - https:\/\/yoast.com\/product\/yoast-seo-wordpress\/ -->\n<title>Josu\u00e8 Sallent, the new director of the UVic-UCC\u2019s Health and Social ICT Chair - Fundaci\u00f3 TIC Salut i Social<\/title>\n<meta name=\"robots\" content=\"index, follow, max-snippet:-1, max-image-preview:large, max-video-preview:-1\" \/>\n<link rel=\"canonical\" href=\"https:\/\/ticsalutsocial.atoom.space\/en\/noticia\/josue-sallent-the-new-director-of-the-uvic-uccs-health-and-social-ict-chair\/\" \/>\n<meta property=\"og:locale\" content=\"en_US\" \/>\n<meta property=\"og:type\" content=\"article\" \/>\n<meta property=\"og:title\" content=\"Josu\u00e8 Sallent, the new director of the UVic-UCC\u2019s Health and Social ICT Chair - Fundaci\u00f3 TIC Salut i Social\" \/>\n<meta property=\"og:description\" content=\"On Wednesday 12th the Executive Committee of the Fundaci\u00f3n Universitaria Balmes (FUB) passed a proposal to appoint Josu\u00e9 Sallent as the new director of the Health and Social ICT Chair which until now has been directed by Dr Francesc Garc\u00eda Cuy\u00e0s, together with the change of name of the Chair, which now includes the word [&hellip;]\" \/>\n<meta property=\"og:url\" content=\"https:\/\/ticsalutsocial.atoom.space\/en\/noticia\/josue-sallent-the-new-director-of-the-uvic-uccs-health-and-social-ict-chair\/\" \/>\n<meta property=\"og:site_name\" content=\"Fundaci\u00f3 TIC Salut i Social\" \/>\n<meta property=\"article:modified_time\" content=\"2021-07-21T13:41:41+00:00\" \/>\n<meta property=\"og:image\" content=\"https:\/\/ticsalutsocial.atoom.space\/wp-content\/uploads\/2019\/06\/2019-03-14-jornada-mapa-de-tendencies-4649.jpg\" \/>\n\t<meta property=\"og:image:width\" content=\"1228\" \/>\n\t<meta property=\"og:image:height\" content=\"820\" \/>\n\t<meta property=\"og:image:type\" content=\"image\/jpeg\" \/>\n<meta name=\"twitter:card\" content=\"summary_large_image\" \/>\n<meta name=\"twitter:label1\" content=\"Est. reading time\" \/>\n\t<meta name=\"twitter:data1\" content=\"1 minute\" \/>\n<script type=\"application\/ld+json\" class=\"yoast-schema-graph\">{\"@context\":\"https:\/\/schema.org\",\"@graph\":[{\"@type\":\"WebPage\",\"@id\":\"https:\/\/ticsalutsocial.atoom.space\/en\/noticia\/josue-sallent-the-new-director-of-the-uvic-uccs-health-and-social-ict-chair\/\",\"url\":\"https:\/\/ticsalutsocial.atoom.space\/en\/noticia\/josue-sallent-the-new-director-of-the-uvic-uccs-health-and-social-ict-chair\/\",\"name\":\"Josu\u00e8 Sallent, the new director of the UVic-UCC\u2019s Health and Social ICT Chair - Fundaci\u00f3 TIC Salut i Social\",\"isPartOf\":{\"@id\":\"https:\/\/ticsalutsocial.atoom.space\/en\/#website\"},\"primaryImageOfPage\":{\"@id\":\"https:\/\/ticsalutsocial.atoom.space\/en\/noticia\/josue-sallent-the-new-director-of-the-uvic-uccs-health-and-social-ict-chair\/#primaryimage\"},\"image\":{\"@id\":\"https:\/\/ticsalutsocial.atoom.space\/en\/noticia\/josue-sallent-the-new-director-of-the-uvic-uccs-health-and-social-ict-chair\/#primaryimage\"},\"thumbnailUrl\":\"https:\/\/ticsalutsocial.atoom.space\/wp-content\/uploads\/2019\/06\/2019-03-14-jornada-mapa-de-tendencies-4649.jpg\",\"datePublished\":\"2019-06-14T11:49:35+00:00\",\"dateModified\":\"2021-07-21T13:41:41+00:00\",\"breadcrumb\":{\"@id\":\"https:\/\/ticsalutsocial.atoom.space\/en\/noticia\/josue-sallent-the-new-director-of-the-uvic-uccs-health-and-social-ict-chair\/#breadcrumb\"},\"inLanguage\":\"en-US\",\"potentialAction\":[{\"@type\":\"ReadAction\",\"target\":[\"https:\/\/ticsalutsocial.atoom.space\/en\/noticia\/josue-sallent-the-new-director-of-the-uvic-uccs-health-and-social-ict-chair\/\"]}]},{\"@type\":\"ImageObject\",\"inLanguage\":\"en-US\",\"@id\":\"https:\/\/ticsalutsocial.atoom.space\/en\/noticia\/josue-sallent-the-new-director-of-the-uvic-uccs-health-and-social-ict-chair\/#primaryimage\",\"url\":\"https:\/\/ticsalutsocial.atoom.space\/wp-content\/uploads\/2019\/06\/2019-03-14-jornada-mapa-de-tendencies-4649.jpg\",\"contentUrl\":\"https:\/\/ticsalutsocial.atoom.space\/wp-content\/uploads\/2019\/06\/2019-03-14-jornada-mapa-de-tendencies-4649.jpg\",\"width\":1228,\"height\":820},{\"@type\":\"BreadcrumbList\",\"@id\":\"https:\/\/ticsalutsocial.atoom.space\/en\/noticia\/josue-sallent-the-new-director-of-the-uvic-uccs-health-and-social-ict-chair\/#breadcrumb\",\"itemListElement\":[{\"@type\":\"ListItem\",\"position\":1,\"name\":\"Inici\",\"item\":\"https:\/\/ticsalutsocial.atoom.space\/en\/\"},{\"@type\":\"ListItem\",\"position\":2,\"name\":\"Josu\u00e8 Sallent, the new director of the UVic-UCC\u2019s Health and Social ICT Chair\"}]},{\"@type\":\"WebSite\",\"@id\":\"https:\/\/ticsalutsocial.atoom.space\/en\/#website\",\"url\":\"https:\/\/ticsalutsocial.atoom.space\/en\/\",\"name\":\"Fundaci\u00f3 TIC Salut i Social\",\"description\":\"\",\"potentialAction\":[{\"@type\":\"SearchAction\",\"target\":{\"@type\":\"EntryPoint\",\"urlTemplate\":\"https:\/\/ticsalutsocial.atoom.space\/en\/?s={search_term_string}\"},\"query-input\":{\"@type\":\"PropertyValueSpecification\",\"valueRequired\":true,\"valueName\":\"search_term_string\"}}],\"inLanguage\":\"en-US\"}]}<\/script>\n<!-- \/ Yoast SEO plugin. -->","yoast_head_json":{"title":"Josu\u00e8 Sallent, the new director of the UVic-UCC\u2019s Health and Social ICT Chair - Fundaci\u00f3 TIC Salut i Social","robots":{"index":"index","follow":"follow","max-snippet":"max-snippet:-1","max-image-preview":"max-image-preview:large","max-video-preview":"max-video-preview:-1"},"canonical":"https:\/\/ticsalutsocial.atoom.space\/en\/noticia\/josue-sallent-the-new-director-of-the-uvic-uccs-health-and-social-ict-chair\/","og_locale":"en_US","og_type":"article","og_title":"Josu\u00e8 Sallent, the new director of the UVic-UCC\u2019s Health and Social ICT Chair - Fundaci\u00f3 TIC Salut i Social","og_description":"On Wednesday 12th the Executive Committee of the Fundaci\u00f3n Universitaria Balmes (FUB) passed a proposal to appoint Josu\u00e9 Sallent as the new director of the Health and Social ICT Chair which until now has been directed by Dr Francesc Garc\u00eda Cuy\u00e0s, together with the change of name of the Chair, which now includes the word [&hellip;]","og_url":"https:\/\/ticsalutsocial.atoom.space\/en\/noticia\/josue-sallent-the-new-director-of-the-uvic-uccs-health-and-social-ict-chair\/","og_site_name":"Fundaci\u00f3 TIC Salut i Social","article_modified_time":"2021-07-21T13:41:41+00:00","og_image":[{"width":1228,"height":820,"url":"https:\/\/ticsalutsocial.atoom.space\/wp-content\/uploads\/2019\/06\/2019-03-14-jornada-mapa-de-tendencies-4649.jpg","type":"image\/jpeg"}],"twitter_card":"summary_large_image","twitter_misc":{"Est. reading time":"1 minute"},"schema":{"@context":"https:\/\/schema.org","@graph":[{"@type":"WebPage","@id":"https:\/\/ticsalutsocial.atoom.space\/en\/noticia\/josue-sallent-the-new-director-of-the-uvic-uccs-health-and-social-ict-chair\/","url":"https:\/\/ticsalutsocial.atoom.space\/en\/noticia\/josue-sallent-the-new-director-of-the-uvic-uccs-health-and-social-ict-chair\/","name":"Josu\u00e8 Sallent, the new director of the UVic-UCC\u2019s Health and Social ICT Chair - Fundaci\u00f3 TIC Salut i Social","isPartOf":{"@id":"https:\/\/ticsalutsocial.atoom.space\/en\/#website"},"primaryImageOfPage":{"@id":"https:\/\/ticsalutsocial.atoom.space\/en\/noticia\/josue-sallent-the-new-director-of-the-uvic-uccs-health-and-social-ict-chair\/#primaryimage"},"image":{"@id":"https:\/\/ticsalutsocial.atoom.space\/en\/noticia\/josue-sallent-the-new-director-of-the-uvic-uccs-health-and-social-ict-chair\/#primaryimage"},"thumbnailUrl":"https:\/\/ticsalutsocial.atoom.space\/wp-content\/uploads\/2019\/06\/2019-03-14-jornada-mapa-de-tendencies-4649.jpg","datePublished":"2019-06-14T11:49:35+00:00","dateModified":"2021-07-21T13:41:41+00:00","breadcrumb":{"@id":"https:\/\/ticsalutsocial.atoom.space\/en\/noticia\/josue-sallent-the-new-director-of-the-uvic-uccs-health-and-social-ict-chair\/#breadcrumb"},"inLanguage":"en-US","potentialAction":[{"@type":"ReadAction","target":["https:\/\/ticsalutsocial.atoom.space\/en\/noticia\/josue-sallent-the-new-director-of-the-uvic-uccs-health-and-social-ict-chair\/"]}]},{"@type":"ImageObject","inLanguage":"en-US","@id":"https:\/\/ticsalutsocial.atoom.space\/en\/noticia\/josue-sallent-the-new-director-of-the-uvic-uccs-health-and-social-ict-chair\/#primaryimage","url":"https:\/\/ticsalutsocial.atoom.space\/wp-content\/uploads\/2019\/06\/2019-03-14-jornada-mapa-de-tendencies-4649.jpg","contentUrl":"https:\/\/ticsalutsocial.atoom.space\/wp-content\/uploads\/2019\/06\/2019-03-14-jornada-mapa-de-tendencies-4649.jpg","width":1228,"height":820},{"@type":"BreadcrumbList","@id":"https:\/\/ticsalutsocial.atoom.space\/en\/noticia\/josue-sallent-the-new-director-of-the-uvic-uccs-health-and-social-ict-chair\/#breadcrumb","itemListElement":[{"@type":"ListItem","position":1,"name":"Inici","item":"https:\/\/ticsalutsocial.atoom.space\/en\/"},{"@type":"ListItem","position":2,"name":"Josu\u00e8 Sallent, the new director of the UVic-UCC\u2019s Health and Social ICT Chair"}]},{"@type":"WebSite","@id":"https:\/\/ticsalutsocial.atoom.space\/en\/#website","url":"https:\/\/ticsalutsocial.atoom.space\/en\/","name":"Fundaci\u00f3 TIC Salut i Social","description":"","potentialAction":[{"@type":"SearchAction","target":{"@type":"EntryPoint","urlTemplate":"https:\/\/ticsalutsocial.atoom.space\/en\/?s={search_term_string}"},"query-input":{"@type":"PropertyValueSpecification","valueRequired":true,"valueName":"search_term_string"}}],"inLanguage":"en-US"}]}},"_links":{"self":[{"href":"https:\/\/ticsalutsocial.atoom.space\/en\/wp-json\/wp\/v2\/noticia\/3919","targetHints":{"allow":["GET"]}}],"collection":[{"href":"https:\/\/ticsalutsocial.atoom.space\/en\/wp-json\/wp\/v2\/noticia"}],"about":[{"href":"https:\/\/ticsalutsocial.atoom.space\/en\/wp-json\/wp\/v2\/types\/noticia"}],"author":[{"embeddable":true,"href":"https:\/\/ticsalutsocial.atoom.space\/en\/wp-json\/wp\/v2\/users\/21"}],"wp:featuredmedia":[{"embeddable":true,"href":"https:\/\/ticsalutsocial.atoom.space\/en\/wp-json\/wp\/v2\/media\/3915"}],"wp:attachment":[{"href":"https:\/\/ticsalutsocial.atoom.space\/en\/wp-json\/wp\/v2\/media?parent=3919"}],"wp:term":[{"taxonomy":"etiqueta","embeddable":true,"href":"https:\/\/ticsalutsocial.atoom.space\/en\/wp-json\/wp\/v2\/etiqueta?post=3919"},{"taxonomy":"tipus","embeddable":true,"href":"https:\/\/ticsalutsocial.atoom.space\/en\/wp-json\/wp\/v2\/tipus?post=3919"},{"taxonomy":"topic","embeddable":true,"href":"https:\/\/ticsalutsocial.atoom.space\/en\/wp-json\/wp\/v2\/topic?post=3919"}],"curies":[{"name":"wp","href":"https:\/\/api.w.org\/{rel}","templated":true}]}}