
{"id":3925,"date":"2019-06-14T14:35:46","date_gmt":"2019-06-14T12:35:46","guid":{"rendered":"https:\/\/ticsalutsocial.atoom.space\/?post_type=noticia&#038;p=3925"},"modified":"2021-07-21T15:41:44","modified_gmt":"2021-07-21T13:41:44","slug":"a-new-call-for-the-young-research-awards-which-includes-the-tic-salut-social-prize","status":"publish","type":"noticia","link":"https:\/\/ticsalutsocial.atoom.space\/en\/noticia\/a-new-call-for-the-young-research-awards-which-includes-the-tic-salut-social-prize\/","title":{"rendered":"A new call for the Young Research Awards which includes the TIC Salut Social Prize"},"content":{"rendered":"<p>The <em>Ag\u00e8ncia de Gesti\u00f3 d&#8217;Ajuts Universitaris i de Recerca<\/em> [Agency for the Management of University and Research Grants] has published a list of this year&#8217;s Young Research Awards to promote the scientific spirit among the young. This year the <em><strong>TIC Salut Social<\/strong> <strong>Award<\/strong><\/em> will be given for the first time, for the best work related to Digital Health (eHealth, mHealth&#8230;) in the health and\/or social field, which places the patient\/member of the public at the centre of the system as a digital transformation agent. It is awarded jointly with the <em>Fundaci\u00f3 TIC Salut Social<\/em>.<\/p>\n<p>There are 78 prizes for research projects and 11 prizes for secondary schools in Catalonia:<\/p>\n<p>&nbsp;<\/p>\n<p>70 prizes of \u20ac750 in any field. This year they include two <strong>Smart People Prizes<\/strong>:<\/p>\n<p>&nbsp;<\/p>\n<ul>\n<li><strong>Ramon Margalef Smart People Prize<\/strong> in recognition of the best work which deals with issues related to science and\/or related to research activities: ecology, oceanography and limnology.<\/li>\n<li><strong>Narc\u00eds Monturiol Smart People Prize<\/strong> in recognition of the best work dealing with questions related to inventors and their humanist and political activist role and\/or for the purpose of their research activities: in engineering and maritime research.<\/li>\n<\/ul>\n<p>&nbsp;<\/p>\n<p>8 prizes of \u20ac750 for work in specific fields:<\/p>\n<p>&nbsp;<\/p>\n<ul>\n<li><strong>Regin\u00f3 Award<\/strong> for the best research on women and their contributions to society and also the secondary school which has done the most to raise interest in this field. Awarded jointly with the ICD.<\/li>\n<li><strong>INEFC Prize<\/strong> for the best work which aims to promote an interest in research in matters related to physical activity and sports sciences, in recognition of the best research work in this field. Awarded in conjunction with the INEFC.<\/li>\n<li><strong>Alfons Banda ICIP Award<\/strong> for the two best research projects which promote the analysis and gathering of results in the theoretical field aimed at creating a culture of peace or the practical application of non-violent conflict management. Awarded jointly with the ICIP.<\/li>\n<li><strong>Ramon Muntaner Prize<\/strong> for the best work in human, social or natural sciences which offers a proposal on applicability in any field of education, and which proposes an element or resource which can contribute to local development. Awarded jointly with the IRMU.<\/li>\n<li><strong>Luciana Calvo EAPC Prize<\/strong> for the two best research projects which provide reflection, analysis and proposals on topics related to one of the three thematic areas of the Language and Law Magazine, published by the EAPC. Awarded jointly with the EAPC.<\/li>\n<li><strong>ICT Social Health Award<\/strong> for the best work related to Digital Health (eHealth, mHealth&#8230;) in the health and\/or social field, which places the patient\/member of the public at the centre of the healthcare system as a digital transformation agent. Awarded jointly with the <em>Fundaci\u00f3 TIC Salut Social<\/em>.<\/li>\n<\/ul>\n<p>&nbsp;<\/p>\n<p>11 prizes for secondary schools in Catalonia, 10 prizes to promote the participation of teachers and their students and 1 prize to raise interest in research on women and their contributions to society. Awarded jointly with the ICD.<\/p>\n<p>&nbsp;<\/p>\n<p>The call for submissions will remain open until 2 pm on 1 October 2019.<\/p>\n","protected":false},"author":21,"featured_media":3921,"menu_order":0,"template":"","meta":{"_acf_changed":false,"inline_featured_image":false},"etiqueta":[],"tipus":[],"topic":[118,122],"class_list":["post-3925","noticia","type-noticia","status-publish","has-post-thumbnail","hentry","topic-innovation","topic-hot-news"],"acf":{"imatge":3922,"autor":"Adri\u00e0 G.Font"},"yoast_head":"<!-- This site is optimized with the Yoast SEO plugin v27.1.1 - https:\/\/yoast.com\/product\/yoast-seo-wordpress\/ -->\n<title>A new call for the Young Research Awards which includes the TIC Salut Social Prize - Fundaci\u00f3 TIC Salut i Social<\/title>\n<meta name=\"robots\" content=\"index, follow, max-snippet:-1, max-image-preview:large, max-video-preview:-1\" \/>\n<link rel=\"canonical\" href=\"https:\/\/ticsalutsocial.atoom.space\/en\/noticia\/a-new-call-for-the-young-research-awards-which-includes-the-tic-salut-social-prize\/\" \/>\n<meta property=\"og:locale\" content=\"en_US\" \/>\n<meta property=\"og:type\" content=\"article\" \/>\n<meta property=\"og:title\" content=\"A new call for the Young Research Awards which includes the TIC Salut Social Prize - Fundaci\u00f3 TIC Salut i Social\" \/>\n<meta property=\"og:description\" content=\"The Ag\u00e8ncia de Gesti\u00f3 d&#8217;Ajuts Universitaris i de Recerca [Agency for the Management of University and Research Grants] has published a list of this year&#8217;s Young Research Awards to promote the scientific spirit among the young. This year the TIC Salut Social Award will be given for the first time, for the best work related [&hellip;]\" \/>\n<meta property=\"og:url\" content=\"https:\/\/ticsalutsocial.atoom.space\/en\/noticia\/a-new-call-for-the-young-research-awards-which-includes-the-tic-salut-social-prize\/\" \/>\n<meta property=\"og:site_name\" content=\"Fundaci\u00f3 TIC Salut i Social\" \/>\n<meta property=\"article:modified_time\" content=\"2021-07-21T13:41:44+00:00\" \/>\n<meta property=\"og:image\" content=\"https:\/\/ticsalutsocial.atoom.space\/wp-content\/uploads\/2019\/06\/photo-1517048676732-d65bc937f952.jpg\" \/>\n\t<meta property=\"og:image:width\" content=\"1350\" \/>\n\t<meta property=\"og:image:height\" content=\"900\" \/>\n\t<meta property=\"og:image:type\" content=\"image\/jpeg\" \/>\n<meta name=\"twitter:card\" content=\"summary_large_image\" \/>\n<meta name=\"twitter:label1\" content=\"Est. reading time\" \/>\n\t<meta name=\"twitter:data1\" content=\"2 minutes\" \/>\n<script type=\"application\/ld+json\" class=\"yoast-schema-graph\">{\"@context\":\"https:\/\/schema.org\",\"@graph\":[{\"@type\":\"WebPage\",\"@id\":\"https:\/\/ticsalutsocial.atoom.space\/en\/noticia\/a-new-call-for-the-young-research-awards-which-includes-the-tic-salut-social-prize\/\",\"url\":\"https:\/\/ticsalutsocial.atoom.space\/en\/noticia\/a-new-call-for-the-young-research-awards-which-includes-the-tic-salut-social-prize\/\",\"name\":\"A new call for the Young Research Awards which includes the TIC Salut Social Prize - Fundaci\u00f3 TIC Salut i Social\",\"isPartOf\":{\"@id\":\"https:\/\/ticsalutsocial.atoom.space\/en\/#website\"},\"primaryImageOfPage\":{\"@id\":\"https:\/\/ticsalutsocial.atoom.space\/en\/noticia\/a-new-call-for-the-young-research-awards-which-includes-the-tic-salut-social-prize\/#primaryimage\"},\"image\":{\"@id\":\"https:\/\/ticsalutsocial.atoom.space\/en\/noticia\/a-new-call-for-the-young-research-awards-which-includes-the-tic-salut-social-prize\/#primaryimage\"},\"thumbnailUrl\":\"https:\/\/ticsalutsocial.atoom.space\/wp-content\/uploads\/2019\/06\/photo-1517048676732-d65bc937f952.jpg\",\"datePublished\":\"2019-06-14T12:35:46+00:00\",\"dateModified\":\"2021-07-21T13:41:44+00:00\",\"breadcrumb\":{\"@id\":\"https:\/\/ticsalutsocial.atoom.space\/en\/noticia\/a-new-call-for-the-young-research-awards-which-includes-the-tic-salut-social-prize\/#breadcrumb\"},\"inLanguage\":\"en-US\",\"potentialAction\":[{\"@type\":\"ReadAction\",\"target\":[\"https:\/\/ticsalutsocial.atoom.space\/en\/noticia\/a-new-call-for-the-young-research-awards-which-includes-the-tic-salut-social-prize\/\"]}]},{\"@type\":\"ImageObject\",\"inLanguage\":\"en-US\",\"@id\":\"https:\/\/ticsalutsocial.atoom.space\/en\/noticia\/a-new-call-for-the-young-research-awards-which-includes-the-tic-salut-social-prize\/#primaryimage\",\"url\":\"https:\/\/ticsalutsocial.atoom.space\/wp-content\/uploads\/2019\/06\/photo-1517048676732-d65bc937f952.jpg\",\"contentUrl\":\"https:\/\/ticsalutsocial.atoom.space\/wp-content\/uploads\/2019\/06\/photo-1517048676732-d65bc937f952.jpg\",\"width\":1350,\"height\":900},{\"@type\":\"BreadcrumbList\",\"@id\":\"https:\/\/ticsalutsocial.atoom.space\/en\/noticia\/a-new-call-for-the-young-research-awards-which-includes-the-tic-salut-social-prize\/#breadcrumb\",\"itemListElement\":[{\"@type\":\"ListItem\",\"position\":1,\"name\":\"Inici\",\"item\":\"https:\/\/ticsalutsocial.atoom.space\/en\/\"},{\"@type\":\"ListItem\",\"position\":2,\"name\":\"A new call for the Young Research Awards which includes the TIC Salut Social Prize\"}]},{\"@type\":\"WebSite\",\"@id\":\"https:\/\/ticsalutsocial.atoom.space\/en\/#website\",\"url\":\"https:\/\/ticsalutsocial.atoom.space\/en\/\",\"name\":\"Fundaci\u00f3 TIC Salut i Social\",\"description\":\"\",\"potentialAction\":[{\"@type\":\"SearchAction\",\"target\":{\"@type\":\"EntryPoint\",\"urlTemplate\":\"https:\/\/ticsalutsocial.atoom.space\/en\/?s={search_term_string}\"},\"query-input\":{\"@type\":\"PropertyValueSpecification\",\"valueRequired\":true,\"valueName\":\"search_term_string\"}}],\"inLanguage\":\"en-US\"}]}<\/script>\n<!-- \/ Yoast SEO plugin. -->","yoast_head_json":{"title":"A new call for the Young Research Awards which includes the TIC Salut Social Prize - Fundaci\u00f3 TIC Salut i Social","robots":{"index":"index","follow":"follow","max-snippet":"max-snippet:-1","max-image-preview":"max-image-preview:large","max-video-preview":"max-video-preview:-1"},"canonical":"https:\/\/ticsalutsocial.atoom.space\/en\/noticia\/a-new-call-for-the-young-research-awards-which-includes-the-tic-salut-social-prize\/","og_locale":"en_US","og_type":"article","og_title":"A new call for the Young Research Awards which includes the TIC Salut Social Prize - Fundaci\u00f3 TIC Salut i Social","og_description":"The Ag\u00e8ncia de Gesti\u00f3 d&#8217;Ajuts Universitaris i de Recerca [Agency for the Management of University and Research Grants] has published a list of this year&#8217;s Young Research Awards to promote the scientific spirit among the young. This year the TIC Salut Social Award will be given for the first time, for the best work related [&hellip;]","og_url":"https:\/\/ticsalutsocial.atoom.space\/en\/noticia\/a-new-call-for-the-young-research-awards-which-includes-the-tic-salut-social-prize\/","og_site_name":"Fundaci\u00f3 TIC Salut i Social","article_modified_time":"2021-07-21T13:41:44+00:00","og_image":[{"width":1350,"height":900,"url":"https:\/\/ticsalutsocial.atoom.space\/wp-content\/uploads\/2019\/06\/photo-1517048676732-d65bc937f952.jpg","type":"image\/jpeg"}],"twitter_card":"summary_large_image","twitter_misc":{"Est. reading time":"2 minutes"},"schema":{"@context":"https:\/\/schema.org","@graph":[{"@type":"WebPage","@id":"https:\/\/ticsalutsocial.atoom.space\/en\/noticia\/a-new-call-for-the-young-research-awards-which-includes-the-tic-salut-social-prize\/","url":"https:\/\/ticsalutsocial.atoom.space\/en\/noticia\/a-new-call-for-the-young-research-awards-which-includes-the-tic-salut-social-prize\/","name":"A new call for the Young Research Awards which includes the TIC Salut Social Prize - Fundaci\u00f3 TIC Salut i Social","isPartOf":{"@id":"https:\/\/ticsalutsocial.atoom.space\/en\/#website"},"primaryImageOfPage":{"@id":"https:\/\/ticsalutsocial.atoom.space\/en\/noticia\/a-new-call-for-the-young-research-awards-which-includes-the-tic-salut-social-prize\/#primaryimage"},"image":{"@id":"https:\/\/ticsalutsocial.atoom.space\/en\/noticia\/a-new-call-for-the-young-research-awards-which-includes-the-tic-salut-social-prize\/#primaryimage"},"thumbnailUrl":"https:\/\/ticsalutsocial.atoom.space\/wp-content\/uploads\/2019\/06\/photo-1517048676732-d65bc937f952.jpg","datePublished":"2019-06-14T12:35:46+00:00","dateModified":"2021-07-21T13:41:44+00:00","breadcrumb":{"@id":"https:\/\/ticsalutsocial.atoom.space\/en\/noticia\/a-new-call-for-the-young-research-awards-which-includes-the-tic-salut-social-prize\/#breadcrumb"},"inLanguage":"en-US","potentialAction":[{"@type":"ReadAction","target":["https:\/\/ticsalutsocial.atoom.space\/en\/noticia\/a-new-call-for-the-young-research-awards-which-includes-the-tic-salut-social-prize\/"]}]},{"@type":"ImageObject","inLanguage":"en-US","@id":"https:\/\/ticsalutsocial.atoom.space\/en\/noticia\/a-new-call-for-the-young-research-awards-which-includes-the-tic-salut-social-prize\/#primaryimage","url":"https:\/\/ticsalutsocial.atoom.space\/wp-content\/uploads\/2019\/06\/photo-1517048676732-d65bc937f952.jpg","contentUrl":"https:\/\/ticsalutsocial.atoom.space\/wp-content\/uploads\/2019\/06\/photo-1517048676732-d65bc937f952.jpg","width":1350,"height":900},{"@type":"BreadcrumbList","@id":"https:\/\/ticsalutsocial.atoom.space\/en\/noticia\/a-new-call-for-the-young-research-awards-which-includes-the-tic-salut-social-prize\/#breadcrumb","itemListElement":[{"@type":"ListItem","position":1,"name":"Inici","item":"https:\/\/ticsalutsocial.atoom.space\/en\/"},{"@type":"ListItem","position":2,"name":"A new call for the Young Research Awards which includes the TIC Salut Social Prize"}]},{"@type":"WebSite","@id":"https:\/\/ticsalutsocial.atoom.space\/en\/#website","url":"https:\/\/ticsalutsocial.atoom.space\/en\/","name":"Fundaci\u00f3 TIC Salut i Social","description":"","potentialAction":[{"@type":"SearchAction","target":{"@type":"EntryPoint","urlTemplate":"https:\/\/ticsalutsocial.atoom.space\/en\/?s={search_term_string}"},"query-input":{"@type":"PropertyValueSpecification","valueRequired":true,"valueName":"search_term_string"}}],"inLanguage":"en-US"}]}},"_links":{"self":[{"href":"https:\/\/ticsalutsocial.atoom.space\/en\/wp-json\/wp\/v2\/noticia\/3925","targetHints":{"allow":["GET"]}}],"collection":[{"href":"https:\/\/ticsalutsocial.atoom.space\/en\/wp-json\/wp\/v2\/noticia"}],"about":[{"href":"https:\/\/ticsalutsocial.atoom.space\/en\/wp-json\/wp\/v2\/types\/noticia"}],"author":[{"embeddable":true,"href":"https:\/\/ticsalutsocial.atoom.space\/en\/wp-json\/wp\/v2\/users\/21"}],"wp:featuredmedia":[{"embeddable":true,"href":"https:\/\/ticsalutsocial.atoom.space\/en\/wp-json\/wp\/v2\/media\/3921"}],"wp:attachment":[{"href":"https:\/\/ticsalutsocial.atoom.space\/en\/wp-json\/wp\/v2\/media?parent=3925"}],"wp:term":[{"taxonomy":"etiqueta","embeddable":true,"href":"https:\/\/ticsalutsocial.atoom.space\/en\/wp-json\/wp\/v2\/etiqueta?post=3925"},{"taxonomy":"tipus","embeddable":true,"href":"https:\/\/ticsalutsocial.atoom.space\/en\/wp-json\/wp\/v2\/tipus?post=3925"},{"taxonomy":"topic","embeddable":true,"href":"https:\/\/ticsalutsocial.atoom.space\/en\/wp-json\/wp\/v2\/topic?post=3925"}],"curies":[{"name":"wp","href":"https:\/\/api.w.org\/{rel}","templated":true}]}}